{"id":43729,"date":"2026-01-26T08:01:00","date_gmt":"2026-01-26T07:01:00","guid":{"rendered":"https:\/\/lignesauto.fr\/?p=43729"},"modified":"2026-01-25T18:37:59","modified_gmt":"2026-01-25T17:37:59","slug":"archives-le-coupe-peugeot-j20-le-plus-beau-de-gerard-welter","status":"publish","type":"post","link":"https:\/\/lignesauto.fr\/?p=43729","title":{"rendered":"Archives. Le coup\u00e9 Peugeot J20, le plus beau de G\u00e9rard Welter ?"},"content":{"rendered":"<div class=\"wp-block-image\">\n<figure class=\"aligncenter size-full is-resized\"><img loading=\"lazy\" decoding=\"async\" width=\"1024\" height=\"288\" src=\"http:\/\/lignesauto.fr\/wp-content\/uploads\/2025\/11\/image.png\" alt=\"\" class=\"wp-image-43423\" style=\"width:546px;height:auto\" srcset=\"https:\/\/lignesauto.fr\/wp-content\/uploads\/2025\/11\/image.png 1024w, https:\/\/lignesauto.fr\/wp-content\/uploads\/2025\/11\/image-300x84.png 300w, https:\/\/lignesauto.fr\/wp-content\/uploads\/2025\/11\/image-768x216.png 768w\" sizes=\"(max-width: 1024px) 100vw, 1024px\" \/><\/figure><\/div>\n\n\n<figure class=\"wp-block-image size-full\"><img loading=\"lazy\" decoding=\"async\" width=\"1417\" height=\"945\" src=\"https:\/\/lignesauto.fr\/wp-content\/uploads\/2026\/01\/NEW-J20.png\" alt=\"\" class=\"wp-image-43791\" srcset=\"https:\/\/lignesauto.fr\/wp-content\/uploads\/2026\/01\/NEW-J20.png 1417w, https:\/\/lignesauto.fr\/wp-content\/uploads\/2026\/01\/NEW-J20-300x200.png 300w, https:\/\/lignesauto.fr\/wp-content\/uploads\/2026\/01\/NEW-J20-1024x683.png 1024w, https:\/\/lignesauto.fr\/wp-content\/uploads\/2026\/01\/NEW-J20-768x512.png 768w\" sizes=\"(max-width: 1417px) 100vw, 1417px\" \/><\/figure>\n\n\n\n<p style=\"font-size:17px\">Avec un stand Peugeot \u00e0 Retromobile 2026 envahi de multiples GTI, dont le prochain opus e-208 GTI ci-dessous, le constructeur sochalien confirme vouloir r\u00e9investir un territoire l\u00e9gitime et injustement abandonn\u00e9. L\u2019essence m\u00eame de la dynamique et de la sportivit\u00e9 de la marque ne date pourtant pas de ces seules ann\u00e9es GTI. Avec ses coup\u00e9s et cabriolets du milieu des ann\u00e9es 1950 aux ann\u00e9es 1980, dont certains dot\u00e9s de V6, Peugeot a nagu\u00e8re toujours r\u00e9pondu pr\u00e9sent sur ce march\u00e9.<\/p>\n\n\n\n<figure class=\"wp-block-image size-large\"><img loading=\"lazy\" decoding=\"async\" width=\"1024\" height=\"576\" src=\"https:\/\/lignesauto.fr\/wp-content\/uploads\/2026\/01\/OK_COUPE_J_29-1024x576.jpg\" alt=\"\" class=\"wp-image-43733\" srcset=\"https:\/\/lignesauto.fr\/wp-content\/uploads\/2026\/01\/OK_COUPE_J_29-1024x576.jpg 1024w, https:\/\/lignesauto.fr\/wp-content\/uploads\/2026\/01\/OK_COUPE_J_29-300x169.jpg 300w, https:\/\/lignesauto.fr\/wp-content\/uploads\/2026\/01\/OK_COUPE_J_29-768x432.jpg 768w, https:\/\/lignesauto.fr\/wp-content\/uploads\/2026\/01\/OK_COUPE_J_29.jpg 1417w\" sizes=\"(max-width: 1024px) 100vw, 1024px\" \/><\/figure>\n\n\n\n<p style=\"font-size:17px\">Aujourd\u2019hui, en hommage \u00e0 G\u00e9rard Welter, l\u2019ancien patron du style de la marque disparu le 31 janvier 2018, voici huit ans, nous d\u00e9voilons les coulisses d\u2019un coup\u00e9 fabuleux qui n\u2019a h\u00e9las pas vu le jour&nbsp;: le J20. Ce v\u00e9hicule tr\u00e8s \u00e9lanc\u00e9 est consid\u00e9r\u00e9 comme la silhouette dynamique et sportive du tentaculaire programme J de Peugeot. Ce dernier nait en 1969 avec la volont\u00e9 de remplacer la 404. Il doit th\u00e9oriquement d\u00e9boucher sur la commercialisation de la silhouette berline J18 en 1974, le break J21 devait suivre dans la foul\u00e9e.<\/p>\n\n\n\n<figure class=\"wp-block-image size-large\"><img loading=\"lazy\" decoding=\"async\" width=\"1024\" height=\"405\" src=\"https:\/\/lignesauto.fr\/wp-content\/uploads\/2026\/01\/OK_COUPE_J_11-1024x405.png\" alt=\"\" class=\"wp-image-43735\" srcset=\"https:\/\/lignesauto.fr\/wp-content\/uploads\/2026\/01\/OK_COUPE_J_11-1024x405.png 1024w, https:\/\/lignesauto.fr\/wp-content\/uploads\/2026\/01\/OK_COUPE_J_11-300x119.png 300w, https:\/\/lignesauto.fr\/wp-content\/uploads\/2026\/01\/OK_COUPE_J_11-768x304.png 768w, https:\/\/lignesauto.fr\/wp-content\/uploads\/2026\/01\/OK_COUPE_J_11.png 1417w\" sizes=\"(max-width: 1024px) 100vw, 1024px\" \/><figcaption class=\"wp-element-caption\">La berline du programme J est \u00e0 droite. Au fond, la maquette d&#8217;une potentielle 104 Coup\u00e9 et entre les deux, la Peugeot 304.<\/figcaption><\/figure>\n\n\n\n<p style=\"font-size:17px\">Notre confr\u00e8re Gilles Colboc, sans doute le mieux inform\u00e9 sur ce projet, en a r\u00e9dig\u00e9 l\u2019histoire dans notre ouvrage \u00ab&nbsp;Concept-cars et prototypes d\u2019\u00e9tudes Peugeot&nbsp;\u00bb aux \u00c9ditions BJB. Nous d\u00e9taillons aujourd\u2019hui avec ces documents &#8211; dont certains in\u00e9dits &#8211; le coup\u00e9 J20 qui \u00e9tait \u00e0 l\u2019origine int\u00e9gr\u00e9 dans ce gigantesque programme, et annonc\u00e9 pour 1975. Le programme J fut finalement abandonn\u00e9 et remplac\u00e9 par la 305 en 1977, bas\u00e9e non pas sur les plateformes in\u00e9dites du projet J (traction et propulsion), mais plus sobrement sur celle de la 304, \u00e9prouv\u00e9e et fiable.<\/p>\n\n\n\n<figure class=\"wp-block-image size-full\"><img loading=\"lazy\" decoding=\"async\" width=\"984\" height=\"544\" src=\"https:\/\/lignesauto.fr\/wp-content\/uploads\/2026\/01\/OK_COUPE_J_14.png\" alt=\"\" class=\"wp-image-43738\" srcset=\"https:\/\/lignesauto.fr\/wp-content\/uploads\/2026\/01\/OK_COUPE_J_14.png 984w, https:\/\/lignesauto.fr\/wp-content\/uploads\/2026\/01\/OK_COUPE_J_14-300x166.png 300w, https:\/\/lignesauto.fr\/wp-content\/uploads\/2026\/01\/OK_COUPE_J_14-768x425.png 768w\" sizes=\"(max-width: 984px) 100vw, 984px\" \/><figcaption class=\"wp-element-caption\">Moment de calme sur la terrasse du studio de style Peugeot \u00e0 la Garenne : bient\u00f4t la direction va venir jucher ces trois maquettes du coup\u00e9 J20.<\/figcaption><\/figure>\n\n\n\n<p style=\"font-size:17px\">G\u00e9rard Welter, rest\u00e9 fid\u00e8le plus de 40 ans au style Peugeot, a d\u2019entr\u00e9e de jeu choisi cette plateforme pour concevoir son coup\u00e9. Ou plut\u00f4t, ses coup\u00e9s car le jour de la pr\u00e9sentation de ses maquettes (ci-dessus), trois th\u00e8mes sont abord\u00e9s. Sur ces trois propositions, G\u00e9rard Welter pousse l\u2019id\u00e9e d\u2019un grand coup\u00e9 rival des Ford Capri et Renault 15-17, comme le sugg\u00e8re d\u2019ailleurs une note officielle de Dominique Savey sur l\u2019avanc\u00e9e du programme destin\u00e9e aux responsables de la marque.<\/p>\n\n\n\n<figure class=\"wp-block-image size-large\"><img loading=\"lazy\" decoding=\"async\" width=\"1024\" height=\"656\" src=\"https:\/\/lignesauto.fr\/wp-content\/uploads\/2026\/01\/OK_COUPE_J_01-1024x656.png\" alt=\"\" class=\"wp-image-43737\" srcset=\"https:\/\/lignesauto.fr\/wp-content\/uploads\/2026\/01\/OK_COUPE_J_01-1024x656.png 1024w, https:\/\/lignesauto.fr\/wp-content\/uploads\/2026\/01\/OK_COUPE_J_01-300x192.png 300w, https:\/\/lignesauto.fr\/wp-content\/uploads\/2026\/01\/OK_COUPE_J_01-768x492.png 768w, https:\/\/lignesauto.fr\/wp-content\/uploads\/2026\/01\/OK_COUPE_J_01.png 1417w\" sizes=\"(max-width: 1024px) 100vw, 1024px\" \/><figcaption class=\"wp-element-caption\">Quelle \u00e9l\u00e9gance ce coup\u00e9 Welter ! Bien avant la sublime Lancia Gamma Coup\u00e9 dessin\u00e9e par Pininfarina, le designer sculpte un coup\u00e9 tout aussi dynamique, mais de taille plus raisonnable.<\/figcaption><\/figure>\n\n\n\n<p style=\"font-size:17px\">Le produit \u00ab&nbsp;<em>h\u00e9site encore entre deux orientations envisag\u00e9es pour le Coup\u00e9 J<\/em>&nbsp;\u00bb explique cette note extraite des archives de Gilles Colboc&nbsp;: \u00ab <em>soit un petit coup\u00e9 de 4 m de longueur, genre coup\u00e9 304 avec hayon et banquette rabattable, moteur de 7 ou 8 CV. Soit un grand coup\u00e9 de 4,25 m \u00e0 4,30 m de longueur, genre Capri, ou R15-R17 avec plusieurs moteurs&nbsp;: XL5, XR, ZB-ZC.<\/em>&nbsp;\u00bb La note pr\u00e9cise que le grand coup\u00e9 \u00ab&nbsp;<em>peut apporter des volumes de ventes \u00e9lev\u00e9s<\/em>&nbsp;\u00bb. Elle ajoute que la Ford Capri r\u00e9alise des scores de 300 000 unit\u00e9s produites par an et que Renault \u00ab&nbsp;<em>pr\u00e9voit pour la R15-R17 qui est sensiblement plus ch\u00e8re, jusqu\u2019\u00e0 85 000 v\u00e9hicules par an.<\/em>&nbsp;\u00bb<\/p>\n\n\n\n<figure class=\"wp-block-image size-large\"><img loading=\"lazy\" decoding=\"async\" width=\"1024\" height=\"773\" src=\"https:\/\/lignesauto.fr\/wp-content\/uploads\/2026\/01\/OK_COUPE_J_02-1024x773.png\" alt=\"\" class=\"wp-image-43739\" srcset=\"https:\/\/lignesauto.fr\/wp-content\/uploads\/2026\/01\/OK_COUPE_J_02-1024x773.png 1024w, https:\/\/lignesauto.fr\/wp-content\/uploads\/2026\/01\/OK_COUPE_J_02-300x226.png 300w, https:\/\/lignesauto.fr\/wp-content\/uploads\/2026\/01\/OK_COUPE_J_02-768x579.png 768w, https:\/\/lignesauto.fr\/wp-content\/uploads\/2026\/01\/OK_COUPE_J_02.png 1417w\" sizes=\"(max-width: 1024px) 100vw, 1024px\" \/><figcaption class=\"wp-element-caption\">G\u00e9rard Welter dira que ce coup\u00e9 \u00e9tait tr\u00e8s moderne pour l&#8217;\u00e9poque. Notez les pare-chocs proches de boucliers et le travail simple et \u00e0 la fois travaill\u00e9 des flancs.<\/figcaption><\/figure>\n\n\n\n<p style=\"font-size:17px\">De toute \u00e9vidence, G\u00e9rard Welter a choisi son camp&nbsp;: ce sera le grand coup\u00e9 de 4,25 \u00e0 4,30 de long ci-dessus. C\u2019est la maquette compl\u00e8te (ext\u00e9rieur et int\u00e9rieur) de couleur gris-bleut\u00e9 sur nos documents, alors que le petit coup\u00e9 est celle de teinte rouge. La proposition blanche \u00e9tant visiblement une proposition interm\u00e9diaire.<\/p>\n\n\n\n<figure class=\"wp-block-image size-large\"><img loading=\"lazy\" decoding=\"async\" width=\"1024\" height=\"693\" src=\"https:\/\/lignesauto.fr\/wp-content\/uploads\/2026\/01\/OK_COUPE_J_03-1024x693.png\" alt=\"\" class=\"wp-image-43741\" srcset=\"https:\/\/lignesauto.fr\/wp-content\/uploads\/2026\/01\/OK_COUPE_J_03-1024x693.png 1024w, https:\/\/lignesauto.fr\/wp-content\/uploads\/2026\/01\/OK_COUPE_J_03-300x203.png 300w, https:\/\/lignesauto.fr\/wp-content\/uploads\/2026\/01\/OK_COUPE_J_03-768x520.png 768w, https:\/\/lignesauto.fr\/wp-content\/uploads\/2026\/01\/OK_COUPE_J_03.png 1417w\" sizes=\"(max-width: 1024px) 100vw, 1024px\" \/><figcaption class=\"wp-element-caption\">Il y a d\u00e9j\u00e0 dans cette face avant les th\u00e8mes de la future grande 604.<\/figcaption><\/figure>\n\n\n\n<p style=\"font-size:17px\">Bas\u00e9e sur la plateforme de la 304, le coup\u00e9 Welter est une traction avant, mais rien n\u2019est alors fig\u00e9 puisque la m\u00eame note s\u2019inqui\u00e8te de la r\u00e9ussite d\u2019un tel coup\u00e9. Elle pr\u00e9cise que son succ\u00e8s d\u00e9pendrait \u00ab&nbsp;<em>de plusieurs cylindr\u00e9es et puissances diff\u00e9rentes, notamment pour imposer une certaine image au mod\u00e8le. Au cas o\u00f9 il ne pourrait pas \u00eatre \u00e9quip\u00e9 du moteur Douvrin <\/em>(le moteur commun \u00e0 Peugeot et Renault con\u00e7u \u00e0 la suite des accords entre les deux constructeurs sign\u00e9s en 1966)<em>, sa diffusion risquerait d\u2019\u00eatre limit\u00e9e.<\/em>&nbsp;\u00bb<\/p>\n\n\n\n<figure class=\"wp-block-image size-full\"><img loading=\"lazy\" decoding=\"async\" width=\"984\" height=\"757\" src=\"https:\/\/lignesauto.fr\/wp-content\/uploads\/2026\/01\/OK_COUPE_J_13.png\" alt=\"\" class=\"wp-image-43742\" srcset=\"https:\/\/lignesauto.fr\/wp-content\/uploads\/2026\/01\/OK_COUPE_J_13.png 984w, https:\/\/lignesauto.fr\/wp-content\/uploads\/2026\/01\/OK_COUPE_J_13-300x231.png 300w, https:\/\/lignesauto.fr\/wp-content\/uploads\/2026\/01\/OK_COUPE_J_13-768x591.png 768w\" sizes=\"(max-width: 984px) 100vw, 984px\" \/><figcaption class=\"wp-element-caption\">La s\u00e9ance de pr\u00e9sentation est anim\u00e9e par Paul Bouvot. La direction du produit mais aussi de la marque est pr\u00e9sente. La maquette inter-exter du coup\u00e9 Welter plait !<\/figcaption><\/figure>\n\n\n\n<p style=\"font-size:17px\">Pour tenter de r\u00e9pondre \u00e0 ces incertitudes, Peugeot propose d\u2019envisager \u00ab&nbsp;<em>un coup\u00e9 J \u00e0 propulsion classique aux roues arri\u00e8re car cette formule pr\u00e9senterait plusieurs avantages&nbsp;: tous les organes m\u00e9caniques existent d\u00e9j\u00e0, la gamme de cylindr\u00e9es possible va de 1.6 \u00e0 2.0 litres et la concurrence de ce coup\u00e9 vis-\u00e0-vis des berlines du programme serait probablement plus faible qu\u2019avec un coup\u00e9 traction avant.&nbsp;<\/em>\u00bb Et de conclure que \u00ab <em>la gamme J pour laquelle le choix entre traction avant et propulsion classique est particuli\u00e8rement difficile, comporterait ainsi les deux formules mais avec des carrosseries distinctes.<\/em>&nbsp;\u00bb On comprend que ce programme J ne semble pas vraiment ma\u00eetris\u00e9 en ce d\u00e9but des ann\u00e9es 1970.<\/p>\n\n\n\n<figure class=\"wp-block-image size-large\"><img loading=\"lazy\" decoding=\"async\" width=\"1024\" height=\"683\" src=\"https:\/\/lignesauto.fr\/wp-content\/uploads\/2026\/01\/OK_COUPE_J_05-1024x683.png\" alt=\"\" class=\"wp-image-43756\" srcset=\"https:\/\/lignesauto.fr\/wp-content\/uploads\/2026\/01\/OK_COUPE_J_05-1024x683.png 1024w, https:\/\/lignesauto.fr\/wp-content\/uploads\/2026\/01\/OK_COUPE_J_05-300x200.png 300w, https:\/\/lignesauto.fr\/wp-content\/uploads\/2026\/01\/OK_COUPE_J_05-768x512.png 768w, https:\/\/lignesauto.fr\/wp-content\/uploads\/2026\/01\/OK_COUPE_J_05.png 1417w\" sizes=\"(max-width: 1024px) 100vw, 1024px\" \/><figcaption class=\"wp-element-caption\">A quelques d\u00e9tails pr\u00e8s, on parierait sur un mod\u00e8le de s\u00e9rie ! L&#8217;int\u00e9rieur est travaill\u00e9 jusque dans le dessin des si\u00e8ges et des panneaux de porti\u00e8res.<\/figcaption><\/figure>\n\n\n\n<p style=\"font-size:17px\">Et c\u00f4t\u00e9 design&nbsp;? Pininfarina est tr\u00e8s pr\u00e9sent, bien s\u00fbr, mais principalement sur les d\u00e9riv\u00e9s berlines du projet J. Et comme nous l\u2019a r\u00e9v\u00e9l\u00e9 G\u00e9rard Welter lors de la r\u00e9daction de notre ouvrage sur sa double vie \u2018\u2019design Peugeot \u2013 \u00e9quipe WM au Mans\u2019\u2019, monsieur Boschetti alors responsable des \u00e9tudes \u00ab&nbsp;<em>m\u2019a embauch\u00e9, mais si je le respectais beaucoup, il n\u2019est pas faux d\u2019\u00e9crire que ce n\u2019est pas quelqu\u2019un qui a \u00e9t\u00e9 un v\u00e9ritable alli\u00e9 pour soutenir notre style face aux Italiens.<\/em>&nbsp;\u00bb G\u00e9rard Welter a la chance de pr\u00e9senter ses coup\u00e9s devant Forichon qui est devenu le patron des \u00e9tudes \u00e0 la place de Boschetti.<\/p>\n\n\n\n<figure class=\"wp-block-image size-large\"><img loading=\"lazy\" decoding=\"async\" width=\"1024\" height=\"683\" src=\"https:\/\/lignesauto.fr\/wp-content\/uploads\/2026\/01\/OK_COUPE_J_06-1024x683.png\" alt=\"\" class=\"wp-image-43748\" srcset=\"https:\/\/lignesauto.fr\/wp-content\/uploads\/2026\/01\/OK_COUPE_J_06-1024x683.png 1024w, https:\/\/lignesauto.fr\/wp-content\/uploads\/2026\/01\/OK_COUPE_J_06-300x200.png 300w, https:\/\/lignesauto.fr\/wp-content\/uploads\/2026\/01\/OK_COUPE_J_06-768x512.png 768w, https:\/\/lignesauto.fr\/wp-content\/uploads\/2026\/01\/OK_COUPE_J_06.png 1417w\" sizes=\"(max-width: 1024px) 100vw, 1024px\" \/><figcaption class=\"wp-element-caption\">Le style Peugeot a dessin\u00e9 un solide volant \u00e0 trois branches, tr\u00e8s moderne. La planche de bord est simple, avec une coiffe tr\u00e8s inclin\u00e9e et un bloc d&#8217;instrumentation complet.<\/figcaption><\/figure>\n\n\n\n<p style=\"font-size:17px\">Paul Bouvot est alors le responsable du style Peugeot. G\u00e9rard Welter dira que \u00ab&nbsp;<em>Paul a toujours voulu composer avec son envie de voir les propositions de son \u00e9quipe remporter les suffrages de la Direction de Peugeot, et un vrai respect des Farina. Pour lui, ils \u00e9taient les meilleurs carrossiers italiens. Cette ambigu\u00eft\u00e9 va le hanter jusqu\u2019\u00e0 la fin. Lorsqu\u2019il quitte Peugeot en me laissant son poste, c\u2019est une personne us\u00e9e intellectuellement par cette ambigu\u00eft\u00e9.<\/em>&nbsp;\u00bb<\/p>\n\n\n\n<figure class=\"wp-block-image size-large\"><img loading=\"lazy\" decoding=\"async\" width=\"1024\" height=\"779\" src=\"https:\/\/lignesauto.fr\/wp-content\/uploads\/2026\/01\/OK_coupe_J_20-1024x779.jpg\" alt=\"\" class=\"wp-image-43743\" srcset=\"https:\/\/lignesauto.fr\/wp-content\/uploads\/2026\/01\/OK_coupe_J_20-1024x779.jpg 1024w, https:\/\/lignesauto.fr\/wp-content\/uploads\/2026\/01\/OK_coupe_J_20-300x228.jpg 300w, https:\/\/lignesauto.fr\/wp-content\/uploads\/2026\/01\/OK_coupe_J_20-768x584.jpg 768w, https:\/\/lignesauto.fr\/wp-content\/uploads\/2026\/01\/OK_coupe_J_20.jpg 1417w\" sizes=\"(max-width: 1024px) 100vw, 1024px\" \/><figcaption class=\"wp-element-caption\">Paul Bouvot se tient \u00e0 droite de la maquette centrale avec un document roul\u00e9 dans sa main gauche. Welter est \u00e0 l&#8217;arri\u00e8re droit de cette m\u00eame maquette.<\/figcaption><\/figure>\n\n\n\n<p style=\"font-size:17px\">Sur le document noir et blanc ci-dessus, on devine au volant de la maquette du coup\u00e9 J de G\u00e9rard Welter le patron, Fran\u00e7ois Gautier. En gabardine blanche de dos, avec un chapeau sur la t\u00eate, Marcel Dangauthier, le directeur des \u00e9tudes Peugeot en 1956 puis conseiller scientifique de PSA, avant sa retraite en 1977, l\u2019ann\u00e9e o\u00f9 est pr\u00e9sent\u00e9e la 305. Et puisqu\u2019il est question de rendre hommage \u00e0 G\u00e9rard Welter \u00e0 travers ce projet qui semblait \u00e0 l\u2019\u00e9poque tr\u00e8s abouti, rappelons ces paroles \u00e0 propose de sa cr\u00e9ation. \u00ab&nbsp;<em>Un coup\u00e9, \u00e7a nous permet de r\u00eaver. La direction g\u00e9n\u00e9rale l\u2019a d\u00e9cortiqu\u00e9 et appr\u00e9ci\u00e9 mais le projet J a \u00e9t\u00e9 stopp\u00e9 et a entra\u00een\u00e9 sa mort. La 305 est sortie et nous avons arr\u00eat\u00e9 toutes les dispersions.<\/em>&nbsp;\u00bb<\/p>\n\n\n\n<figure class=\"wp-block-image size-large\"><img loading=\"lazy\" decoding=\"async\" width=\"1024\" height=\"763\" src=\"https:\/\/lignesauto.fr\/wp-content\/uploads\/2026\/01\/OK_COUPE_J_16-1024x763.png\" alt=\"\" class=\"wp-image-43745\" srcset=\"https:\/\/lignesauto.fr\/wp-content\/uploads\/2026\/01\/OK_COUPE_J_16-1024x763.png 1024w, https:\/\/lignesauto.fr\/wp-content\/uploads\/2026\/01\/OK_COUPE_J_16-300x224.png 300w, https:\/\/lignesauto.fr\/wp-content\/uploads\/2026\/01\/OK_COUPE_J_16-768x572.png 768w, https:\/\/lignesauto.fr\/wp-content\/uploads\/2026\/01\/OK_COUPE_J_16.png 1417w\" sizes=\"(max-width: 1024px) 100vw, 1024px\" \/><figcaption class=\"wp-element-caption\">La berline J devait succ\u00e9der \u00e0 la 404 sans n\u00e9gliger le potentiel renouvellement de la 304 n\u00e9e en 1969.<\/figcaption><\/figure>\n\n\n\n<p style=\"font-size:17px\">Quant \u00e0 la berline au c\u0153ur de ce grand programme J, G\u00e9rard Welter nous dit que \u00ab&nbsp;<em>c\u2019est un style Pininfarina qui avait \u00e9t\u00e9 retenu avec un dessin tr\u00e8s nouveau et d\u00e9cal\u00e9 par rapport \u00e0 ce que nous faisions. Bien s\u00fbr, au style Peugeot nous avons travaill\u00e9 sur ce projet mais c\u2019\u00e9tait l\u2019\u00e9poque o\u00f9 Francis Roug\u00e9 <em>arrive au pouvoir <\/em>et en a eu assez de cette \u00e9tude interminable&nbsp;!&nbsp;<\/em>\u00bb&nbsp; Francis Roug\u00e9 \u00e0 l\u2019origine avec Fran\u00e7ois Beullac des accords avec Renault d\u00e9c\u00e8de subitement en 1976, avant l\u2019arriv\u00e9e de la 305.<\/p>\n\n\n\n<figure class=\"wp-block-image size-full\"><img loading=\"lazy\" decoding=\"async\" width=\"984\" height=\"656\" src=\"https:\/\/lignesauto.fr\/wp-content\/uploads\/2026\/01\/OK_COUPE_J_07.png\" alt=\"\" class=\"wp-image-43746\" srcset=\"https:\/\/lignesauto.fr\/wp-content\/uploads\/2026\/01\/OK_COUPE_J_07.png 984w, https:\/\/lignesauto.fr\/wp-content\/uploads\/2026\/01\/OK_COUPE_J_07-300x200.png 300w, https:\/\/lignesauto.fr\/wp-content\/uploads\/2026\/01\/OK_COUPE_J_07-768x512.png 768w\" sizes=\"(max-width: 984px) 100vw, 984px\" \/><\/figure>\n\n\n\n<p style=\"font-size:17px\">G\u00e9rard Welter nous dit un dernier mot sur son coup\u00e9. \u00ab&nbsp;<em>Nous l\u2019avons r\u00e9alis\u00e9 d\u2019entr\u00e9e de jeu sur la base technique de la 304. Mais il aurait tout \u00e0 fait pu s\u2019int\u00e9grer \u00e0 la famille J si elle avait vu le jour. Le style de ce coup\u00e9 est tr\u00e8s travaill\u00e9, il a des flancs sculpt\u00e9s en forme de bouteille de Coca, une calandre dot\u00e9e de projecteurs proches de ceux de la 504 coup\u00e9 <\/em>(et de la future 604&#8230;)<em> et des prises d\u2019air tr\u00e8s simples. C\u2019est tr\u00e8s moderne pour l\u2019\u00e9poque, un petit gabarit qui est malheureusement rest\u00e9 \u00e0 l\u2019\u00e9tat de maquette.<\/em>&nbsp;\u00bb Des regrets&nbsp;? Pas pour la marque qui a produit plus de 1 310 000 berlines Peugeot 305 qui succ\u00e9da au programme J&#8230;<\/p>\n\n\n\n<figure class=\"wp-block-image size-full\"><img loading=\"lazy\" decoding=\"async\" width=\"984\" height=\"776\" src=\"https:\/\/lignesauto.fr\/wp-content\/uploads\/2026\/01\/OK_COUPE_J_08.png\" alt=\"\" class=\"wp-image-43749\" srcset=\"https:\/\/lignesauto.fr\/wp-content\/uploads\/2026\/01\/OK_COUPE_J_08.png 984w, https:\/\/lignesauto.fr\/wp-content\/uploads\/2026\/01\/OK_COUPE_J_08-300x237.png 300w, https:\/\/lignesauto.fr\/wp-content\/uploads\/2026\/01\/OK_COUPE_J_08-768x606.png 768w\" sizes=\"(max-width: 984px) 100vw, 984px\" \/><\/figure>\n\n\n<div class=\"wp-block-image\">\n<figure class=\"aligncenter size-full is-resized\"><img loading=\"lazy\" decoding=\"async\" width=\"1024\" height=\"288\" src=\"http:\/\/lignesauto.fr\/wp-content\/uploads\/2025\/11\/image.png\" alt=\"\" class=\"wp-image-43423\" style=\"width:546px;height:auto\" srcset=\"https:\/\/lignesauto.fr\/wp-content\/uploads\/2025\/11\/image.png 1024w, https:\/\/lignesauto.fr\/wp-content\/uploads\/2025\/11\/image-300x84.png 300w, https:\/\/lignesauto.fr\/wp-content\/uploads\/2025\/11\/image-768x216.png 768w\" sizes=\"(max-width: 1024px) 100vw, 1024px\" \/><\/figure><\/div>","protected":false},"excerpt":{"rendered":"<p>Avec un stand Peugeot \u00e0 Retromobile 2026 envahi de multiples GTI, dont le prochain opus e-208 GTI ci-dessous, le constructeur sochalien confirme vouloir r\u00e9investir un territoire l\u00e9gitime et injustement abandonn\u00e9. L\u2019essence m\u00eame de la dynamique et de la sportivit\u00e9 de la marque ne date pourtant pas de ces seules ann\u00e9es [&hellip;]<\/p>\n","protected":false},"author":1,"featured_media":43731,"comment_status":"closed","ping_status":"closed","sticky":false,"template":"","format":"standard","meta":{"footnotes":""},"categories":[1],"tags":[],"_links":{"self":[{"href":"https:\/\/lignesauto.fr\/index.php?rest_route=\/wp\/v2\/posts\/43729"}],"collection":[{"href":"https:\/\/lignesauto.fr\/index.php?rest_route=\/wp\/v2\/posts"}],"about":[{"href":"https:\/\/lignesauto.fr\/index.php?rest_route=\/wp\/v2\/types\/post"}],"author":[{"embeddable":true,"href":"https:\/\/lignesauto.fr\/index.php?rest_route=\/wp\/v2\/users\/1"}],"replies":[{"embeddable":true,"href":"https:\/\/lignesauto.fr\/index.php?rest_route=%2Fwp%2Fv2%2Fcomments&post=43729"}],"version-history":[{"count":22,"href":"https:\/\/lignesauto.fr\/index.php?rest_route=\/wp\/v2\/posts\/43729\/revisions"}],"predecessor-version":[{"id":43795,"href":"https:\/\/lignesauto.fr\/index.php?rest_route=\/wp\/v2\/posts\/43729\/revisions\/43795"}],"wp:featuredmedia":[{"embeddable":true,"href":"https:\/\/lignesauto.fr\/index.php?rest_route=\/wp\/v2\/media\/43731"}],"wp:attachment":[{"href":"https:\/\/lignesauto.fr\/index.php?rest_route=%2Fwp%2Fv2%2Fmedia&parent=43729"}],"wp:term":[{"taxonomy":"category","embeddable":true,"href":"https:\/\/lignesauto.fr\/index.php?rest_route=%2Fwp%2Fv2%2Fcategories&post=43729"},{"taxonomy":"post_tag","embeddable":true,"href":"https:\/\/lignesauto.fr\/index.php?rest_route=%2Fwp%2Fv2%2Ftags&post=43729"}],"curies":[{"name":"wp","href":"https:\/\/api.w.org\/{rel}","templated":true}]}}