{"id":4382,"date":"2018-09-16T12:10:55","date_gmt":"2018-09-16T10:10:55","guid":{"rendered":"http:\/\/lignesauto.fr\/?p=4382"},"modified":"2018-12-22T17:51:57","modified_gmt":"2018-12-22T16:51:57","slug":"bmw-inext-le-geant-vert-et-les-haricots-magiques","status":"publish","type":"post","link":"https:\/\/lignesauto.fr\/?p=4382","title":{"rendered":"BMW iNEXT : Le g\u00e9ant vert et les haricots magiques"},"content":{"rendered":"<p><img loading=\"lazy\" decoding=\"async\" class=\"alignnone size-medium wp-image-45\" src=\"http:\/\/lignesauto.fr\/wp-content\/uploads\/2018\/06\/LOGO-SEUL-300x76.png\" alt=\"\" width=\"300\" height=\"76\" srcset=\"https:\/\/lignesauto.fr\/wp-content\/uploads\/2018\/06\/LOGO-SEUL-300x76.png 300w, https:\/\/lignesauto.fr\/wp-content\/uploads\/2018\/06\/LOGO-SEUL-768x195.png 768w, https:\/\/lignesauto.fr\/wp-content\/uploads\/2018\/06\/LOGO-SEUL.png 1014w\" sizes=\"(max-width: 300px) 100vw, 300px\" \/><\/p>\n<p><strong>Que se passe-t-il chez BMW ?<\/strong><\/p>\n<p>Le concept-car BMW iNEXT sera commercialis\u00e9 en 2021 mais conservera-t-il son &#8220;double-haricot&#8221; colossal ? Oui, tr\u00e8s certainement !<\/p>\n<p><img loading=\"lazy\" decoding=\"async\" class=\"alignnone wp-image-4384 size-large\" src=\"http:\/\/lignesauto.fr\/wp-content\/uploads\/2018\/09\/P90321866_highRes_bmw-vision-inext-ext-1024x683.jpg\" alt=\"\" width=\"1024\" height=\"683\" srcset=\"https:\/\/lignesauto.fr\/wp-content\/uploads\/2018\/09\/P90321866_highRes_bmw-vision-inext-ext-1024x683.jpg 1024w, https:\/\/lignesauto.fr\/wp-content\/uploads\/2018\/09\/P90321866_highRes_bmw-vision-inext-ext-300x200.jpg 300w, https:\/\/lignesauto.fr\/wp-content\/uploads\/2018\/09\/P90321866_highRes_bmw-vision-inext-ext-768x512.jpg 768w, https:\/\/lignesauto.fr\/wp-content\/uploads\/2018\/09\/P90321866_highRes_bmw-vision-inext-ext-370x247.jpg 370w, https:\/\/lignesauto.fr\/wp-content\/uploads\/2018\/09\/P90321866_highRes_bmw-vision-inext-ext-1040x693.jpg 1040w\" sizes=\"(max-width: 1024px) 100vw, 1024px\" \/><\/p>\n<p>Alors que le th\u00e8me de la voiture \u00e9lectrique devrait remettre en cause le design ext\u00e9rieur des voitures de demain, en th\u00e9orie d\u00e9nu\u00e9es de toutes prises d&#8217;air puisqu&#8217;il ne faut plus refroidir un moteur thermique au rendement lamentable, BMW a choisi l&#8217;exc\u00e8s inverse : offrir \u00e0 son concept-car iNEXT un double haricot telle une gueule gigantesque dans laquelle on pourrait facilement passer la t\u00eate <strong>(voir ci-dessous)<\/strong> !<\/p>\n<p><img loading=\"lazy\" decoding=\"async\" class=\"alignnone wp-image-4386 size-full\" src=\"http:\/\/lignesauto.fr\/wp-content\/uploads\/2018\/09\/P90322284_lowRes_bmw-vision-inext-des.jpg\" alt=\"\" width=\"600\" height=\"400\" srcset=\"https:\/\/lignesauto.fr\/wp-content\/uploads\/2018\/09\/P90322284_lowRes_bmw-vision-inext-des.jpg 600w, https:\/\/lignesauto.fr\/wp-content\/uploads\/2018\/09\/P90322284_lowRes_bmw-vision-inext-des-300x200.jpg 300w, https:\/\/lignesauto.fr\/wp-content\/uploads\/2018\/09\/P90322284_lowRes_bmw-vision-inext-des-370x247.jpg 370w\" sizes=\"(max-width: 600px) 100vw, 600px\" \/><\/p>\n<p>Adrian van Hooydonk, vice-pr\u00e9sident senior de BMW Group Design explique que <em>&#8220;la grande calandre \u00e0 double haricot et l&#8217;embl\u00e9matique graphique de la vitre lat\u00e9rale ont clairement adopt\u00e9 le style BMW i qui figurait d\u00e9j\u00e0 sur la BMW i Vision Dynamics pr\u00e9sent\u00e9e en 2017. La calandre et la proue dot\u00e9e de quatre fines optiques donnent une forte identit\u00e9 au v\u00e9hicule.&#8221;<\/em><\/p>\n<p><img loading=\"lazy\" decoding=\"async\" class=\"alignnone wp-image-4385 size-full\" src=\"http:\/\/lignesauto.fr\/wp-content\/uploads\/2018\/09\/P90321808_lowRes_bmw-vision-inext-des.jpg\" alt=\"\" width=\"600\" height=\"337\" srcset=\"https:\/\/lignesauto.fr\/wp-content\/uploads\/2018\/09\/P90321808_lowRes_bmw-vision-inext-des.jpg 600w, https:\/\/lignesauto.fr\/wp-content\/uploads\/2018\/09\/P90321808_lowRes_bmw-vision-inext-des-300x169.jpg 300w, https:\/\/lignesauto.fr\/wp-content\/uploads\/2018\/09\/P90321808_lowRes_bmw-vision-inext-des-370x208.jpg 370w\" sizes=\"(max-width: 600px) 100vw, 600px\" \/><\/p>\n<p>Au centre de la proue, cette \u00e9norme calandre voit sa grille totalement obtur\u00e9e, comme sur tous les v\u00e9hicules \u00e9lectriques.<br \/>\nEn l&#8217;absence de moteur thermique n\u00e9cessitant un refroidissement, cette calandre sert d\u00e9sormais de &#8220;panneau intelligent&#8221; et regroupe du coup tous les capteurs pour la conduite autonome.<\/p>\n<p><img loading=\"lazy\" decoding=\"async\" class=\"alignnone wp-image-4387 size-full\" src=\"http:\/\/lignesauto.fr\/wp-content\/uploads\/2018\/09\/P90322150_lowRes_bmw-vision-inext-des.jpg\" alt=\"\" width=\"600\" height=\"400\" srcset=\"https:\/\/lignesauto.fr\/wp-content\/uploads\/2018\/09\/P90322150_lowRes_bmw-vision-inext-des.jpg 600w, https:\/\/lignesauto.fr\/wp-content\/uploads\/2018\/09\/P90322150_lowRes_bmw-vision-inext-des-300x200.jpg 300w, https:\/\/lignesauto.fr\/wp-content\/uploads\/2018\/09\/P90322150_lowRes_bmw-vision-inext-des-370x247.jpg 370w\" sizes=\"(max-width: 600px) 100vw, 600px\" \/><\/p>\n<p>Un motif imprim\u00e9 en 3D indique que ce panneau collecte toute cette technologie sous sa surface.<br \/>\nLes phares ultra-minces font partie d\u2019une interpr\u00e9tation moderne de la signature avant des futures BMW.<\/p>\n<p><strong>Vous \u00eates d\u00e9sormais pr\u00e9venus : le double-haricot du g\u00e9ant vert (Zero \u00e9mission) d\u00e9barque en 2021 !<br \/>\nTOUT SAVOIR SUR LA iNEXT, C&#8217;EST ICI :\u00a0<a href=\"http:\/\/lignesauto.fr\/?p=4393\">http:\/\/lignesauto.fr\/?p=4393<\/a><\/strong><\/p>\n<p><img loading=\"lazy\" decoding=\"async\" class=\"alignnone wp-image-4429 size-full\" src=\"http:\/\/lignesauto.fr\/wp-content\/uploads\/2018\/09\/P90321807_lowRes_bmw-vision-inext-des.jpg\" alt=\"\" width=\"600\" height=\"337\" srcset=\"https:\/\/lignesauto.fr\/wp-content\/uploads\/2018\/09\/P90321807_lowRes_bmw-vision-inext-des.jpg 600w, https:\/\/lignesauto.fr\/wp-content\/uploads\/2018\/09\/P90321807_lowRes_bmw-vision-inext-des-300x169.jpg 300w, https:\/\/lignesauto.fr\/wp-content\/uploads\/2018\/09\/P90321807_lowRes_bmw-vision-inext-des-370x208.jpg 370w\" sizes=\"(max-width: 600px) 100vw, 600px\" \/><\/p>\n<p><strong>Retrouvez le d\u00e9veloppement du concept-car BMW iNEXT sur notre cha\u00eene You Tube, ici :\u00a0<a href=\"https:\/\/www.youtube.com\/watch?v=b8DaKs8rZO8\">https:\/\/www.youtube.com\/watch?v=b8DaKs8rZO8<\/a><\/strong><\/p>\n<p><img loading=\"lazy\" decoding=\"async\" class=\"alignnone size-medium wp-image-45\" src=\"http:\/\/lignesauto.fr\/wp-content\/uploads\/2018\/06\/LOGO-SEUL-300x76.png\" alt=\"\" width=\"300\" height=\"76\" srcset=\"https:\/\/lignesauto.fr\/wp-content\/uploads\/2018\/06\/LOGO-SEUL-300x76.png 300w, https:\/\/lignesauto.fr\/wp-content\/uploads\/2018\/06\/LOGO-SEUL-768x195.png 768w, https:\/\/lignesauto.fr\/wp-content\/uploads\/2018\/06\/LOGO-SEUL.png 1014w\" sizes=\"(max-width: 300px) 100vw, 300px\" \/><\/p>\n","protected":false},"excerpt":{"rendered":"<p>Que se passe-t-il chez BMW ? Le concept-car BMW iNEXT sera commercialis\u00e9 en 2021 mais conservera-t-il son &#8220;double-haricot&#8221; colossal ? Oui, tr\u00e8s certainement ! Alors que le th\u00e8me de la voiture \u00e9lectrique devrait remettre en cause le design ext\u00e9rieur des voitures de demain, en th\u00e9orie d\u00e9nu\u00e9es de toutes prises d&#8217;air [&hellip;]<\/p>\n","protected":false},"author":1,"featured_media":4412,"comment_status":"open","ping_status":"open","sticky":false,"template":"","format":"standard","meta":{"footnotes":""},"categories":[1],"tags":[],"_links":{"self":[{"href":"https:\/\/lignesauto.fr\/index.php?rest_route=\/wp\/v2\/posts\/4382"}],"collection":[{"href":"https:\/\/lignesauto.fr\/index.php?rest_route=\/wp\/v2\/posts"}],"about":[{"href":"https:\/\/lignesauto.fr\/index.php?rest_route=\/wp\/v2\/types\/post"}],"author":[{"embeddable":true,"href":"https:\/\/lignesauto.fr\/index.php?rest_route=\/wp\/v2\/users\/1"}],"replies":[{"embeddable":true,"href":"https:\/\/lignesauto.fr\/index.php?rest_route=%2Fwp%2Fv2%2Fcomments&post=4382"}],"version-history":[{"count":11,"href":"https:\/\/lignesauto.fr\/index.php?rest_route=\/wp\/v2\/posts\/4382\/revisions"}],"predecessor-version":[{"id":4469,"href":"https:\/\/lignesauto.fr\/index.php?rest_route=\/wp\/v2\/posts\/4382\/revisions\/4469"}],"wp:featuredmedia":[{"embeddable":true,"href":"https:\/\/lignesauto.fr\/index.php?rest_route=\/wp\/v2\/media\/4412"}],"wp:attachment":[{"href":"https:\/\/lignesauto.fr\/index.php?rest_route=%2Fwp%2Fv2%2Fmedia&parent=4382"}],"wp:term":[{"taxonomy":"category","embeddable":true,"href":"https:\/\/lignesauto.fr\/index.php?rest_route=%2Fwp%2Fv2%2Fcategories&post=4382"},{"taxonomy":"post_tag","embeddable":true,"href":"https:\/\/lignesauto.fr\/index.php?rest_route=%2Fwp%2Fv2%2Ftags&post=4382"}],"curies":[{"name":"wp","href":"https:\/\/api.w.org\/{rel}","templated":true}]}}