{"id":4393,"date":"2018-10-01T16:04:22","date_gmt":"2018-10-01T14:04:22","guid":{"rendered":"http:\/\/lignesauto.fr\/?p=4393"},"modified":"2018-12-22T17:29:56","modified_gmt":"2018-12-22T16:29:56","slug":"bmw-inext-en-serie-des-2021","status":"publish","type":"post","link":"https:\/\/lignesauto.fr\/?p=4393","title":{"rendered":"BMW iNEXT, la grande absente du Mondial"},"content":{"rendered":"<p><img loading=\"lazy\" decoding=\"async\" class=\"alignnone size-medium wp-image-4921\" src=\"http:\/\/lignesauto.fr\/wp-content\/uploads\/2018\/10\/LOGOActus_BD-300x108.jpg\" alt=\"\" width=\"300\" height=\"108\" srcset=\"https:\/\/lignesauto.fr\/wp-content\/uploads\/2018\/10\/LOGOActus_BD-300x108.jpg 300w, https:\/\/lignesauto.fr\/wp-content\/uploads\/2018\/10\/LOGOActus_BD-768x276.jpg 768w, https:\/\/lignesauto.fr\/wp-content\/uploads\/2018\/10\/LOGOActus_BD-1024x367.jpg 1024w, https:\/\/lignesauto.fr\/wp-content\/uploads\/2018\/10\/LOGOActus_BD-370x133.jpg 370w, https:\/\/lignesauto.fr\/wp-content\/uploads\/2018\/10\/LOGOActus_BD-1040x373.jpg 1040w, https:\/\/lignesauto.fr\/wp-content\/uploads\/2018\/10\/LOGOActus_BD.jpg 1240w\" sizes=\"(max-width: 300px) 100vw, 300px\" \/><\/p>\n<p><strong><em>&#8220;Notre concept-car Vision iNEXT repr\u00e9sente une nouvelle \u00e8re du plaisir de conduire \u00bb<\/em>,<br \/>\na d\u00e9clar\u00e9 Harald Kr\u00fcger, pr\u00e9sident du conseil d\u2019administration de BMW AG.<\/strong><\/p>\n<p>Mais le concept-car visionnaire n&#8217;est pas pr\u00e9sent au Mondial car le stand BMW regorge d\u00e9j\u00e0 de nouveaut\u00e9s.<br \/>\nEtrange quand, m\u00eame de ne pas faire profiter le public fran\u00e7ais de cette vision tr\u00e8s clivante du futur de l&#8217;automobile.<\/p>\n<p><img loading=\"lazy\" decoding=\"async\" class=\"alignnone wp-image-4405 size-full\" src=\"http:\/\/lignesauto.fr\/wp-content\/uploads\/2018\/09\/P90321868_lowRes_bmw-vision-inext-ext-1.jpg\" alt=\"\" width=\"600\" height=\"400\" srcset=\"https:\/\/lignesauto.fr\/wp-content\/uploads\/2018\/09\/P90321868_lowRes_bmw-vision-inext-ext-1.jpg 600w, https:\/\/lignesauto.fr\/wp-content\/uploads\/2018\/09\/P90321868_lowRes_bmw-vision-inext-ext-1-300x200.jpg 300w, https:\/\/lignesauto.fr\/wp-content\/uploads\/2018\/09\/P90321868_lowRes_bmw-vision-inext-ext-1-370x247.jpg 370w\" sizes=\"(max-width: 600px) 100vw, 600px\" \/><\/p>\n<p><em>\u00ab\u00a0Il souligne ainsi le r\u00f4le de premier plan jou\u00e9 par l&#8217;Allemagne dans l&#8217;avenir de la mobilit\u00e9.\u00a0Notre projet iNEXT r\u00e9unit toutes nos id\u00e9es pour la mobilit\u00e9 de l\u2019avenir. Tous nos mod\u00e8les vont b\u00e9n\u00e9ficier de ces avanc\u00e9es.&#8221;<\/em><\/p>\n<p><img loading=\"lazy\" decoding=\"async\" class=\"alignnone wp-image-4421 size-large\" src=\"http:\/\/lignesauto.fr\/wp-content\/uploads\/2018\/09\/P90321808_highRes_bmw-vision-inext-des-1024x576.jpg\" alt=\"\" width=\"1024\" height=\"576\" srcset=\"https:\/\/lignesauto.fr\/wp-content\/uploads\/2018\/09\/P90321808_highRes_bmw-vision-inext-des-1024x576.jpg 1024w, https:\/\/lignesauto.fr\/wp-content\/uploads\/2018\/09\/P90321808_highRes_bmw-vision-inext-des-300x169.jpg 300w, https:\/\/lignesauto.fr\/wp-content\/uploads\/2018\/09\/P90321808_highRes_bmw-vision-inext-des-768x432.jpg 768w, https:\/\/lignesauto.fr\/wp-content\/uploads\/2018\/09\/P90321808_highRes_bmw-vision-inext-des-370x208.jpg 370w, https:\/\/lignesauto.fr\/wp-content\/uploads\/2018\/09\/P90321808_highRes_bmw-vision-inext-des-1040x585.jpg 1040w\" sizes=\"(max-width: 1024px) 100vw, 1024px\" \/><\/p>\n<p>Le concept-car BMW comme tant d&#8217;autres d\u00e9voil\u00e9s ces derniers temps aborde la grande question qui est au c\u0153ur du travail quotidien de tous les groupes automobiles : comment allons-nous nous d\u00e9placer demain. La BMW iNEXT s&#8217;appuie r\u00e9solument sur l&#8217;exp\u00e9rience acquise d\u00e8s 2007 avec \u00ab projet i \u00bb qui a donn\u00e9 naissance \u00e0 la BMW i3 en 2013.<\/p>\n<p><img loading=\"lazy\" decoding=\"async\" class=\"alignnone wp-image-4406 size-full\" src=\"http:\/\/lignesauto.fr\/wp-content\/uploads\/2018\/09\/P90321876_lowRes_bmw-vision-inext-int.jpg\" alt=\"\" width=\"600\" height=\"395\" srcset=\"https:\/\/lignesauto.fr\/wp-content\/uploads\/2018\/09\/P90321876_lowRes_bmw-vision-inext-int.jpg 600w, https:\/\/lignesauto.fr\/wp-content\/uploads\/2018\/09\/P90321876_lowRes_bmw-vision-inext-int-300x198.jpg 300w, https:\/\/lignesauto.fr\/wp-content\/uploads\/2018\/09\/P90321876_lowRes_bmw-vision-inext-int-370x244.jpg 370w\" sizes=\"(max-width: 600px) 100vw, 600px\" \/><\/p>\n<p>Harald Kr\u00fcger explique que <em>&#8220;le groupe BMW peut s\u2019enorgueillir de plus de dix ans d\u2019exp\u00e9rience en mati\u00e8re de mobilit\u00e9 \u00e9lectrique \u00e0 petite et grande \u00e9chelle&#8221;<\/em>. On peut m\u00eame rappeler \u00e0 Monsieur Kr\u00fcger qu\u2019en 1991, la citadine E1<strong> (ci-dessous)<\/strong> a permis de nombreuses avanc\u00e9es dans la connaissance du domaine de la voiture \u00e9lectrique. Ne l&#8217;oublions pas !<\/p>\n<p><img loading=\"lazy\" decoding=\"async\" class=\"alignnone wp-image-4417 size-large\" src=\"http:\/\/lignesauto.fr\/wp-content\/uploads\/2018\/09\/LIGNESE1-1024x680.png\" alt=\"\" width=\"1024\" height=\"680\" srcset=\"https:\/\/lignesauto.fr\/wp-content\/uploads\/2018\/09\/LIGNESE1-1024x680.png 1024w, https:\/\/lignesauto.fr\/wp-content\/uploads\/2018\/09\/LIGNESE1-300x199.png 300w, https:\/\/lignesauto.fr\/wp-content\/uploads\/2018\/09\/LIGNESE1-768x510.png 768w, https:\/\/lignesauto.fr\/wp-content\/uploads\/2018\/09\/LIGNESE1-370x246.png 370w, https:\/\/lignesauto.fr\/wp-content\/uploads\/2018\/09\/LIGNESE1-1040x691.png 1040w, https:\/\/lignesauto.fr\/wp-content\/uploads\/2018\/09\/LIGNESE1.png 1134w\" sizes=\"(max-width: 1024px) 100vw, 1024px\" \/><\/p>\n<p>Le r\u00f4le du design doit livrer une expression visuelle de ces domaines d\u2019innovation et doit r\u00e9pond \u00e0 la question de savoir \u00e0 quoi ressemblera, demain, cette nouvelle exp\u00e9rience de conduite.<br \/>\n<strong>La production se fera sur le site de Dingolfing et devrait d\u00e9buter en 2021<\/strong>.<\/p>\n<p><img loading=\"lazy\" decoding=\"async\" class=\"alignnone wp-image-4411 size-full\" src=\"http:\/\/lignesauto.fr\/wp-content\/uploads\/2018\/09\/P90322273_lowRes_bmw-vision-inext-des.jpg\" alt=\"\" width=\"600\" height=\"400\" srcset=\"https:\/\/lignesauto.fr\/wp-content\/uploads\/2018\/09\/P90322273_lowRes_bmw-vision-inext-des.jpg 600w, https:\/\/lignesauto.fr\/wp-content\/uploads\/2018\/09\/P90322273_lowRes_bmw-vision-inext-des-300x200.jpg 300w, https:\/\/lignesauto.fr\/wp-content\/uploads\/2018\/09\/P90322273_lowRes_bmw-vision-inext-des-370x247.jpg 370w\" sizes=\"(max-width: 600px) 100vw, 600px\" \/><\/p>\n<p>La BMW Vision iNEXT fournit un aper\u00e7u tangible de la future version de s\u00e9rie.<br \/>\n<em>\u00ab La mobilit\u00e9 personnelle devrait conna\u00eetre un changement important \u00bb<\/em>, explique Klaus Fr\u00f6hlich, membre du conseil d&#8217;administration de BMW, responsable du d\u00e9veloppement.<br \/>\n<em>\u00ab Les possibilit\u00e9s offertes par la conduite autonome et la connectivit\u00e9 toujours croissante permettent une toute nouvelle gamme d\u2019exp\u00e9riences et de fa\u00e7on d&#8217;envisager un voyage. Dans cette optique, nous avons con\u00e7u la BMW Vision iNEXT enti\u00e8rement \u00e9lectrique pour am\u00e9liorer la qualit\u00e9 de vie, un nouvel habitacle tel un \u00ab espace favori \u00bb dans lequel nous pouvons \u00eatre nous-m\u00eames et nous d\u00e9tendre.&#8221;<\/em><\/p>\n<p><img loading=\"lazy\" decoding=\"async\" class=\"alignnone wp-image-4414 size-full\" src=\"http:\/\/lignesauto.fr\/wp-content\/uploads\/2018\/09\/P90321817_lowRes_bmw-vision-inext-des.jpg\" alt=\"\" width=\"600\" height=\"337\" srcset=\"https:\/\/lignesauto.fr\/wp-content\/uploads\/2018\/09\/P90321817_lowRes_bmw-vision-inext-des.jpg 600w, https:\/\/lignesauto.fr\/wp-content\/uploads\/2018\/09\/P90321817_lowRes_bmw-vision-inext-des-300x169.jpg 300w, https:\/\/lignesauto.fr\/wp-content\/uploads\/2018\/09\/P90321817_lowRes_bmw-vision-inext-des-370x208.jpg 370w\" sizes=\"(max-width: 600px) 100vw, 600px\" \/><\/p>\n<p>&nbsp;<\/p>\n<p>Adrian van Hooydonk, vice-pr\u00e9sident senior de BMW Group Design, r\u00e9sume l&#8217;approche voulue par ce concept-car : \u00a0<em>&#8220;BMW i a \u00e9t\u00e9 pens\u00e9 pour g\u00e9n\u00e9rer des id\u00e9es novatrices qui transforment la fa\u00e7on dont nous pensons \u00e0 la mobilit\u00e9 de demain. La BMW Vision iNEXT marque une nouvelle \u00e9tape importante dans ce processus et d\u00e9montre comment des v\u00e9hicules plus intelligents peuvent am\u00e9liorer notre vie en la rendant plus facile.&#8221;<\/em><\/p>\n<p><img loading=\"lazy\" decoding=\"async\" class=\"alignnone wp-image-4418 size-large\" src=\"http:\/\/lignesauto.fr\/wp-content\/uploads\/2018\/09\/P90321800_highRes_bmw-vision-inext-des-1-1024x576.jpg\" alt=\"\" width=\"1024\" height=\"576\" srcset=\"https:\/\/lignesauto.fr\/wp-content\/uploads\/2018\/09\/P90321800_highRes_bmw-vision-inext-des-1-1024x576.jpg 1024w, https:\/\/lignesauto.fr\/wp-content\/uploads\/2018\/09\/P90321800_highRes_bmw-vision-inext-des-1-300x169.jpg 300w, https:\/\/lignesauto.fr\/wp-content\/uploads\/2018\/09\/P90321800_highRes_bmw-vision-inext-des-1-768x432.jpg 768w, https:\/\/lignesauto.fr\/wp-content\/uploads\/2018\/09\/P90321800_highRes_bmw-vision-inext-des-1-370x208.jpg 370w, https:\/\/lignesauto.fr\/wp-content\/uploads\/2018\/09\/P90321800_highRes_bmw-vision-inext-des-1-1040x585.jpg 1040w, https:\/\/lignesauto.fr\/wp-content\/uploads\/2018\/09\/P90321800_highRes_bmw-vision-inext-des-1.jpg 1772w\" sizes=\"(max-width: 1024px) 100vw, 1024px\" \/><\/p>\n<p>Le conducteur de la BMW Vision iNEXT peut choisir de conduire lui-m\u00eame ou \u00eatre conduit. Le mode \u00ab Boost \u00bb utilise la cha\u00eene de traction 100% \u00e9lectrique et <em>&#8220;offre une exp\u00e9rience de conduite dynamique et pratiquement silencieuse avec z\u00e9ro \u00e9mission&#8221;<\/em> nous certifie BMW. \u00a0En mode de la conduite autonome, le v\u00e9hicule offre au conducteur et aux passagers un espace pour la d\u00e9tente et les activit\u00e9s hors conduite. La BMW Vision iNEXT devient alors, comme toutes les voitures autonomes adoptant le niveau 4 ou 5, un lieu de d\u00e9tente, d\u2019interaction et de divertissement.<\/p>\n<p><img loading=\"lazy\" decoding=\"async\" class=\"alignnone wp-image-4408 size-full\" src=\"http:\/\/lignesauto.fr\/wp-content\/uploads\/2018\/09\/P90322301_lowRes_bmw-inext-exterieur-.jpg\" alt=\"\" width=\"600\" height=\"399\" srcset=\"https:\/\/lignesauto.fr\/wp-content\/uploads\/2018\/09\/P90322301_lowRes_bmw-inext-exterieur-.jpg 600w, https:\/\/lignesauto.fr\/wp-content\/uploads\/2018\/09\/P90322301_lowRes_bmw-inext-exterieur--300x200.jpg 300w, https:\/\/lignesauto.fr\/wp-content\/uploads\/2018\/09\/P90322301_lowRes_bmw-inext-exterieur--370x246.jpg 370w\" sizes=\"(max-width: 600px) 100vw, 600px\" \/><\/p>\n<p>Outre le volant et les affichages dans la zone du conducteur, il n\u2019y a pas d\u2019autre \u00e9cran ou commandes visibles.<br \/>\nCe n&#8217;est que lorsque le conducteur ou les passagers l&#8217;exigent que la technologie devient visible et utilisable.<br \/>\nPar exemple, \u00e0 l\u2019avenir, il peut \u00eatre possible d\u2019exploiter diverses fonctions simplement en touchant les surfaces en bois ou en tissu.<br \/>\nLes \u00e9crans ne seraient plus essentiels, car une projection intelligente pourrait transformer n&#8217;importe quelle surface en affichage interactif.<br \/>\nLa BMW Vision iNEXT invente ainsi les &#8220;mat\u00e9riaux intelligents&#8221;.<\/p>\n<p><img loading=\"lazy\" decoding=\"async\" class=\"alignnone wp-image-4407 size-full\" src=\"http:\/\/lignesauto.fr\/wp-content\/uploads\/2018\/09\/P90321877_lowRes_bmw-vision-inext-int.jpg\" alt=\"\" width=\"600\" height=\"900\" srcset=\"https:\/\/lignesauto.fr\/wp-content\/uploads\/2018\/09\/P90321877_lowRes_bmw-vision-inext-int.jpg 600w, https:\/\/lignesauto.fr\/wp-content\/uploads\/2018\/09\/P90321877_lowRes_bmw-vision-inext-int-200x300.jpg 200w, https:\/\/lignesauto.fr\/wp-content\/uploads\/2018\/09\/P90321877_lowRes_bmw-vision-inext-int-370x555.jpg 370w\" sizes=\"(max-width: 600px) 100vw, 600px\" \/><\/p>\n<p>La BMW Vision iNEXT immerge ses passagers dans le monde num\u00e9rique et est parfaitement interconnect\u00e9e avec son environnement mais aussi avec son univers ce qui permet au conducteur de fermer les fen\u00eatres de sa maison, par exemple par commande vocale.<br \/>\nLes mat\u00e9riaux &#8220;intelligents&#8221; s&#8217;activent lorsque vous optez pour le mode de la conduite autonome : la surface en bois de la console centrale assume alors une fonction de contr\u00f4le. La main repose simplement sur la surface en bois perfor\u00e9e et peut activer des commandes.<br \/>\nLe tissu \u00e0 l&#8217;arri\u00e8re <strong>(ci-dessus et ci-dessous)<\/strong> poss\u00e8de \u00e9galement une fonctionnalit\u00e9 de contr\u00f4le int\u00e9gr\u00e9e.<br \/>\nElle prend vie par simple toucher et permet de contr\u00f4ler la lecture de la musique \u00e0 l&#8217;aide de divers gestes, auxquels r\u00e9pondent les diodes \u00e9lectroluminescentes sous le tissu.<\/p>\n<p>&nbsp;<\/p>\n<p><img loading=\"lazy\" decoding=\"async\" class=\"alignnone wp-image-4433 size-full\" src=\"http:\/\/lignesauto.fr\/wp-content\/uploads\/2018\/09\/P90322264_lowRes_bmw-vision-inext-des.jpg\" alt=\"\" width=\"600\" height=\"400\" srcset=\"https:\/\/lignesauto.fr\/wp-content\/uploads\/2018\/09\/P90322264_lowRes_bmw-vision-inext-des.jpg 600w, https:\/\/lignesauto.fr\/wp-content\/uploads\/2018\/09\/P90322264_lowRes_bmw-vision-inext-des-300x200.jpg 300w, https:\/\/lignesauto.fr\/wp-content\/uploads\/2018\/09\/P90322264_lowRes_bmw-vision-inext-des-370x247.jpg 370w\" sizes=\"(max-width: 600px) 100vw, 600px\" \/><\/p>\n<p>Pour finir sur une note plus strat\u00e9gique et industrielle, le projet iNEXT joue un r\u00f4le central dans le d\u00e9veloppement de la plateforme capable,\u00a0\u00e0 l&#8217;avenir, d&#8217;accepter sur n&#8217;importe quel site de production des architectures traction avant, propulsion ou quatre roues motrices.<br \/>\nAinsi, les usines seront capables de produire des mod\u00e8les enti\u00e8rement \u00e9lectriques ou \u00e9quip\u00e9s d&#8217;un syst\u00e8me hybride rechargeable ou encore aliment\u00e9s par un moteur thermique, rejoignant ainsi la strat\u00e9gie du groupe fran\u00e7ais PSA !<br \/>\n<strong>D&#8217;ici \u00e0 2025, le groupe BMW proposera ainsi 25 mod\u00e8les avec des syst\u00e8mes d&#8217;entra\u00eenement \u00e9lectrifi\u00e9s, dont 12 seront 100% \u00e9lectriques.<\/strong><\/p>\n<p><img loading=\"lazy\" decoding=\"async\" class=\"alignnone wp-image-4413 size-full\" src=\"http:\/\/lignesauto.fr\/wp-content\/uploads\/2018\/09\/P90321899_lowRes_bmw-vision-inext-ext.jpg\" alt=\"\" width=\"600\" height=\"337\" srcset=\"https:\/\/lignesauto.fr\/wp-content\/uploads\/2018\/09\/P90321899_lowRes_bmw-vision-inext-ext.jpg 600w, https:\/\/lignesauto.fr\/wp-content\/uploads\/2018\/09\/P90321899_lowRes_bmw-vision-inext-ext-300x169.jpg 300w, https:\/\/lignesauto.fr\/wp-content\/uploads\/2018\/09\/P90321899_lowRes_bmw-vision-inext-ext-370x208.jpg 370w\" sizes=\"(max-width: 600px) 100vw, 600px\" \/><\/p>\n<p><strong>Retrouvez le d\u00e9veloppement de la BMW iNEXT sur notre cha\u00eene You Tube, ici :\u00a0<a href=\"https:\/\/www.youtube.com\/watch?v=b8DaKs8rZO8\">https:\/\/www.youtube.com\/watch?v=b8DaKs8rZO8<\/a><\/strong><\/p>\n<p><img loading=\"lazy\" decoding=\"async\" class=\"alignnone size-medium wp-image-4921\" src=\"http:\/\/lignesauto.fr\/wp-content\/uploads\/2018\/10\/LOGOActus_BD-300x108.jpg\" alt=\"\" width=\"300\" height=\"108\" srcset=\"https:\/\/lignesauto.fr\/wp-content\/uploads\/2018\/10\/LOGOActus_BD-300x108.jpg 300w, https:\/\/lignesauto.fr\/wp-content\/uploads\/2018\/10\/LOGOActus_BD-768x276.jpg 768w, https:\/\/lignesauto.fr\/wp-content\/uploads\/2018\/10\/LOGOActus_BD-1024x367.jpg 1024w, https:\/\/lignesauto.fr\/wp-content\/uploads\/2018\/10\/LOGOActus_BD-370x133.jpg 370w, https:\/\/lignesauto.fr\/wp-content\/uploads\/2018\/10\/LOGOActus_BD-1040x373.jpg 1040w, https:\/\/lignesauto.fr\/wp-content\/uploads\/2018\/10\/LOGOActus_BD.jpg 1240w\" sizes=\"(max-width: 300px) 100vw, 300px\" \/><\/p>\n","protected":false},"excerpt":{"rendered":"<p>&#8220;Notre concept-car Vision iNEXT repr\u00e9sente une nouvelle \u00e8re du plaisir de conduire \u00bb, a d\u00e9clar\u00e9 Harald Kr\u00fcger, pr\u00e9sident du conseil d\u2019administration de BMW AG. Mais le concept-car visionnaire n&#8217;est pas pr\u00e9sent au Mondial car le stand BMW regorge d\u00e9j\u00e0 de nouveaut\u00e9s. Etrange quand, m\u00eame de ne pas faire profiter le [&hellip;]<\/p>\n","protected":false},"author":1,"featured_media":4452,"comment_status":"open","ping_status":"open","sticky":false,"template":"","format":"standard","meta":{"footnotes":""},"categories":[1],"tags":[],"_links":{"self":[{"href":"https:\/\/lignesauto.fr\/index.php?rest_route=\/wp\/v2\/posts\/4393"}],"collection":[{"href":"https:\/\/lignesauto.fr\/index.php?rest_route=\/wp\/v2\/posts"}],"about":[{"href":"https:\/\/lignesauto.fr\/index.php?rest_route=\/wp\/v2\/types\/post"}],"author":[{"embeddable":true,"href":"https:\/\/lignesauto.fr\/index.php?rest_route=\/wp\/v2\/users\/1"}],"replies":[{"embeddable":true,"href":"https:\/\/lignesauto.fr\/index.php?rest_route=%2Fwp%2Fv2%2Fcomments&post=4393"}],"version-history":[{"count":23,"href":"https:\/\/lignesauto.fr\/index.php?rest_route=\/wp\/v2\/posts\/4393\/revisions"}],"predecessor-version":[{"id":5280,"href":"https:\/\/lignesauto.fr\/index.php?rest_route=\/wp\/v2\/posts\/4393\/revisions\/5280"}],"wp:featuredmedia":[{"embeddable":true,"href":"https:\/\/lignesauto.fr\/index.php?rest_route=\/wp\/v2\/media\/4452"}],"wp:attachment":[{"href":"https:\/\/lignesauto.fr\/index.php?rest_route=%2Fwp%2Fv2%2Fmedia&parent=4393"}],"wp:term":[{"taxonomy":"category","embeddable":true,"href":"https:\/\/lignesauto.fr\/index.php?rest_route=%2Fwp%2Fv2%2Fcategories&post=4393"},{"taxonomy":"post_tag","embeddable":true,"href":"https:\/\/lignesauto.fr\/index.php?rest_route=%2Fwp%2Fv2%2Ftags&post=4393"}],"curies":[{"name":"wp","href":"https:\/\/api.w.org\/{rel}","templated":true}]}}