{"id":4435,"date":"2018-09-16T15:45:19","date_gmt":"2018-09-16T13:45:19","guid":{"rendered":"http:\/\/lignesauto.fr\/?p=4435"},"modified":"2018-12-22T17:51:16","modified_gmt":"2018-12-22T16:51:16","slug":"bmw-inext-son-point-commun-avec-le-concept-peugeot-hx1","status":"publish","type":"post","link":"https:\/\/lignesauto.fr\/?p=4435","title":{"rendered":"BMW iNEXT : son point commun avec le concept Peugeot HX1"},"content":{"rendered":"<p><img loading=\"lazy\" decoding=\"async\" class=\"alignnone size-medium wp-image-45\" src=\"http:\/\/lignesauto.fr\/wp-content\/uploads\/2018\/06\/LOGO-SEUL-300x76.png\" alt=\"\" width=\"300\" height=\"76\" srcset=\"https:\/\/lignesauto.fr\/wp-content\/uploads\/2018\/06\/LOGO-SEUL-300x76.png 300w, https:\/\/lignesauto.fr\/wp-content\/uploads\/2018\/06\/LOGO-SEUL-768x195.png 768w, https:\/\/lignesauto.fr\/wp-content\/uploads\/2018\/06\/LOGO-SEUL.png 1014w\" sizes=\"(max-width: 300px) 100vw, 300px\" \/><\/p>\n<p>Vous nous connaissez un peu \u00e0 LIGNES\/auto : nous recherchons parfois &#8211; souvent ? &#8211; ce qui a \u00e9t\u00e9 dessin\u00e9 ou pr\u00e9sent\u00e9 ailleurs en termes de concepts ou de design, \u00e0 une \u00e9poque parfois pas si \u00e9loign\u00e9e !<br \/>\nNous restons convaincus que tout a d\u00e9j\u00e0 \u00e9t\u00e9 fait. Mais que tout sera encore mieux pens\u00e9 et r\u00e9alis\u00e9 demain !<br \/>\nSortons le nouveau concept-car BMW iNEXT de son contexte de future voiture connect\u00e9e, \u00e9lectrique et autonome pour s&#8217;arr\u00eater sur le th\u00e8me choisi par BMW pour l&#8217;habillage de son habitacle accueillant : <strong>les designers ont choisi DEUX teintes et mat\u00e9riaux diff\u00e9rents pour les rangs 1 et 2.<\/strong><\/p>\n<p><img loading=\"lazy\" decoding=\"async\" class=\"alignnone wp-image-4451 size-full\" src=\"http:\/\/lignesauto.fr\/wp-content\/uploads\/2018\/09\/P90321873_lowRes_bmw-vision-inext-ext.jpg\" alt=\"\" width=\"599\" height=\"400\" srcset=\"https:\/\/lignesauto.fr\/wp-content\/uploads\/2018\/09\/P90321873_lowRes_bmw-vision-inext-ext.jpg 599w, https:\/\/lignesauto.fr\/wp-content\/uploads\/2018\/09\/P90321873_lowRes_bmw-vision-inext-ext-300x200.jpg 300w, https:\/\/lignesauto.fr\/wp-content\/uploads\/2018\/09\/P90321873_lowRes_bmw-vision-inext-ext-370x247.jpg 370w\" sizes=\"(max-width: 599px) 100vw, 599px\" \/><\/p>\n<p>Comme on le devine sur la maquette \u00e9chelle 1 ci-dessous avec Adrian van Hooydonk assis \u00e0 l&#8217;arri\u00e8re et Domagoj Dukec, la banquette arri\u00e8re est rev\u00eatue de tissu (qui int\u00e8gre d&#8217;ailleurs quelques commandes cach\u00e9es !) alors qu&#8217;\u00e0 l&#8217;avant, la sellerie est d&#8217;une autre teinte.<\/p>\n<p><img loading=\"lazy\" decoding=\"async\" class=\"alignnone wp-image-4445 size-large\" src=\"http:\/\/lignesauto.fr\/wp-content\/uploads\/2018\/09\/P90322274_highRes_bmw-vision-inext-des-1024x683.jpg\" alt=\"\" width=\"1024\" height=\"683\" srcset=\"https:\/\/lignesauto.fr\/wp-content\/uploads\/2018\/09\/P90322274_highRes_bmw-vision-inext-des-1024x683.jpg 1024w, https:\/\/lignesauto.fr\/wp-content\/uploads\/2018\/09\/P90322274_highRes_bmw-vision-inext-des-300x200.jpg 300w, https:\/\/lignesauto.fr\/wp-content\/uploads\/2018\/09\/P90322274_highRes_bmw-vision-inext-des-768x512.jpg 768w, https:\/\/lignesauto.fr\/wp-content\/uploads\/2018\/09\/P90322274_highRes_bmw-vision-inext-des-370x247.jpg 370w, https:\/\/lignesauto.fr\/wp-content\/uploads\/2018\/09\/P90322274_highRes_bmw-vision-inext-des-1040x693.jpg 1040w\" sizes=\"(max-width: 1024px) 100vw, 1024px\" \/><\/p>\n<p>Ce th\u00e8me est parfois emprunt\u00e9 par les designers &#8220;mati\u00e8res et couleurs&#8221;, nous avons notamment en t\u00eate un concept-car oubli\u00e9 mais splendide : la Peugeot HX1 ci-dessous.<\/p>\n<p><img loading=\"lazy\" decoding=\"async\" class=\"alignnone wp-image-4438 size-large\" src=\"http:\/\/lignesauto.fr\/wp-content\/uploads\/2018\/09\/LIGNESCOU03-682x1024.jpg\" alt=\"\" width=\"682\" height=\"1024\" srcset=\"https:\/\/lignesauto.fr\/wp-content\/uploads\/2018\/09\/LIGNESCOU03-682x1024.jpg 682w, https:\/\/lignesauto.fr\/wp-content\/uploads\/2018\/09\/LIGNESCOU03-200x300.jpg 200w, https:\/\/lignesauto.fr\/wp-content\/uploads\/2018\/09\/LIGNESCOU03-768x1154.jpg 768w, https:\/\/lignesauto.fr\/wp-content\/uploads\/2018\/09\/LIGNESCOU03-370x556.jpg 370w, https:\/\/lignesauto.fr\/wp-content\/uploads\/2018\/09\/LIGNESCOU03-1040x1562.jpg 1040w\" sizes=\"(max-width: 682px) 100vw, 682px\" \/><\/p>\n<p><img loading=\"lazy\" decoding=\"async\" class=\"alignnone wp-image-4437 size-large\" src=\"http:\/\/lignesauto.fr\/wp-content\/uploads\/2018\/09\/LIGNESCOU02-1024x512.jpg\" alt=\"\" width=\"1024\" height=\"512\" srcset=\"https:\/\/lignesauto.fr\/wp-content\/uploads\/2018\/09\/LIGNESCOU02-1024x512.jpg 1024w, https:\/\/lignesauto.fr\/wp-content\/uploads\/2018\/09\/LIGNESCOU02-300x150.jpg 300w, https:\/\/lignesauto.fr\/wp-content\/uploads\/2018\/09\/LIGNESCOU02-768x384.jpg 768w, https:\/\/lignesauto.fr\/wp-content\/uploads\/2018\/09\/LIGNESCOU02-370x185.jpg 370w, https:\/\/lignesauto.fr\/wp-content\/uploads\/2018\/09\/LIGNESCOU02-1040x520.jpg 1040w, https:\/\/lignesauto.fr\/wp-content\/uploads\/2018\/09\/LIGNESCOU02.jpg 1512w\" sizes=\"(max-width: 1024px) 100vw, 1024px\" \/><\/p>\n<p>Comme \u00e0 bord de la BMW iNEXT, la Peugeot offrait une ambiance aux places arri\u00e8re <strong>(ci-dessus)<\/strong> bien diff\u00e9rente de celle du poste de conduite.<br \/>\nPlus relaxante, moins ax\u00e9e sur le duo bois-cuir comme aux places avant et plus claire alors que BMW a paradoxalement choisi l&#8217;inverse, avec une teinte plus fonc\u00e9e \u00e0 l&#8217;arri\u00e8re <strong>(ci-dessous)<\/strong>.<\/p>\n<p><img loading=\"lazy\" decoding=\"async\" class=\"alignnone wp-image-4447 size-large\" src=\"http:\/\/lignesauto.fr\/wp-content\/uploads\/2018\/09\/P90321802_highRes_bmw-vision-inext-des-1024x576.jpg\" alt=\"\" width=\"1024\" height=\"576\" srcset=\"https:\/\/lignesauto.fr\/wp-content\/uploads\/2018\/09\/P90321802_highRes_bmw-vision-inext-des-1024x576.jpg 1024w, https:\/\/lignesauto.fr\/wp-content\/uploads\/2018\/09\/P90321802_highRes_bmw-vision-inext-des-300x169.jpg 300w, https:\/\/lignesauto.fr\/wp-content\/uploads\/2018\/09\/P90321802_highRes_bmw-vision-inext-des-768x432.jpg 768w, https:\/\/lignesauto.fr\/wp-content\/uploads\/2018\/09\/P90321802_highRes_bmw-vision-inext-des-370x208.jpg 370w, https:\/\/lignesauto.fr\/wp-content\/uploads\/2018\/09\/P90321802_highRes_bmw-vision-inext-des-1040x585.jpg 1040w\" sizes=\"(max-width: 1024px) 100vw, 1024px\" \/><\/p>\n<p><img loading=\"lazy\" decoding=\"async\" class=\"alignnone wp-image-4446 size-full\" src=\"http:\/\/lignesauto.fr\/wp-content\/uploads\/2018\/09\/P90321812_lowRes_bmw-vision-inext-des-1.jpg\" alt=\"\" width=\"600\" height=\"337\" srcset=\"https:\/\/lignesauto.fr\/wp-content\/uploads\/2018\/09\/P90321812_lowRes_bmw-vision-inext-des-1.jpg 600w, https:\/\/lignesauto.fr\/wp-content\/uploads\/2018\/09\/P90321812_lowRes_bmw-vision-inext-des-1-300x169.jpg 300w, https:\/\/lignesauto.fr\/wp-content\/uploads\/2018\/09\/P90321812_lowRes_bmw-vision-inext-des-1-370x208.jpg 370w\" sizes=\"(max-width: 600px) 100vw, 600px\" \/><\/p>\n<p>En attendant de d\u00e9couvrir le concept-car iNEXT qui ne sera h\u00e9las pas au Mondial de Paris, replongeons-nous \u00e0 bord du concept-car Peugeot HX1 et admirons encore sa parfaite qualit\u00e9 d&#8217;ex\u00e9cution <strong>ci-dessous<\/strong>.<\/p>\n<p><img loading=\"lazy\" decoding=\"async\" class=\"alignnone wp-image-4440 size-large\" src=\"http:\/\/lignesauto.fr\/wp-content\/uploads\/2018\/09\/LIGNESCOU06-1024x683.jpg\" alt=\"\" width=\"1024\" height=\"683\" srcset=\"https:\/\/lignesauto.fr\/wp-content\/uploads\/2018\/09\/LIGNESCOU06-1024x683.jpg 1024w, https:\/\/lignesauto.fr\/wp-content\/uploads\/2018\/09\/LIGNESCOU06-300x200.jpg 300w, https:\/\/lignesauto.fr\/wp-content\/uploads\/2018\/09\/LIGNESCOU06-768x512.jpg 768w, https:\/\/lignesauto.fr\/wp-content\/uploads\/2018\/09\/LIGNESCOU06-370x247.jpg 370w, https:\/\/lignesauto.fr\/wp-content\/uploads\/2018\/09\/LIGNESCOU06-1040x693.jpg 1040w\" sizes=\"(max-width: 1024px) 100vw, 1024px\" \/><img loading=\"lazy\" decoding=\"async\" class=\"alignnone wp-image-4442 size-large\" src=\"http:\/\/lignesauto.fr\/wp-content\/uploads\/2018\/09\/LIGNESCOU08-1024x683.jpg\" alt=\"\" width=\"1024\" height=\"683\" srcset=\"https:\/\/lignesauto.fr\/wp-content\/uploads\/2018\/09\/LIGNESCOU08-1024x683.jpg 1024w, https:\/\/lignesauto.fr\/wp-content\/uploads\/2018\/09\/LIGNESCOU08-300x200.jpg 300w, https:\/\/lignesauto.fr\/wp-content\/uploads\/2018\/09\/LIGNESCOU08-768x512.jpg 768w, https:\/\/lignesauto.fr\/wp-content\/uploads\/2018\/09\/LIGNESCOU08-370x247.jpg 370w, https:\/\/lignesauto.fr\/wp-content\/uploads\/2018\/09\/LIGNESCOU08-1040x693.jpg 1040w\" sizes=\"(max-width: 1024px) 100vw, 1024px\" \/><\/p>\n<p><strong>Mais les concept-cars, m\u00eame s&#8217;ils lorgnent avec gourmandise vers un futur assum\u00e9, ont une vie parfois tr\u00e8s \u00e9ph\u00e9m\u00e8re&#8230;<\/strong><\/p>\n<p><img loading=\"lazy\" decoding=\"async\" class=\"alignnone wp-image-4438 size-large\" src=\"http:\/\/lignesauto.fr\/wp-content\/uploads\/2018\/09\/LIGNESCOU03-682x1024.jpg\" alt=\"\" width=\"682\" height=\"1024\" srcset=\"https:\/\/lignesauto.fr\/wp-content\/uploads\/2018\/09\/LIGNESCOU03-682x1024.jpg 682w, https:\/\/lignesauto.fr\/wp-content\/uploads\/2018\/09\/LIGNESCOU03-200x300.jpg 200w, https:\/\/lignesauto.fr\/wp-content\/uploads\/2018\/09\/LIGNESCOU03-768x1154.jpg 768w, https:\/\/lignesauto.fr\/wp-content\/uploads\/2018\/09\/LIGNESCOU03-370x556.jpg 370w, https:\/\/lignesauto.fr\/wp-content\/uploads\/2018\/09\/LIGNESCOU03-1040x1562.jpg 1040w\" sizes=\"(max-width: 682px) 100vw, 682px\" \/><\/p>\n<p><strong>Retrouvez le d\u00e9veloppement du concept-car BMW iNEXT sur notre cha\u00eene You Tube, ici :\u00a0<a href=\"https:\/\/www.youtube.com\/watch?v=b8DaKs8rZO8\">https:\/\/www.youtube.com\/watch?v=b8DaKs8rZO8<\/a><\/strong><\/p>\n<p><img loading=\"lazy\" decoding=\"async\" class=\"alignnone size-medium wp-image-45\" src=\"http:\/\/lignesauto.fr\/wp-content\/uploads\/2018\/06\/LOGO-SEUL-300x76.png\" alt=\"\" width=\"300\" height=\"76\" srcset=\"https:\/\/lignesauto.fr\/wp-content\/uploads\/2018\/06\/LOGO-SEUL-300x76.png 300w, https:\/\/lignesauto.fr\/wp-content\/uploads\/2018\/06\/LOGO-SEUL-768x195.png 768w, https:\/\/lignesauto.fr\/wp-content\/uploads\/2018\/06\/LOGO-SEUL.png 1014w\" sizes=\"(max-width: 300px) 100vw, 300px\" \/><\/p>\n","protected":false},"excerpt":{"rendered":"<p>Vous nous connaissez un peu \u00e0 LIGNES\/auto : nous recherchons parfois &#8211; souvent ? &#8211; ce qui a \u00e9t\u00e9 dessin\u00e9 ou pr\u00e9sent\u00e9 ailleurs en termes de concepts ou de design, \u00e0 une \u00e9poque parfois pas si \u00e9loign\u00e9e ! Nous restons convaincus que tout a d\u00e9j\u00e0 \u00e9t\u00e9 fait. Mais que tout [&hellip;]<\/p>\n","protected":false},"author":1,"featured_media":4437,"comment_status":"open","ping_status":"open","sticky":false,"template":"","format":"standard","meta":{"footnotes":""},"categories":[1],"tags":[],"_links":{"self":[{"href":"https:\/\/lignesauto.fr\/index.php?rest_route=\/wp\/v2\/posts\/4435"}],"collection":[{"href":"https:\/\/lignesauto.fr\/index.php?rest_route=\/wp\/v2\/posts"}],"about":[{"href":"https:\/\/lignesauto.fr\/index.php?rest_route=\/wp\/v2\/types\/post"}],"author":[{"embeddable":true,"href":"https:\/\/lignesauto.fr\/index.php?rest_route=\/wp\/v2\/users\/1"}],"replies":[{"embeddable":true,"href":"https:\/\/lignesauto.fr\/index.php?rest_route=%2Fwp%2Fv2%2Fcomments&post=4435"}],"version-history":[{"count":18,"href":"https:\/\/lignesauto.fr\/index.php?rest_route=\/wp\/v2\/posts\/4435\/revisions"}],"predecessor-version":[{"id":4470,"href":"https:\/\/lignesauto.fr\/index.php?rest_route=\/wp\/v2\/posts\/4435\/revisions\/4470"}],"wp:featuredmedia":[{"embeddable":true,"href":"https:\/\/lignesauto.fr\/index.php?rest_route=\/wp\/v2\/media\/4437"}],"wp:attachment":[{"href":"https:\/\/lignesauto.fr\/index.php?rest_route=%2Fwp%2Fv2%2Fmedia&parent=4435"}],"wp:term":[{"taxonomy":"category","embeddable":true,"href":"https:\/\/lignesauto.fr\/index.php?rest_route=%2Fwp%2Fv2%2Fcategories&post=4435"},{"taxonomy":"post_tag","embeddable":true,"href":"https:\/\/lignesauto.fr\/index.php?rest_route=%2Fwp%2Fv2%2Ftags&post=4435"}],"curies":[{"name":"wp","href":"https:\/\/api.w.org\/{rel}","templated":true}]}}