{"id":4552,"date":"2018-09-19T09:07:34","date_gmt":"2018-09-19T07:07:34","guid":{"rendered":"http:\/\/lignesauto.fr\/?p=4552"},"modified":"2018-12-22T17:49:46","modified_gmt":"2018-12-22T16:49:46","slug":"il-y-a-40-ans-labs","status":"publish","type":"post","link":"https:\/\/lignesauto.fr\/?p=4552","title":{"rendered":"Il y a 40 ans : l&#8217;ABS !"},"content":{"rendered":"<p>&nbsp;<\/p>\n<p><img loading=\"lazy\" decoding=\"async\" class=\"alignnone size-medium wp-image-45\" src=\"http:\/\/lignesauto.fr\/wp-content\/uploads\/2018\/06\/LOGO-SEUL-300x76.png\" alt=\"\" width=\"300\" height=\"76\" srcset=\"https:\/\/lignesauto.fr\/wp-content\/uploads\/2018\/06\/LOGO-SEUL-300x76.png 300w, https:\/\/lignesauto.fr\/wp-content\/uploads\/2018\/06\/LOGO-SEUL-768x195.png 768w, https:\/\/lignesauto.fr\/wp-content\/uploads\/2018\/06\/LOGO-SEUL.png 1014w\" sizes=\"(max-width: 300px) 100vw, 300px\" \/><\/p>\n<p>Alors que tout s&#8217;acc\u00e9l\u00e8re dans notre soci\u00e9t\u00e9, il est temps de marquer un coup d&#8217;arr\u00eat : le syst\u00e8me ABS chez Mercedes a f\u00eat\u00e9 ses 40 ans !<br \/>\nC&#8217;\u00e9tait une dr\u00f4le de semaine : du 22 au\u00a025 ao\u00fbt 1978, Mercedes-Benz et Bosch pr\u00e9sent\u00e8rent le syst\u00e8me de freinage &#8220;antiblocage&#8221; \u00e0 Untert\u00fcrkheim.<br \/>\nUne premi\u00e8re mondiale.<\/p>\n<p><img loading=\"lazy\" decoding=\"async\" class=\"alignnone wp-image-4553 size-large\" src=\"http:\/\/lignesauto.fr\/wp-content\/uploads\/2018\/09\/2007M966-1024x670.jpg\" alt=\"\" width=\"1024\" height=\"670\" srcset=\"https:\/\/lignesauto.fr\/wp-content\/uploads\/2018\/09\/2007M966-1024x670.jpg 1024w, https:\/\/lignesauto.fr\/wp-content\/uploads\/2018\/09\/2007M966-300x196.jpg 300w, https:\/\/lignesauto.fr\/wp-content\/uploads\/2018\/09\/2007M966-768x502.jpg 768w, https:\/\/lignesauto.fr\/wp-content\/uploads\/2018\/09\/2007M966-370x242.jpg 370w, https:\/\/lignesauto.fr\/wp-content\/uploads\/2018\/09\/2007M966-1040x680.jpg 1040w, https:\/\/lignesauto.fr\/wp-content\/uploads\/2018\/09\/2007M966.jpg 1778w\" sizes=\"(max-width: 1024px) 100vw, 1024px\" \/><\/p>\n<p>L\u2019ABS a rapidement effectu\u00e9 ses d\u00e9buts en tant qu&#8217;option dans la Mercedes-Benz Classe S (s\u00e9rie 116) \u00e0 la fin de l&#8217;ann\u00e9e 1978 pour un tarif de 2,217 DM.<br \/>\nDeux ans plus tard, le syst\u00e8me \u00e9tait propos\u00e9 en option sur tous les mod\u00e8les de la gamme, puis, en 1981, Mercedes-Benz l&#8217;a introduit sur des v\u00e9hicules utilitaires.<br \/>\nEt \u00e0 partir d&#8217;octobre 1992, l&#8217;ABS devenait un \u00e9quipement standard chez le constructeur Allemand.<br \/>\nIl y a quarante ans, cette \u00e9volution fut \u00e9galement le point de d\u00e9part d&#8217;une longue liste d&#8217;innovations dans les syst\u00e8mes d&#8217;assistance \u00e9lectronique.<\/p>\n<p><img loading=\"lazy\" decoding=\"async\" class=\"alignnone wp-image-4556 size-large\" src=\"http:\/\/lignesauto.fr\/wp-content\/uploads\/2018\/09\/C27510-1024x751.jpg\" alt=\"\" width=\"1024\" height=\"751\" srcset=\"https:\/\/lignesauto.fr\/wp-content\/uploads\/2018\/09\/C27510-1024x751.jpg 1024w, https:\/\/lignesauto.fr\/wp-content\/uploads\/2018\/09\/C27510-300x220.jpg 300w, https:\/\/lignesauto.fr\/wp-content\/uploads\/2018\/09\/C27510-768x563.jpg 768w, https:\/\/lignesauto.fr\/wp-content\/uploads\/2018\/09\/C27510-370x271.jpg 370w, https:\/\/lignesauto.fr\/wp-content\/uploads\/2018\/09\/C27510-1040x763.jpg 1040w, https:\/\/lignesauto.fr\/wp-content\/uploads\/2018\/09\/C27510.jpg 1778w\" sizes=\"(max-width: 1024px) 100vw, 1024px\" \/><\/p>\n<p><strong>40 ans l&#8217;ABS ? Pas vraiment en fait&#8230;<br \/>\n<\/strong>L&#8217;histoire de l&#8217;ABS chez Mercedes-Benz remonte aux ann\u00e9es 1950 :<br \/>\n-En 1953, Hans Scherenberg, alors directeur du design chez Mercedes-Benz, imagine un brevet sur un syst\u00e8me d\u2019arr\u00eat des roues d\u2019un v\u00e9hicule lors du freinage.<br \/>\nBien que des solutions similaires existaient alors dans l\u2019aviation (anti-d\u00e9rapage) et dans les chemins de fer (protection antid\u00e9rapante), l\u2019automobile r\u00e9clamait un syst\u00e8me bien plus complexe, particuli\u00e8rement exigeant en mati\u00e8re de capteurs, de traitement des signaux et de contr\u00f4le.<br \/>\nPar exemple, il fut d\u00e9licat de concevoir les composants n\u00e9cessaires pour enregistrer la d\u00e9c\u00e9l\u00e9ration et l&#8217;acc\u00e9l\u00e9ration des roues, y compris en virage, sur des surfaces irr\u00e9guli\u00e8res et dans des conditions vari\u00e9es: pluie, neige, routes s\u00e8ches&#8230;<br \/>\n-En 1963, des travaux ont \u00e9t\u00e9 men\u00e9s sur un syst\u00e8me de commande de freinage \u00e9lectronique-hydraulique au sein du d\u00e9partement Advance Development de Daimler-Benz.<\/p>\n<p><img loading=\"lazy\" decoding=\"async\" class=\"alignnone wp-image-4555 size-large\" src=\"http:\/\/lignesauto.fr\/wp-content\/uploads\/2018\/09\/C27479-1024x593.jpg\" alt=\"\" width=\"1024\" height=\"593\" srcset=\"https:\/\/lignesauto.fr\/wp-content\/uploads\/2018\/09\/C27479-1024x593.jpg 1024w, https:\/\/lignesauto.fr\/wp-content\/uploads\/2018\/09\/C27479-300x174.jpg 300w, https:\/\/lignesauto.fr\/wp-content\/uploads\/2018\/09\/C27479-768x444.jpg 768w, https:\/\/lignesauto.fr\/wp-content\/uploads\/2018\/09\/C27479-370x214.jpg 370w, https:\/\/lignesauto.fr\/wp-content\/uploads\/2018\/09\/C27479-1040x602.jpg 1040w, https:\/\/lignesauto.fr\/wp-content\/uploads\/2018\/09\/C27479.jpg 1778w\" sizes=\"(max-width: 1024px) 100vw, 1024px\" \/><\/p>\n<p>-En 1966, Mercedes a commenc\u00e9 \u00e0 collaborer avec le sp\u00e9cialiste en \u00e9lectronique : Teldix, qui a ensuite \u00e9t\u00e9 repris par Bosch. Le r\u00e9sultat a \u00e9t\u00e9 pr\u00e9sent\u00e9 pour la premi\u00e8re fois en 1970, lorsque Hans Scherenberg a pr\u00e9sent\u00e9 aux m\u00e9dias le\u00a0<em>\u00ab syst\u00e8me antiblocage Mercedes-Benz\/Teldix \u00bb<\/em> pas encore 100% \u00e9lectronique.<br \/>\nAvec la collaboration entre Mercedes et Bosch (responsable de l\u2019unit\u00e9 de contr\u00f4le \u00e9lectronique), l\u2019ABS 100% \u00e9lectronique de deuxi\u00e8me g\u00e9n\u00e9ration a \u00e9t\u00e9 mis au point.<br \/>\nL&#8217;ing\u00e9nieur J\u00fcrgen Paul, responsable du projet ABS chez Mercedes-Benz, a salu\u00e9 la d\u00e9cision prise en faveur de la &#8220;micro-\u00e9lectronique&#8221; comme le moment d\u00e9cisif dans le d\u00e9veloppement de l&#8217;ABS.<\/p>\n<p><img loading=\"lazy\" decoding=\"async\" class=\"alignnone wp-image-4554 size-large\" src=\"http:\/\/lignesauto.fr\/wp-content\/uploads\/2018\/09\/2007M975-1024x1007.jpg\" alt=\"\" width=\"1024\" height=\"1007\" srcset=\"https:\/\/lignesauto.fr\/wp-content\/uploads\/2018\/09\/2007M975-1024x1007.jpg 1024w, https:\/\/lignesauto.fr\/wp-content\/uploads\/2018\/09\/2007M975-300x295.jpg 300w, https:\/\/lignesauto.fr\/wp-content\/uploads\/2018\/09\/2007M975-768x755.jpg 768w, https:\/\/lignesauto.fr\/wp-content\/uploads\/2018\/09\/2007M975-370x364.jpg 370w, https:\/\/lignesauto.fr\/wp-content\/uploads\/2018\/09\/2007M975-1040x1023.jpg 1040w, https:\/\/lignesauto.fr\/wp-content\/uploads\/2018\/09\/2007M975.jpg 1502w\" sizes=\"(max-width: 1024px) 100vw, 1024px\" \/><\/p>\n<p>Le syst\u00e8me ABS a ensuite ouvert la voie \u00e0 de nombreuses aides \u00e0 la conduites qui ont utilis\u00e9 les capteurs ABS pour de nouveaux syst\u00e8mes tels que &#8220;l&#8217;Acceleration Skid Control&#8221; (1985), le programme \u00e9lectronique de stabilit\u00e9 &#8220;ESP&#8221; (1995) &#8211; la Classe A lui dit merci&#8230;- , le syst\u00e8me d&#8217;assistance au freinage &#8220;BAS&#8221; (1996) et le r\u00e9gulateur de vitesse adaptatif &#8220;DISTRONIC&#8221; (1998). \u00a0\u00c0 cela s\u2019ajoutent des capteurs de plus en plus puissants, tels que le capteur de taux de lacet de l\u2019ESP, le radar de DISTRONIC, etc.<br \/>\nL&#8217;anti-blocage n&#8217;aura donc heureusement pas stopp\u00e9 les innovations pour notre s\u00e9curit\u00e9 !<\/p>\n<p><img loading=\"lazy\" decoding=\"async\" class=\"alignnone size-medium wp-image-45\" src=\"http:\/\/lignesauto.fr\/wp-content\/uploads\/2018\/06\/LOGO-SEUL-300x76.png\" alt=\"\" width=\"300\" height=\"76\" srcset=\"https:\/\/lignesauto.fr\/wp-content\/uploads\/2018\/06\/LOGO-SEUL-300x76.png 300w, https:\/\/lignesauto.fr\/wp-content\/uploads\/2018\/06\/LOGO-SEUL-768x195.png 768w, https:\/\/lignesauto.fr\/wp-content\/uploads\/2018\/06\/LOGO-SEUL.png 1014w\" sizes=\"(max-width: 300px) 100vw, 300px\" \/><\/p>\n","protected":false},"excerpt":{"rendered":"<p>&nbsp; Alors que tout s&#8217;acc\u00e9l\u00e8re dans notre soci\u00e9t\u00e9, il est temps de marquer un coup d&#8217;arr\u00eat : le syst\u00e8me ABS chez Mercedes a f\u00eat\u00e9 ses 40 ans ! C&#8217;\u00e9tait une dr\u00f4le de semaine : du 22 au\u00a025 ao\u00fbt 1978, Mercedes-Benz et Bosch pr\u00e9sent\u00e8rent le syst\u00e8me de freinage &#8220;antiblocage&#8221; \u00e0 Untert\u00fcrkheim. [&hellip;]<\/p>\n","protected":false},"author":1,"featured_media":4556,"comment_status":"open","ping_status":"open","sticky":false,"template":"","format":"standard","meta":{"footnotes":""},"categories":[1],"tags":[],"_links":{"self":[{"href":"https:\/\/lignesauto.fr\/index.php?rest_route=\/wp\/v2\/posts\/4552"}],"collection":[{"href":"https:\/\/lignesauto.fr\/index.php?rest_route=\/wp\/v2\/posts"}],"about":[{"href":"https:\/\/lignesauto.fr\/index.php?rest_route=\/wp\/v2\/types\/post"}],"author":[{"embeddable":true,"href":"https:\/\/lignesauto.fr\/index.php?rest_route=\/wp\/v2\/users\/1"}],"replies":[{"embeddable":true,"href":"https:\/\/lignesauto.fr\/index.php?rest_route=%2Fwp%2Fv2%2Fcomments&post=4552"}],"version-history":[{"count":4,"href":"https:\/\/lignesauto.fr\/index.php?rest_route=\/wp\/v2\/posts\/4552\/revisions"}],"predecessor-version":[{"id":4560,"href":"https:\/\/lignesauto.fr\/index.php?rest_route=\/wp\/v2\/posts\/4552\/revisions\/4560"}],"wp:featuredmedia":[{"embeddable":true,"href":"https:\/\/lignesauto.fr\/index.php?rest_route=\/wp\/v2\/media\/4556"}],"wp:attachment":[{"href":"https:\/\/lignesauto.fr\/index.php?rest_route=%2Fwp%2Fv2%2Fmedia&parent=4552"}],"wp:term":[{"taxonomy":"category","embeddable":true,"href":"https:\/\/lignesauto.fr\/index.php?rest_route=%2Fwp%2Fv2%2Fcategories&post=4552"},{"taxonomy":"post_tag","embeddable":true,"href":"https:\/\/lignesauto.fr\/index.php?rest_route=%2Fwp%2Fv2%2Ftags&post=4552"}],"curies":[{"name":"wp","href":"https:\/\/api.w.org\/{rel}","templated":true}]}}