{"id":4561,"date":"2018-12-29T10:30:18","date_gmt":"2018-12-29T09:30:18","guid":{"rendered":"http:\/\/lignesauto.fr\/?p=4561"},"modified":"2018-12-31T11:09:14","modified_gmt":"2018-12-31T10:09:14","slug":"ferrari-pininfarina-lointain-souvenir","status":"publish","type":"post","link":"https:\/\/lignesauto.fr\/?p=4561","title":{"rendered":"Ferrari &#8211; Pininfarina, lointain souvenir ?"},"content":{"rendered":"<p><img loading=\"lazy\" decoding=\"async\" class=\"alignnone size-medium wp-image-4925\" src=\"http:\/\/lignesauto.fr\/wp-content\/uploads\/2018\/10\/LOGOArchives_BD-300x108.jpg\" alt=\"\" width=\"300\" height=\"108\" srcset=\"https:\/\/lignesauto.fr\/wp-content\/uploads\/2018\/10\/LOGOArchives_BD-300x108.jpg 300w, https:\/\/lignesauto.fr\/wp-content\/uploads\/2018\/10\/LOGOArchives_BD-768x276.jpg 768w, https:\/\/lignesauto.fr\/wp-content\/uploads\/2018\/10\/LOGOArchives_BD-1024x367.jpg 1024w, https:\/\/lignesauto.fr\/wp-content\/uploads\/2018\/10\/LOGOArchives_BD-370x133.jpg 370w, https:\/\/lignesauto.fr\/wp-content\/uploads\/2018\/10\/LOGOArchives_BD-1040x373.jpg 1040w, https:\/\/lignesauto.fr\/wp-content\/uploads\/2018\/10\/LOGOArchives_BD.jpg 1240w\" sizes=\"(max-width: 300px) 100vw, 300px\" \/><img loading=\"lazy\" decoding=\"async\" class=\"alignnone size-medium wp-image-4921\" src=\"http:\/\/lignesauto.fr\/wp-content\/uploads\/2018\/10\/LOGOActus_BD-300x108.jpg\" alt=\"\" width=\"300\" height=\"108\" srcset=\"https:\/\/lignesauto.fr\/wp-content\/uploads\/2018\/10\/LOGOActus_BD-300x108.jpg 300w, https:\/\/lignesauto.fr\/wp-content\/uploads\/2018\/10\/LOGOActus_BD-768x276.jpg 768w, https:\/\/lignesauto.fr\/wp-content\/uploads\/2018\/10\/LOGOActus_BD-1024x367.jpg 1024w, https:\/\/lignesauto.fr\/wp-content\/uploads\/2018\/10\/LOGOActus_BD-370x133.jpg 370w, https:\/\/lignesauto.fr\/wp-content\/uploads\/2018\/10\/LOGOActus_BD-1040x373.jpg 1040w, https:\/\/lignesauto.fr\/wp-content\/uploads\/2018\/10\/LOGOActus_BD.jpg 1240w\" sizes=\"(max-width: 300px) 100vw, 300px\" \/><\/p>\n<p>Ferrari a d\u00e9voil\u00e9 en petit comit\u00e9 deux versions de sa nouvelle &#8220;offre&#8221; Ferrari Icona qui veut r\u00e9interpr\u00e9ter les ic\u00f4nes de la marque.<br \/>\nOn doit leur design au bureau interne \u00e0 la maison Ferrari et non pas \u00e0 Pininfarina.<\/p>\n<p><img loading=\"lazy\" decoding=\"async\" class=\"alignnone wp-image-4566 size-large\" src=\"http:\/\/lignesauto.fr\/wp-content\/uploads\/2018\/09\/180956-car-monza-sp1-1024x531.jpg\" alt=\"\" width=\"1024\" height=\"531\" srcset=\"https:\/\/lignesauto.fr\/wp-content\/uploads\/2018\/09\/180956-car-monza-sp1-1024x531.jpg 1024w, https:\/\/lignesauto.fr\/wp-content\/uploads\/2018\/09\/180956-car-monza-sp1-300x156.jpg 300w, https:\/\/lignesauto.fr\/wp-content\/uploads\/2018\/09\/180956-car-monza-sp1-768x398.jpg 768w, https:\/\/lignesauto.fr\/wp-content\/uploads\/2018\/09\/180956-car-monza-sp1-370x192.jpg 370w, https:\/\/lignesauto.fr\/wp-content\/uploads\/2018\/09\/180956-car-monza-sp1-1040x539.jpg 1040w\" sizes=\"(max-width: 1024px) 100vw, 1024px\" \/><br \/>\n<em>La Ferrari Monza SP1 monoplace premier mod\u00e8le de la nouvelle ligne &#8220;Icona&#8221;&#8230;<\/em><\/p>\n<p>Cette proc\u00e9dure dans l&#8217;\u00e9tude des nouveaux produits Ferrari n&#8217;est pas nouvelle en soi puisque m\u00eame la supercar LaFerrari est sortie tout droit de la maison m\u00e8re et non pas de la <em>carrozzeria<\/em> italienne. Notons d&#8217;ailleurs que la LaFerrari sera renouvel\u00e9e d&#8217;ici 2022.<\/p>\n<p><img loading=\"lazy\" decoding=\"async\" class=\"alignnone wp-image-4565 size-large\" src=\"http:\/\/lignesauto.fr\/wp-content\/uploads\/2018\/09\/180953-car-monza-sp2-1024x683.jpg\" alt=\"\" width=\"1024\" height=\"683\" srcset=\"https:\/\/lignesauto.fr\/wp-content\/uploads\/2018\/09\/180953-car-monza-sp2-1024x683.jpg 1024w, https:\/\/lignesauto.fr\/wp-content\/uploads\/2018\/09\/180953-car-monza-sp2-300x200.jpg 300w, https:\/\/lignesauto.fr\/wp-content\/uploads\/2018\/09\/180953-car-monza-sp2-768x512.jpg 768w, https:\/\/lignesauto.fr\/wp-content\/uploads\/2018\/09\/180953-car-monza-sp2-370x247.jpg 370w, https:\/\/lignesauto.fr\/wp-content\/uploads\/2018\/09\/180953-car-monza-sp2-1040x693.jpg 1040w\" sizes=\"(max-width: 1024px) 100vw, 1024px\" \/><br \/>\n<em>La variante \u00e0 deux places s&#8217;appelle naturellement SP2 !<\/em><\/p>\n<p>Voici l&#8217;occasion d&#8217;\u00e9voquer la rencontre &#8220;impossible&#8221; entre le Commandatore Enzo Ferrari et le ma\u00eetre Battista Farina au d\u00e9but des ann\u00e9es 1950. Une rencontre racont\u00e9e par Battista lui-m\u00eame dans ses m\u00e9moires et confirm\u00e9e par son fils Sergio que j&#8217;avais interview\u00e9 pour le compte de<em> l&#8217;auto-journal<\/em> :<br \/>\n\u00ab\u00a0<em>Nous \u00e9tions en 1951 et Ferrari, par l\u2019interm\u00e9diaire du fid\u00e8le Carraroli, me fit savoir qu\u2019il souhaitait s\u2019entretenir avec moi \u00e0 Mod\u00e8ne<\/em>\u00a0\u00bb raconte Battista Farina dans ses <em>m\u00e9moires (*). \u00ab\u00a0Je n\u2019h\u00e9sitai pas une seconde et r\u00e9pondis\u00a0: \u00ab\u00a0je suis tout \u00e0 fait dispos\u00e9 \u00e0 le rencontrer, mais je pr\u00e9f\u00e8rerais qu\u2019il vienne lui d\u2019abord \u00e0 Turin. En effet, je n\u2019aurais pas \u00e9t\u00e9 m\u00e9content qu\u2019il donn\u00e2t un coup d\u2019\u0153il \u00e0 mon usine. On m\u2019informa que Ferrari ne quittait presque jamais Maranello et qu\u2019il ne viendrait donc pas, ce qu\u2019il regrettait car il s\u2019agissait d\u2019une proposition importante. Nous parv\u00eenmes \u00e0 une solution \u00e9quitable\u00a0: nous nous rencontrerions sur un terrain neutre. \u00bb<br \/>\n<\/em><\/p>\n<p><em><img loading=\"lazy\" decoding=\"async\" class=\"alignnone wp-image-4568 size-large\" src=\"http:\/\/lignesauto.fr\/wp-content\/uploads\/2018\/09\/ENZO-4-1953-BPF-797x1024.jpg\" alt=\"\" width=\"797\" height=\"1024\" srcset=\"https:\/\/lignesauto.fr\/wp-content\/uploads\/2018\/09\/ENZO-4-1953-BPF-797x1024.jpg 797w, https:\/\/lignesauto.fr\/wp-content\/uploads\/2018\/09\/ENZO-4-1953-BPF-233x300.jpg 233w, https:\/\/lignesauto.fr\/wp-content\/uploads\/2018\/09\/ENZO-4-1953-BPF-768x987.jpg 768w, https:\/\/lignesauto.fr\/wp-content\/uploads\/2018\/09\/ENZO-4-1953-BPF-370x475.jpg 370w, https:\/\/lignesauto.fr\/wp-content\/uploads\/2018\/09\/ENZO-4-1953-BPF-1040x1336.jpg 1040w\" sizes=\"(max-width: 797px) 100vw, 797px\" \/><\/em><\/p>\n<p>\u00c9coutons maintenant l\u2019histoire de cette rencontre impossible racont\u00e9e par le fils de Battista Pininfarina, Sergio, pr\u00e9sent lors ce moment si pr\u00e9cieux\u2026\u00a0 \u00ab\u00a0<em>J\u2019ai effectivement particip\u00e9 \u00e0 cette rencontre, j\u2019avais tout juste 24 ans et beaucoup d\u2019amis dans le monde de la comp\u00e9tition. C\u2019est gr\u00e2ce \u00e0 un pilote Maserati que j\u2019ai pu organiser cette mission dans un restaurant de Tortona. La d\u00e9l\u00e9gation de Pininfarina \u00e9tait repr\u00e9sent\u00e9e par mon p\u00e8re et moi-m\u00eame\u00a0! Celle de Ferrari comptait Enzo Ferrari et monsieur Gardini. C\u2019\u00e9tait un homme petit qui parlait avec une voix tr\u00e8s basse. Je me souviens qu\u2019il \u00e9tait tr\u00e8s d\u00e9vou\u00e9 \u00e0 monsieur Ferrari et avait d\u00fb remettre \u00e0 une ou deux fois son mariage car il avait des engagements avec Ferrari\u00a0! Vous savez, on ne se mariait que le dimanche chez Ferrari\u2026 Et encore\u00a0!\u00a0<\/em>\u00bb L\u2019attente de cette rencontre avait tellement dur\u00e9 que l\u2019entente fut imm\u00e9diate. Battista Farina repartit ce jour-l\u00e0 avec le projet de la Ferrari 212 Inter.&#8221;<\/p>\n<p><img loading=\"lazy\" decoding=\"async\" class=\"alignnone wp-image-4569 size-large\" src=\"http:\/\/lignesauto.fr\/wp-content\/uploads\/2018\/09\/ENZO-6-54-BPF_2-1024x700.jpg\" alt=\"\" width=\"1024\" height=\"700\" srcset=\"https:\/\/lignesauto.fr\/wp-content\/uploads\/2018\/09\/ENZO-6-54-BPF_2-1024x700.jpg 1024w, https:\/\/lignesauto.fr\/wp-content\/uploads\/2018\/09\/ENZO-6-54-BPF_2-300x205.jpg 300w, https:\/\/lignesauto.fr\/wp-content\/uploads\/2018\/09\/ENZO-6-54-BPF_2-768x525.jpg 768w, https:\/\/lignesauto.fr\/wp-content\/uploads\/2018\/09\/ENZO-6-54-BPF_2-370x253.jpg 370w, https:\/\/lignesauto.fr\/wp-content\/uploads\/2018\/09\/ENZO-6-54-BPF_2-1040x711.jpg 1040w\" sizes=\"(max-width: 1024px) 100vw, 1024px\" \/><\/p>\n<p>Aujourd\u2019hui, toutes les Ferrari ne passent donc plus forc\u00e9ment par le bureau de design Pininfarina comme nagu\u00e8re car Ferrari dispose d\u00e9sormais de son propre bureau de design.<br \/>\nEt demain ?<br \/>\nFerrari a annonc\u00e9 hier vouloir lancer 15 nouveaux produits d&#8217;ici \u00e0 2022 et qu&#8217;\u00e0 cette date, 60% de la production sera dot\u00e9e de motorisations hybrides.<br \/>\nLa gamme de demain s&#8217;articulera autour de quatre familles:<br \/>\n-la ligne des mod\u00e8les &#8220;Sport&#8221; qui repr\u00e9sentera 50% du volume de production,<br \/>\n-la ligne des &#8220;GT&#8221; qui s&#8217;inspirera du design des Ferrari des ann\u00e9es 1950\/1960 et repr\u00e9sentera 40% du volume de production,<br \/>\n-la ligne S\u00e9rie Sp\u00e9ciale (5% de la production)<br \/>\n-la ligne &#8220;Icona&#8221; \u00e0 hauteur de 5% \u00e9galement.<\/p>\n<p>Le nouveau patron de la marque, Louis Carey Camilleri, a surtout annonc\u00e9 la production d&#8217;un &#8220;SUV&#8221; (en fait un coup\u00e9 relativement habitable rehauss\u00e9 \u00e0 quatre roues motrices) pour 2022 qui prendra l&#8217;appellation de &#8220;Purosangue&#8221;.<br \/>\nC&#8217;en est donc d\u00e9finitivement fini de l&#8217;hypoth\u00e9tique berline 4 portes dont ne voulait pas Sergio Marchionne et que m\u00eame Lamborghini a pour l&#8217;heure suspendue. Place aux SUV qui semblent ne d\u00e9ranger que les puristes. Dommage, la proposition de Pininfarina d&#8217;une berline 4 portes, la Pinin de 1980, reste encore sublime.<\/p>\n<p><em>Dessin de la Ferrari Pinin de Pininfarina (ci-dessous) du studio de Christian Polo :<\/em><\/p>\n<p><img loading=\"lazy\" decoding=\"async\" class=\"alignnone wp-image-4570 size-large\" src=\"http:\/\/lignesauto.fr\/wp-content\/uploads\/2018\/09\/V327DECferrari501-1024x329.jpg\" alt=\"\" width=\"1024\" height=\"329\" srcset=\"https:\/\/lignesauto.fr\/wp-content\/uploads\/2018\/09\/V327DECferrari501-1024x329.jpg 1024w, https:\/\/lignesauto.fr\/wp-content\/uploads\/2018\/09\/V327DECferrari501-300x97.jpg 300w, https:\/\/lignesauto.fr\/wp-content\/uploads\/2018\/09\/V327DECferrari501-768x247.jpg 768w, https:\/\/lignesauto.fr\/wp-content\/uploads\/2018\/09\/V327DECferrari501-370x119.jpg 370w, https:\/\/lignesauto.fr\/wp-content\/uploads\/2018\/09\/V327DECferrari501-1040x335.jpg 1040w\" sizes=\"(max-width: 1024px) 100vw, 1024px\" \/><\/p>\n<p><em>(*) Pininfarina. N\u00e9 avec l\u2019automobile. Editions Automobilia.<\/em><\/p>\n<p><img loading=\"lazy\" decoding=\"async\" class=\"alignnone size-medium wp-image-4925\" src=\"http:\/\/lignesauto.fr\/wp-content\/uploads\/2018\/10\/LOGOArchives_BD-300x108.jpg\" alt=\"\" width=\"300\" height=\"108\" srcset=\"https:\/\/lignesauto.fr\/wp-content\/uploads\/2018\/10\/LOGOArchives_BD-300x108.jpg 300w, https:\/\/lignesauto.fr\/wp-content\/uploads\/2018\/10\/LOGOArchives_BD-768x276.jpg 768w, https:\/\/lignesauto.fr\/wp-content\/uploads\/2018\/10\/LOGOArchives_BD-1024x367.jpg 1024w, https:\/\/lignesauto.fr\/wp-content\/uploads\/2018\/10\/LOGOArchives_BD-370x133.jpg 370w, https:\/\/lignesauto.fr\/wp-content\/uploads\/2018\/10\/LOGOArchives_BD-1040x373.jpg 1040w, https:\/\/lignesauto.fr\/wp-content\/uploads\/2018\/10\/LOGOArchives_BD.jpg 1240w\" sizes=\"(max-width: 300px) 100vw, 300px\" \/><\/p>\n","protected":false},"excerpt":{"rendered":"<p>Ferrari a d\u00e9voil\u00e9 en petit comit\u00e9 deux versions de sa nouvelle &#8220;offre&#8221; Ferrari Icona qui veut r\u00e9interpr\u00e9ter les ic\u00f4nes de la marque. On doit leur design au bureau interne \u00e0 la maison Ferrari et non pas \u00e0 Pininfarina. La Ferrari Monza SP1 monoplace premier mod\u00e8le de la nouvelle ligne &#8220;Icona&#8221;&#8230; [&hellip;]<\/p>\n","protected":false},"author":1,"featured_media":1085,"comment_status":"open","ping_status":"open","sticky":false,"template":"","format":"standard","meta":{"footnotes":""},"categories":[1],"tags":[],"_links":{"self":[{"href":"https:\/\/lignesauto.fr\/index.php?rest_route=\/wp\/v2\/posts\/4561"}],"collection":[{"href":"https:\/\/lignesauto.fr\/index.php?rest_route=\/wp\/v2\/posts"}],"about":[{"href":"https:\/\/lignesauto.fr\/index.php?rest_route=\/wp\/v2\/types\/post"}],"author":[{"embeddable":true,"href":"https:\/\/lignesauto.fr\/index.php?rest_route=\/wp\/v2\/users\/1"}],"replies":[{"embeddable":true,"href":"https:\/\/lignesauto.fr\/index.php?rest_route=%2Fwp%2Fv2%2Fcomments&post=4561"}],"version-history":[{"count":14,"href":"https:\/\/lignesauto.fr\/index.php?rest_route=\/wp\/v2\/posts\/4561\/revisions"}],"predecessor-version":[{"id":6571,"href":"https:\/\/lignesauto.fr\/index.php?rest_route=\/wp\/v2\/posts\/4561\/revisions\/6571"}],"wp:featuredmedia":[{"embeddable":true,"href":"https:\/\/lignesauto.fr\/index.php?rest_route=\/wp\/v2\/media\/1085"}],"wp:attachment":[{"href":"https:\/\/lignesauto.fr\/index.php?rest_route=%2Fwp%2Fv2%2Fmedia&parent=4561"}],"wp:term":[{"taxonomy":"category","embeddable":true,"href":"https:\/\/lignesauto.fr\/index.php?rest_route=%2Fwp%2Fv2%2Fcategories&post=4561"},{"taxonomy":"post_tag","embeddable":true,"href":"https:\/\/lignesauto.fr\/index.php?rest_route=%2Fwp%2Fv2%2Ftags&post=4561"}],"curies":[{"name":"wp","href":"https:\/\/api.w.org\/{rel}","templated":true}]}}