{"id":4577,"date":"2018-09-28T00:57:28","date_gmt":"2018-09-27T22:57:28","guid":{"rendered":"http:\/\/lignesauto.fr\/?p=4577"},"modified":"2018-12-22T17:40:53","modified_gmt":"2018-12-22T16:40:53","slug":"cest-la-fete-du-pod","status":"publish","type":"post","link":"https:\/\/lignesauto.fr\/?p=4577","title":{"rendered":"C&#8217;est la f\u00eate du Pod !"},"content":{"rendered":"<p><img loading=\"lazy\" decoding=\"async\" class=\"alignnone size-medium wp-image-45\" src=\"http:\/\/lignesauto.fr\/wp-content\/uploads\/2018\/06\/LOGO-SEUL-300x76.png\" alt=\"\" width=\"300\" height=\"76\" srcset=\"https:\/\/lignesauto.fr\/wp-content\/uploads\/2018\/06\/LOGO-SEUL-300x76.png 300w, https:\/\/lignesauto.fr\/wp-content\/uploads\/2018\/06\/LOGO-SEUL-768x195.png 768w, https:\/\/lignesauto.fr\/wp-content\/uploads\/2018\/06\/LOGO-SEUL.png 1014w\" sizes=\"(max-width: 300px) 100vw, 300px\" \/><\/p>\n<p>Hier, Ferrari. Aujourd&#8217;hui : Renault.<br \/>\nHier, des sportives qui font r\u00eaver (voir post pr\u00e9c\u00e9dent). Aujourd&#8217;hui, des &#8220;pods&#8221; comme s&#8217;il en pleuvait.<br \/>\nL&#8217;univers automobile r\u00e9v\u00e8le un spectre d&#8217;\u00e9tudes et de recherches quasi-infini.<\/p>\n<p>Infini ? Ne nous emballons pas.<br \/>\nRenault d\u00e9voile certes une \u00e9tude int\u00e9ressante pour se mettre au service des professionnels de la logistique et de la livraison, mais aussi des artisans, des entrepreneurs et des marchands avec son EZ-PRO,\u00a0mais Mercedes s&#8217;est \u00e9galement engouffr\u00e9 dans cette br\u00e8che voici quelques jours avec son concept Urbanetic <strong>(ci-dessous)<\/strong><\/p>\n<p><img loading=\"lazy\" decoding=\"async\" class=\"wp-image-4588 size-full\" src=\"http:\/\/lignesauto.fr\/wp-content\/uploads\/2018\/09\/18C0764_300.jpg\" alt=\"\" width=\"1000\" height=\"501\" srcset=\"https:\/\/lignesauto.fr\/wp-content\/uploads\/2018\/09\/18C0764_300.jpg 1000w, https:\/\/lignesauto.fr\/wp-content\/uploads\/2018\/09\/18C0764_300-300x150.jpg 300w, https:\/\/lignesauto.fr\/wp-content\/uploads\/2018\/09\/18C0764_300-768x385.jpg 768w, https:\/\/lignesauto.fr\/wp-content\/uploads\/2018\/09\/18C0764_300-370x185.jpg 370w\" sizes=\"(max-width: 1000px) 100vw, 1000px\" \/><\/p>\n<p id=\"p_9\">Renault de son c\u00f4t\u00e9 d\u00e9voile donc au Salon IAA des V\u00e9hicules commerciaux \u00e0 Hanovre son concept EZ-PRO <strong>(ci-dessous)<\/strong>. <em>&#8220;Ce robot-v\u00e9hicule autonome, \u00e9lectrique, connect\u00e9 et partag\u00e9, incarne une vision du futur de la livraison &#8220;du dernier kilom\u00e8tre&#8221;. Ce secteur repr\u00e9sente l\u2019une des plus grandes opportunit\u00e9s de disruption pour inventer un futur urbain propre, efficient et limitant la circulation superflue. Alors que le e-commerce continue d&#8217;exploser, les consommateurs r\u00e9clament des livraisons imm\u00e9diates, les professionnels doivent optimiser leurs co\u00fbts de livraison et les villes cherchent \u00e0 ma\u00eetriser l&#8217;intensification du trafic.&#8221;<\/em><\/p>\n<p><img loading=\"lazy\" decoding=\"async\" class=\"wp-image-4581 size-large\" src=\"http:\/\/lignesauto.fr\/wp-content\/uploads\/2018\/09\/21215695_2018_-_EZ-PRO-1024x683.jpg\" alt=\"\" width=\"1024\" height=\"683\" srcset=\"https:\/\/lignesauto.fr\/wp-content\/uploads\/2018\/09\/21215695_2018_-_EZ-PRO-1024x683.jpg 1024w, https:\/\/lignesauto.fr\/wp-content\/uploads\/2018\/09\/21215695_2018_-_EZ-PRO-300x200.jpg 300w, https:\/\/lignesauto.fr\/wp-content\/uploads\/2018\/09\/21215695_2018_-_EZ-PRO-768x512.jpg 768w, https:\/\/lignesauto.fr\/wp-content\/uploads\/2018\/09\/21215695_2018_-_EZ-PRO-370x247.jpg 370w, https:\/\/lignesauto.fr\/wp-content\/uploads\/2018\/09\/21215695_2018_-_EZ-PRO-1040x693.jpg 1040w\" sizes=\"(max-width: 1024px) 100vw, 1024px\" \/><\/p>\n<p id=\"p_11\" class=\"quote\"><em>\u00ab Renault EZ-PRO incarne notre vision d&#8217;une livraison au dernier kilom\u00e8tre int\u00e9gr\u00e9e \u00e0 l&#8217;\u00e9cosyst\u00e8me des villes intelligentes de demain et adapt\u00e9e aux besoins des professionnels. Ce concept est une solution qui pourrait ouvrir d&#8217;innombrables opportunit\u00e9s business pour nos clients, comme nous le montrons aujourd&#8217;hui avec nos partenaires DPDgroup, Caf\u00e9 Lomi, Piper-Heidsieck et Patrick Roger\u00bb,<\/em> d\u00e9clare Ashwani Gupta, Directeur du V\u00e9hicule Utilitaire pour L\u2019Alliance.<\/p>\n<p><img loading=\"lazy\" decoding=\"async\" class=\"alignnone wp-image-4585 size-large\" src=\"http:\/\/lignesauto.fr\/wp-content\/uploads\/2018\/09\/Capture-d\u2019\u00e9cran-2018-09-19-\u00e0-13.51.23-1024x538.png\" alt=\"\" width=\"1024\" height=\"538\" srcset=\"https:\/\/lignesauto.fr\/wp-content\/uploads\/2018\/09\/Capture-d\u2019\u00e9cran-2018-09-19-\u00e0-13.51.23-1024x538.png 1024w, https:\/\/lignesauto.fr\/wp-content\/uploads\/2018\/09\/Capture-d\u2019\u00e9cran-2018-09-19-\u00e0-13.51.23-300x158.png 300w, https:\/\/lignesauto.fr\/wp-content\/uploads\/2018\/09\/Capture-d\u2019\u00e9cran-2018-09-19-\u00e0-13.51.23-768x403.png 768w, https:\/\/lignesauto.fr\/wp-content\/uploads\/2018\/09\/Capture-d\u2019\u00e9cran-2018-09-19-\u00e0-13.51.23-370x194.png 370w, https:\/\/lignesauto.fr\/wp-content\/uploads\/2018\/09\/Capture-d\u2019\u00e9cran-2018-09-19-\u00e0-13.51.23-1040x546.png 1040w\" sizes=\"(max-width: 1024px) 100vw, 1024px\" \/><\/p>\n<p id=\"p_12\">Renault nous explique que le concept Renault EZ-PRO <em>&#8220;est un ensemble qui se compose d&#8217;un &#8220;pod&#8221; leader autonome et de &#8220;robots-pods&#8221; sans chauffeur&#8221;.<\/em><br \/>\nLe pod leader autonome\u00a0<strong>(ci-dessous)<\/strong> accueille un concierge (on ne parle pas de conducteur mais de concierge&#8230; un discours diff\u00e9rent de celui d&#8217;hier chez Ferrari NDA) qui, lib\u00e9r\u00e9 des contraintes de conduite, peut se concentrer sur des t\u00e2ches \u00e0 valeur ajout\u00e9e, telles que la supervision et la planification de l&#8217;itin\u00e9raire des &#8220;robots-pods&#8221; sans chauffeur.<br \/>\nIl assure \u00e9galement un service personnalis\u00e9, comme la livraison en personne de produits alimentaires ou d&#8217;objets fragiles. Renault estime que l\u2019humain restera encore longtemps au c\u0153ur des activit\u00e9s de transport.<\/p>\n<p><img loading=\"lazy\" decoding=\"async\" class=\"wp-image-4579 size-large\" src=\"http:\/\/lignesauto.fr\/wp-content\/uploads\/2018\/09\/21215593_2018_-_EZ-PRO-1024x576.jpg\" alt=\"\" width=\"1024\" height=\"576\" srcset=\"https:\/\/lignesauto.fr\/wp-content\/uploads\/2018\/09\/21215593_2018_-_EZ-PRO-1024x576.jpg 1024w, https:\/\/lignesauto.fr\/wp-content\/uploads\/2018\/09\/21215593_2018_-_EZ-PRO-300x169.jpg 300w, https:\/\/lignesauto.fr\/wp-content\/uploads\/2018\/09\/21215593_2018_-_EZ-PRO-768x432.jpg 768w, https:\/\/lignesauto.fr\/wp-content\/uploads\/2018\/09\/21215593_2018_-_EZ-PRO-370x208.jpg 370w, https:\/\/lignesauto.fr\/wp-content\/uploads\/2018\/09\/21215593_2018_-_EZ-PRO-1040x585.jpg 1040w, https:\/\/lignesauto.fr\/wp-content\/uploads\/2018\/09\/21215593_2018_-_EZ-PRO.jpg 1772w\" sizes=\"(max-width: 1024px) 100vw, 1024px\" \/><\/p>\n<p id=\"p_17\"><em>&#8220;Les &#8220;robots-pods&#8221; autonomes<\/em><strong>(ci-dessous)<\/strong><em> peuvent suivre le &#8220;pod&#8221; leader en convoi, <strong>mais aussi se d\u00e9placer de fa\u00e7on autonome pour suivre chacun leur itin\u00e9raire sur le \u00ab dernier kilom\u00e8tre.&#8221;\u00a0<\/strong><\/em>Le sur-mesure est donc un point fort de ce concept-car.<br \/>\n<i>&#8220;EZ-PRO propose des modules personnalisables qui r\u00e9pondent \u00e0 une grande vari\u00e9t\u00e9 de besoins sp\u00e9cifiques des clients professionnels: pour les sp\u00e9cialistes de la livraison et de la logistique du dernier kilom\u00e8tre, mais aussi pour les d\u00e9taillants, les artisans et les entrepreneurs.&#8221;<\/i><br \/>\nLe\u00a0concept de Renault s&#8217;\u00e9loigne ici de celui de Mercedes qui se &#8220;contente&#8221; de varier ses modules sur une plateforme unique.<\/p>\n<p><img loading=\"lazy\" decoding=\"async\" class=\"wp-image-4580 size-large\" src=\"http:\/\/lignesauto.fr\/wp-content\/uploads\/2018\/09\/21215611_2018_-_EZ-PRO-1024x576.jpg\" alt=\"\" width=\"1024\" height=\"576\" srcset=\"https:\/\/lignesauto.fr\/wp-content\/uploads\/2018\/09\/21215611_2018_-_EZ-PRO-1024x576.jpg 1024w, https:\/\/lignesauto.fr\/wp-content\/uploads\/2018\/09\/21215611_2018_-_EZ-PRO-300x169.jpg 300w, https:\/\/lignesauto.fr\/wp-content\/uploads\/2018\/09\/21215611_2018_-_EZ-PRO-768x432.jpg 768w, https:\/\/lignesauto.fr\/wp-content\/uploads\/2018\/09\/21215611_2018_-_EZ-PRO-370x208.jpg 370w, https:\/\/lignesauto.fr\/wp-content\/uploads\/2018\/09\/21215611_2018_-_EZ-PRO-1040x585.jpg 1040w, https:\/\/lignesauto.fr\/wp-content\/uploads\/2018\/09\/21215611_2018_-_EZ-PRO.jpg 1920w\" sizes=\"(max-width: 1024px) 100vw, 1024px\" \/><\/p>\n<p><em>\u00ab Des id\u00e9es nouvelles sont aujourd\u2019hui n\u00e9cessaires pour assurer l\u2019activit\u00e9 et les livraisons urbaines tout en d\u00e9congestionnant les axes de circulation et en adressant le d\u00e9fi environnemental \u00bb.<br \/>\n<\/em><strong>Le &#8220;pod&#8221; leader et ses petits copains &#8220;robots-pods&#8221; en situation ci-dessous.<\/strong><\/p>\n<p><img loading=\"lazy\" decoding=\"async\" class=\"alignnone wp-image-4583 size-large\" src=\"http:\/\/lignesauto.fr\/wp-content\/uploads\/2018\/09\/21215746_2018_-_EZ-PRO-1024x576.jpg\" alt=\"\" width=\"1024\" height=\"576\" srcset=\"https:\/\/lignesauto.fr\/wp-content\/uploads\/2018\/09\/21215746_2018_-_EZ-PRO-1024x576.jpg 1024w, https:\/\/lignesauto.fr\/wp-content\/uploads\/2018\/09\/21215746_2018_-_EZ-PRO-300x169.jpg 300w, https:\/\/lignesauto.fr\/wp-content\/uploads\/2018\/09\/21215746_2018_-_EZ-PRO-768x432.jpg 768w, https:\/\/lignesauto.fr\/wp-content\/uploads\/2018\/09\/21215746_2018_-_EZ-PRO-370x208.jpg 370w, https:\/\/lignesauto.fr\/wp-content\/uploads\/2018\/09\/21215746_2018_-_EZ-PRO-1040x585.jpg 1040w\" sizes=\"(max-width: 1024px) 100vw, 1024px\" \/><\/p>\n<p id=\"p_19\">EZ-PRO est une solution partag\u00e9e. Un convoi de &#8220;robot-pods&#8221;, g\u00e9r\u00e9 par un m\u00eame op\u00e9rateur logistique, peut transporter diff\u00e9rents types de marchandises, chaque pod ayant son propre commanditaire, sa th\u00e9matique, sa client\u00e8le et son lieu de livraison. De la m\u00eame mani\u00e8re, un pod peut effectuer, sur un m\u00eame itin\u00e9raire, des s\u00e9ries de livraisons pour diff\u00e9rents magasins en ligne. Ces sc\u00e9narios partag\u00e9s contribuent \u00e0 maximiser la productivit\u00e9 des pods et \u00e0 r\u00e9duire les co\u00fbts de livraison<\/p>\n<p><em>\u00ab Avec Renault EZ-PRO, nous poursuivons notre travail exploratoire autour de la mobilit\u00e9 de demain.<br \/>\nCe concept est \u00e0 la fois cr\u00e9ateur d&#8217;opportunit\u00e9s pour les professionnels et facilitateur de services pour tous ses utilisateurs.<br \/>\nIl s&#8217;appuie sur l&#8217;ADN de la marque, qui place l&#8217;homme au c\u0153ur de ses solutions \u00bb,<\/em> d\u00e9clare Laurens van den Acker, Directeur du Corporate Design du Groupe Renault.<\/p>\n<p><img loading=\"lazy\" decoding=\"async\" class=\"alignnone wp-image-4578 size-large\" src=\"http:\/\/lignesauto.fr\/wp-content\/uploads\/2018\/09\/21215582_2018_-_EZ-PRO-1024x576.jpg\" alt=\"\" width=\"1024\" height=\"576\" srcset=\"https:\/\/lignesauto.fr\/wp-content\/uploads\/2018\/09\/21215582_2018_-_EZ-PRO-1024x576.jpg 1024w, https:\/\/lignesauto.fr\/wp-content\/uploads\/2018\/09\/21215582_2018_-_EZ-PRO-300x169.jpg 300w, https:\/\/lignesauto.fr\/wp-content\/uploads\/2018\/09\/21215582_2018_-_EZ-PRO-768x432.jpg 768w, https:\/\/lignesauto.fr\/wp-content\/uploads\/2018\/09\/21215582_2018_-_EZ-PRO-370x208.jpg 370w, https:\/\/lignesauto.fr\/wp-content\/uploads\/2018\/09\/21215582_2018_-_EZ-PRO-1040x585.jpg 1040w\" sizes=\"(max-width: 1024px) 100vw, 1024px\" \/><\/p>\n<p>&nbsp;<\/p>\n<p>Ultra modulaire pour plus de flexibilit\u00e9, EZ-PRO <strong>(ci-dessus)<\/strong> est bas\u00e9 sur une plateforme sur-mesure con\u00e7ue pour les sp\u00e9cialistes de la livraison et de la logistique du dernier kilom\u00e8tre, mais aussi pour les commer\u00e7ants et les clients finaux.<br \/>\nLa proposition de Mercedes <strong>(ci-dessous)<\/strong> reste moins flexible sur le fameux dernier kilom\u00e8tre mais elle autorise le montage d&#8217;un module de transport de personnes. Renault de son c\u00f4t\u00e9 propose une &#8220;famille&#8221; compl\u00e8te de ses EZ avec la navette de transport d\u00e9voil\u00e9e \u00e0 Gen\u00e8ve, ce nouveau concept EZ-PRO et, au Mondial, une vision de EZ dans l&#8217;univers de la berline haut de gamme connect\u00e9e et autonome. \u00c0 suivre donc&#8230;<\/p>\n<p><img loading=\"lazy\" decoding=\"async\" class=\"wp-image-4587 size-large\" src=\"http:\/\/lignesauto.fr\/wp-content\/uploads\/2018\/09\/18C0764_002-1024x576.jpg\" alt=\"\" width=\"1024\" height=\"576\" srcset=\"https:\/\/lignesauto.fr\/wp-content\/uploads\/2018\/09\/18C0764_002-1024x576.jpg 1024w, https:\/\/lignesauto.fr\/wp-content\/uploads\/2018\/09\/18C0764_002-300x169.jpg 300w, https:\/\/lignesauto.fr\/wp-content\/uploads\/2018\/09\/18C0764_002-768x432.jpg 768w, https:\/\/lignesauto.fr\/wp-content\/uploads\/2018\/09\/18C0764_002-370x208.jpg 370w, https:\/\/lignesauto.fr\/wp-content\/uploads\/2018\/09\/18C0764_002-1040x585.jpg 1040w, https:\/\/lignesauto.fr\/wp-content\/uploads\/2018\/09\/18C0764_002.jpg 1920w\" sizes=\"(max-width: 1024px) 100vw, 1024px\" \/><\/p>\n<p><strong style=\"font-size: 16px;\"><em>CARACTERISTIQUES TECHNIQUES DU RENAULT EZ-PRO :<\/em><\/strong><\/p>\n<p><img loading=\"lazy\" decoding=\"async\" class=\"alignnone wp-image-4586 size-large\" src=\"http:\/\/lignesauto.fr\/wp-content\/uploads\/2018\/09\/Capture-d\u2019\u00e9cran-2018-09-19-\u00e0-13.54.02-1024x557.png\" alt=\"\" width=\"1024\" height=\"557\" srcset=\"https:\/\/lignesauto.fr\/wp-content\/uploads\/2018\/09\/Capture-d\u2019\u00e9cran-2018-09-19-\u00e0-13.54.02-1024x557.png 1024w, https:\/\/lignesauto.fr\/wp-content\/uploads\/2018\/09\/Capture-d\u2019\u00e9cran-2018-09-19-\u00e0-13.54.02-300x163.png 300w, https:\/\/lignesauto.fr\/wp-content\/uploads\/2018\/09\/Capture-d\u2019\u00e9cran-2018-09-19-\u00e0-13.54.02-768x418.png 768w, https:\/\/lignesauto.fr\/wp-content\/uploads\/2018\/09\/Capture-d\u2019\u00e9cran-2018-09-19-\u00e0-13.54.02-370x201.png 370w, https:\/\/lignesauto.fr\/wp-content\/uploads\/2018\/09\/Capture-d\u2019\u00e9cran-2018-09-19-\u00e0-13.54.02-1040x566.png 1040w\" sizes=\"(max-width: 1024px) 100vw, 1024px\" \/><\/p>\n<p><img loading=\"lazy\" decoding=\"async\" class=\"wp-image-4582 size-large\" src=\"http:\/\/lignesauto.fr\/wp-content\/uploads\/2018\/09\/21215748_2018_-_EZ-PRO-1024x683.jpg\" alt=\"\" width=\"1024\" height=\"683\" srcset=\"https:\/\/lignesauto.fr\/wp-content\/uploads\/2018\/09\/21215748_2018_-_EZ-PRO-1024x683.jpg 1024w, https:\/\/lignesauto.fr\/wp-content\/uploads\/2018\/09\/21215748_2018_-_EZ-PRO-300x200.jpg 300w, https:\/\/lignesauto.fr\/wp-content\/uploads\/2018\/09\/21215748_2018_-_EZ-PRO-768x512.jpg 768w, https:\/\/lignesauto.fr\/wp-content\/uploads\/2018\/09\/21215748_2018_-_EZ-PRO-370x247.jpg 370w, https:\/\/lignesauto.fr\/wp-content\/uploads\/2018\/09\/21215748_2018_-_EZ-PRO-1040x693.jpg 1040w\" sizes=\"(max-width: 1024px) 100vw, 1024px\" \/><\/p>\n<p>&nbsp;<\/p>\n<p><img loading=\"lazy\" decoding=\"async\" class=\"alignnone size-medium wp-image-45\" src=\"http:\/\/lignesauto.fr\/wp-content\/uploads\/2018\/06\/LOGO-SEUL-300x76.png\" alt=\"\" width=\"300\" height=\"76\" srcset=\"https:\/\/lignesauto.fr\/wp-content\/uploads\/2018\/06\/LOGO-SEUL-300x76.png 300w, https:\/\/lignesauto.fr\/wp-content\/uploads\/2018\/06\/LOGO-SEUL-768x195.png 768w, https:\/\/lignesauto.fr\/wp-content\/uploads\/2018\/06\/LOGO-SEUL.png 1014w\" sizes=\"(max-width: 300px) 100vw, 300px\" \/><\/p>\n","protected":false},"excerpt":{"rendered":"<p>Hier, Ferrari. Aujourd&#8217;hui : Renault. Hier, des sportives qui font r\u00eaver (voir post pr\u00e9c\u00e9dent). Aujourd&#8217;hui, des &#8220;pods&#8221; comme s&#8217;il en pleuvait. L&#8217;univers automobile r\u00e9v\u00e8le un spectre d&#8217;\u00e9tudes et de recherches quasi-infini. Infini ? Ne nous emballons pas. Renault d\u00e9voile certes une \u00e9tude int\u00e9ressante pour se mettre au service des professionnels [&hellip;]<\/p>\n","protected":false},"author":1,"featured_media":4582,"comment_status":"open","ping_status":"open","sticky":false,"template":"","format":"standard","meta":{"footnotes":""},"categories":[1],"tags":[],"_links":{"self":[{"href":"https:\/\/lignesauto.fr\/index.php?rest_route=\/wp\/v2\/posts\/4577"}],"collection":[{"href":"https:\/\/lignesauto.fr\/index.php?rest_route=\/wp\/v2\/posts"}],"about":[{"href":"https:\/\/lignesauto.fr\/index.php?rest_route=\/wp\/v2\/types\/post"}],"author":[{"embeddable":true,"href":"https:\/\/lignesauto.fr\/index.php?rest_route=\/wp\/v2\/users\/1"}],"replies":[{"embeddable":true,"href":"https:\/\/lignesauto.fr\/index.php?rest_route=%2Fwp%2Fv2%2Fcomments&post=4577"}],"version-history":[{"count":10,"href":"https:\/\/lignesauto.fr\/index.php?rest_route=\/wp\/v2\/posts\/4577\/revisions"}],"predecessor-version":[{"id":4601,"href":"https:\/\/lignesauto.fr\/index.php?rest_route=\/wp\/v2\/posts\/4577\/revisions\/4601"}],"wp:featuredmedia":[{"embeddable":true,"href":"https:\/\/lignesauto.fr\/index.php?rest_route=\/wp\/v2\/media\/4582"}],"wp:attachment":[{"href":"https:\/\/lignesauto.fr\/index.php?rest_route=%2Fwp%2Fv2%2Fmedia&parent=4577"}],"wp:term":[{"taxonomy":"category","embeddable":true,"href":"https:\/\/lignesauto.fr\/index.php?rest_route=%2Fwp%2Fv2%2Fcategories&post=4577"},{"taxonomy":"post_tag","embeddable":true,"href":"https:\/\/lignesauto.fr\/index.php?rest_route=%2Fwp%2Fv2%2Ftags&post=4577"}],"curies":[{"name":"wp","href":"https:\/\/api.w.org\/{rel}","templated":true}]}}