{"id":4642,"date":"2018-09-22T11:45:29","date_gmt":"2018-09-22T09:45:29","guid":{"rendered":"http:\/\/lignesauto.fr\/?p=4642"},"modified":"2018-12-22T17:42:33","modified_gmt":"2018-12-22T16:42:33","slug":"quand-la-e-legend-est-presentee-au-personnel-de-ladn","status":"publish","type":"post","link":"https:\/\/lignesauto.fr\/?p=4642","title":{"rendered":"Quand la e-LEGEND est pr\u00e9sent\u00e9e au personnel de l&#8217;ADN"},"content":{"rendered":"<p><img loading=\"lazy\" decoding=\"async\" class=\"alignnone size-medium wp-image-45\" src=\"http:\/\/lignesauto.fr\/wp-content\/uploads\/2018\/06\/LOGO-SEUL-300x76.png\" alt=\"\" width=\"300\" height=\"76\" srcset=\"https:\/\/lignesauto.fr\/wp-content\/uploads\/2018\/06\/LOGO-SEUL-300x76.png 300w, https:\/\/lignesauto.fr\/wp-content\/uploads\/2018\/06\/LOGO-SEUL-768x195.png 768w, https:\/\/lignesauto.fr\/wp-content\/uploads\/2018\/06\/LOGO-SEUL.png 1014w\" sizes=\"(max-width: 300px) 100vw, 300px\" \/><\/p>\n<p><img loading=\"lazy\" decoding=\"async\" class=\"alignnone wp-image-4646 size-large\" src=\"http:\/\/lignesauto.fr\/wp-content\/uploads\/2018\/09\/20180921_222423-1024x576.jpg\" alt=\"\" width=\"1024\" height=\"576\" srcset=\"https:\/\/lignesauto.fr\/wp-content\/uploads\/2018\/09\/20180921_222423-1024x576.jpg 1024w, https:\/\/lignesauto.fr\/wp-content\/uploads\/2018\/09\/20180921_222423-300x169.jpg 300w, https:\/\/lignesauto.fr\/wp-content\/uploads\/2018\/09\/20180921_222423-768x432.jpg 768w, https:\/\/lignesauto.fr\/wp-content\/uploads\/2018\/09\/20180921_222423-370x208.jpg 370w, https:\/\/lignesauto.fr\/wp-content\/uploads\/2018\/09\/20180921_222423-1040x585.jpg 1040w\" sizes=\"(max-width: 1024px) 100vw, 1024px\" \/><\/p>\n<p>&nbsp;<\/p>\n<p>Jean-Philippe Imparato, patron de la marque Peugeot, est pass\u00e9 voir le concept e-LEGEND qui \u00e9tait expos\u00e9 dans la salle de communication du site de l&#8217;ADN\u00a0(le bureau d&#8217;\u00e9tudes et du design du groupe PSA)\u00a0lors de la d\u00e9dicace de l&#8217;ouvrage<br \/>\n<em>&#8220;1968 &#8211; 2018 : les 50 ans qui ont chang\u00e9 l&#8217;automobile&#8221;.\u00a0<\/em>C&#8217;\u00e9tait hier,\u00a0\u00a0vendredi 21 septembre.<br \/>\nLe boss \u00e9tait pour le moins r\u00e9joui voire surpris de l&#8217;impact de ce concept-car sur les r\u00e9seaux sociaux, depuis sa r\u00e9v\u00e9lation jeudi dernier.<\/p>\n<p><img loading=\"lazy\" decoding=\"async\" class=\"alignnone wp-image-4644 size-large\" src=\"http:\/\/lignesauto.fr\/wp-content\/uploads\/2018\/09\/20180921_222114-576x1024.jpg\" alt=\"\" width=\"576\" height=\"1024\" srcset=\"https:\/\/lignesauto.fr\/wp-content\/uploads\/2018\/09\/20180921_222114-576x1024.jpg 576w, https:\/\/lignesauto.fr\/wp-content\/uploads\/2018\/09\/20180921_222114-169x300.jpg 169w, https:\/\/lignesauto.fr\/wp-content\/uploads\/2018\/09\/20180921_222114-768x1365.jpg 768w, https:\/\/lignesauto.fr\/wp-content\/uploads\/2018\/09\/20180921_222114-370x658.jpg 370w, https:\/\/lignesauto.fr\/wp-content\/uploads\/2018\/09\/20180921_222114-1040x1849.jpg 1040w\" sizes=\"(max-width: 576px) 100vw, 576px\" \/><\/p>\n<p>Il est vrai que face aux navettes autonomes, aux suppositoires connect\u00e9s et aux fadasses concepts \u00e9lectriques, e-LEGEND apporte son lot de chaleur, d&#8217;\u00e9motion et elle nous parle. Cette voiture inspir\u00e9e l\u00e9gitimement du coup\u00e9 504 de 1969 d\u00e9gage un fort impact de s\u00e9duction et nous rassure : le futur pourrait \u00eatre sympa malgr\u00e9 (ou \u00e0 cause) de la mutation vers des engins autonomes, connect\u00e9s et \u00e9lectriques.<\/p>\n<p><img loading=\"lazy\" decoding=\"async\" class=\"alignnone wp-image-4643 size-large\" src=\"http:\/\/lignesauto.fr\/wp-content\/uploads\/2018\/09\/20180921_220735-576x1024.jpg\" alt=\"\" width=\"576\" height=\"1024\" srcset=\"https:\/\/lignesauto.fr\/wp-content\/uploads\/2018\/09\/20180921_220735-576x1024.jpg 576w, https:\/\/lignesauto.fr\/wp-content\/uploads\/2018\/09\/20180921_220735-169x300.jpg 169w, https:\/\/lignesauto.fr\/wp-content\/uploads\/2018\/09\/20180921_220735-768x1365.jpg 768w, https:\/\/lignesauto.fr\/wp-content\/uploads\/2018\/09\/20180921_220735-370x658.jpg 370w, https:\/\/lignesauto.fr\/wp-content\/uploads\/2018\/09\/20180921_220735-1040x1849.jpg 1040w\" sizes=\"(max-width: 576px) 100vw, 576px\" \/><br \/>\n<em>Nicolas Brissonneau, designer ext\u00e9rieur de e-LEGEND<\/em><\/p>\n<p>Ce vendredi, toute l&#8217;\u00e9quipe de designers s&#8217;est retrouv\u00e9e aux c\u00f4t\u00e9s de son b\u00e9b\u00e9 pour accompagner l&#8217;auteur dans une s\u00e9ance de d\u00e9dicace qui aura vu d\u00e9filer une partie du personnel du site. Des femmes et des hommes plut\u00f4t conquis par le concept-car. De bon augure pour un Mondial de l&#8217;automobile qui ouvre ses portes le jeudi 4 octobre.<\/p>\n<p><img loading=\"lazy\" decoding=\"async\" class=\"alignnone wp-image-4647 size-large\" src=\"http:\/\/lignesauto.fr\/wp-content\/uploads\/2018\/09\/20180921_222910-1024x576.jpg\" alt=\"\" width=\"1024\" height=\"576\" srcset=\"https:\/\/lignesauto.fr\/wp-content\/uploads\/2018\/09\/20180921_222910-1024x576.jpg 1024w, https:\/\/lignesauto.fr\/wp-content\/uploads\/2018\/09\/20180921_222910-300x169.jpg 300w, https:\/\/lignesauto.fr\/wp-content\/uploads\/2018\/09\/20180921_222910-768x432.jpg 768w, https:\/\/lignesauto.fr\/wp-content\/uploads\/2018\/09\/20180921_222910-370x208.jpg 370w, https:\/\/lignesauto.fr\/wp-content\/uploads\/2018\/09\/20180921_222910-1040x585.jpg 1040w\" sizes=\"(max-width: 1024px) 100vw, 1024px\" \/><br \/>\nChristophe Pialat, designer int\u00e9rieur de e-LEGEND <strong>ci-dessus<\/strong> et S\u00e9bastien Floutier, designer couleurs et mati\u00e8res <strong>ci-dessous<\/strong>.<\/p>\n<p><img loading=\"lazy\" decoding=\"async\" class=\"alignnone wp-image-4645 size-large\" src=\"http:\/\/lignesauto.fr\/wp-content\/uploads\/2018\/09\/20180921_222339-1024x576.jpg\" alt=\"\" width=\"1024\" height=\"576\" srcset=\"https:\/\/lignesauto.fr\/wp-content\/uploads\/2018\/09\/20180921_222339-1024x576.jpg 1024w, https:\/\/lignesauto.fr\/wp-content\/uploads\/2018\/09\/20180921_222339-300x169.jpg 300w, https:\/\/lignesauto.fr\/wp-content\/uploads\/2018\/09\/20180921_222339-768x432.jpg 768w, https:\/\/lignesauto.fr\/wp-content\/uploads\/2018\/09\/20180921_222339-370x208.jpg 370w, https:\/\/lignesauto.fr\/wp-content\/uploads\/2018\/09\/20180921_222339-1040x585.jpg 1040w\" sizes=\"(max-width: 1024px) 100vw, 1024px\" \/><br \/>\n<strong>Rep\u00e8res :<\/strong><br \/>\nLe Mondial de l&#8217;automobile, c&#8217;est ici :\u00a0<a href=\"https:\/\/www.mondial-paris.com\/\/fr\/visiteur\/auto\">https:\/\/www.mondial-paris.com\/\/fr\/visiteur\/auto<\/a><br \/>\nCommander le livre c&#8217;est ici :\u00a0<a href=\"https:\/\/www.bjbeditions.com\">https:\/\/www.bjbeditions.com<\/a><br \/>\nVoir la gen\u00e8se de e-LEGEND en 2 minutes chrono, c&#8217;est ici :\u00a0<a href=\"https:\/\/www.youtube.com\/watch?v=ganyJ0WXTzI\">https:\/\/www.youtube.com\/watch?v=ganyJ0WXTzI<\/a><\/p>\n","protected":false},"excerpt":{"rendered":"<p>&nbsp; Jean-Philippe Imparato, patron de la marque Peugeot, est pass\u00e9 voir le concept e-LEGEND qui \u00e9tait expos\u00e9 dans la salle de communication du site de l&#8217;ADN\u00a0(le bureau d&#8217;\u00e9tudes et du design du groupe PSA)\u00a0lors de la d\u00e9dicace de l&#8217;ouvrage &#8220;1968 &#8211; 2018 : les 50 ans qui ont chang\u00e9 l&#8217;automobile&#8221;.\u00a0C&#8217;\u00e9tait [&hellip;]<\/p>\n","protected":false},"author":1,"featured_media":4647,"comment_status":"open","ping_status":"open","sticky":false,"template":"","format":"standard","meta":{"footnotes":""},"categories":[1],"tags":[],"_links":{"self":[{"href":"https:\/\/lignesauto.fr\/index.php?rest_route=\/wp\/v2\/posts\/4642"}],"collection":[{"href":"https:\/\/lignesauto.fr\/index.php?rest_route=\/wp\/v2\/posts"}],"about":[{"href":"https:\/\/lignesauto.fr\/index.php?rest_route=\/wp\/v2\/types\/post"}],"author":[{"embeddable":true,"href":"https:\/\/lignesauto.fr\/index.php?rest_route=\/wp\/v2\/users\/1"}],"replies":[{"embeddable":true,"href":"https:\/\/lignesauto.fr\/index.php?rest_route=%2Fwp%2Fv2%2Fcomments&post=4642"}],"version-history":[{"count":5,"href":"https:\/\/lignesauto.fr\/index.php?rest_route=\/wp\/v2\/posts\/4642\/revisions"}],"predecessor-version":[{"id":4653,"href":"https:\/\/lignesauto.fr\/index.php?rest_route=\/wp\/v2\/posts\/4642\/revisions\/4653"}],"wp:featuredmedia":[{"embeddable":true,"href":"https:\/\/lignesauto.fr\/index.php?rest_route=\/wp\/v2\/media\/4647"}],"wp:attachment":[{"href":"https:\/\/lignesauto.fr\/index.php?rest_route=%2Fwp%2Fv2%2Fmedia&parent=4642"}],"wp:term":[{"taxonomy":"category","embeddable":true,"href":"https:\/\/lignesauto.fr\/index.php?rest_route=%2Fwp%2Fv2%2Fcategories&post=4642"},{"taxonomy":"post_tag","embeddable":true,"href":"https:\/\/lignesauto.fr\/index.php?rest_route=%2Fwp%2Fv2%2Ftags&post=4642"}],"curies":[{"name":"wp","href":"https:\/\/api.w.org\/{rel}","templated":true}]}}