{"id":4656,"date":"2018-09-24T17:00:13","date_gmt":"2018-09-24T15:00:13","guid":{"rendered":"http:\/\/lignesauto.fr\/?p=4656"},"modified":"2018-12-22T17:41:44","modified_gmt":"2018-12-22T16:41:44","slug":"mieux-connaitre-pierre-leclercq-nouveau-boss-du-design-citroen","status":"publish","type":"post","link":"https:\/\/lignesauto.fr\/?p=4656","title":{"rendered":"Mieux conna\u00eetre Pierre Leclercq, nouveau boss du design Citro\u00ebn"},"content":{"rendered":"<p><img loading=\"lazy\" decoding=\"async\" class=\"alignnone size-medium wp-image-45\" src=\"http:\/\/lignesauto.fr\/wp-content\/uploads\/2018\/06\/LOGO-SEUL-300x76.png\" alt=\"\" width=\"300\" height=\"76\" srcset=\"https:\/\/lignesauto.fr\/wp-content\/uploads\/2018\/06\/LOGO-SEUL-300x76.png 300w, https:\/\/lignesauto.fr\/wp-content\/uploads\/2018\/06\/LOGO-SEUL-768x195.png 768w, https:\/\/lignesauto.fr\/wp-content\/uploads\/2018\/06\/LOGO-SEUL.png 1014w\" sizes=\"(max-width: 300px) 100vw, 300px\" \/><br \/>\nVoici quelques mots sur Pierre Leclercq, le nouveau directeur du design de la marque Citro\u00ebn qui remplace Alexandre Malval, nomm\u00e9 directeur du centre de design avanc\u00e9 de Mercedes \u00e0 Sophia Antipolis (voir ici :\u00a0<a href=\"http:\/\/lignesauto.fr\/?p=4334\">http:\/\/lignesauto.fr\/?p=4334<\/a>)<br \/>\nVous y lirez les termes de &#8220;bande dessin\u00e9e&#8221;, &#8220;grands vins fran\u00e7ais&#8221;, &#8220;Bangle&#8221;, &#8220;Frank O. Gehry&#8221;, etc.<strong><br \/>\nDe quoi mieux connaitre le patron d&#8217;une \u00e9quipe de cr\u00e9atifs qui va enfanter les Citro\u00ebn de l&#8217;apr\u00e8s 2022 !<\/strong><\/p>\n<p>Pierre Leclercq est belge, comme d&#8217;autres grandes signatures du design automobile. Belge et donc&#8230; amoureux de la Bande Dessin\u00e9e, cet Art du trait et du dessin.<br \/>\nSes attaches familiales (voir plus bas notre &#8220;bonus&#8221;) aurait pu l&#8217;embarquer dans cet univers de bulles car il a longtemps h\u00e9sit\u00e9 entre\u00a0la bande dessin\u00e9e et le design automobile.<\/p>\n<p><img loading=\"lazy\" decoding=\"async\" class=\"alignnone wp-image-4659 size-large\" src=\"http:\/\/lignesauto.fr\/wp-content\/uploads\/2018\/09\/Pierre-LECLERCQ.LIGNESAUTO-1024x730.png\" alt=\"\" width=\"1024\" height=\"730\" srcset=\"https:\/\/lignesauto.fr\/wp-content\/uploads\/2018\/09\/Pierre-LECLERCQ.LIGNESAUTO-1024x730.png 1024w, https:\/\/lignesauto.fr\/wp-content\/uploads\/2018\/09\/Pierre-LECLERCQ.LIGNESAUTO-300x214.png 300w, https:\/\/lignesauto.fr\/wp-content\/uploads\/2018\/09\/Pierre-LECLERCQ.LIGNESAUTO-768x547.png 768w, https:\/\/lignesauto.fr\/wp-content\/uploads\/2018\/09\/Pierre-LECLERCQ.LIGNESAUTO-370x264.png 370w, https:\/\/lignesauto.fr\/wp-content\/uploads\/2018\/09\/Pierre-LECLERCQ.LIGNESAUTO-1040x741.png 1040w, https:\/\/lignesauto.fr\/wp-content\/uploads\/2018\/09\/Pierre-LECLERCQ.LIGNESAUTO.png 1772w\" sizes=\"(max-width: 1024px) 100vw, 1024px\" \/><\/p>\n<p>Car il ne suffit pas d&#8217;aimer la belle bagnole pour devenir designer, et encore moins se limiter \u00e0 cet environnement de travail pour manager toute une \u00e9quipe de cr\u00e9atifs, r\u00e9pondre aux multiples contraintes et dictat &#8211; parfois &#8211; d&#8217;une direction g\u00e9n\u00e9rale.<br \/>\nIl faut un peu d&#8217;envergure. Pierre Leclercq pourra vous dire qu&#8217;il est sensible \u00e0 bien d&#8217;autres univers, \u00e9videmment. Retenons qu&#8217;il est fan de U2 <strong>(ci-dessous)<\/strong> et&#8230; de grands vins fran\u00e7ais.<br \/>\n<em>(\u00c0 propos de vins fran\u00e7ais \u00e0 consommer avec mod\u00e9ration, n&#8217;oubliez-pas de rendre visite au tr\u00e8s sympathique site\u00a0<a href=\"http:\/\/vinsetvintage.fr\">http:\/\/vinsetvintage.fr<\/a>)<\/em><\/p>\n<p><img loading=\"lazy\" decoding=\"async\" class=\"alignnone wp-image-4669 size-full\" src=\"http:\/\/lignesauto.fr\/wp-content\/uploads\/2018\/09\/U2LIGNESauto.jpg\" alt=\"\" width=\"940\" height=\"500\" srcset=\"https:\/\/lignesauto.fr\/wp-content\/uploads\/2018\/09\/U2LIGNESauto.jpg 940w, https:\/\/lignesauto.fr\/wp-content\/uploads\/2018\/09\/U2LIGNESauto-300x160.jpg 300w, https:\/\/lignesauto.fr\/wp-content\/uploads\/2018\/09\/U2LIGNESauto-768x409.jpg 768w, https:\/\/lignesauto.fr\/wp-content\/uploads\/2018\/09\/U2LIGNESauto-370x197.jpg 370w\" sizes=\"(max-width: 940px) 100vw, 940px\" \/><\/p>\n<p>Voil\u00e0 qui augure de belles soir\u00e9es si l&#8217;on veut bien se r\u00e9f\u00e9rer aux coutumes du constructeur Hyundai-Kia d&#8217;o\u00f9 vient Pierre Leclercq o\u00f9 bon nombre de designers ont l&#8217;habitude, apr\u00e8s la validation d&#8217;un projet, de ne pas rentrer chez eux pour regarder le Michel Drucker local mais plut\u00f4t de s&#8217;offrir une belle soir\u00e9e de fiesta&#8230;<\/p>\n<p>Il y a quelques ann\u00e9es, Pierre Leclercq avait eu les honneurs (!) des colonnes de LIGNES\/auto, version papier.<br \/>\nIl nous expliquait sous la plume de Nadine Vanhalle que <em>&#8220;j\u2019ai toujours griffonn\u00e9 dans mes cahiers, que ce soit des voitures ou des bribes de BD. Il faut dire que j&#8217;ai de qui tenir, puisque mon oncle n&#8217;est autre que Pierre Seron, le dessinateur des \u00ab Petits Hommes\u00a0\u00bb alors que l\u2019un de mes cousins, &#8220;Clarke&#8221; dessine \u00a0\u00ab\u00a0M\u00e9lusine\u00a0\u00bb. Malgr\u00e9 mon h\u00e9sitation entre les univers de la BD et du design,\u00a0j&#8217;ai pu concr\u00e9tiser mon amour pour les voitures en devenant designer chez BMW.&#8221;<br \/>\n<\/em>Sa plus importante cr\u00e9ation reste le concept du coup\u00e9 SUV BMW X6 <strong>ci-dessous.<\/strong><\/p>\n<p><img loading=\"lazy\" decoding=\"async\" class=\"alignnone wp-image-4658 size-large\" src=\"http:\/\/lignesauto.fr\/wp-content\/uploads\/2018\/09\/2-1024x613.jpg\" alt=\"\" width=\"1024\" height=\"613\" srcset=\"https:\/\/lignesauto.fr\/wp-content\/uploads\/2018\/09\/2-1024x613.jpg 1024w, https:\/\/lignesauto.fr\/wp-content\/uploads\/2018\/09\/2-300x180.jpg 300w, https:\/\/lignesauto.fr\/wp-content\/uploads\/2018\/09\/2-768x460.jpg 768w, https:\/\/lignesauto.fr\/wp-content\/uploads\/2018\/09\/2-370x221.jpg 370w, https:\/\/lignesauto.fr\/wp-content\/uploads\/2018\/09\/2-1040x623.jpg 1040w, https:\/\/lignesauto.fr\/wp-content\/uploads\/2018\/09\/2.jpg 1181w\" sizes=\"(max-width: 1024px) 100vw, 1024px\" \/><\/p>\n<p><em>\u00ab J&#8217;ai toujours eu un gros faible pour les voitures italiennes, les Alfa et les Ferrari des ann\u00e9es 60 et 70 &#8230; Pininfarina est mon ma\u00eetre, mon inspiration en termes de design auto. Un grand Monsieur ! La premi\u00e8re Porsche 911 m&#8217;impressionne toujours autant. En fait, d&#8217;une mani\u00e8re g\u00e9n\u00e9rale, j&#8217;appr\u00e9cie les voitures qui ont marqu\u00e9 leur \u00e9poque, qui laissent des traces.\u00bb<br \/>\n<\/em>Il y a une 2CV chez Citro\u00ebn qui va donc int\u00e9resser le nouveau patron du design Citro\u00ebn. Il y a aussi une DS et une SM, mais celles-l\u00e0, il n&#8217;aura pas le droit de s&#8217;y r\u00e9f\u00e9rer.<br \/>\n\u00c0 moins de faire go\u00fbter \u00e0 l&#8217;exc\u00e8s ses bons vins fran\u00e7ais \u00e0 Monsieur Xavier Peugeot <strong>(ci-dessous)<\/strong>, le patron du produit de la marque Citro\u00ebn \ud83d\ude42<\/p>\n<p><img loading=\"lazy\" decoding=\"async\" class=\"alignnone wp-image-4671 size-full\" src=\"http:\/\/lignesauto.fr\/wp-content\/uploads\/2018\/09\/LIGNESXPG.jpg\" alt=\"\" width=\"1021\" height=\"680\" srcset=\"https:\/\/lignesauto.fr\/wp-content\/uploads\/2018\/09\/LIGNESXPG.jpg 1021w, https:\/\/lignesauto.fr\/wp-content\/uploads\/2018\/09\/LIGNESXPG-300x200.jpg 300w, https:\/\/lignesauto.fr\/wp-content\/uploads\/2018\/09\/LIGNESXPG-768x511.jpg 768w, https:\/\/lignesauto.fr\/wp-content\/uploads\/2018\/09\/LIGNESXPG-370x246.jpg 370w\" sizes=\"(max-width: 1021px) 100vw, 1021px\" \/><\/p>\n<p><em>\u00ab J\u2019ai aussi une affection particuli\u00e8re pour ce que fait Frank O. Gehry qui a r\u00e9alis\u00e9 entres autres le mus\u00e9e Guggenheim \u00e0 Bilbao, le Concert Hall \u00e0 Los Angeles ou l&#8217;IAC Building \u00e0 New York. Je m&#8217;en inspire dans mes dessins.\u00bb<\/em> L&#8217;architecte a \u00e9galement \u00e9t\u00e9 associ\u00e9 \u00e0 l&#8217;\u00e9tude de l&#8217;immeuble &#8220;maison dansante&#8221; implant\u00e9 au centre de Prague.<br \/>\nNe vous en inspirez pas trop monsieur Leclercq, m\u00eame si j&#8217;aime ce type d&#8217;architecture !\u00a0<strong>(voir ci-dessous)<\/strong><\/p>\n<p><img loading=\"lazy\" decoding=\"async\" class=\"alignnone wp-image-4670 size-large\" src=\"http:\/\/lignesauto.fr\/wp-content\/uploads\/2018\/09\/maison-dansante-LIGNESauto-818x1024.jpg\" alt=\"\" width=\"818\" height=\"1024\" srcset=\"https:\/\/lignesauto.fr\/wp-content\/uploads\/2018\/09\/maison-dansante-LIGNESauto-818x1024.jpg 818w, https:\/\/lignesauto.fr\/wp-content\/uploads\/2018\/09\/maison-dansante-LIGNESauto-240x300.jpg 240w, https:\/\/lignesauto.fr\/wp-content\/uploads\/2018\/09\/maison-dansante-LIGNESauto-768x961.jpg 768w, https:\/\/lignesauto.fr\/wp-content\/uploads\/2018\/09\/maison-dansante-LIGNESauto-370x463.jpg 370w, https:\/\/lignesauto.fr\/wp-content\/uploads\/2018\/09\/maison-dansante-LIGNESauto-1040x1302.jpg 1040w, https:\/\/lignesauto.fr\/wp-content\/uploads\/2018\/09\/maison-dansante-LIGNESauto.jpg 1199w\" sizes=\"(max-width: 818px) 100vw, 818px\" \/><\/p>\n<p>Serez-vous surpris de lire que Pierre Leclercq appr\u00e9cie tout particuli\u00e8rement un autre designer&#8230; belge : <em>\u00ab J\u2019aime bien ce que fait Luc Donckerwolke. J&#8217;ai aussi rencontr\u00e9 Dirk Van Braeckel, mais il nous faudrait prendre le temps d&#8217;une vraie discussion ensemble ! \u00bb<br \/>\n<\/em>Et lorsqu&#8217;il travaillait pour BMW, il ne manqua pas de rendre hommage \u00e0 son patron d&#8217;alors,\u00a0Chris Bangle <strong>(ci-dessous)<\/strong>.<br \/>\n<em>\u00abD&#8217;abord, il a su redonner une image dynamique \u00e0 BMW. Ensuite, contrairement \u00e0 certains autres patrons de style, il nous laissait enti\u00e8re libert\u00e9 et nous poussait m\u00eame sans cesse plus loin dans la cr\u00e9ativit\u00e9 pour que nous sortions des choses que l&#8217;on n&#8217;a jamais vues auparavant.&#8221;<br \/>\n<\/em>N&#8217;oubliez pas ce confort de travail dont vous b\u00e9n\u00e9ficiiez nagu\u00e8re lorsque vous serez face \u00e0 vos cr\u00e9atifs !<\/p>\n<p><img loading=\"lazy\" decoding=\"async\" class=\"alignnone wp-image-4672 size-large\" src=\"http:\/\/lignesauto.fr\/wp-content\/uploads\/2018\/09\/Banglelignesauto-1024x684.png\" alt=\"\" width=\"1024\" height=\"684\" srcset=\"https:\/\/lignesauto.fr\/wp-content\/uploads\/2018\/09\/Banglelignesauto-1024x684.png 1024w, https:\/\/lignesauto.fr\/wp-content\/uploads\/2018\/09\/Banglelignesauto-300x200.png 300w, https:\/\/lignesauto.fr\/wp-content\/uploads\/2018\/09\/Banglelignesauto-768x513.png 768w, https:\/\/lignesauto.fr\/wp-content\/uploads\/2018\/09\/Banglelignesauto-370x247.png 370w, https:\/\/lignesauto.fr\/wp-content\/uploads\/2018\/09\/Banglelignesauto-1040x695.png 1040w, https:\/\/lignesauto.fr\/wp-content\/uploads\/2018\/09\/Banglelignesauto.png 1136w\" sizes=\"(max-width: 1024px) 100vw, 1024px\" \/><\/p>\n<p>Peut-on parler d&#8217;une signature Leclercq ?\u00a0<em>\u00ab\u00a0D\u00e9finir la touche Leclercq\u00a0? Pour moi, ce qui caract\u00e9rise l&#8217;expression d&#8217;un mod\u00e8le se passe \u00e0 l&#8217;avant, c&#8217;est le capot, les phares &#8230;\u00bb<\/em><br \/>\nLe parcours de Pierre Leclercq <strong>(ci-dessous)<\/strong> semble limpide : \u00e9cole de\u00a0l\u2019Art Center en Californie qu&#8217;il quitte en 1998. <em>&#8220;J\u2019ai ensuite travaill\u00e9 3 mois chez Zagato en Italie, puis pour Ford et en ao\u00fbt 2000, j&#8217;ai int\u00e9gr\u00e9 BMW aux <i>\u00c9tats-Unis <\/i> o\u00f9 j&#8217;avais d\u00e9j\u00e0 fait un stage.\u00bb<\/em><\/p>\n<p>Il reste chez le constructeur Allemand jusqu&#8217;en 2013 \u00e0 diff\u00e9rents postes, et conna\u00eet d\u00e9sormais Munich comme sa poche !<br \/>\nApr\u00e8s un passage en Chine (c&#8217;est incroyable cette facult\u00e9 qu&#8217;ont les designers BMW \u00e0 s&#8217;exiler Chine !!) qui va soudainement acc\u00e9l\u00e9rer sa carri\u00e8re, il est nomm\u00e9 responsable du style Kia en Cor\u00e9e du Sud l&#8217;ann\u00e9e derni\u00e8re.<br \/>\n\u00c0 peine le temps d&#8217;apprendre quelques rudiments de cor\u00e9en que le voil\u00e0 donc d\u00e9bauch\u00e9 par PSA !<\/p>\n<p>&nbsp;<\/p>\n<p><img loading=\"lazy\" decoding=\"async\" class=\"alignnone wp-image-4746 size-large\" src=\"http:\/\/lignesauto.fr\/wp-content\/uploads\/2018\/09\/LIGNESNEW-1024x576.jpg\" alt=\"\" width=\"1024\" height=\"576\" srcset=\"https:\/\/lignesauto.fr\/wp-content\/uploads\/2018\/09\/LIGNESNEW-1024x576.jpg 1024w, https:\/\/lignesauto.fr\/wp-content\/uploads\/2018\/09\/LIGNESNEW-300x169.jpg 300w, https:\/\/lignesauto.fr\/wp-content\/uploads\/2018\/09\/LIGNESNEW-768x432.jpg 768w, https:\/\/lignesauto.fr\/wp-content\/uploads\/2018\/09\/LIGNESNEW-370x208.jpg 370w, https:\/\/lignesauto.fr\/wp-content\/uploads\/2018\/09\/LIGNESNEW-1040x585.jpg 1040w, https:\/\/lignesauto.fr\/wp-content\/uploads\/2018\/09\/LIGNESNEW.jpg 1350w\" sizes=\"(max-width: 1024px) 100vw, 1024px\" \/><\/p>\n<p>L&#8217;occasion nous est donc donn\u00e9e de poser une question : <strong>pourquoi les grands groupes automobiles piochent-ils \u00e0 l&#8217;ext\u00e9rieur leur(s) directeur(s) de design de marque(s) ou de design groupe ?<\/strong><br \/>\nLes exemples sont nombreux : Thierry Metroz, aujourd&#8217;hui patron du design DS, \u00e9tait l\u00e9gitime pour succ\u00e9der \u00e0 Patrick Le Qu\u00e9ment au poste de directeur du design Renault mais c&#8217;est un homme de Mazda (Laurens van den Acker, <strong>ci-dessous<\/strong>) que le constructeur a choisi. Mercedes lui-m\u00eame est venu chercher Alexandre Malval chez Citro\u00ebn pour le placer \u00e0 la t\u00eate de son centre de design avanc\u00e9 \u00e0 Sophia Antipolis. Sans compter les responsables de design (BMW, Rolls-Royce, Land Rover, etc.) qui filent en Chine. Pour acc\u00e9l\u00e9rer leur carri\u00e8re ?<\/p>\n<p><img loading=\"lazy\" decoding=\"async\" class=\"alignnone wp-image-4674 size-large\" src=\"http:\/\/lignesauto.fr\/wp-content\/uploads\/2018\/09\/LIGNESVANACKER-1024x652.jpg\" alt=\"\" width=\"1024\" height=\"652\" srcset=\"https:\/\/lignesauto.fr\/wp-content\/uploads\/2018\/09\/LIGNESVANACKER-1024x652.jpg 1024w, https:\/\/lignesauto.fr\/wp-content\/uploads\/2018\/09\/LIGNESVANACKER-300x191.jpg 300w, https:\/\/lignesauto.fr\/wp-content\/uploads\/2018\/09\/LIGNESVANACKER-768x489.jpg 768w, https:\/\/lignesauto.fr\/wp-content\/uploads\/2018\/09\/LIGNESVANACKER-370x236.jpg 370w, https:\/\/lignesauto.fr\/wp-content\/uploads\/2018\/09\/LIGNESVANACKER-1040x662.jpg 1040w, https:\/\/lignesauto.fr\/wp-content\/uploads\/2018\/09\/LIGNESVANACKER.jpg 1666w\" sizes=\"(max-width: 1024px) 100vw, 1024px\" \/><\/p>\n<p>Il semble donc difficile pour un designer de grimper tous les \u00e9chelons de la hi\u00e9rarchie et des responsabilit\u00e9s en interne, sans se faire coiffer au final par un recrutement ext\u00e9rieur.<br \/>\nC&#8217;est un peu comme si les constructeurs, apr\u00e8s avoir banni les consultations ext\u00e9rieures pour leurs projets (Bertone, Pininfarina, etc.), les avaient remplac\u00e9es par ces recrutements externes afin de &#8220;secouer&#8221; leurs \u00e9quipes&#8230;<strong><br \/>\n<\/strong><strong><br \/>\n<\/strong>Dans le cas de Citro\u00ebn, reconnaissons que rien ne laissait pr\u00e9sager du d\u00e9part du responsable design de la marque, Alexandre Malval&#8230;<strong><br \/>\n<\/strong>Pierre Leclercq aura la grande chance de d\u00e9barquer \u00e0 la t\u00eate d&#8217;une marque qui vient de refondre la totalit\u00e9 de sa gamme avec une identit\u00e9 forte et claire.<br \/>\nIl reste m\u00eame deux produits (au moins) dans les tuyaux qui finiront d&#8217;\u00e9tablir cette identit\u00e9 que l&#8217;on trouve d\u00e9sormais sur la C3 <strong>(ci-dessous)<\/strong>, la C3 Aircross, la C5 Aircross, le Berlingo et la C4 Cactus restyl\u00e9e.<\/p>\n<p><strong><img loading=\"lazy\" decoding=\"async\" class=\"alignnone wp-image-4721 size-large\" src=\"http:\/\/lignesauto.fr\/wp-content\/uploads\/2018\/09\/LIGNESBBB-1024x576.jpg\" alt=\"\" width=\"1024\" height=\"576\" srcset=\"https:\/\/lignesauto.fr\/wp-content\/uploads\/2018\/09\/LIGNESBBB-1024x576.jpg 1024w, https:\/\/lignesauto.fr\/wp-content\/uploads\/2018\/09\/LIGNESBBB-300x169.jpg 300w, https:\/\/lignesauto.fr\/wp-content\/uploads\/2018\/09\/LIGNESBBB-768x432.jpg 768w, https:\/\/lignesauto.fr\/wp-content\/uploads\/2018\/09\/LIGNESBBB-370x208.jpg 370w, https:\/\/lignesauto.fr\/wp-content\/uploads\/2018\/09\/LIGNESBBB-1040x585.jpg 1040w, https:\/\/lignesauto.fr\/wp-content\/uploads\/2018\/09\/LIGNESBBB.jpg 1181w\" sizes=\"(max-width: 1024px) 100vw, 1024px\" \/><\/strong><\/p>\n<p>En clair, Pierre Leclercq arrive dans une maison saine o\u00f9 le feu br\u00fblait au d\u00e9but de la d\u00e9cennie mais o\u00f9 le boulot a \u00e9t\u00e9 fait et fort bien r\u00e9alis\u00e9 par l&#8217;\u00e9quipe en place.<br \/>\nOn peut m\u00eame imaginer que la future identit\u00e9 pointe d\u00e9j\u00e0 son nez dans l&#8217;\u00e9tude de la CXperience<strong> (ci-dessous).<br \/>\n<\/strong>Qu&#8217;en fera-t-il ? Lui seul a la r\u00e9ponse&#8230;<\/p>\n<p>&nbsp;<\/p>\n<p><img loading=\"lazy\" decoding=\"async\" class=\"alignnone wp-image-4722 size-large\" src=\"http:\/\/lignesauto.fr\/wp-content\/uploads\/2018\/09\/LIGNECCC-1024x725.jpg\" alt=\"\" width=\"1024\" height=\"725\" srcset=\"https:\/\/lignesauto.fr\/wp-content\/uploads\/2018\/09\/LIGNECCC-1024x725.jpg 1024w, https:\/\/lignesauto.fr\/wp-content\/uploads\/2018\/09\/LIGNECCC-300x212.jpg 300w, https:\/\/lignesauto.fr\/wp-content\/uploads\/2018\/09\/LIGNECCC-768x544.jpg 768w, https:\/\/lignesauto.fr\/wp-content\/uploads\/2018\/09\/LIGNECCC-370x262.jpg 370w, https:\/\/lignesauto.fr\/wp-content\/uploads\/2018\/09\/LIGNECCC-1040x736.jpg 1040w, https:\/\/lignesauto.fr\/wp-content\/uploads\/2018\/09\/LIGNECCC.jpg 1181w\" sizes=\"(max-width: 1024px) 100vw, 1024px\" \/><\/p>\n<p><em>Le concept-car CXperience de 2016\u00a0<\/em><\/p>\n<p><strong>Les r\u00e9actions officielles de la directrice g\u00e9n\u00e9rale de la marque et de Jean-Pierre Plou\u00e9 :<\/strong><em><br \/>\n\u00ab Je tiens \u00e0 remercier Alexandre Malval pour sa contribution au renouveau du Style Citro\u00ebn et pour la qualit\u00e9 de nos \u00e9changes.<br \/>\nJe lui souhaite bonne route pour la suite de sa carri\u00e8re. Avec la nomination de Pierre Leclercq \u00e0 la direction du Style Citro\u00ebn, je suis pleinement confiante sur notre capacit\u00e9 \u00e0 entamer un nouveau cycle de cr\u00e9ativit\u00e9 afin de proposer des mod\u00e8les au design toujours plus fort tout en continuant d\u2019incarner la dimension du confort ch\u00e8re \u00e0 la Marque \u00bb<\/em><em><br \/>\n<\/em>a comment\u00e9 Linda Jackson, Directrice G\u00e9n\u00e9rale de Citro\u00ebn.<\/p>\n<p>De son c\u00f4t\u00e9, Jean-Pierre Plou\u00e9, directeur du Style du Groupe PSA indique\u00a0:\u00a0<em style=\"font-weight: inherit;\">\u00ab<\/em>\u00a0<em style=\"font-weight: inherit;\">Je suis tr\u00e8s fier que Pierre Leclercq nous rejoigne, fort d\u2019une r\u00e9putation acquise dans l\u2019industrie automobile mondiale. Je suis convaincu qu\u2019il va apporter tout son talent \u00e0 la marque Citro\u00ebn et plus largement son exp\u00e9rience internationale \u00e0 la direction du design du Groupe PSA.<\/em>\u00a0<em style=\"font-weight: inherit;\">\u00bb<\/em><\/p>\n<p><img loading=\"lazy\" decoding=\"async\" class=\"alignnone wp-image-4720 size-large\" src=\"http:\/\/lignesauto.fr\/wp-content\/uploads\/2018\/09\/LIGNEAAA-1024x768.jpg\" alt=\"\" width=\"1024\" height=\"768\" srcset=\"https:\/\/lignesauto.fr\/wp-content\/uploads\/2018\/09\/LIGNEAAA-1024x768.jpg 1024w, https:\/\/lignesauto.fr\/wp-content\/uploads\/2018\/09\/LIGNEAAA-300x225.jpg 300w, https:\/\/lignesauto.fr\/wp-content\/uploads\/2018\/09\/LIGNEAAA-768x576.jpg 768w, https:\/\/lignesauto.fr\/wp-content\/uploads\/2018\/09\/LIGNEAAA-370x278.jpg 370w, https:\/\/lignesauto.fr\/wp-content\/uploads\/2018\/09\/LIGNEAAA-1040x780.jpg 1040w\" sizes=\"(max-width: 1024px) 100vw, 1024px\" \/><\/p>\n<p>Voici <strong>ci-dessous<\/strong> le &#8220;bureau&#8221; de nouveau patron du design Citro\u00ebn :<br \/>\n&#8211; \u00c0 droite, en forme incurv\u00e9e et \u00e9vid\u00e9e, la terrasse de pr\u00e9sentation des projets Peugeot.<br \/>\n&#8211; \u00c0 gauche, cach\u00e9e par le b\u00e2timent, l&#8217;autre terrasse, d\u00e9di\u00e9e \u00e0 la marque Citro\u00ebn<br \/>\n&#8211; Au sommet, l&#8217;immense terrasse ext\u00e9rieure.<\/p>\n<p><img loading=\"lazy\" decoding=\"async\" class=\"wp-image-4688 size-large\" src=\"http:\/\/lignesauto.fr\/wp-content\/uploads\/2018\/09\/LIGNESADN01-1024x683.jpg\" alt=\"\" width=\"1024\" height=\"683\" srcset=\"https:\/\/lignesauto.fr\/wp-content\/uploads\/2018\/09\/LIGNESADN01-1024x683.jpg 1024w, https:\/\/lignesauto.fr\/wp-content\/uploads\/2018\/09\/LIGNESADN01-300x200.jpg 300w, https:\/\/lignesauto.fr\/wp-content\/uploads\/2018\/09\/LIGNESADN01-768x512.jpg 768w, https:\/\/lignesauto.fr\/wp-content\/uploads\/2018\/09\/LIGNESADN01-370x247.jpg 370w, https:\/\/lignesauto.fr\/wp-content\/uploads\/2018\/09\/LIGNESADN01-1040x693.jpg 1040w, https:\/\/lignesauto.fr\/wp-content\/uploads\/2018\/09\/LIGNESADN01.jpg 1536w\" sizes=\"(max-width: 1024px) 100vw, 1024px\" \/><\/p>\n<p>&nbsp;<\/p>\n<p><img loading=\"lazy\" decoding=\"async\" class=\"alignnone size-medium wp-image-45\" src=\"http:\/\/lignesauto.fr\/wp-content\/uploads\/2018\/06\/LOGO-SEUL-300x76.png\" alt=\"\" width=\"300\" height=\"76\" srcset=\"https:\/\/lignesauto.fr\/wp-content\/uploads\/2018\/06\/LOGO-SEUL-300x76.png 300w, https:\/\/lignesauto.fr\/wp-content\/uploads\/2018\/06\/LOGO-SEUL-768x195.png 768w, https:\/\/lignesauto.fr\/wp-content\/uploads\/2018\/06\/LOGO-SEUL.png 1014w\" sizes=\"(max-width: 300px) 100vw, 300px\" \/><\/p>\n<h3 class=\"gros_titre bleu\"><em><strong>BONUS LIGNES\/auto :<\/strong><\/em><\/h3>\n<div class=\"gros_titre bleu\"><strong>Clarke, dessinateur de M\u00e9lusine, cousin de Pierre Leclercq<\/strong><\/div>\n<p class=\"premier\">Le design, c&#8217;est chouette, c&#8217;est m\u00eame notre raison d&#8217;\u00eatre sur ce site.\u00a0Le design, c&#8217;est en partie le dessin.<br \/>\nEt le dessin nous permet de plonger dans des univers diff\u00e9rents m\u00eame si anim\u00e9s de la m\u00eame passion. Il \u00e9tait donc tout naturel que nous \u00e9voquions ici l&#8217;art de la bande dessin\u00e9e en pr\u00e9sentant Fr\u00e9d\u00e9ric Seron, dit &#8220;Clarke&#8221;, cousin de Pierre Leclercq et auteur de la s\u00e9rie &#8220;M\u00e9lusine&#8221;.<\/p>\n<p><img loading=\"lazy\" decoding=\"async\" class=\"alignnone wp-image-4663 size-full\" src=\"http:\/\/lignesauto.fr\/wp-content\/uploads\/2018\/09\/LIGNESLECLERCQ1.jpg\" alt=\"\" width=\"600\" height=\"834\" srcset=\"https:\/\/lignesauto.fr\/wp-content\/uploads\/2018\/09\/LIGNESLECLERCQ1.jpg 600w, https:\/\/lignesauto.fr\/wp-content\/uploads\/2018\/09\/LIGNESLECLERCQ1-216x300.jpg 216w, https:\/\/lignesauto.fr\/wp-content\/uploads\/2018\/09\/LIGNESLECLERCQ1-370x514.jpg 370w\" sizes=\"(max-width: 600px) 100vw, 600px\" \/><\/p>\n<p class=\"premier\">Clarke est n\u00e9 \u00e0 Li\u00e8ge le 16 novembre 1965 et sait \u00e0 peu pr\u00e8s tout faire : jouer de la musique, parler l&#8217;espagnol, composer des chansons en allemand, \u00e9crire en danois, chanter en latin&#8230; et m\u00eame r\u00e9aliser un nombre incroyable de planches de bande dessin\u00e9e chaque semaine !\u00a0Apr\u00e8s avoir suivi les cours de l&#8217;\u00e9cole des Beaux-Arts, il s&#8217;oriente vers l&#8217;illustration de mode avant d&#8217;\u00eatre s\u00e9duit par la BD en participant \u00e0 des publications collectives locales (&#8220;Qui a tu\u00e9 Fran\u00e7ois Walth\u00e9ry&#8221; et &#8220;B.D. Mode, c&#8217;est belge&#8221;).<\/p>\n<p><img loading=\"lazy\" decoding=\"async\" class=\"alignnone wp-image-4662 size-full\" src=\"http:\/\/lignesauto.fr\/wp-content\/uploads\/2018\/09\/clarke.jpg\" alt=\"\" width=\"800\" height=\"800\" srcset=\"https:\/\/lignesauto.fr\/wp-content\/uploads\/2018\/09\/clarke.jpg 800w, https:\/\/lignesauto.fr\/wp-content\/uploads\/2018\/09\/clarke-150x150.jpg 150w, https:\/\/lignesauto.fr\/wp-content\/uploads\/2018\/09\/clarke-300x300.jpg 300w, https:\/\/lignesauto.fr\/wp-content\/uploads\/2018\/09\/clarke-768x768.jpg 768w, https:\/\/lignesauto.fr\/wp-content\/uploads\/2018\/09\/clarke-370x370.jpg 370w\" sizes=\"(max-width: 800px) 100vw, 800px\" \/><br \/>\nEn 1987, il publie, chez Khany, son premier album personnel : <em>&#8220;Rebecca Bon anniversaire, Papy&#8221;<\/em>, sur sc\u00e9nario d&#8217;un autre d\u00e9butant, Fran\u00e7ois Gilson, qui ne le quittera plus gu\u00e8re.\u00a0SPIROU accueille ses r\u00e9cits complets des &#8220;Cambrioleurs&#8221;, \u00e9crits par Crosky, et les mini- strips fantaisistes d&#8217;Africa Jim, anim\u00e9s par Gilson. C&#8217;est avec ce dernier que Clarke d\u00e9couvre les charmes de la sorcellerie en lan\u00e7ant &#8220;M\u00e9lusine&#8221; en 1992. Envo\u00fbt\u00e9es, les \u00c9ditions Dupuis accorderont rapidement sa propre collection d&#8217;albums \u00e0 l&#8217;\u00e9ternelle apprentie- magicienne.<\/p>\n<p class=\"premier\"><img loading=\"lazy\" decoding=\"async\" class=\"alignnone wp-image-4664 size-full\" src=\"http:\/\/lignesauto.fr\/wp-content\/uploads\/2018\/09\/LIGNESLECLERCQ2.jpg\" alt=\"\" width=\"837\" height=\"591\" srcset=\"https:\/\/lignesauto.fr\/wp-content\/uploads\/2018\/09\/LIGNESLECLERCQ2.jpg 837w, https:\/\/lignesauto.fr\/wp-content\/uploads\/2018\/09\/LIGNESLECLERCQ2-300x212.jpg 300w, https:\/\/lignesauto.fr\/wp-content\/uploads\/2018\/09\/LIGNESLECLERCQ2-768x542.jpg 768w, https:\/\/lignesauto.fr\/wp-content\/uploads\/2018\/09\/LIGNESLECLERCQ2-370x261.jpg 370w\" sizes=\"(max-width: 837px) 100vw, 837px\" \/><br \/>\nAvec le succ\u00e8s, la production de Clarke s&#8217;emballe \u00e0 tel point qu&#8217;il est contraint d&#8217;adopter le pseudonyme Valda pour illustrer, dans un style plus \u00e9pur\u00e9, les aventures des &#8220;Baby- sitters&#8221; que lui propose Christian Godard.\u00a0La collection &#8220;Humour libre&#8221; lui permet de se multiplier. Sur des sc\u00e9narios de Yann, il massacre all\u00e8grement les biographies des respectables auteurs Andersen et Perrault propos\u00e9s dans la s\u00e9rie des &#8220;Sales petits contes&#8221;.\u00a0Il s&#8217;octroie du reste le plaisir d&#8217;y ouvrir sa propre collection, avec la complicit\u00e9 de Midam pour les sc\u00e9narios, sous le titre prometteur &#8220;Durant les travaux, l&#8217;exposition continue&#8230;&#8221;.<br \/>\nCaract\u00e9ristique originale des deux premiers tomes de cette s\u00e9rie : tous les personnages de ces gags arborent des lunettes. Clarke dit n&#8217;en porter que lorsque ses yeux sont fatigu\u00e9s&#8230; Ce qui ne doit pas lui arriver trop souvent, car il trouve encore le temps et l&#8217;\u00e9nergie pour livrer moult animations au beau journal SPIROU quand il n&#8217;anime pas une nouvelle s\u00e9rie pour le mensuel FLUIDE GLACIAL.<\/p>\n<p>&nbsp;<\/p>\n","protected":false},"excerpt":{"rendered":"<p>Voici quelques mots sur Pierre Leclercq, le nouveau directeur du design de la marque Citro\u00ebn qui remplace Alexandre Malval, nomm\u00e9 directeur du centre de design avanc\u00e9 de Mercedes \u00e0 Sophia Antipolis (voir ici :\u00a0http:\/\/lignesauto.fr\/?p=4334) Vous y lirez les termes de &#8220;bande dessin\u00e9e&#8221;, &#8220;grands vins fran\u00e7ais&#8221;, &#8220;Bangle&#8221;, &#8220;Frank O. Gehry&#8221;, etc. [&hellip;]<\/p>\n","protected":false},"author":1,"featured_media":4746,"comment_status":"open","ping_status":"open","sticky":false,"template":"","format":"standard","meta":{"footnotes":""},"categories":[1],"tags":[],"_links":{"self":[{"href":"https:\/\/lignesauto.fr\/index.php?rest_route=\/wp\/v2\/posts\/4656"}],"collection":[{"href":"https:\/\/lignesauto.fr\/index.php?rest_route=\/wp\/v2\/posts"}],"about":[{"href":"https:\/\/lignesauto.fr\/index.php?rest_route=\/wp\/v2\/types\/post"}],"author":[{"embeddable":true,"href":"https:\/\/lignesauto.fr\/index.php?rest_route=\/wp\/v2\/users\/1"}],"replies":[{"embeddable":true,"href":"https:\/\/lignesauto.fr\/index.php?rest_route=%2Fwp%2Fv2%2Fcomments&post=4656"}],"version-history":[{"count":37,"href":"https:\/\/lignesauto.fr\/index.php?rest_route=\/wp\/v2\/posts\/4656\/revisions"}],"predecessor-version":[{"id":4750,"href":"https:\/\/lignesauto.fr\/index.php?rest_route=\/wp\/v2\/posts\/4656\/revisions\/4750"}],"wp:featuredmedia":[{"embeddable":true,"href":"https:\/\/lignesauto.fr\/index.php?rest_route=\/wp\/v2\/media\/4746"}],"wp:attachment":[{"href":"https:\/\/lignesauto.fr\/index.php?rest_route=%2Fwp%2Fv2%2Fmedia&parent=4656"}],"wp:term":[{"taxonomy":"category","embeddable":true,"href":"https:\/\/lignesauto.fr\/index.php?rest_route=%2Fwp%2Fv2%2Fcategories&post=4656"},{"taxonomy":"post_tag","embeddable":true,"href":"https:\/\/lignesauto.fr\/index.php?rest_route=%2Fwp%2Fv2%2Ftags&post=4656"}],"curies":[{"name":"wp","href":"https:\/\/api.w.org\/{rel}","templated":true}]}}