{"id":4836,"date":"2018-10-01T17:07:31","date_gmt":"2018-10-01T15:07:31","guid":{"rendered":"http:\/\/lignesauto.fr\/?p=4836"},"modified":"2018-12-22T17:28:04","modified_gmt":"2018-12-22T16:28:04","slug":"mondial-audi-a1-sportback-ou-q2-dix-centimetres-de-reflexion","status":"publish","type":"post","link":"https:\/\/lignesauto.fr\/?p=4836","title":{"rendered":"Audi A1 Sportback ou Q2 : dix centim\u00e8tres de r\u00e9flexion"},"content":{"rendered":"<p><img loading=\"lazy\" decoding=\"async\" class=\"alignnone size-medium wp-image-4921\" src=\"http:\/\/lignesauto.fr\/wp-content\/uploads\/2018\/10\/LOGOActus_BD-300x108.jpg\" alt=\"\" width=\"300\" height=\"108\" srcset=\"https:\/\/lignesauto.fr\/wp-content\/uploads\/2018\/10\/LOGOActus_BD-300x108.jpg 300w, https:\/\/lignesauto.fr\/wp-content\/uploads\/2018\/10\/LOGOActus_BD-768x276.jpg 768w, https:\/\/lignesauto.fr\/wp-content\/uploads\/2018\/10\/LOGOActus_BD-1024x367.jpg 1024w, https:\/\/lignesauto.fr\/wp-content\/uploads\/2018\/10\/LOGOActus_BD-370x133.jpg 370w, https:\/\/lignesauto.fr\/wp-content\/uploads\/2018\/10\/LOGOActus_BD-1040x373.jpg 1040w, https:\/\/lignesauto.fr\/wp-content\/uploads\/2018\/10\/LOGOActus_BD.jpg 1240w\" sizes=\"(max-width: 300px) 100vw, 300px\" \/><\/p>\n<p>Audi ne manque pas d&#8217;air en d\u00e9voilant sa nouvelle petite A1 Sportback et en la comparant esth\u00e9tiquement \u00e0 la brutalit\u00e9 d&#8217;une Audi Sport\u00a0quattro !<\/p>\n<p><img loading=\"lazy\" decoding=\"async\" class=\"alignnone wp-image-4829 size-large\" src=\"http:\/\/lignesauto.fr\/wp-content\/uploads\/2018\/09\/lignesaudi1-1024x571.jpg\" alt=\"\" width=\"1024\" height=\"571\" srcset=\"https:\/\/lignesauto.fr\/wp-content\/uploads\/2018\/09\/lignesaudi1-1024x571.jpg 1024w, https:\/\/lignesauto.fr\/wp-content\/uploads\/2018\/09\/lignesaudi1-300x167.jpg 300w, https:\/\/lignesauto.fr\/wp-content\/uploads\/2018\/09\/lignesaudi1-768x428.jpg 768w, https:\/\/lignesauto.fr\/wp-content\/uploads\/2018\/09\/lignesaudi1-370x206.jpg 370w, https:\/\/lignesauto.fr\/wp-content\/uploads\/2018\/09\/lignesaudi1-1040x580.jpg 1040w\" sizes=\"(max-width: 1024px) 100vw, 1024px\" \/><\/p>\n<p><em>&#8220;<\/em><span lang=\"fr\"><em>La calandre Singleframe large et basse et les entr\u00e9es d\u2019air lat\u00e9rales fa\u00e7onnent une proue distinctive qui n&#8217;est pas sans \u00e9voquer celle de la Sport\u00a0quattro.&#8221;<\/em><br \/>\nC&#8217;est bien \u00e9videmment la pr\u00e9sence de trois fentes plates \u00e0 l&#8217;extr\u00e9mit\u00e9 du capot qui rappellent le plus la sportive mythique.<br \/>\n<em>&#8220;C\u2019est un hommage \u00e0 l&#8217;Audi Sport quattro, ic\u00f4ne du rallye de la marque depuis 1984. La nouvelle A1 Sportback souligne \u00e9galement sa ressemblance vue de profil : le large pilier en forme de &#8220;C&#8221; inclin\u00e9 est inspir\u00e9 de l&#8217;ic\u00f4ne.&#8221;<\/em><\/span><\/p>\n<p id=\"tw-target-text\" class=\"tw-data-text tw-ta tw-text-small\" dir=\"ltr\" data-placeholder=\"Traduction\"><span lang=\"fr\"><img loading=\"lazy\" decoding=\"async\" class=\"alignnone wp-image-4998 size-large\" src=\"http:\/\/lignesauto.fr\/wp-content\/uploads\/2018\/10\/Capture-d\u2019\u00e9cran-2018-10-01-\u00e0-16.26.05-1024x477.png\" alt=\"\" width=\"1024\" height=\"477\" srcset=\"https:\/\/lignesauto.fr\/wp-content\/uploads\/2018\/10\/Capture-d\u2019\u00e9cran-2018-10-01-\u00e0-16.26.05-1024x477.png 1024w, https:\/\/lignesauto.fr\/wp-content\/uploads\/2018\/10\/Capture-d\u2019\u00e9cran-2018-10-01-\u00e0-16.26.05-300x140.png 300w, https:\/\/lignesauto.fr\/wp-content\/uploads\/2018\/10\/Capture-d\u2019\u00e9cran-2018-10-01-\u00e0-16.26.05-768x358.png 768w, https:\/\/lignesauto.fr\/wp-content\/uploads\/2018\/10\/Capture-d\u2019\u00e9cran-2018-10-01-\u00e0-16.26.05-370x172.png 370w, https:\/\/lignesauto.fr\/wp-content\/uploads\/2018\/10\/Capture-d\u2019\u00e9cran-2018-10-01-\u00e0-16.26.05-1040x484.png 1040w, https:\/\/lignesauto.fr\/wp-content\/uploads\/2018\/10\/Capture-d\u2019\u00e9cran-2018-10-01-\u00e0-16.26.05.png 1327w\" sizes=\"(max-width: 1024px) 100vw, 1024px\" \/><\/span><\/p>\n<p dir=\"ltr\" data-placeholder=\"Traduction\">Comme dirait l&#8217;autre, c&#8217;est un peu tir\u00e9 par les cheveux. Pour nous, le concept-car Sport quattro Concept de 2013 (ci-dessous) est le plus \u00e0 m\u00eame d&#8217;\u00e9voquer celle qui nous a fait chavirer sur les pistes du championnat du monde des rallyes !<\/p>\n<p><img loading=\"lazy\" decoding=\"async\" class=\"wp-image-5002 size-large\" src=\"http:\/\/lignesauto.fr\/wp-content\/uploads\/2018\/10\/lignescoupeconcept-1024x611.jpg\" alt=\"\" width=\"1024\" height=\"611\" srcset=\"https:\/\/lignesauto.fr\/wp-content\/uploads\/2018\/10\/lignescoupeconcept-1024x611.jpg 1024w, https:\/\/lignesauto.fr\/wp-content\/uploads\/2018\/10\/lignescoupeconcept-300x179.jpg 300w, https:\/\/lignesauto.fr\/wp-content\/uploads\/2018\/10\/lignescoupeconcept-768x458.jpg 768w, https:\/\/lignesauto.fr\/wp-content\/uploads\/2018\/10\/lignescoupeconcept-370x221.jpg 370w, https:\/\/lignesauto.fr\/wp-content\/uploads\/2018\/10\/lignescoupeconcept-1040x620.jpg 1040w\" sizes=\"(max-width: 1024px) 100vw, 1024px\" \/><br \/>\n<em>Concept-car Audi Sport quattro concept de 2013.<\/em><\/p>\n<p dir=\"ltr\" data-placeholder=\"Traduction\"><span lang=\"fr\"><span style=\"font-size: 16px;\">Mais revenons \u00e0 cette nouvelle A1 Sportback qui n&#8217;existe qu&#8217;en cinq portes.<br \/>\n<\/span><\/span><span lang=\"fr\">Sa longueur est de 4,03 m\u00e8tres soit pr\u00e8s de six centim\u00e8tres de plus que l&#8217;ancienne g\u00e9n\u00e9ration. Pas de quoi crier aux loups et pourtant, voil\u00e0 la &#8220;petite&#8221; Audi A1 qui se rapproche dangereusement de la Q2.<br \/>\nCertes, ces deux v\u00e9hicules ne boxent pas dans la m\u00eame cat\u00e9gorie puisque l&#8217;A1 est une berline lorsque la Q2 est un SUV.<br \/>\nMais le caract\u00e8re SUV de la Q2 ne saute pas aux yeux.<br \/>\nDu coup, avec seulement une dizaine de centim\u00e8tres d&#8217;\u00e9cart entre les deux, l&#8217;h\u00e9sitation est de mise : ne faut-il pas s&#8217;offrir la Q2 ?<\/span><\/p>\n<p><img loading=\"lazy\" decoding=\"async\" class=\"alignnone wp-image-4831 size-large\" src=\"http:\/\/lignesauto.fr\/wp-content\/uploads\/2018\/09\/lignesaudi3-1024x576.jpg\" alt=\"\" width=\"1024\" height=\"576\" srcset=\"https:\/\/lignesauto.fr\/wp-content\/uploads\/2018\/09\/lignesaudi3-1024x576.jpg 1024w, https:\/\/lignesauto.fr\/wp-content\/uploads\/2018\/09\/lignesaudi3-300x169.jpg 300w, https:\/\/lignesauto.fr\/wp-content\/uploads\/2018\/09\/lignesaudi3-768x432.jpg 768w, https:\/\/lignesauto.fr\/wp-content\/uploads\/2018\/09\/lignesaudi3-370x208.jpg 370w, https:\/\/lignesauto.fr\/wp-content\/uploads\/2018\/09\/lignesaudi3-1040x585.jpg 1040w\" sizes=\"(max-width: 1024px) 100vw, 1024px\" \/><br \/>\n<em>Audi A1 2018 ci-dessus et Audi Q2 ci-dessous : \u00e0 peine plus de dix centim\u00e8tres les s\u00e9parent et m\u00eame si les concepts sont diff\u00e9rents, la question reste pos\u00e9e : la Q2 peut-elle grignoter la client\u00e8le de l&#8217;A1 Sportback ?<\/em><\/p>\n<p><img loading=\"lazy\" decoding=\"async\" class=\"wp-image-4833 size-large\" src=\"http:\/\/lignesauto.fr\/wp-content\/uploads\/2018\/09\/lignesaudi5-1024x683.jpg\" alt=\"\" width=\"1024\" height=\"683\" srcset=\"https:\/\/lignesauto.fr\/wp-content\/uploads\/2018\/09\/lignesaudi5-1024x683.jpg 1024w, https:\/\/lignesauto.fr\/wp-content\/uploads\/2018\/09\/lignesaudi5-300x200.jpg 300w, https:\/\/lignesauto.fr\/wp-content\/uploads\/2018\/09\/lignesaudi5-768x512.jpg 768w, https:\/\/lignesauto.fr\/wp-content\/uploads\/2018\/09\/lignesaudi5-370x247.jpg 370w, https:\/\/lignesauto.fr\/wp-content\/uploads\/2018\/09\/lignesaudi5-1040x693.jpg 1040w\" sizes=\"(max-width: 1024px) 100vw, 1024px\" \/><\/p>\n<p><span style=\"font-size: 16px;\">L&#8217;A1 ne mesure certes que 1,41 m\u00e8tre de hauteur contre 1,50 m \u00e0 la Q2 mais cette derni\u00e8re propose un empattement de seulement 3 centim\u00e8tres plus g\u00e9n\u00e9reux : 2,59 m contre 2,56 m \u00e0 l&#8217;A1. Ce qui participe \u00e0 l&#8217;interrogation : berline chic branch\u00e9e ou SUV de poche ?<br \/>\nIl faudra attendre les tarifs officiels et de pouvoir confronter des versions \u00e9quivalentes quant \u00e0 l&#8217;\u00e9quipement et aux motorisations pour approfondir la r\u00e9flexion.<\/span><\/p>\n<p><img loading=\"lazy\" decoding=\"async\" class=\"wp-image-4835 size-large\" src=\"http:\/\/lignesauto.fr\/wp-content\/uploads\/2018\/09\/lignesaudi7-1024x576.jpg\" alt=\"\" width=\"1024\" height=\"576\" srcset=\"https:\/\/lignesauto.fr\/wp-content\/uploads\/2018\/09\/lignesaudi7-1024x576.jpg 1024w, https:\/\/lignesauto.fr\/wp-content\/uploads\/2018\/09\/lignesaudi7-300x169.jpg 300w, https:\/\/lignesauto.fr\/wp-content\/uploads\/2018\/09\/lignesaudi7-768x432.jpg 768w, https:\/\/lignesauto.fr\/wp-content\/uploads\/2018\/09\/lignesaudi7-370x208.jpg 370w, https:\/\/lignesauto.fr\/wp-content\/uploads\/2018\/09\/lignesaudi7-1040x585.jpg 1040w\" sizes=\"(max-width: 1024px) 100vw, 1024px\" \/><\/p>\n<p>Une r\u00e9flexion qui nous pousse quand m\u00eame \u00e0 nous poser quelques questions sur la multiplication des silhouettes au sein d&#8217;une m\u00eame gamme chez la majorit\u00e9 des constructeurs germaniques.<br \/>\nProbl\u00e8mes de riches sans doute&#8230;<br \/>\nR\u00e9flexion que l&#8217;on peut \u00e9galement avoir en remarquant l&#8217;arriv\u00e9e simultan\u00e9e chez Mercedes de la nouvelle GLE et du SUV 100% \u00e9lectrique EQC, tous deux d&#8217;un gabarit assez proche.<\/p>\n<p><img loading=\"lazy\" decoding=\"async\" class=\"wp-image-4830 size-large\" src=\"http:\/\/lignesauto.fr\/wp-content\/uploads\/2018\/09\/lignesaudi2-1024x571.jpg\" alt=\"\" width=\"1024\" height=\"571\" srcset=\"https:\/\/lignesauto.fr\/wp-content\/uploads\/2018\/09\/lignesaudi2-1024x571.jpg 1024w, https:\/\/lignesauto.fr\/wp-content\/uploads\/2018\/09\/lignesaudi2-300x167.jpg 300w, https:\/\/lignesauto.fr\/wp-content\/uploads\/2018\/09\/lignesaudi2-768x428.jpg 768w, https:\/\/lignesauto.fr\/wp-content\/uploads\/2018\/09\/lignesaudi2-370x206.jpg 370w, https:\/\/lignesauto.fr\/wp-content\/uploads\/2018\/09\/lignesaudi2-1040x580.jpg 1040w\" sizes=\"(max-width: 1024px) 100vw, 1024px\" \/><\/p>\n<p id=\"tw-target-text\" class=\"tw-data-text tw-ta tw-text-small\" dir=\"ltr\" data-placeholder=\"Traduction\"><span lang=\"fr\">La nouvelle Audi A1 Sportback s&#8217;adapte comme ses rivales au monde du digital.<br \/>\nM\u00eame la version de base est livr\u00e9e avec un combin\u00e9 d&#8217;instruments enti\u00e8rement num\u00e9rique avec un \u00e9cran haute r\u00e9solution de 10,25 pouces et un volant multifonction.<br \/>\nLe cockpit virtuel est quant \u00e0 lui en option. <\/span><\/p>\n<p class=\"tw-data-text tw-ta tw-text-small\" dir=\"ltr\" data-placeholder=\"Traduction\"><span lang=\"fr\"><img loading=\"lazy\" decoding=\"async\" class=\"wp-image-4832 size-large\" src=\"http:\/\/lignesauto.fr\/wp-content\/uploads\/2018\/09\/lignesaudi4-1024x576.jpg\" alt=\"\" width=\"1024\" height=\"576\" srcset=\"https:\/\/lignesauto.fr\/wp-content\/uploads\/2018\/09\/lignesaudi4-1024x576.jpg 1024w, https:\/\/lignesauto.fr\/wp-content\/uploads\/2018\/09\/lignesaudi4-300x169.jpg 300w, https:\/\/lignesauto.fr\/wp-content\/uploads\/2018\/09\/lignesaudi4-768x432.jpg 768w, https:\/\/lignesauto.fr\/wp-content\/uploads\/2018\/09\/lignesaudi4-370x208.jpg 370w, https:\/\/lignesauto.fr\/wp-content\/uploads\/2018\/09\/lignesaudi4-1040x585.jpg 1040w\" sizes=\"(max-width: 1024px) 100vw, 1024px\" \/><\/span><\/p>\n<p>Le\u00a0concept d&#8217;infodivertissement dans la nouvelle A1 Sportback est emprunt\u00e9 aux grandes s\u0153urs de la famille.<br \/>\nSelon le niveau d&#8217;\u00e9quipement, la navigation &#8220;MMI plus&#8221; offre un \u00e9cran tactile de 10,1 pouces int\u00e9gr\u00e9 dans la zone noire de la planche de bord.<br \/>\nComme avec un smartphone, toutes les commandes sont tactiles.<br \/>\nLa derni\u00e8re g\u00e9n\u00e9ration de commande vocale am\u00e9liore encore le dialogue entre le conducteur et la voiture.<\/p>\n<p>&nbsp;<\/p>\n<p><img loading=\"lazy\" decoding=\"async\" class=\"wp-image-4834 size-large\" src=\"http:\/\/lignesauto.fr\/wp-content\/uploads\/2018\/09\/lignesaudi6-1024x724.jpg\" alt=\"\" width=\"1024\" height=\"724\" srcset=\"https:\/\/lignesauto.fr\/wp-content\/uploads\/2018\/09\/lignesaudi6-1024x724.jpg 1024w, https:\/\/lignesauto.fr\/wp-content\/uploads\/2018\/09\/lignesaudi6-300x212.jpg 300w, https:\/\/lignesauto.fr\/wp-content\/uploads\/2018\/09\/lignesaudi6-768x543.jpg 768w, https:\/\/lignesauto.fr\/wp-content\/uploads\/2018\/09\/lignesaudi6-370x262.jpg 370w, https:\/\/lignesauto.fr\/wp-content\/uploads\/2018\/09\/lignesaudi6-1040x735.jpg 1040w, https:\/\/lignesauto.fr\/wp-content\/uploads\/2018\/09\/lignesaudi6.jpg 1754w\" sizes=\"(max-width: 1024px) 100vw, 1024px\" \/><\/p>\n<p>&nbsp;<\/p>\n<p><img loading=\"lazy\" decoding=\"async\" class=\"alignnone size-medium wp-image-4921\" src=\"http:\/\/lignesauto.fr\/wp-content\/uploads\/2018\/10\/LOGOActus_BD-300x108.jpg\" alt=\"\" width=\"300\" height=\"108\" srcset=\"https:\/\/lignesauto.fr\/wp-content\/uploads\/2018\/10\/LOGOActus_BD-300x108.jpg 300w, https:\/\/lignesauto.fr\/wp-content\/uploads\/2018\/10\/LOGOActus_BD-768x276.jpg 768w, https:\/\/lignesauto.fr\/wp-content\/uploads\/2018\/10\/LOGOActus_BD-1024x367.jpg 1024w, https:\/\/lignesauto.fr\/wp-content\/uploads\/2018\/10\/LOGOActus_BD-370x133.jpg 370w, https:\/\/lignesauto.fr\/wp-content\/uploads\/2018\/10\/LOGOActus_BD-1040x373.jpg 1040w, https:\/\/lignesauto.fr\/wp-content\/uploads\/2018\/10\/LOGOActus_BD.jpg 1240w\" sizes=\"(max-width: 300px) 100vw, 300px\" \/><\/p>\n","protected":false},"excerpt":{"rendered":"<p>Audi ne manque pas d&#8217;air en d\u00e9voilant sa nouvelle petite A1 Sportback et en la comparant esth\u00e9tiquement \u00e0 la brutalit\u00e9 d&#8217;une Audi Sport\u00a0quattro ! &#8220;La calandre Singleframe large et basse et les entr\u00e9es d\u2019air lat\u00e9rales fa\u00e7onnent une proue distinctive qui n&#8217;est pas sans \u00e9voquer celle de la Sport\u00a0quattro.&#8221; C&#8217;est bien [&hellip;]<\/p>\n","protected":false},"author":1,"featured_media":4830,"comment_status":"open","ping_status":"open","sticky":false,"template":"","format":"standard","meta":{"footnotes":""},"categories":[1],"tags":[],"_links":{"self":[{"href":"https:\/\/lignesauto.fr\/index.php?rest_route=\/wp\/v2\/posts\/4836"}],"collection":[{"href":"https:\/\/lignesauto.fr\/index.php?rest_route=\/wp\/v2\/posts"}],"about":[{"href":"https:\/\/lignesauto.fr\/index.php?rest_route=\/wp\/v2\/types\/post"}],"author":[{"embeddable":true,"href":"https:\/\/lignesauto.fr\/index.php?rest_route=\/wp\/v2\/users\/1"}],"replies":[{"embeddable":true,"href":"https:\/\/lignesauto.fr\/index.php?rest_route=%2Fwp%2Fv2%2Fcomments&post=4836"}],"version-history":[{"count":19,"href":"https:\/\/lignesauto.fr\/index.php?rest_route=\/wp\/v2\/posts\/4836\/revisions"}],"predecessor-version":[{"id":5278,"href":"https:\/\/lignesauto.fr\/index.php?rest_route=\/wp\/v2\/posts\/4836\/revisions\/5278"}],"wp:featuredmedia":[{"embeddable":true,"href":"https:\/\/lignesauto.fr\/index.php?rest_route=\/wp\/v2\/media\/4830"}],"wp:attachment":[{"href":"https:\/\/lignesauto.fr\/index.php?rest_route=%2Fwp%2Fv2%2Fmedia&parent=4836"}],"wp:term":[{"taxonomy":"category","embeddable":true,"href":"https:\/\/lignesauto.fr\/index.php?rest_route=%2Fwp%2Fv2%2Fcategories&post=4836"},{"taxonomy":"post_tag","embeddable":true,"href":"https:\/\/lignesauto.fr\/index.php?rest_route=%2Fwp%2Fv2%2Ftags&post=4836"}],"curies":[{"name":"wp","href":"https:\/\/api.w.org\/{rel}","templated":true}]}}