{"id":4860,"date":"2018-10-01T17:00:45","date_gmt":"2018-10-01T15:00:45","guid":{"rendered":"http:\/\/lignesauto.fr\/?p=4860"},"modified":"2018-12-22T17:28:55","modified_gmt":"2018-12-22T16:28:55","slug":"mondial-peugeot-abandonne-lhybride-diesel-place-a-lhybride-essence-rechargeable","status":"publish","type":"post","link":"https:\/\/lignesauto.fr\/?p=4860","title":{"rendered":"Peugeot abandonne l&#8217;hybride diesel. Place \u00e0 l&#8217;hybride essence rechargeable !"},"content":{"rendered":"<p><img loading=\"lazy\" decoding=\"async\" class=\"alignnone size-medium wp-image-4921\" src=\"http:\/\/lignesauto.fr\/wp-content\/uploads\/2018\/10\/LOGOActus_BD-300x108.jpg\" alt=\"\" width=\"300\" height=\"108\" srcset=\"https:\/\/lignesauto.fr\/wp-content\/uploads\/2018\/10\/LOGOActus_BD-300x108.jpg 300w, https:\/\/lignesauto.fr\/wp-content\/uploads\/2018\/10\/LOGOActus_BD-768x276.jpg 768w, https:\/\/lignesauto.fr\/wp-content\/uploads\/2018\/10\/LOGOActus_BD-1024x367.jpg 1024w, https:\/\/lignesauto.fr\/wp-content\/uploads\/2018\/10\/LOGOActus_BD-370x133.jpg 370w, https:\/\/lignesauto.fr\/wp-content\/uploads\/2018\/10\/LOGOActus_BD-1040x373.jpg 1040w, https:\/\/lignesauto.fr\/wp-content\/uploads\/2018\/10\/LOGOActus_BD.jpg 1240w\" sizes=\"(max-width: 300px) 100vw, 300px\" \/><\/p>\n<p>Cette fois c&#8217;est la bonne ! Apr\u00e8s avoir \u00e9t\u00e9 l&#8217;un des pr\u00e9curseurs de l&#8217;hybridation diesel, Peugeot change de braquet, abandonne cette derni\u00e8re architecture pour s&#8217;engouffrer logiquement dans l&#8217;hybridation essence (march\u00e9 chinois oblige) mais aussi et surtout, en la proposant &#8220;rechargeable&#8221;.<br \/>\nVoici donc les premi\u00e8res Peugeot PHEV : des Peugeot aid\u00e9es de moteur(s) \u00e9lectrique(s), hybrides donc et capables \u00a0&#8211; gr\u00e2ce \u00e0 leur possibilit\u00e9 de recharge &#8211; de parcourir de 40 \u00e0 50 km.<br \/>\nLes nouvelles Peugeot PHEV \u00a0sont trois reposant sur deux architectures diff\u00e9rentes.<\/p>\n<p><img loading=\"lazy\" decoding=\"async\" class=\"alignnone wp-image-4863 size-large\" src=\"http:\/\/lignesauto.fr\/wp-content\/uploads\/2018\/09\/2062766-0x1us38s5t-1024x682.jpg\" alt=\"\" width=\"1024\" height=\"682\" srcset=\"https:\/\/lignesauto.fr\/wp-content\/uploads\/2018\/09\/2062766-0x1us38s5t-1024x682.jpg 1024w, https:\/\/lignesauto.fr\/wp-content\/uploads\/2018\/09\/2062766-0x1us38s5t-300x200.jpg 300w, https:\/\/lignesauto.fr\/wp-content\/uploads\/2018\/09\/2062766-0x1us38s5t-768x512.jpg 768w, https:\/\/lignesauto.fr\/wp-content\/uploads\/2018\/09\/2062766-0x1us38s5t-370x247.jpg 370w, https:\/\/lignesauto.fr\/wp-content\/uploads\/2018\/09\/2062766-0x1us38s5t-1040x693.jpg 1040w, https:\/\/lignesauto.fr\/wp-content\/uploads\/2018\/09\/2062766-0x1us38s5t.jpg 1181w\" sizes=\"(max-width: 1024px) 100vw, 1024px\" \/><\/p>\n<p>La berline et le break 508 (ce dernier \u00e9tant r\u00e9v\u00e9l\u00e9 dans sa version thermique au Mondial) adoptent un moteur thermique de\u00a01.6 essence et de 180 ch.<br \/>\nLa bo\u00eete de vitesses qui lui est accol\u00e9e est une variante \u00e9lectrifi\u00e9e de la bo\u00eete EAT \u00e0 8 rapports.<br \/>\nElle renferme une machine \u00e9lectrique de\u00a0110 ch.<\/p>\n<p><img loading=\"lazy\" decoding=\"async\" class=\"alignnone wp-image-4862 size-large\" src=\"http:\/\/lignesauto.fr\/wp-content\/uploads\/2018\/09\/2062757-tchg5hvxvg-1024x636.jpg\" alt=\"\" width=\"1024\" height=\"636\" srcset=\"https:\/\/lignesauto.fr\/wp-content\/uploads\/2018\/09\/2062757-tchg5hvxvg-1024x636.jpg 1024w, https:\/\/lignesauto.fr\/wp-content\/uploads\/2018\/09\/2062757-tchg5hvxvg-300x186.jpg 300w, https:\/\/lignesauto.fr\/wp-content\/uploads\/2018\/09\/2062757-tchg5hvxvg-768x477.jpg 768w, https:\/\/lignesauto.fr\/wp-content\/uploads\/2018\/09\/2062757-tchg5hvxvg-370x230.jpg 370w, https:\/\/lignesauto.fr\/wp-content\/uploads\/2018\/09\/2062757-tchg5hvxvg-1040x645.jpg 1040w, https:\/\/lignesauto.fr\/wp-content\/uploads\/2018\/09\/2062757-tchg5hvxvg.jpg 1181w\" sizes=\"(max-width: 1024px) 100vw, 1024px\" \/><\/p>\n<p>Les 508 (ci-dessus) et 508 SW (ci-dessous) dans cette variante &#8220;Hybrid&#8221; disposent d&#8217;une puissance cumul\u00e9e de 225 ch.<br \/>\nIl est donc possible avec cette premi\u00e8re architecture de proposer plusieurs modes de conduite.<\/p>\n<p><img loading=\"lazy\" decoding=\"async\" class=\"alignnone wp-image-4869 size-large\" src=\"http:\/\/lignesauto.fr\/wp-content\/uploads\/2018\/09\/2062820-kpviabg1m7-1024x683.jpg\" alt=\"\" width=\"1024\" height=\"683\" srcset=\"https:\/\/lignesauto.fr\/wp-content\/uploads\/2018\/09\/2062820-kpviabg1m7-1024x683.jpg 1024w, https:\/\/lignesauto.fr\/wp-content\/uploads\/2018\/09\/2062820-kpviabg1m7-300x200.jpg 300w, https:\/\/lignesauto.fr\/wp-content\/uploads\/2018\/09\/2062820-kpviabg1m7-768x512.jpg 768w, https:\/\/lignesauto.fr\/wp-content\/uploads\/2018\/09\/2062820-kpviabg1m7-370x247.jpg 370w, https:\/\/lignesauto.fr\/wp-content\/uploads\/2018\/09\/2062820-kpviabg1m7-1040x693.jpg 1040w, https:\/\/lignesauto.fr\/wp-content\/uploads\/2018\/09\/2062820-kpviabg1m7.jpg 1122w\" sizes=\"(max-width: 1024px) 100vw, 1024px\" \/><\/p>\n<p><strong><br \/>\nCi-dessous, la cha\u00eene de traction en mode &#8220;thermique&#8221; avec le seul moteur essence en action.<\/strong><\/p>\n<p><img loading=\"lazy\" decoding=\"async\" class=\"alignnone wp-image-4864 size-large\" src=\"http:\/\/lignesauto.fr\/wp-content\/uploads\/2018\/09\/2062787-pfru7hgly8-1024x732.jpg\" alt=\"\" width=\"1024\" height=\"732\" srcset=\"https:\/\/lignesauto.fr\/wp-content\/uploads\/2018\/09\/2062787-pfru7hgly8-1024x732.jpg 1024w, https:\/\/lignesauto.fr\/wp-content\/uploads\/2018\/09\/2062787-pfru7hgly8-300x214.jpg 300w, https:\/\/lignesauto.fr\/wp-content\/uploads\/2018\/09\/2062787-pfru7hgly8-768x549.jpg 768w, https:\/\/lignesauto.fr\/wp-content\/uploads\/2018\/09\/2062787-pfru7hgly8-370x264.jpg 370w, https:\/\/lignesauto.fr\/wp-content\/uploads\/2018\/09\/2062787-pfru7hgly8-1040x743.jpg 1040w, https:\/\/lignesauto.fr\/wp-content\/uploads\/2018\/09\/2062787-pfru7hgly8.jpg 1110w\" sizes=\"(max-width: 1024px) 100vw, 1024px\" \/><\/p>\n<p><strong>Ci-dessous, le mode 100% \u00e9lectrique possible sur environ 40 kilom\u00e8tres.<\/strong><br \/>\n<strong>C&#8217;est la machine \u00e9lectrique log\u00e9e dans la bo\u00eete de vitesses qui seule, entra\u00eene les roues motrices.<\/strong><br \/>\n<strong>Elle puise sont \u00e9nergie dans les batteries log\u00e9es sous la banquette arri\u00e8re.<\/strong><\/p>\n<p><img loading=\"lazy\" decoding=\"async\" class=\"alignnone wp-image-4865 size-large\" src=\"http:\/\/lignesauto.fr\/wp-content\/uploads\/2018\/09\/2062790-vk4pbrtiee-1024x732.jpg\" alt=\"\" width=\"1024\" height=\"732\" srcset=\"https:\/\/lignesauto.fr\/wp-content\/uploads\/2018\/09\/2062790-vk4pbrtiee-1024x732.jpg 1024w, https:\/\/lignesauto.fr\/wp-content\/uploads\/2018\/09\/2062790-vk4pbrtiee-300x214.jpg 300w, https:\/\/lignesauto.fr\/wp-content\/uploads\/2018\/09\/2062790-vk4pbrtiee-768x549.jpg 768w, https:\/\/lignesauto.fr\/wp-content\/uploads\/2018\/09\/2062790-vk4pbrtiee-370x264.jpg 370w, https:\/\/lignesauto.fr\/wp-content\/uploads\/2018\/09\/2062790-vk4pbrtiee-1040x743.jpg 1040w, https:\/\/lignesauto.fr\/wp-content\/uploads\/2018\/09\/2062790-vk4pbrtiee.jpg 1110w\" sizes=\"(max-width: 1024px) 100vw, 1024px\" \/><\/p>\n<p><strong>Ci-dessous, le mode &#8220;sport&#8221; qui\u00a0additionne les puissances du moteur\u00a0thermique et du moteur \u00e9lectrique pour un\u00a0<\/strong><b>cumul de 225 ch.<\/b><\/p>\n<p><img loading=\"lazy\" decoding=\"async\" class=\"alignnone wp-image-4866 size-large\" src=\"http:\/\/lignesauto.fr\/wp-content\/uploads\/2018\/09\/2062793-qevbjc3738-1024x732.jpg\" alt=\"\" width=\"1024\" height=\"732\" srcset=\"https:\/\/lignesauto.fr\/wp-content\/uploads\/2018\/09\/2062793-qevbjc3738-1024x732.jpg 1024w, https:\/\/lignesauto.fr\/wp-content\/uploads\/2018\/09\/2062793-qevbjc3738-300x214.jpg 300w, https:\/\/lignesauto.fr\/wp-content\/uploads\/2018\/09\/2062793-qevbjc3738-768x549.jpg 768w, https:\/\/lignesauto.fr\/wp-content\/uploads\/2018\/09\/2062793-qevbjc3738-370x264.jpg 370w, https:\/\/lignesauto.fr\/wp-content\/uploads\/2018\/09\/2062793-qevbjc3738-1040x743.jpg 1040w, https:\/\/lignesauto.fr\/wp-content\/uploads\/2018\/09\/2062793-qevbjc3738.jpg 1110w\" sizes=\"(max-width: 1024px) 100vw, 1024px\" \/><\/p>\n<p><strong><br \/>\nCi-dessous, le mode recharge. La prise a \u00e9t\u00e9 install\u00e9e c\u00f4t\u00e9 gauche alors que la trappe \u00e0 carburant est sur le flanc droit.<\/strong><br \/>\n<strong>Il faut 7\u00a0heures pour recharger le pack de batteries avec une prise classique. Avec une box-murale, la dur\u00e9e de recharge descend \u00e0 1h45.<\/strong><\/p>\n<p><img loading=\"lazy\" decoding=\"async\" class=\"alignnone wp-image-4867 size-large\" src=\"http:\/\/lignesauto.fr\/wp-content\/uploads\/2018\/09\/2062796-35lsibt016-1024x732.jpg\" alt=\"\" width=\"1024\" height=\"732\" srcset=\"https:\/\/lignesauto.fr\/wp-content\/uploads\/2018\/09\/2062796-35lsibt016-1024x732.jpg 1024w, https:\/\/lignesauto.fr\/wp-content\/uploads\/2018\/09\/2062796-35lsibt016-300x214.jpg 300w, https:\/\/lignesauto.fr\/wp-content\/uploads\/2018\/09\/2062796-35lsibt016-768x549.jpg 768w, https:\/\/lignesauto.fr\/wp-content\/uploads\/2018\/09\/2062796-35lsibt016-370x264.jpg 370w, https:\/\/lignesauto.fr\/wp-content\/uploads\/2018\/09\/2062796-35lsibt016-1040x743.jpg 1040w, https:\/\/lignesauto.fr\/wp-content\/uploads\/2018\/09\/2062796-35lsibt016.jpg 1110w\" sizes=\"(max-width: 1024px) 100vw, 1024px\" \/><\/p>\n<p>&nbsp;<\/p>\n<p class=\"article_paragraphe\"><strong>Ci-dessous, le mode de recharge en d\u00e9c\u00e9l\u00e9ration et au freinage.<br \/>\nOn pourra freiner la 508 en rel\u00e2chant simplement le pied de l&#8217;acc\u00e9l\u00e9rateur, sans avoir \u00e0 exercer une pression sur la p\u00e9dale de frein.<br \/>\nIl suffit d&#8217;une impulsion sur le levier de vitesses pour l&#8217;activer et recharger la batterie.\u00a0<\/strong><\/p>\n<p><img loading=\"lazy\" decoding=\"async\" class=\"alignnone wp-image-4868 size-large\" src=\"http:\/\/lignesauto.fr\/wp-content\/uploads\/2018\/09\/2062799-7nivoe14jk-1024x732.jpg\" alt=\"\" width=\"1024\" height=\"732\" srcset=\"https:\/\/lignesauto.fr\/wp-content\/uploads\/2018\/09\/2062799-7nivoe14jk-1024x732.jpg 1024w, https:\/\/lignesauto.fr\/wp-content\/uploads\/2018\/09\/2062799-7nivoe14jk-300x214.jpg 300w, https:\/\/lignesauto.fr\/wp-content\/uploads\/2018\/09\/2062799-7nivoe14jk-768x549.jpg 768w, https:\/\/lignesauto.fr\/wp-content\/uploads\/2018\/09\/2062799-7nivoe14jk-370x264.jpg 370w, https:\/\/lignesauto.fr\/wp-content\/uploads\/2018\/09\/2062799-7nivoe14jk-1040x743.jpg 1040w, https:\/\/lignesauto.fr\/wp-content\/uploads\/2018\/09\/2062799-7nivoe14jk.jpg 1110w\" sizes=\"(max-width: 1024px) 100vw, 1024px\" \/><\/p>\n<p>L&#8217;autre cha\u00eene de traction concerne le SUV 3008 (ci-dessous) qui ajoute au moteur \u00e9lectrique log\u00e9 dans la bo\u00eete de vitesses un autre moteur \u00e9lectrique de 120 ch implant\u00e9 sur le train arri\u00e8re.<br \/>\nLe 3008 devient ainsi un vrai 4&#215;4 ! Enfin&#8230;<br \/>\nLa puissance cumul\u00e9e approche les\u00a0300 ch avec le\u00a0moteur thermique de cette architecture qui est le Pure Tech dans sa variante de 200 ch.<br \/>\nL&#8217;appellation de cette version du 3008 \u00e0 transmission int\u00e9grale devient &#8220;Hybrid4&#8221;<\/p>\n<p><img loading=\"lazy\" decoding=\"async\" class=\"alignnone wp-image-4870 size-large\" src=\"http:\/\/lignesauto.fr\/wp-content\/uploads\/2018\/09\/2062835-y0t3mh2usy-1024x689.jpg\" alt=\"\" width=\"1024\" height=\"689\" srcset=\"https:\/\/lignesauto.fr\/wp-content\/uploads\/2018\/09\/2062835-y0t3mh2usy-1024x689.jpg 1024w, https:\/\/lignesauto.fr\/wp-content\/uploads\/2018\/09\/2062835-y0t3mh2usy-300x202.jpg 300w, https:\/\/lignesauto.fr\/wp-content\/uploads\/2018\/09\/2062835-y0t3mh2usy-768x517.jpg 768w, https:\/\/lignesauto.fr\/wp-content\/uploads\/2018\/09\/2062835-y0t3mh2usy-370x249.jpg 370w, https:\/\/lignesauto.fr\/wp-content\/uploads\/2018\/09\/2062835-y0t3mh2usy-1040x700.jpg 1040w, https:\/\/lignesauto.fr\/wp-content\/uploads\/2018\/09\/2062835-y0t3mh2usy.jpg 1122w\" sizes=\"(max-width: 1024px) 100vw, 1024px\" \/><\/p>\n<p><strong>Ci-dessous, le mode de\u00a0<\/strong><b>transmission int\u00e9grale avec l&#8217;entr\u00e9e en fonction de la machine \u00e9lectrique log\u00e9e\u00a0sur le train arri\u00e8re.<\/b><\/p>\n<p><img loading=\"lazy\" decoding=\"async\" class=\"alignnone wp-image-4873 size-large\" src=\"http:\/\/lignesauto.fr\/wp-content\/uploads\/2018\/09\/2062865-m83in52w6m-1024x732.jpg\" alt=\"\" width=\"1024\" height=\"732\" srcset=\"https:\/\/lignesauto.fr\/wp-content\/uploads\/2018\/09\/2062865-m83in52w6m-1024x732.jpg 1024w, https:\/\/lignesauto.fr\/wp-content\/uploads\/2018\/09\/2062865-m83in52w6m-300x214.jpg 300w, https:\/\/lignesauto.fr\/wp-content\/uploads\/2018\/09\/2062865-m83in52w6m-768x549.jpg 768w, https:\/\/lignesauto.fr\/wp-content\/uploads\/2018\/09\/2062865-m83in52w6m-370x264.jpg 370w, https:\/\/lignesauto.fr\/wp-content\/uploads\/2018\/09\/2062865-m83in52w6m-1040x743.jpg 1040w, https:\/\/lignesauto.fr\/wp-content\/uploads\/2018\/09\/2062865-m83in52w6m.jpg 1110w\" sizes=\"(max-width: 1024px) 100vw, 1024px\" \/><\/p>\n<p>M\u00eame si <strong>ces trois versions reposant sur deux cha\u00eenes de traction diff\u00e9rentes n&#8217;arriveront pas avant la fin de l&#8217;ann\u00e9e 2019<\/strong>, il est heureux que le groupe PSA ait su op\u00e9rer le bon choix quant \u00e0 la strat\u00e9gie de l&#8217;hybridation.<br \/>\nAu d\u00e9but des ann\u00e9es 2010, les \u00e9tudes \u00e9taient nombreuses au sein du groupe et les d\u00e9fenseurs du diesel hybride encore \u00e9cout\u00e9s !<br \/>\nIl en aura fallu des tableaux Excel pour convaincre la pr\u00e9c\u00e9dente direction de choisir la bonne voie&#8230;<br \/>\nIl faut \u00e9galement saluer la strat\u00e9gie industrielle choisie par PSA pour ses deux plateformes hybrides (&#8220;Hybrid&#8221; et &#8220;Hubrid4&#8221;) ainsi que pour sa plateforme 100% \u00e9lectrique pour les mod\u00e8les plus compacts, toutes trois industrialisables sur les m\u00eames lignes de montage que les plateformes \u00e0 motorisation thermique.<\/p>\n<p><img loading=\"lazy\" decoding=\"async\" class=\"alignnone wp-image-4871 size-large\" src=\"http:\/\/lignesauto.fr\/wp-content\/uploads\/2018\/09\/2062850-v2scvboolu-683x1024.jpg\" alt=\"\" width=\"683\" height=\"1024\" srcset=\"https:\/\/lignesauto.fr\/wp-content\/uploads\/2018\/09\/2062850-v2scvboolu-683x1024.jpg 683w, https:\/\/lignesauto.fr\/wp-content\/uploads\/2018\/09\/2062850-v2scvboolu-200x300.jpg 200w, https:\/\/lignesauto.fr\/wp-content\/uploads\/2018\/09\/2062850-v2scvboolu.jpg 768w, https:\/\/lignesauto.fr\/wp-content\/uploads\/2018\/09\/2062850-v2scvboolu-370x555.jpg 370w\" sizes=\"(max-width: 683px) 100vw, 683px\" \/><\/p>\n<p><img loading=\"lazy\" decoding=\"async\" class=\"alignnone size-medium wp-image-4921\" src=\"http:\/\/lignesauto.fr\/wp-content\/uploads\/2018\/10\/LOGOActus_BD-300x108.jpg\" alt=\"\" width=\"300\" height=\"108\" srcset=\"https:\/\/lignesauto.fr\/wp-content\/uploads\/2018\/10\/LOGOActus_BD-300x108.jpg 300w, https:\/\/lignesauto.fr\/wp-content\/uploads\/2018\/10\/LOGOActus_BD-768x276.jpg 768w, https:\/\/lignesauto.fr\/wp-content\/uploads\/2018\/10\/LOGOActus_BD-1024x367.jpg 1024w, https:\/\/lignesauto.fr\/wp-content\/uploads\/2018\/10\/LOGOActus_BD-370x133.jpg 370w, https:\/\/lignesauto.fr\/wp-content\/uploads\/2018\/10\/LOGOActus_BD-1040x373.jpg 1040w, https:\/\/lignesauto.fr\/wp-content\/uploads\/2018\/10\/LOGOActus_BD.jpg 1240w\" sizes=\"(max-width: 300px) 100vw, 300px\" \/><\/p>\n","protected":false},"excerpt":{"rendered":"<p>Cette fois c&#8217;est la bonne ! Apr\u00e8s avoir \u00e9t\u00e9 l&#8217;un des pr\u00e9curseurs de l&#8217;hybridation diesel, Peugeot change de braquet, abandonne cette derni\u00e8re architecture pour s&#8217;engouffrer logiquement dans l&#8217;hybridation essence (march\u00e9 chinois oblige) mais aussi et surtout, en la proposant &#8220;rechargeable&#8221;. Voici donc les premi\u00e8res Peugeot PHEV : des Peugeot aid\u00e9es [&hellip;]<\/p>\n","protected":false},"author":1,"featured_media":4862,"comment_status":"open","ping_status":"open","sticky":false,"template":"","format":"standard","meta":{"footnotes":""},"categories":[1],"tags":[],"_links":{"self":[{"href":"https:\/\/lignesauto.fr\/index.php?rest_route=\/wp\/v2\/posts\/4860"}],"collection":[{"href":"https:\/\/lignesauto.fr\/index.php?rest_route=\/wp\/v2\/posts"}],"about":[{"href":"https:\/\/lignesauto.fr\/index.php?rest_route=\/wp\/v2\/types\/post"}],"author":[{"embeddable":true,"href":"https:\/\/lignesauto.fr\/index.php?rest_route=\/wp\/v2\/users\/1"}],"replies":[{"embeddable":true,"href":"https:\/\/lignesauto.fr\/index.php?rest_route=%2Fwp%2Fv2%2Fcomments&post=4860"}],"version-history":[{"count":11,"href":"https:\/\/lignesauto.fr\/index.php?rest_route=\/wp\/v2\/posts\/4860\/revisions"}],"predecessor-version":[{"id":5279,"href":"https:\/\/lignesauto.fr\/index.php?rest_route=\/wp\/v2\/posts\/4860\/revisions\/5279"}],"wp:featuredmedia":[{"embeddable":true,"href":"https:\/\/lignesauto.fr\/index.php?rest_route=\/wp\/v2\/media\/4862"}],"wp:attachment":[{"href":"https:\/\/lignesauto.fr\/index.php?rest_route=%2Fwp%2Fv2%2Fmedia&parent=4860"}],"wp:term":[{"taxonomy":"category","embeddable":true,"href":"https:\/\/lignesauto.fr\/index.php?rest_route=%2Fwp%2Fv2%2Fcategories&post=4860"},{"taxonomy":"post_tag","embeddable":true,"href":"https:\/\/lignesauto.fr\/index.php?rest_route=%2Fwp%2Fv2%2Ftags&post=4860"}],"curies":[{"name":"wp","href":"https:\/\/api.w.org\/{rel}","templated":true}]}}