{"id":4951,"date":"2019-01-16T07:33:26","date_gmt":"2019-01-16T06:33:26","guid":{"rendered":"http:\/\/lignesauto.fr\/?p=4951"},"modified":"2019-01-17T14:23:32","modified_gmt":"2019-01-17T13:23:32","slug":"mondial-bmw-a-du-nez-un-peu-trop-parfois","status":"publish","type":"post","link":"https:\/\/lignesauto.fr\/?p=4951","title":{"rendered":"BMW a du nez. Un peu trop parfois (bis)&#8230;"},"content":{"rendered":"<p>&nbsp;<\/p>\n<p><a href=\"http:\/\/lignesauto.fr\/wp-content\/uploads\/2018\/10\/LOGOActus_BD.jpg\"><img loading=\"lazy\" decoding=\"async\" class=\"alignnone size-medium wp-image-4921\" src=\"http:\/\/lignesauto.fr\/wp-content\/uploads\/2018\/10\/LOGOActus_BD-300x108.jpg\" alt=\"\" width=\"300\" height=\"108\" srcset=\"https:\/\/lignesauto.fr\/wp-content\/uploads\/2018\/10\/LOGOActus_BD-300x108.jpg 300w, https:\/\/lignesauto.fr\/wp-content\/uploads\/2018\/10\/LOGOActus_BD-768x276.jpg 768w, https:\/\/lignesauto.fr\/wp-content\/uploads\/2018\/10\/LOGOActus_BD-1024x367.jpg 1024w, https:\/\/lignesauto.fr\/wp-content\/uploads\/2018\/10\/LOGOActus_BD-370x133.jpg 370w, https:\/\/lignesauto.fr\/wp-content\/uploads\/2018\/10\/LOGOActus_BD-1040x373.jpg 1040w, https:\/\/lignesauto.fr\/wp-content\/uploads\/2018\/10\/LOGOActus_BD.jpg 1240w\" sizes=\"(max-width: 300px) 100vw, 300px\" \/><\/a><\/p>\n<p><a href=\"http:\/\/lignesauto.fr\/wp-content\/uploads\/2019\/01\/P90332026_highRes_the-new-bmw-7-series.jpg\"><img loading=\"lazy\" decoding=\"async\" class=\"alignnone wp-image-7107 size-large\" src=\"http:\/\/lignesauto.fr\/wp-content\/uploads\/2019\/01\/P90332026_highRes_the-new-bmw-7-series-1024x682.jpg\" alt=\"\" width=\"1024\" height=\"682\" srcset=\"https:\/\/lignesauto.fr\/wp-content\/uploads\/2019\/01\/P90332026_highRes_the-new-bmw-7-series-1024x682.jpg 1024w, https:\/\/lignesauto.fr\/wp-content\/uploads\/2019\/01\/P90332026_highRes_the-new-bmw-7-series-300x200.jpg 300w, https:\/\/lignesauto.fr\/wp-content\/uploads\/2019\/01\/P90332026_highRes_the-new-bmw-7-series-768x512.jpg 768w, https:\/\/lignesauto.fr\/wp-content\/uploads\/2019\/01\/P90332026_highRes_the-new-bmw-7-series-370x247.jpg 370w, https:\/\/lignesauto.fr\/wp-content\/uploads\/2019\/01\/P90332026_highRes_the-new-bmw-7-series-1040x693.jpg 1040w, https:\/\/lignesauto.fr\/wp-content\/uploads\/2019\/01\/P90332026_highRes_the-new-bmw-7-series.jpg 1613w\" sizes=\"(max-width: 1024px) 100vw, 1024px\" \/><\/a><\/p>\n<p>BMW vient de d\u00e9voiler la phase 2 de sa grande berline S\u00e9rie 7. En d\u00e9couvrant ses naseaux &#8211; pour lesquels Kleenex va devoir agrandir ses usines &#8211; nous avons repens\u00e9 \u00e0 notre &#8216;post&#8217; publi\u00e9 le 8 octobre 2018&#8230;<\/p>\n<p><a href=\"http:\/\/lignesauto.fr\/wp-content\/uploads\/2019\/01\/P90334981_highRes_new-bmw-7-series-wor.jpg\"><img loading=\"lazy\" decoding=\"async\" class=\"alignnone wp-image-7120 size-large\" src=\"http:\/\/lignesauto.fr\/wp-content\/uploads\/2019\/01\/P90334981_highRes_new-bmw-7-series-wor-1024x683.jpg\" alt=\"\" width=\"1024\" height=\"683\" srcset=\"https:\/\/lignesauto.fr\/wp-content\/uploads\/2019\/01\/P90334981_highRes_new-bmw-7-series-wor-1024x683.jpg 1024w, https:\/\/lignesauto.fr\/wp-content\/uploads\/2019\/01\/P90334981_highRes_new-bmw-7-series-wor-300x200.jpg 300w, https:\/\/lignesauto.fr\/wp-content\/uploads\/2019\/01\/P90334981_highRes_new-bmw-7-series-wor-768x512.jpg 768w, https:\/\/lignesauto.fr\/wp-content\/uploads\/2019\/01\/P90334981_highRes_new-bmw-7-series-wor-370x247.jpg 370w, https:\/\/lignesauto.fr\/wp-content\/uploads\/2019\/01\/P90334981_highRes_new-bmw-7-series-wor-1040x694.jpg 1040w, https:\/\/lignesauto.fr\/wp-content\/uploads\/2019\/01\/P90334981_highRes_new-bmw-7-series-wor.jpg 1984w\" sizes=\"(max-width: 1024px) 100vw, 1024px\" \/><\/a><\/p>\n<p>&nbsp;<\/p>\n<p>Nous vous proposions alors de jouer les oto-rhino-laryngologistes et de plonger dans les fameuses narines des BMW \u00e0 travers les \u00e2ges.<br \/>\nLe voici mis \u00e0 jour avec, en bonus, les \u00e9volutions de cette nouvelle S\u00e9rie 7.<\/p>\n<p><a href=\"http:\/\/lignesauto.fr\/wp-content\/uploads\/2019\/01\/P90333153_highRes_the-new-bmw-7-series.jpg\"><img loading=\"lazy\" decoding=\"async\" class=\"alignnone wp-image-7113 size-large\" src=\"http:\/\/lignesauto.fr\/wp-content\/uploads\/2019\/01\/P90333153_highRes_the-new-bmw-7-series-1024x682.jpg\" alt=\"\" width=\"1024\" height=\"682\" srcset=\"https:\/\/lignesauto.fr\/wp-content\/uploads\/2019\/01\/P90333153_highRes_the-new-bmw-7-series-1024x682.jpg 1024w, https:\/\/lignesauto.fr\/wp-content\/uploads\/2019\/01\/P90333153_highRes_the-new-bmw-7-series-300x200.jpg 300w, https:\/\/lignesauto.fr\/wp-content\/uploads\/2019\/01\/P90333153_highRes_the-new-bmw-7-series-768x512.jpg 768w, https:\/\/lignesauto.fr\/wp-content\/uploads\/2019\/01\/P90333153_highRes_the-new-bmw-7-series-370x247.jpg 370w, https:\/\/lignesauto.fr\/wp-content\/uploads\/2019\/01\/P90333153_highRes_the-new-bmw-7-series-1040x693.jpg 1040w, https:\/\/lignesauto.fr\/wp-content\/uploads\/2019\/01\/P90333153_highRes_the-new-bmw-7-series.jpg 1613w\" sizes=\"(max-width: 1024px) 100vw, 1024px\" \/><\/a><\/p>\n<p>La r\u00e9ussite d&#8217;un constructeur automobile repose en premier lieu sur une reconnaissance de la marque via une identit\u00e9 forte.<br \/>\nUne identit\u00e9 qui, elle, s&#8217;affiche principalement sur la proue du v\u00e9hicule, que ce soient ses optiques ou, plus souvent, sa calandre.<br \/>\nBMW a produit ses premi\u00e8res voitures en acqu\u00e9rant la marque Dixi en 1928.<br \/>\nPuis la premi\u00e8re BMW 3\/15 PS voit le jour en 1929, dix ans apr\u00e8s qu&#8217;Andr\u00e9 Citro\u00ebn a lanc\u00e9 sa propre marque&#8230;<\/p>\n<p><img loading=\"lazy\" decoding=\"async\" class=\"alignnone wp-image-4881 size-large\" src=\"http:\/\/lignesauto.fr\/wp-content\/uploads\/2018\/09\/LIGNESNAZ1-1024x759.png\" alt=\"\" width=\"1024\" height=\"759\" srcset=\"https:\/\/lignesauto.fr\/wp-content\/uploads\/2018\/09\/LIGNESNAZ1-1024x759.png 1024w, https:\/\/lignesauto.fr\/wp-content\/uploads\/2018\/09\/LIGNESNAZ1-300x222.png 300w, https:\/\/lignesauto.fr\/wp-content\/uploads\/2018\/09\/LIGNESNAZ1-768x569.png 768w, https:\/\/lignesauto.fr\/wp-content\/uploads\/2018\/09\/LIGNESNAZ1-370x274.png 370w, https:\/\/lignesauto.fr\/wp-content\/uploads\/2018\/09\/LIGNESNAZ1-1040x771.png 1040w\" sizes=\"(max-width: 1024px) 100vw, 1024px\" \/><\/p>\n<p>Si la premi\u00e8re BMW n&#8217;a pas encore sa fameuse calandre caract\u00e9ristique \u00e0 double &#8220;haricots&#8221;, ces fameux naseaux apparaissent tr\u00e8s vite, d\u00e8s le d\u00e9but des ann\u00e9es 1930, notamment sur la BMW 600 IHLE\u00a0<strong>(ci-dessous)<\/strong><\/p>\n<p><img loading=\"lazy\" decoding=\"async\" class=\"alignnone wp-image-4952 size-full\" src=\"http:\/\/lignesauto.fr\/wp-content\/uploads\/2018\/10\/LIGNES600BMW.jpg\" alt=\"\" width=\"800\" height=\"835\" srcset=\"https:\/\/lignesauto.fr\/wp-content\/uploads\/2018\/10\/LIGNES600BMW.jpg 800w, https:\/\/lignesauto.fr\/wp-content\/uploads\/2018\/10\/LIGNES600BMW-287x300.jpg 287w, https:\/\/lignesauto.fr\/wp-content\/uploads\/2018\/10\/LIGNES600BMW-768x802.jpg 768w, https:\/\/lignesauto.fr\/wp-content\/uploads\/2018\/10\/LIGNES600BMW-370x386.jpg 370w\" sizes=\"(max-width: 800px) 100vw, 800px\" \/><br \/>\nMais c&#8217;est bien s\u00fbr le roadster BMW 328 <strong>(ci-dessous)<\/strong> qui va marquer les esprits \u00e0 son apparition en 1936 embarquant la marque vers une destin\u00e9e sportive dont elle ne d\u00e9rogera jamais.<br \/>\nCe roadster arbore fi\u00e8rement la calandre qui devient l&#8217;identit\u00e9 forte de la reconnaissante de cette marque toute jeune.<\/p>\n<p><img loading=\"lazy\" decoding=\"async\" class=\"alignnone wp-image-4883 size-large\" src=\"http:\/\/lignesauto.fr\/wp-content\/uploads\/2018\/09\/LIGNESNAZ3-1024x757.png\" alt=\"\" width=\"1024\" height=\"757\" srcset=\"https:\/\/lignesauto.fr\/wp-content\/uploads\/2018\/09\/LIGNESNAZ3-1024x757.png 1024w, https:\/\/lignesauto.fr\/wp-content\/uploads\/2018\/09\/LIGNESNAZ3-300x222.png 300w, https:\/\/lignesauto.fr\/wp-content\/uploads\/2018\/09\/LIGNESNAZ3-768x568.png 768w, https:\/\/lignesauto.fr\/wp-content\/uploads\/2018\/09\/LIGNESNAZ3-370x274.png 370w, https:\/\/lignesauto.fr\/wp-content\/uploads\/2018\/09\/LIGNESNAZ3-1040x769.png 1040w, https:\/\/lignesauto.fr\/wp-content\/uploads\/2018\/09\/LIGNESNAZ3.png 1843w\" sizes=\"(max-width: 1024px) 100vw, 1024px\" \/><\/p>\n<p>D\u00e8s lors, toutes les r\u00e9alisations de BMW vont adopter cette signature avec dans un premiers temps, des formes ovales verticales, parfois second\u00e9es d&#8217;autres entr\u00e9es d&#8217;air comme sur la s\u00e9rie des BMW 500 de 1951 <strong>(ci-dessous)<\/strong> qui, avec ses lignes un rien pataudes, n&#8217;en renforce pas moins la fameuse identit\u00e9 de marque&#8230;<\/p>\n<p><img loading=\"lazy\" decoding=\"async\" class=\"alignnone wp-image-4884 size-large\" src=\"http:\/\/lignesauto.fr\/wp-content\/uploads\/2018\/09\/LIGNESNAZ4-1024x755.png\" alt=\"\" width=\"1024\" height=\"755\" srcset=\"https:\/\/lignesauto.fr\/wp-content\/uploads\/2018\/09\/LIGNESNAZ4-1024x755.png 1024w, https:\/\/lignesauto.fr\/wp-content\/uploads\/2018\/09\/LIGNESNAZ4-300x221.png 300w, https:\/\/lignesauto.fr\/wp-content\/uploads\/2018\/09\/LIGNESNAZ4-768x566.png 768w, https:\/\/lignesauto.fr\/wp-content\/uploads\/2018\/09\/LIGNESNAZ4-370x273.png 370w, https:\/\/lignesauto.fr\/wp-content\/uploads\/2018\/09\/LIGNESNAZ4-1040x766.png 1040w, https:\/\/lignesauto.fr\/wp-content\/uploads\/2018\/09\/LIGNESNAZ4.png 1843w\" sizes=\"(max-width: 1024px) 100vw, 1024px\" \/><\/p>\n<p>En 1955, alors qu&#8217;en France Citro\u00ebn d\u00e9voile sa v\u00e9ritable bombe &#8220;DS&#8221;, BMW reste \u00e9galement tr\u00e8s actif avec l&#8217;apparition de l&#8217;ic\u00f4ne 507, un cabriolet dessin\u00e9 par Albrecht von Goertz. Une splendide r\u00e9alisation <strong>(ci-dessous)<\/strong>, tr\u00e8s fine et \u00e9quilibr\u00e9e, destin\u00e9e au march\u00e9 am\u00e9ricain et qui sera finalement boud\u00e9e par ce continent puisque moins de 40 unit\u00e9s seront vendues l\u00e0-bas sur une production totale de 251 exemplaires.<br \/>\nCet \u00e9chec commercial n&#8217;en est pas un au niveau de l&#8217;identit\u00e9 de la marque qui, sous le fusain de von Goertz a ouvert la voie \u00e0 une nouvelle interpr\u00e9tation de la fameuse calandre BMW : la voil\u00e0 qui s&#8217;\u00e9tire, s&#8217;allonge et respire le bitume par ses deux narines per\u00e7ant l&#8217;int\u00e9gralit\u00e9 de la face avant du roadster&#8230;<\/p>\n<p><img loading=\"lazy\" decoding=\"async\" class=\"alignnone wp-image-4885 size-large\" src=\"http:\/\/lignesauto.fr\/wp-content\/uploads\/2018\/09\/LIGNESNAZ5-1024x756.png\" alt=\"\" width=\"1024\" height=\"756\" srcset=\"https:\/\/lignesauto.fr\/wp-content\/uploads\/2018\/09\/LIGNESNAZ5-1024x756.png 1024w, https:\/\/lignesauto.fr\/wp-content\/uploads\/2018\/09\/LIGNESNAZ5-300x221.png 300w, https:\/\/lignesauto.fr\/wp-content\/uploads\/2018\/09\/LIGNESNAZ5-768x567.png 768w, https:\/\/lignesauto.fr\/wp-content\/uploads\/2018\/09\/LIGNESNAZ5-370x273.png 370w, https:\/\/lignesauto.fr\/wp-content\/uploads\/2018\/09\/LIGNESNAZ5-1040x767.png 1040w, https:\/\/lignesauto.fr\/wp-content\/uploads\/2018\/09\/LIGNESNAZ5.png 1843w\" sizes=\"(max-width: 1024px) 100vw, 1024px\" \/><\/p>\n<p>1955&#8230; C&#8217;est \u00e9galement l&#8217;ann\u00e9e o\u00f9 BMW produit l&#8217;Isetta BMW <strong>(ci-dessous)<\/strong> au concept totalement oppos\u00e9 \u00e0 celui de la 507.<br \/>\n\u00c9tonnement avec cette proposition d\u00e9voil\u00e9e en m\u00eame temps que la 507,\u00a0nous sommes en pr\u00e9sence d&#8217;une gamme qui repose sur deux mod\u00e8les bien \u00e9loign\u00e9s les uns des autres, \u00e0 l&#8217;image de la gamme Citro\u00ebn de cette \u00e9poque avec sa 2 CV et la DS !<br \/>\nL&#8217;isetta a au moins le m\u00e9rite de casser les codes puisqu&#8217;elle n&#8217;a pas de calandre !<\/p>\n<p><img loading=\"lazy\" decoding=\"async\" class=\"alignnone wp-image-4886 size-large\" src=\"http:\/\/lignesauto.fr\/wp-content\/uploads\/2018\/09\/LIGNESNAZ6-1024x758.png\" alt=\"\" width=\"1024\" height=\"758\" srcset=\"https:\/\/lignesauto.fr\/wp-content\/uploads\/2018\/09\/LIGNESNAZ6-1024x758.png 1024w, https:\/\/lignesauto.fr\/wp-content\/uploads\/2018\/09\/LIGNESNAZ6-300x222.png 300w, https:\/\/lignesauto.fr\/wp-content\/uploads\/2018\/09\/LIGNESNAZ6-768x568.png 768w, https:\/\/lignesauto.fr\/wp-content\/uploads\/2018\/09\/LIGNESNAZ6-370x274.png 370w, https:\/\/lignesauto.fr\/wp-content\/uploads\/2018\/09\/LIGNESNAZ6-1040x770.png 1040w, https:\/\/lignesauto.fr\/wp-content\/uploads\/2018\/09\/LIGNESNAZ6.png 1843w\" sizes=\"(max-width: 1024px) 100vw, 1024px\" \/><\/p>\n<p>Ce ne sera pas la seule BMW \u00e0 \u00eatre commercialis\u00e9e sans calandre puisque la s\u00e9rie 700 <strong>(ci-dessous)<\/strong> qui sera lanc\u00e9e en 1959, adopte la m\u00eame architecture que la BMW 600 d\u00e9riv\u00e9e de l&#8217;Isetta, \u00e0 soir un moteur positionn\u00e9 \u00e0 l&#8217;arri\u00e8re.<\/p>\n<p><img loading=\"lazy\" decoding=\"async\" class=\"alignnone wp-image-4887 size-large\" src=\"http:\/\/lignesauto.fr\/wp-content\/uploads\/2018\/09\/LIGNESNAZ7-1024x681.png\" alt=\"\" width=\"1024\" height=\"681\" srcset=\"https:\/\/lignesauto.fr\/wp-content\/uploads\/2018\/09\/LIGNESNAZ7-1024x681.png 1024w, https:\/\/lignesauto.fr\/wp-content\/uploads\/2018\/09\/LIGNESNAZ7-300x199.png 300w, https:\/\/lignesauto.fr\/wp-content\/uploads\/2018\/09\/LIGNESNAZ7-768x511.png 768w, https:\/\/lignesauto.fr\/wp-content\/uploads\/2018\/09\/LIGNESNAZ7-370x246.png 370w, https:\/\/lignesauto.fr\/wp-content\/uploads\/2018\/09\/LIGNESNAZ7-1040x691.png 1040w, https:\/\/lignesauto.fr\/wp-content\/uploads\/2018\/09\/LIGNESNAZ7.png 1417w\" sizes=\"(max-width: 1024px) 100vw, 1024px\" \/><\/p>\n<p>Mais avec cette 700, c&#8217;est avant tout l&#8217;arriv\u00e9e du styliste Giovanni Michelotti dans la sph\u00e8re BMW qu&#8217;il faut prendre en compte car avec lui, la firme allemande \u00e0 l&#8217;agonie, quasi-vendue \u00e0 Daimler-Benz, va \u00eatre sauv\u00e9e in extremis par le projet 1500.<br \/>\nCette berline de classe moyenne va \u00eatre enfant\u00e9e par le designer italien pourtant adepte des dessins de voitures sportives.<br \/>\nIl va poser les bases d&#8217;un style BMW dont la maison m\u00e8re va s&#8217;attacher \u00e0 p\u00e9renniser.<br \/>\nLa berline 1500 appel\u00e9e &#8220;Neue klass&#8221; <strong>(ci-dessous)<\/strong> va rencontrer le succ\u00e8s et sortir la marque Allemande de sa zone de tr\u00e8s fortes turbulences.<\/p>\n<p><img loading=\"lazy\" decoding=\"async\" class=\"alignnone wp-image-4880 size-large\" src=\"http:\/\/lignesauto.fr\/wp-content\/uploads\/2018\/09\/LIGNESNAZ000-1024x489.png\" alt=\"\" width=\"1024\" height=\"489\" srcset=\"https:\/\/lignesauto.fr\/wp-content\/uploads\/2018\/09\/LIGNESNAZ000-1024x489.png 1024w, https:\/\/lignesauto.fr\/wp-content\/uploads\/2018\/09\/LIGNESNAZ000-300x143.png 300w, https:\/\/lignesauto.fr\/wp-content\/uploads\/2018\/09\/LIGNESNAZ000-768x367.png 768w, https:\/\/lignesauto.fr\/wp-content\/uploads\/2018\/09\/LIGNESNAZ000-370x177.png 370w, https:\/\/lignesauto.fr\/wp-content\/uploads\/2018\/09\/LIGNESNAZ000-1040x497.png 1040w, https:\/\/lignesauto.fr\/wp-content\/uploads\/2018\/09\/LIGNESNAZ000.png 1843w\" sizes=\"(max-width: 1024px) 100vw, 1024px\" \/><\/p>\n<p>Au milieu des ann\u00e9es 1960, Michelotti s&#8217;attaque \u00e0 un projet de berline l\u00e9g\u00e8rement plus compacte que la 1500, avec deux portes seulement qui donnera naissance \u00e0 la s\u00e9rie des 1600 aux 2002 et notamment \u00e0 la 2002 Turbo.<br \/>\nL&#8217;\u00e9quipe de designers BMW accompagne l&#8217;italien dans ces travaux avec notamment Wilhelm Hofmeister \u00e0 qui l&#8217;on doit la fameuse &#8220;virgule&#8221; dans le dessin du vitrage lat\u00e9ral du c\u00f4t\u00e9 de caisse.<br \/>\nCette ligne &#8220;Hofmeister-Knick&#8221; (le coude de la vitre lat\u00e9rale) sera perp\u00e9tu\u00e9e jusqu&#8217;\u00e0 aujourd&#8217;hui. Comme la calandre qui pourtant aurait pu abandonner ses deux &#8220;haricots&#8221; centraux <strong>(ci-dessous)<\/strong> pour les \u00e9largir afin d&#8217;int\u00e9grer les optiques avant&#8230;<\/p>\n<p><img loading=\"lazy\" decoding=\"async\" class=\"alignnone wp-image-4953 size-large\" src=\"http:\/\/lignesauto.fr\/wp-content\/uploads\/2018\/10\/LIGNESNAZ0-1024x796.png\" alt=\"\" width=\"1024\" height=\"796\" srcset=\"https:\/\/lignesauto.fr\/wp-content\/uploads\/2018\/10\/LIGNESNAZ0-1024x796.png 1024w, https:\/\/lignesauto.fr\/wp-content\/uploads\/2018\/10\/LIGNESNAZ0-300x233.png 300w, https:\/\/lignesauto.fr\/wp-content\/uploads\/2018\/10\/LIGNESNAZ0-768x597.png 768w, https:\/\/lignesauto.fr\/wp-content\/uploads\/2018\/10\/LIGNESNAZ0-370x288.png 370w, https:\/\/lignesauto.fr\/wp-content\/uploads\/2018\/10\/LIGNESNAZ0-1040x809.png 1040w, https:\/\/lignesauto.fr\/wp-content\/uploads\/2018\/10\/LIGNESNAZ0.png 1559w\" sizes=\"(max-width: 1024px) 100vw, 1024px\" \/><\/p>\n<p>Un principe qui a \u00e9t\u00e9 en partie retenu sur la 1600 mais auquel les designers ont finalement ajout\u00e9 au centre, l&#8217;embl\u00e8me caract\u00e9ristique de BMW <strong>(ci-dessous)<\/strong>.<br \/>\nOuf ! Les haricots sont toujours l\u00e0 !!<\/p>\n<p><img loading=\"lazy\" decoding=\"async\" class=\"alignnone wp-image-4879 size-large\" src=\"http:\/\/lignesauto.fr\/wp-content\/uploads\/2018\/09\/LIGNESNAZ00-1024x803.png\" alt=\"\" width=\"1024\" height=\"803\" srcset=\"https:\/\/lignesauto.fr\/wp-content\/uploads\/2018\/09\/LIGNESNAZ00-1024x803.png 1024w, https:\/\/lignesauto.fr\/wp-content\/uploads\/2018\/09\/LIGNESNAZ00-300x235.png 300w, https:\/\/lignesauto.fr\/wp-content\/uploads\/2018\/09\/LIGNESNAZ00-768x602.png 768w, https:\/\/lignesauto.fr\/wp-content\/uploads\/2018\/09\/LIGNESNAZ00-370x290.png 370w, https:\/\/lignesauto.fr\/wp-content\/uploads\/2018\/09\/LIGNESNAZ00-1040x816.png 1040w, https:\/\/lignesauto.fr\/wp-content\/uploads\/2018\/09\/LIGNESNAZ00.png 1559w\" sizes=\"(max-width: 1024px) 100vw, 1024px\" \/><\/p>\n<p>L&#8217;ensemble termin\u00e9 sur la fameuse &#8220;petite&#8221; 1600\/2002 <strong>(ci-dessous)<\/strong> reste une signature ind\u00e9modable de l&#8217;identit\u00e9 de la gamme BMW des ann\u00e9es 1960 et 1970.<br \/>\nUne ann\u00e9e 1970 ou tout va subitement s&#8217;acc\u00e9l\u00e9rer&#8230;<\/p>\n<p><img loading=\"lazy\" decoding=\"async\" class=\"alignnone wp-image-4954 size-large\" src=\"http:\/\/lignesauto.fr\/wp-content\/uploads\/2018\/10\/LIGNESNAZ8-1024x760.png\" alt=\"\" width=\"1024\" height=\"760\" srcset=\"https:\/\/lignesauto.fr\/wp-content\/uploads\/2018\/10\/LIGNESNAZ8-1024x760.png 1024w, https:\/\/lignesauto.fr\/wp-content\/uploads\/2018\/10\/LIGNESNAZ8-300x223.png 300w, https:\/\/lignesauto.fr\/wp-content\/uploads\/2018\/10\/LIGNESNAZ8-768x570.png 768w, https:\/\/lignesauto.fr\/wp-content\/uploads\/2018\/10\/LIGNESNAZ8-370x275.png 370w, https:\/\/lignesauto.fr\/wp-content\/uploads\/2018\/10\/LIGNESNAZ8-1040x772.png 1040w, https:\/\/lignesauto.fr\/wp-content\/uploads\/2018\/10\/LIGNESNAZ8.png 1843w\" sizes=\"(max-width: 1024px) 100vw, 1024px\" \/><\/p>\n<p>Il y a d&#8217;abord, en 1972, le premier concept-car de la firme bavaroise : c&#8217;est la BMW Turbo <strong>(ci-dessous. Photo Ch.Martin)<\/strong> dessin\u00e9e par le fran\u00e7ais Paul Bracq.<br \/>\nApr\u00e8s dix ans pass\u00e9s chez Mercedes de 1957 \u00e0 1967 et un passage en France, le voil\u00e0 de retour en Allemagne chez le concurrent de Daimler-Benz !<br \/>\nEt pas avec n&#8217;importe quel produit : un jalon dans l&#8217;histoire du design automobile et dans celle du design de la marque.<\/p>\n<p><img loading=\"lazy\" decoding=\"async\" class=\"alignnone wp-image-4890 size-full\" src=\"http:\/\/lignesauto.fr\/wp-content\/uploads\/2018\/09\/LIGNESNAZ11.jpg\" alt=\"\" width=\"792\" height=\"530\" srcset=\"https:\/\/lignesauto.fr\/wp-content\/uploads\/2018\/09\/LIGNESNAZ11.jpg 792w, https:\/\/lignesauto.fr\/wp-content\/uploads\/2018\/09\/LIGNESNAZ11-300x201.jpg 300w, https:\/\/lignesauto.fr\/wp-content\/uploads\/2018\/09\/LIGNESNAZ11-768x514.jpg 768w, https:\/\/lignesauto.fr\/wp-content\/uploads\/2018\/09\/LIGNESNAZ11-370x248.jpg 370w\" sizes=\"(max-width: 792px) 100vw, 792px\" \/><\/p>\n<p>Paul Bracq va s&#8217;attacher par la suite \u00e0 conserver l&#8217;identit\u00e9 forte de la calandre BMW en la faisant pourtant grandement \u00e9voluer.<br \/>\nIl va ainsi instaurer l&#8217;inclinaison n\u00e9gative de la calandre avec ce nez caract\u00e9ristique qu&#8217;adopteront les S\u00e9rie 3, S\u00e9rie 5, S\u00e9rie 6 et S\u00e9rie 7.<\/p>\n<p><img loading=\"lazy\" decoding=\"async\" class=\"alignnone wp-image-4888 size-large\" src=\"http:\/\/lignesauto.fr\/wp-content\/uploads\/2018\/09\/LIGNESNAZ9-1024x758.png\" alt=\"\" width=\"1024\" height=\"758\" srcset=\"https:\/\/lignesauto.fr\/wp-content\/uploads\/2018\/09\/LIGNESNAZ9-1024x758.png 1024w, https:\/\/lignesauto.fr\/wp-content\/uploads\/2018\/09\/LIGNESNAZ9-300x222.png 300w, https:\/\/lignesauto.fr\/wp-content\/uploads\/2018\/09\/LIGNESNAZ9-768x569.png 768w, https:\/\/lignesauto.fr\/wp-content\/uploads\/2018\/09\/LIGNESNAZ9-370x274.png 370w, https:\/\/lignesauto.fr\/wp-content\/uploads\/2018\/09\/LIGNESNAZ9-1040x770.png 1040w, https:\/\/lignesauto.fr\/wp-content\/uploads\/2018\/09\/LIGNESNAZ9.png 1843w\" sizes=\"(max-width: 1024px) 100vw, 1024px\" \/><\/p>\n<p>La premi\u00e8re S\u00e9rie 6 apparue en 1976 <strong>(ci-dessus)<\/strong> accompagne le lancement de la premi\u00e8re S\u00e9rie 3 et confirme que BMW a su faire \u00e9voluer sa calandre sans toucher aux fondamentaux de son identit\u00e9&#8230;<\/p>\n<p><img loading=\"lazy\" decoding=\"async\" class=\"alignnone wp-image-4889 size-large\" src=\"http:\/\/lignesauto.fr\/wp-content\/uploads\/2018\/09\/LIGNESNAZ10-1024x690.jpg\" alt=\"\" width=\"1024\" height=\"690\" srcset=\"https:\/\/lignesauto.fr\/wp-content\/uploads\/2018\/09\/LIGNESNAZ10-1024x690.jpg 1024w, https:\/\/lignesauto.fr\/wp-content\/uploads\/2018\/09\/LIGNESNAZ10-300x202.jpg 300w, https:\/\/lignesauto.fr\/wp-content\/uploads\/2018\/09\/LIGNESNAZ10-768x518.jpg 768w, https:\/\/lignesauto.fr\/wp-content\/uploads\/2018\/09\/LIGNESNAZ10-370x249.jpg 370w, https:\/\/lignesauto.fr\/wp-content\/uploads\/2018\/09\/LIGNESNAZ10-1040x701.jpg 1040w\" sizes=\"(max-width: 1024px) 100vw, 1024px\" \/><\/p>\n<p>Bien plus tard, lorsque la S\u00e9rie 7 sera propos\u00e9e avec un moteur V12, les stylistes conservent l&#8217;architecture de la calandre type de BMW sans \u00eatre ostentatoires ou vulgaires.<br \/>\nCi-dessus, la premi\u00e8re S\u00e9rie 7 \u00e0 moteur V12 dispose de larges naseaux, certes, mais ce n&#8217;est rien par rapport \u00e0 ce qui va suivre&#8230; Voici la S\u00e9rie 7 de 2019 (ci-dessous) qui vient d&#8217;\u00eatre d\u00e9voil\u00e9e en Chine. O\u00f9 l&#8217;on sursaute en d\u00e9couvrant les naseaux qui ont tripl\u00e9 de volume par rapport \u00e0 la premi\u00e8re &#8220;7&#8221; V12 ci-dessus !<\/p>\n<p><a href=\"http:\/\/lignesauto.fr\/wp-content\/uploads\/2019\/01\/P90331991_highRes_the-new-bmw-7-series.jpg\"><img loading=\"lazy\" decoding=\"async\" class=\"alignnone wp-image-7100 size-large\" src=\"http:\/\/lignesauto.fr\/wp-content\/uploads\/2019\/01\/P90331991_highRes_the-new-bmw-7-series-1024x685.jpg\" alt=\"\" width=\"1024\" height=\"685\" srcset=\"https:\/\/lignesauto.fr\/wp-content\/uploads\/2019\/01\/P90331991_highRes_the-new-bmw-7-series-1024x685.jpg 1024w, https:\/\/lignesauto.fr\/wp-content\/uploads\/2019\/01\/P90331991_highRes_the-new-bmw-7-series-300x201.jpg 300w, https:\/\/lignesauto.fr\/wp-content\/uploads\/2019\/01\/P90331991_highRes_the-new-bmw-7-series-768x514.jpg 768w, https:\/\/lignesauto.fr\/wp-content\/uploads\/2019\/01\/P90331991_highRes_the-new-bmw-7-series-370x248.jpg 370w, https:\/\/lignesauto.fr\/wp-content\/uploads\/2019\/01\/P90331991_highRes_the-new-bmw-7-series-1040x696.jpg 1040w, https:\/\/lignesauto.fr\/wp-content\/uploads\/2019\/01\/P90331991_highRes_the-new-bmw-7-series.jpg 1843w\" sizes=\"(max-width: 1024px) 100vw, 1024px\" \/><\/a><\/p>\n<p><a href=\"http:\/\/lignesauto.fr\/wp-content\/uploads\/2019\/01\/P90333151_highRes_the-new-bmw-7-series.jpg\"><img loading=\"lazy\" decoding=\"async\" class=\"alignnone wp-image-7114 size-large\" src=\"http:\/\/lignesauto.fr\/wp-content\/uploads\/2019\/01\/P90333151_highRes_the-new-bmw-7-series-1024x682.jpg\" alt=\"\" width=\"1024\" height=\"682\" srcset=\"https:\/\/lignesauto.fr\/wp-content\/uploads\/2019\/01\/P90333151_highRes_the-new-bmw-7-series-1024x682.jpg 1024w, https:\/\/lignesauto.fr\/wp-content\/uploads\/2019\/01\/P90333151_highRes_the-new-bmw-7-series-300x200.jpg 300w, https:\/\/lignesauto.fr\/wp-content\/uploads\/2019\/01\/P90333151_highRes_the-new-bmw-7-series-768x512.jpg 768w, https:\/\/lignesauto.fr\/wp-content\/uploads\/2019\/01\/P90333151_highRes_the-new-bmw-7-series-370x246.jpg 370w, https:\/\/lignesauto.fr\/wp-content\/uploads\/2019\/01\/P90333151_highRes_the-new-bmw-7-series-1040x693.jpg 1040w, https:\/\/lignesauto.fr\/wp-content\/uploads\/2019\/01\/P90333151_highRes_the-new-bmw-7-series.jpg 1276w\" sizes=\"(max-width: 1024px) 100vw, 1024px\" \/><\/a><br \/>\n<em>On est m\u00eame surpris que de tels naseaux puissent tenir sur une simple feuille A4 !<\/em><\/p>\n<p>Ce nouveau langage de l&#8217;identit\u00e9 BMW a pris racine bien avant cette nouvelle S\u00e9rie 7. Les ann\u00e9es 2000 vont \u00eatre le th\u00e9\u00e2tre d&#8217;une \u00e9volution du dessin de la calandre des BMW que certains jugent aujourd&#8217;hui dramatique et que d&#8217;autres applaudissent en expliquant qu&#8217;elle est dans l&#8217;air du temps&#8230;<br \/>\nCes ann\u00e9es 2000 d\u00e9butent avec la pr\u00e9sentation du premier SAV (Sport Active Vehicle) dans l&#8217;univers des constructeurs allemands : la BMW X5\u00a0ouvre la voie non pas \u00e0 un v\u00e9hicule nouveau, mais \u00e0 une v\u00e9ritable r\u00e9volution qui conduira tous les constructeurs du monde \u00e0 cr\u00e9er une v\u00e9ritable gamme dans leur gamme de ce que l&#8217;on appelle aujourd&#8217;hui les SUV.<\/p>\n<p><img loading=\"lazy\" decoding=\"async\" class=\"alignnone wp-image-4958 size-large\" src=\"http:\/\/lignesauto.fr\/wp-content\/uploads\/2018\/10\/LIGNESNAZ505-1024x683.jpg\" alt=\"\" width=\"1024\" height=\"683\" srcset=\"https:\/\/lignesauto.fr\/wp-content\/uploads\/2018\/10\/LIGNESNAZ505-1024x683.jpg 1024w, https:\/\/lignesauto.fr\/wp-content\/uploads\/2018\/10\/LIGNESNAZ505-300x200.jpg 300w, https:\/\/lignesauto.fr\/wp-content\/uploads\/2018\/10\/LIGNESNAZ505-768x512.jpg 768w, https:\/\/lignesauto.fr\/wp-content\/uploads\/2018\/10\/LIGNESNAZ505-370x247.jpg 370w, https:\/\/lignesauto.fr\/wp-content\/uploads\/2018\/10\/LIGNESNAZ505-1040x693.jpg 1040w\" sizes=\"(max-width: 1024px) 100vw, 1024px\" \/><\/p>\n<p>De g\u00e9n\u00e9rations de X5 <strong>(ci-dessus celle de 2018)<\/strong> en g\u00e9n\u00e9rations de X1, X2, X3, X4, X6, X7, le tr\u00e8s fameux double haricots s&#8217;est mu\u00e9 en haricot magique, prenant au fil des ans des proportions digne des calandres de poids lourds !<br \/>\nL&#8217;identit\u00e9 de BMW qui reposait sur la subtile alliance des deux &#8220;haricots&#8221; encadr\u00e9 par deux calandres int\u00e9grant les optiques s&#8217;est consid\u00e9rablement modifi\u00e9e en ne reposant d\u00e9sormais plus que sur les deux naseaux.<br \/>\nIls sont d\u00e9sormais diff\u00e9rents selon qu&#8217;ils habillent un SUV, une berline ou un v\u00e9hicule \u00e9lectrique.<\/p>\n<p><img loading=\"lazy\" decoding=\"async\" class=\"alignnone wp-image-4877 size-large\" src=\"http:\/\/lignesauto.fr\/wp-content\/uploads\/2018\/09\/LIGNERSNAZ502-1024x637.jpg\" alt=\"\" width=\"1024\" height=\"637\" srcset=\"https:\/\/lignesauto.fr\/wp-content\/uploads\/2018\/09\/LIGNERSNAZ502-1024x637.jpg 1024w, https:\/\/lignesauto.fr\/wp-content\/uploads\/2018\/09\/LIGNERSNAZ502-300x187.jpg 300w, https:\/\/lignesauto.fr\/wp-content\/uploads\/2018\/09\/LIGNERSNAZ502-768x478.jpg 768w, https:\/\/lignesauto.fr\/wp-content\/uploads\/2018\/09\/LIGNERSNAZ502-370x230.jpg 370w, https:\/\/lignesauto.fr\/wp-content\/uploads\/2018\/09\/LIGNERSNAZ502-1040x647.jpg 1040w\" sizes=\"(max-width: 1024px) 100vw, 1024px\" \/><\/p>\n<p>Ainsi, les naseaux du prochain X7 <strong>(ci-dessus)<\/strong> qui est entr\u00e9 en phase de pr\u00e9-production aux \u00c9tats-Unis repr\u00e9sentent \u00e0 eux seuls plus de 60% de la surface frontale alors que les optiques \u00e0 l&#8217;inverse, ont consid\u00e9rablement r\u00e9duits leur voilure !<\/p>\n<p><img loading=\"lazy\" decoding=\"async\" class=\"alignnone wp-image-4895 size-large\" src=\"http:\/\/lignesauto.fr\/wp-content\/uploads\/2018\/09\/LIGNESNAZ106-1024x683.jpg\" alt=\"\" width=\"1024\" height=\"683\" srcset=\"https:\/\/lignesauto.fr\/wp-content\/uploads\/2018\/09\/LIGNESNAZ106-1024x683.jpg 1024w, https:\/\/lignesauto.fr\/wp-content\/uploads\/2018\/09\/LIGNESNAZ106-300x200.jpg 300w, https:\/\/lignesauto.fr\/wp-content\/uploads\/2018\/09\/LIGNESNAZ106-768x512.jpg 768w, https:\/\/lignesauto.fr\/wp-content\/uploads\/2018\/09\/LIGNESNAZ106-370x247.jpg 370w, https:\/\/lignesauto.fr\/wp-content\/uploads\/2018\/09\/LIGNESNAZ106-1040x693.jpg 1040w\" sizes=\"(max-width: 1024px) 100vw, 1024px\" \/><\/p>\n<p>Pour les SUV de la gamme &#8220;BMWi&#8221;, <strong>(ci-dessus et ci-dessous la BMW iNEXT)<\/strong> les deux haricots sont interconnect\u00e9s et non totalement s\u00e9par\u00e9s comme sur le reste de la gamme.<br \/>\nIls s&#8217;\u00e9tirent sur pratiquement l&#8217;int\u00e9gralit\u00e9 de la proue et ne cache plus d&#8217;entr\u00e9e d&#8217;air puisqu&#8217;ils n&#8217;ont plus de moteur thermique \u00e0 refroidir mais rassemblent tous les capteurs ou lasers introduits sur les v\u00e9hicules autonomes.<br \/>\nIls perdent leur fonction premi\u00e8re, en retrouve une toute nouvelle et pousse l&#8217;identit\u00e9 de la marque n\u00e9e au d\u00e9but des ann\u00e9es 1930 \u00e0 son paroxysme.<\/p>\n<p><img loading=\"lazy\" decoding=\"async\" class=\"alignnone wp-image-4386 size-full\" src=\"http:\/\/lignesauto.fr\/wp-content\/uploads\/2018\/09\/P90322284_lowRes_bmw-vision-inext-des.jpg\" alt=\"\" width=\"600\" height=\"400\" srcset=\"https:\/\/lignesauto.fr\/wp-content\/uploads\/2018\/09\/P90322284_lowRes_bmw-vision-inext-des.jpg 600w, https:\/\/lignesauto.fr\/wp-content\/uploads\/2018\/09\/P90322284_lowRes_bmw-vision-inext-des-300x200.jpg 300w, https:\/\/lignesauto.fr\/wp-content\/uploads\/2018\/09\/P90322284_lowRes_bmw-vision-inext-des-370x247.jpg 370w\" sizes=\"(max-width: 600px) 100vw, 600px\" \/><\/p>\n<p>Les proportions de la &#8220;fausse&#8221; calandre du concept-car iNEXT prennent toutes leurs&#8230; dimensions avec cette vue <strong>(ci-dessus)<\/strong><br \/>\nCette &#8220;interconnexion&#8221; entre les deux \u00e9l\u00e9ments de la calandre sera \u00e9galement adopt\u00e9e par l&#8217;hypoth\u00e9tique berline 100% \u00e9lectrique de la gamme i (i4\/i5 ?) comme l&#8217;a sugg\u00e9r\u00e9 le concept-car i Vision Dynamics de 2017 <strong>(ci-dessous)<\/strong><\/p>\n<p><img loading=\"lazy\" decoding=\"async\" class=\"alignnone wp-image-4899 size-large\" src=\"http:\/\/lignesauto.fr\/wp-content\/uploads\/2018\/09\/LIGNESNAZ503-1024x682.jpg\" alt=\"\" width=\"1024\" height=\"682\" srcset=\"https:\/\/lignesauto.fr\/wp-content\/uploads\/2018\/09\/LIGNESNAZ503-1024x682.jpg 1024w, https:\/\/lignesauto.fr\/wp-content\/uploads\/2018\/09\/LIGNESNAZ503-300x200.jpg 300w, https:\/\/lignesauto.fr\/wp-content\/uploads\/2018\/09\/LIGNESNAZ503-768x512.jpg 768w, https:\/\/lignesauto.fr\/wp-content\/uploads\/2018\/09\/LIGNESNAZ503-370x247.jpg 370w, https:\/\/lignesauto.fr\/wp-content\/uploads\/2018\/09\/LIGNESNAZ503-1040x693.jpg 1040w, https:\/\/lignesauto.fr\/wp-content\/uploads\/2018\/09\/LIGNESNAZ503.jpg 2000w\" sizes=\"(max-width: 1024px) 100vw, 1024px\" \/><\/p>\n<p>Heureusement (?), les berlines ou coup\u00e9s de la gamme restent fid\u00e8les aux doubles haricots qui s&#8217;\u00e9tirent d\u00e9sormais sur toute la largeur du v\u00e9hicule et prennent une forme biseaut\u00e9e et bien plus agressive gr\u00e2ce \u00e0 un dessin des fanons plus travaill\u00e9 <strong>(ci-dessous la BMW S\u00e9rie 8 concept)<\/strong><\/p>\n<p><img loading=\"lazy\" decoding=\"async\" class=\"alignnone wp-image-4894 size-large\" src=\"http:\/\/lignesauto.fr\/wp-content\/uploads\/2018\/09\/LIGNESNAZ104-1024x683.jpg\" alt=\"\" width=\"1024\" height=\"683\" srcset=\"https:\/\/lignesauto.fr\/wp-content\/uploads\/2018\/09\/LIGNESNAZ104-1024x683.jpg 1024w, https:\/\/lignesauto.fr\/wp-content\/uploads\/2018\/09\/LIGNESNAZ104-300x200.jpg 300w, https:\/\/lignesauto.fr\/wp-content\/uploads\/2018\/09\/LIGNESNAZ104-768x512.jpg 768w, https:\/\/lignesauto.fr\/wp-content\/uploads\/2018\/09\/LIGNESNAZ104-370x247.jpg 370w, https:\/\/lignesauto.fr\/wp-content\/uploads\/2018\/09\/LIGNESNAZ104-1040x693.jpg 1040w\" sizes=\"(max-width: 1024px) 100vw, 1024px\" \/><\/p>\n<p>En r\u00e9sum\u00e9, l&#8217;identit\u00e9 de la proue des BMW a constamment \u00e9volu\u00e9 depuis les ann\u00e9es 1930 tout en conservant toujours le fameux &#8220;double-haricot&#8221;.<br \/>\nLes deux petites calandres qui compl\u00e9taient cette vue de face ont disparu, remplac\u00e9es par une croissance gargantuesque de ces fameux naseaux.<\/p>\n<p><img loading=\"lazy\" decoding=\"async\" class=\"alignnone wp-image-4896 size-large\" src=\"http:\/\/lignesauto.fr\/wp-content\/uploads\/2018\/09\/LIGNESNAZCCC-1024x683.jpg\" alt=\"\" width=\"1024\" height=\"683\" srcset=\"https:\/\/lignesauto.fr\/wp-content\/uploads\/2018\/09\/LIGNESNAZCCC-1024x683.jpg 1024w, https:\/\/lignesauto.fr\/wp-content\/uploads\/2018\/09\/LIGNESNAZCCC-300x200.jpg 300w, https:\/\/lignesauto.fr\/wp-content\/uploads\/2018\/09\/LIGNESNAZCCC-768x512.jpg 768w, https:\/\/lignesauto.fr\/wp-content\/uploads\/2018\/09\/LIGNESNAZCCC-370x247.jpg 370w, https:\/\/lignesauto.fr\/wp-content\/uploads\/2018\/09\/LIGNESNAZCCC-1040x693.jpg 1040w, https:\/\/lignesauto.fr\/wp-content\/uploads\/2018\/09\/LIGNESNAZCCC.jpg 1860w\" sizes=\"(max-width: 1024px) 100vw, 1024px\" \/><\/p>\n<p>Sur les voitures 100% \u00e9lectriques, ils sont d\u00e9sormais interconnect\u00e9s <strong>(ci-dessous, la X3i)<br \/>\n<\/strong>alors que sur le reste de la gamme subsiste encore un barreau de chrome ou un \u00e9l\u00e9ment de la couleur carrosserie&#8230;<\/p>\n<p><img loading=\"lazy\" decoding=\"async\" class=\"alignnone wp-image-4892 size-large\" src=\"http:\/\/lignesauto.fr\/wp-content\/uploads\/2018\/09\/LIGNESNAZ14-1024x762.jpg\" alt=\"\" width=\"1024\" height=\"762\" srcset=\"https:\/\/lignesauto.fr\/wp-content\/uploads\/2018\/09\/LIGNESNAZ14-1024x762.jpg 1024w, https:\/\/lignesauto.fr\/wp-content\/uploads\/2018\/09\/LIGNESNAZ14-300x223.jpg 300w, https:\/\/lignesauto.fr\/wp-content\/uploads\/2018\/09\/LIGNESNAZ14-768x571.jpg 768w, https:\/\/lignesauto.fr\/wp-content\/uploads\/2018\/09\/LIGNESNAZ14-370x275.jpg 370w, https:\/\/lignesauto.fr\/wp-content\/uploads\/2018\/09\/LIGNESNAZ14-1040x774.jpg 1040w\" sizes=\"(max-width: 1024px) 100vw, 1024px\" \/><\/p>\n<p>Pour conclure, j&#8217;aurais ador\u00e9 que BMW s&#8217;inspire plus largement du concept-car de Pininfarina d\u00e9voil\u00e9 en 2013, le Gran Lusso Coup\u00e9 <strong>(ci-dessous)<\/strong> qui r\u00e9interpr\u00e9tait la calandre mythique de la marque avec talent, \u00e9l\u00e9gance et sans exag\u00e9ration nuisible tout en reposant sur des proportions extraordinairement aff\u00fbt\u00e9es. Une vraie BM, quoi&#8230;<\/p>\n<p><img loading=\"lazy\" decoding=\"async\" class=\"alignnone wp-image-4891 size-large\" src=\"http:\/\/lignesauto.fr\/wp-content\/uploads\/2018\/09\/LIGNESNAZ12-1024x683.jpg\" alt=\"\" width=\"1024\" height=\"683\" srcset=\"https:\/\/lignesauto.fr\/wp-content\/uploads\/2018\/09\/LIGNESNAZ12-1024x683.jpg 1024w, https:\/\/lignesauto.fr\/wp-content\/uploads\/2018\/09\/LIGNESNAZ12-300x200.jpg 300w, https:\/\/lignesauto.fr\/wp-content\/uploads\/2018\/09\/LIGNESNAZ12-768x512.jpg 768w, https:\/\/lignesauto.fr\/wp-content\/uploads\/2018\/09\/LIGNESNAZ12-370x247.jpg 370w, https:\/\/lignesauto.fr\/wp-content\/uploads\/2018\/09\/LIGNESNAZ12-1040x694.jpg 1040w, https:\/\/lignesauto.fr\/wp-content\/uploads\/2018\/09\/LIGNESNAZ12.jpg 1304w\" sizes=\"(max-width: 1024px) 100vw, 1024px\" \/><\/p>\n<p>&nbsp;<\/p>\n<p><strong>BONUS &#8211; LES SECRETS DE LA NOUVELLE SERIE 7 :<\/strong><\/p>\n<p><a href=\"http:\/\/lignesauto.fr\/wp-content\/uploads\/2019\/01\/P90332888_highRes_the-new-bmw-7-series.jpg\"><img loading=\"lazy\" decoding=\"async\" class=\"alignnone wp-image-7108 size-full\" src=\"http:\/\/lignesauto.fr\/wp-content\/uploads\/2019\/01\/P90332888_highRes_the-new-bmw-7-series.jpg\" alt=\"\" width=\"992\" height=\"702\" srcset=\"https:\/\/lignesauto.fr\/wp-content\/uploads\/2019\/01\/P90332888_highRes_the-new-bmw-7-series.jpg 992w, https:\/\/lignesauto.fr\/wp-content\/uploads\/2019\/01\/P90332888_highRes_the-new-bmw-7-series-300x212.jpg 300w, https:\/\/lignesauto.fr\/wp-content\/uploads\/2019\/01\/P90332888_highRes_the-new-bmw-7-series-768x543.jpg 768w, https:\/\/lignesauto.fr\/wp-content\/uploads\/2019\/01\/P90332888_highRes_the-new-bmw-7-series-370x262.jpg 370w\" sizes=\"(max-width: 992px) 100vw, 992px\" \/><\/a><\/p>\n<p><a href=\"http:\/\/lignesauto.fr\/wp-content\/uploads\/2019\/01\/P90332889_highRes_the-new-bmw-7-series.jpg\"><img loading=\"lazy\" decoding=\"async\" class=\"alignnone wp-image-7109 size-full\" src=\"http:\/\/lignesauto.fr\/wp-content\/uploads\/2019\/01\/P90332889_highRes_the-new-bmw-7-series.jpg\" alt=\"\" width=\"992\" height=\"702\" srcset=\"https:\/\/lignesauto.fr\/wp-content\/uploads\/2019\/01\/P90332889_highRes_the-new-bmw-7-series.jpg 992w, https:\/\/lignesauto.fr\/wp-content\/uploads\/2019\/01\/P90332889_highRes_the-new-bmw-7-series-300x212.jpg 300w, https:\/\/lignesauto.fr\/wp-content\/uploads\/2019\/01\/P90332889_highRes_the-new-bmw-7-series-768x543.jpg 768w, https:\/\/lignesauto.fr\/wp-content\/uploads\/2019\/01\/P90332889_highRes_the-new-bmw-7-series-370x262.jpg 370w\" sizes=\"(max-width: 992px) 100vw, 992px\" \/><\/a><\/p>\n<p><a href=\"http:\/\/lignesauto.fr\/wp-content\/uploads\/2019\/01\/P90332890_highRes_the-new-bmw-7-series.jpg\"><img loading=\"lazy\" decoding=\"async\" class=\"alignnone wp-image-7110 size-full\" src=\"http:\/\/lignesauto.fr\/wp-content\/uploads\/2019\/01\/P90332890_highRes_the-new-bmw-7-series.jpg\" alt=\"\" width=\"992\" height=\"702\" srcset=\"https:\/\/lignesauto.fr\/wp-content\/uploads\/2019\/01\/P90332890_highRes_the-new-bmw-7-series.jpg 992w, https:\/\/lignesauto.fr\/wp-content\/uploads\/2019\/01\/P90332890_highRes_the-new-bmw-7-series-300x212.jpg 300w, https:\/\/lignesauto.fr\/wp-content\/uploads\/2019\/01\/P90332890_highRes_the-new-bmw-7-series-768x543.jpg 768w, https:\/\/lignesauto.fr\/wp-content\/uploads\/2019\/01\/P90332890_highRes_the-new-bmw-7-series-370x262.jpg 370w\" sizes=\"(max-width: 992px) 100vw, 992px\" \/><\/a><\/p>\n<p><a href=\"http:\/\/lignesauto.fr\/wp-content\/uploads\/2019\/01\/P90332014_highRes_the-new-bmw-7-series.jpg\"><img loading=\"lazy\" decoding=\"async\" class=\"alignnone wp-image-7104 size-large\" src=\"http:\/\/lignesauto.fr\/wp-content\/uploads\/2019\/01\/P90332014_highRes_the-new-bmw-7-series-1024x617.jpg\" alt=\"\" width=\"1024\" height=\"617\" srcset=\"https:\/\/lignesauto.fr\/wp-content\/uploads\/2019\/01\/P90332014_highRes_the-new-bmw-7-series-1024x617.jpg 1024w, https:\/\/lignesauto.fr\/wp-content\/uploads\/2019\/01\/P90332014_highRes_the-new-bmw-7-series-300x181.jpg 300w, https:\/\/lignesauto.fr\/wp-content\/uploads\/2019\/01\/P90332014_highRes_the-new-bmw-7-series-768x463.jpg 768w, https:\/\/lignesauto.fr\/wp-content\/uploads\/2019\/01\/P90332014_highRes_the-new-bmw-7-series-370x223.jpg 370w, https:\/\/lignesauto.fr\/wp-content\/uploads\/2019\/01\/P90332014_highRes_the-new-bmw-7-series-1040x627.jpg 1040w, https:\/\/lignesauto.fr\/wp-content\/uploads\/2019\/01\/P90332014_highRes_the-new-bmw-7-series.jpg 1843w\" sizes=\"(max-width: 1024px) 100vw, 1024px\" \/><\/a><\/p>\n<p><a href=\"http:\/\/lignesauto.fr\/wp-content\/uploads\/2019\/01\/P90332016_highRes_the-new-bmw-7-series.jpg\"><img loading=\"lazy\" decoding=\"async\" class=\"alignnone wp-image-7106 size-large\" src=\"http:\/\/lignesauto.fr\/wp-content\/uploads\/2019\/01\/P90332016_highRes_the-new-bmw-7-series-1024x682.jpg\" alt=\"\" width=\"1024\" height=\"682\" srcset=\"https:\/\/lignesauto.fr\/wp-content\/uploads\/2019\/01\/P90332016_highRes_the-new-bmw-7-series-1024x682.jpg 1024w, https:\/\/lignesauto.fr\/wp-content\/uploads\/2019\/01\/P90332016_highRes_the-new-bmw-7-series-300x200.jpg 300w, https:\/\/lignesauto.fr\/wp-content\/uploads\/2019\/01\/P90332016_highRes_the-new-bmw-7-series-768x512.jpg 768w, https:\/\/lignesauto.fr\/wp-content\/uploads\/2019\/01\/P90332016_highRes_the-new-bmw-7-series-370x247.jpg 370w, https:\/\/lignesauto.fr\/wp-content\/uploads\/2019\/01\/P90332016_highRes_the-new-bmw-7-series-1040x693.jpg 1040w, https:\/\/lignesauto.fr\/wp-content\/uploads\/2019\/01\/P90332016_highRes_the-new-bmw-7-series.jpg 1607w\" sizes=\"(max-width: 1024px) 100vw, 1024px\" \/><\/a><\/p>\n<p><a href=\"http:\/\/lignesauto.fr\/wp-content\/uploads\/2019\/01\/P90333148_highRes_the-new-bmw-7-series.jpg\"><img loading=\"lazy\" decoding=\"async\" class=\"alignnone wp-image-7118 size-full\" src=\"http:\/\/lignesauto.fr\/wp-content\/uploads\/2019\/01\/P90333148_highRes_the-new-bmw-7-series.jpg\" alt=\"\" width=\"492\" height=\"601\" srcset=\"https:\/\/lignesauto.fr\/wp-content\/uploads\/2019\/01\/P90333148_highRes_the-new-bmw-7-series.jpg 492w, https:\/\/lignesauto.fr\/wp-content\/uploads\/2019\/01\/P90333148_highRes_the-new-bmw-7-series-246x300.jpg 246w, https:\/\/lignesauto.fr\/wp-content\/uploads\/2019\/01\/P90333148_highRes_the-new-bmw-7-series-370x452.jpg 370w\" sizes=\"(max-width: 492px) 100vw, 492px\" \/><\/a><\/p>\n<p><a href=\"http:\/\/lignesauto.fr\/wp-content\/uploads\/2018\/10\/LOGOActus_BD.jpg\"><img loading=\"lazy\" decoding=\"async\" class=\"alignnone size-medium wp-image-4921\" src=\"http:\/\/lignesauto.fr\/wp-content\/uploads\/2018\/10\/LOGOActus_BD-300x108.jpg\" alt=\"\" width=\"300\" height=\"108\" srcset=\"https:\/\/lignesauto.fr\/wp-content\/uploads\/2018\/10\/LOGOActus_BD-300x108.jpg 300w, https:\/\/lignesauto.fr\/wp-content\/uploads\/2018\/10\/LOGOActus_BD-768x276.jpg 768w, https:\/\/lignesauto.fr\/wp-content\/uploads\/2018\/10\/LOGOActus_BD-1024x367.jpg 1024w, https:\/\/lignesauto.fr\/wp-content\/uploads\/2018\/10\/LOGOActus_BD-370x133.jpg 370w, https:\/\/lignesauto.fr\/wp-content\/uploads\/2018\/10\/LOGOActus_BD-1040x373.jpg 1040w, https:\/\/lignesauto.fr\/wp-content\/uploads\/2018\/10\/LOGOActus_BD.jpg 1240w\" sizes=\"(max-width: 300px) 100vw, 300px\" \/><\/a><\/p>\n","protected":false},"excerpt":{"rendered":"<p>&nbsp; BMW vient de d\u00e9voiler la phase 2 de sa grande berline S\u00e9rie 7. En d\u00e9couvrant ses naseaux &#8211; pour lesquels Kleenex va devoir agrandir ses usines &#8211; nous avons repens\u00e9 \u00e0 notre &#8216;post&#8217; publi\u00e9 le 8 octobre 2018&#8230; &nbsp; Nous vous proposions alors de jouer les oto-rhino-laryngologistes et de [&hellip;]<\/p>\n","protected":false},"author":1,"featured_media":7128,"comment_status":"open","ping_status":"open","sticky":false,"template":"","format":"standard","meta":{"footnotes":""},"categories":[1],"tags":[],"_links":{"self":[{"href":"https:\/\/lignesauto.fr\/index.php?rest_route=\/wp\/v2\/posts\/4951"}],"collection":[{"href":"https:\/\/lignesauto.fr\/index.php?rest_route=\/wp\/v2\/posts"}],"about":[{"href":"https:\/\/lignesauto.fr\/index.php?rest_route=\/wp\/v2\/types\/post"}],"author":[{"embeddable":true,"href":"https:\/\/lignesauto.fr\/index.php?rest_route=\/wp\/v2\/users\/1"}],"replies":[{"embeddable":true,"href":"https:\/\/lignesauto.fr\/index.php?rest_route=%2Fwp%2Fv2%2Fcomments&post=4951"}],"version-history":[{"count":24,"href":"https:\/\/lignesauto.fr\/index.php?rest_route=\/wp\/v2\/posts\/4951\/revisions"}],"predecessor-version":[{"id":7130,"href":"https:\/\/lignesauto.fr\/index.php?rest_route=\/wp\/v2\/posts\/4951\/revisions\/7130"}],"wp:featuredmedia":[{"embeddable":true,"href":"https:\/\/lignesauto.fr\/index.php?rest_route=\/wp\/v2\/media\/7128"}],"wp:attachment":[{"href":"https:\/\/lignesauto.fr\/index.php?rest_route=%2Fwp%2Fv2%2Fmedia&parent=4951"}],"wp:term":[{"taxonomy":"category","embeddable":true,"href":"https:\/\/lignesauto.fr\/index.php?rest_route=%2Fwp%2Fv2%2Fcategories&post=4951"},{"taxonomy":"post_tag","embeddable":true,"href":"https:\/\/lignesauto.fr\/index.php?rest_route=%2Fwp%2Fv2%2Ftags&post=4951"}],"curies":[{"name":"wp","href":"https:\/\/api.w.org\/{rel}","templated":true}]}}