{"id":4985,"date":"2018-10-01T17:50:15","date_gmt":"2018-10-01T15:50:15","guid":{"rendered":"http:\/\/lignesauto.fr\/?p=4985"},"modified":"2018-12-22T17:27:13","modified_gmt":"2018-12-22T16:27:13","slug":"mondial-la-version-definitive-de-la-mercedes-amg-one","status":"publish","type":"post","link":"https:\/\/lignesauto.fr\/?p=4985","title":{"rendered":"La version d\u00e9finitive de la Mercedes-AMG One"},"content":{"rendered":"<p dir=\"ltr\" data-placeholder=\"Traduction\"><img loading=\"lazy\" decoding=\"async\" class=\"alignnone size-medium wp-image-4921\" src=\"http:\/\/lignesauto.fr\/wp-content\/uploads\/2018\/10\/LOGOActus_BD-300x108.jpg\" alt=\"\" width=\"300\" height=\"108\" srcset=\"https:\/\/lignesauto.fr\/wp-content\/uploads\/2018\/10\/LOGOActus_BD-300x108.jpg 300w, https:\/\/lignesauto.fr\/wp-content\/uploads\/2018\/10\/LOGOActus_BD-768x276.jpg 768w, https:\/\/lignesauto.fr\/wp-content\/uploads\/2018\/10\/LOGOActus_BD-1024x367.jpg 1024w, https:\/\/lignesauto.fr\/wp-content\/uploads\/2018\/10\/LOGOActus_BD-370x133.jpg 370w, https:\/\/lignesauto.fr\/wp-content\/uploads\/2018\/10\/LOGOActus_BD-1040x373.jpg 1040w, https:\/\/lignesauto.fr\/wp-content\/uploads\/2018\/10\/LOGOActus_BD.jpg 1240w\" sizes=\"(max-width: 300px) 100vw, 300px\" \/><\/p>\n<p id=\"tw-target-text\" class=\"tw-data-text tw-ta tw-text-small\" dir=\"ltr\" data-placeholder=\"Traduction\"><span lang=\"fr\">Au Mondial de l&#8217;Automobile de Paris, AMG d\u00e9barquera avec la version d\u00e9finitive de la Mercedes AMG Project One qui prend finalement l&#8217;appellation de : Mercedes-AMG One<br \/>\n<\/span><span lang=\"fr\">Ce nom signifie qu&#8217;il s&#8217;agit l\u00e0 de <em>&#8220;la plus haute ambition automobile : introduire la technologie hybride de Formule 1 sur la route&#8221;<\/em> dixit Mercedes-AMG.<br \/>\n<\/span><\/p>\n<p><img loading=\"lazy\" decoding=\"async\" class=\"alignnone wp-image-4990 size-large\" src=\"http:\/\/lignesauto.fr\/wp-content\/uploads\/2018\/10\/18C0804_110-1024x683.jpg\" alt=\"\" width=\"1024\" height=\"683\" srcset=\"https:\/\/lignesauto.fr\/wp-content\/uploads\/2018\/10\/18C0804_110-1024x683.jpg 1024w, https:\/\/lignesauto.fr\/wp-content\/uploads\/2018\/10\/18C0804_110-300x200.jpg 300w, https:\/\/lignesauto.fr\/wp-content\/uploads\/2018\/10\/18C0804_110-768x512.jpg 768w, https:\/\/lignesauto.fr\/wp-content\/uploads\/2018\/10\/18C0804_110-370x247.jpg 370w, https:\/\/lignesauto.fr\/wp-content\/uploads\/2018\/10\/18C0804_110-1040x693.jpg 1040w, https:\/\/lignesauto.fr\/wp-content\/uploads\/2018\/10\/18C0804_110.jpg 1449w\" sizes=\"(max-width: 1024px) 100vw, 1024px\" \/><br \/>\n<em>Le pilote de F1 Valtteri Bottas a r\u00e9v\u00e9l\u00e9 le nom de la nouvelle Supercar Mercedes<\/em><\/p>\n<p class=\"tw-data-text tw-ta tw-text-small\" dir=\"ltr\" data-placeholder=\"Traduction\"><span lang=\"fr\"><em>&#8220;La Mercedes-AMG One sera l\u2019apog\u00e9e du portefeuille de mod\u00e8les et le mod\u00e8le haut de gamme absolu&#8221;<\/em>.<br \/>\nSans doute aussi l&#8217;apog\u00e9e du portefeuille du collectionneur qui devra d\u00e9bourser plus de 2 millions d&#8217;euros HT pour une production totale de seulement 300 exemplaires.<br \/>\nMais un Allemand aurait d\u00e9j\u00e0 revendu son titre de commande \u00e0 plus de 4,5 millions d&#8217;euros&#8230;<\/span><\/p>\n<p><img loading=\"lazy\" decoding=\"async\" class=\"wp-image-4988 size-large\" src=\"http:\/\/lignesauto.fr\/wp-content\/uploads\/2018\/10\/18C0804_201-1024x683.jpg\" alt=\"\" width=\"1024\" height=\"683\" srcset=\"https:\/\/lignesauto.fr\/wp-content\/uploads\/2018\/10\/18C0804_201-1024x683.jpg 1024w, https:\/\/lignesauto.fr\/wp-content\/uploads\/2018\/10\/18C0804_201-300x200.jpg 300w, https:\/\/lignesauto.fr\/wp-content\/uploads\/2018\/10\/18C0804_201-768x512.jpg 768w, https:\/\/lignesauto.fr\/wp-content\/uploads\/2018\/10\/18C0804_201-370x247.jpg 370w, https:\/\/lignesauto.fr\/wp-content\/uploads\/2018\/10\/18C0804_201-1040x694.jpg 1040w, https:\/\/lignesauto.fr\/wp-content\/uploads\/2018\/10\/18C0804_201.jpg 1792w\" sizes=\"(max-width: 1024px) 100vw, 1024px\" \/><\/p>\n<p>La voiture sera livr\u00e9e en fin d&#8217;ann\u00e9e prochaine. Rappelons-en les principales caract\u00e9ristiques techniques :<\/p>\n<p><img loading=\"lazy\" decoding=\"async\" class=\"alignnone wp-image-4989 size-large\" src=\"http:\/\/lignesauto.fr\/wp-content\/uploads\/2018\/10\/18C0804_204-1024x683.jpg\" alt=\"\" width=\"1024\" height=\"683\" srcset=\"https:\/\/lignesauto.fr\/wp-content\/uploads\/2018\/10\/18C0804_204-1024x683.jpg 1024w, https:\/\/lignesauto.fr\/wp-content\/uploads\/2018\/10\/18C0804_204-300x200.jpg 300w, https:\/\/lignesauto.fr\/wp-content\/uploads\/2018\/10\/18C0804_204-768x512.jpg 768w, https:\/\/lignesauto.fr\/wp-content\/uploads\/2018\/10\/18C0804_204-370x247.jpg 370w, https:\/\/lignesauto.fr\/wp-content\/uploads\/2018\/10\/18C0804_204-1040x694.jpg 1040w, https:\/\/lignesauto.fr\/wp-content\/uploads\/2018\/10\/18C0804_204.jpg 1792w\" sizes=\"(max-width: 1024px) 100vw, 1024px\" \/><\/p>\n<p id=\"tw-target-text\" class=\"tw-data-text tw-ta tw-text-small\" dir=\"ltr\" data-placeholder=\"Traduction\"><span lang=\"fr\">Le moteur essence hybride V6 de 1,6 litre \u00e0 injection directe et \u00e0 turbocompresseur simple \u00e0 assistance \u00e9lectrique provient directement de la F1. Il d\u00e9veloppe environ 500 kW.<br \/>\nPour obtenir un r\u00e9gime moteur \u00e9lev\u00e9, les ressorts de soupape m\u00e9caniques ont \u00e9t\u00e9 remplac\u00e9s par des ressorts de soupapes pneumatiques.<br \/>\nLe v\u00e9hicule est \u00e0 moteur central, un moteur qui peut tourner \u00e0&#8230; 11 000 tr \/ min, ce qui est actuellement unique pour un v\u00e9hicule routier.<br \/>\nCependant, pour une long\u00e9vit\u00e9 accrue et l\u2019utilisation de l\u2019essence Super Plus disponible dans le commerce au lieu du carburant de course, le r\u00e9gime moteur restera nettement inf\u00e9rieure \u00e0 la limite de vitesse du moteur F1.<\/span><\/p>\n<p><img loading=\"lazy\" decoding=\"async\" class=\"alignnone wp-image-4991 size-large\" src=\"http:\/\/lignesauto.fr\/wp-content\/uploads\/2018\/10\/18C0804_025-1024x683.jpg\" alt=\"\" width=\"1024\" height=\"683\" srcset=\"https:\/\/lignesauto.fr\/wp-content\/uploads\/2018\/10\/18C0804_025-1024x683.jpg 1024w, https:\/\/lignesauto.fr\/wp-content\/uploads\/2018\/10\/18C0804_025-300x200.jpg 300w, https:\/\/lignesauto.fr\/wp-content\/uploads\/2018\/10\/18C0804_025-768x512.jpg 768w, https:\/\/lignesauto.fr\/wp-content\/uploads\/2018\/10\/18C0804_025-370x247.jpg 370w, https:\/\/lignesauto.fr\/wp-content\/uploads\/2018\/10\/18C0804_025-1040x694.jpg 1040w, https:\/\/lignesauto.fr\/wp-content\/uploads\/2018\/10\/18C0804_025.jpg 1792w\" sizes=\"(max-width: 1024px) 100vw, 1024px\" \/><\/p>\n<p class=\"tw-data-text tw-ta tw-text-small\" dir=\"ltr\" data-placeholder=\"Traduction\"><span lang=\"fr\">Les moteurs \u00e9lectriques sont implant\u00e9s sur l\u2019essieu avant et \u00e9quivalent \u00e0 2&#215;120 kW.<br \/>\n<\/span>Au total, la puissance d\u00e9passerait l\u00e9g\u00e8rement les&#8230; 1000 ch !<br \/>\nL&#8217;autonomie serait de 25 km en tout \u00e9lectrique, suffisant pour traverser la place de la mairie de Paris sans nuire \u00e0 Madame Hidalgo&#8230;<br \/>\nD&#8217;autant que le 0 \u00e0 200 km\/h s&#8217;effectuerait en moins de 6 secondes !<br \/>\nQuant \u00e0 la vitesse maxi, elle est sup\u00e9rieure \u00e0 350 km\/h.<\/p>\n<p><img loading=\"lazy\" decoding=\"async\" class=\"alignnone wp-image-4992 size-large\" src=\"http:\/\/lignesauto.fr\/wp-content\/uploads\/2018\/10\/18C0804_009-1024x683.jpg\" alt=\"\" width=\"1024\" height=\"683\" srcset=\"https:\/\/lignesauto.fr\/wp-content\/uploads\/2018\/10\/18C0804_009-1024x683.jpg 1024w, https:\/\/lignesauto.fr\/wp-content\/uploads\/2018\/10\/18C0804_009-300x200.jpg 300w, https:\/\/lignesauto.fr\/wp-content\/uploads\/2018\/10\/18C0804_009-768x512.jpg 768w, https:\/\/lignesauto.fr\/wp-content\/uploads\/2018\/10\/18C0804_009-370x247.jpg 370w, https:\/\/lignesauto.fr\/wp-content\/uploads\/2018\/10\/18C0804_009-1040x694.jpg 1040w, https:\/\/lignesauto.fr\/wp-content\/uploads\/2018\/10\/18C0804_009.jpg 1477w\" sizes=\"(max-width: 1024px) 100vw, 1024px\" \/><\/p>\n<p><img loading=\"lazy\" decoding=\"async\" class=\"alignnone size-medium wp-image-4921\" src=\"http:\/\/lignesauto.fr\/wp-content\/uploads\/2018\/10\/LOGOActus_BD-300x108.jpg\" alt=\"\" width=\"300\" height=\"108\" srcset=\"https:\/\/lignesauto.fr\/wp-content\/uploads\/2018\/10\/LOGOActus_BD-300x108.jpg 300w, https:\/\/lignesauto.fr\/wp-content\/uploads\/2018\/10\/LOGOActus_BD-768x276.jpg 768w, https:\/\/lignesauto.fr\/wp-content\/uploads\/2018\/10\/LOGOActus_BD-1024x367.jpg 1024w, https:\/\/lignesauto.fr\/wp-content\/uploads\/2018\/10\/LOGOActus_BD-370x133.jpg 370w, https:\/\/lignesauto.fr\/wp-content\/uploads\/2018\/10\/LOGOActus_BD-1040x373.jpg 1040w, https:\/\/lignesauto.fr\/wp-content\/uploads\/2018\/10\/LOGOActus_BD.jpg 1240w\" sizes=\"(max-width: 300px) 100vw, 300px\" \/><\/p>\n","protected":false},"excerpt":{"rendered":"<p>Au Mondial de l&#8217;Automobile de Paris, AMG d\u00e9barquera avec la version d\u00e9finitive de la Mercedes AMG Project One qui prend finalement l&#8217;appellation de : Mercedes-AMG One Ce nom signifie qu&#8217;il s&#8217;agit l\u00e0 de &#8220;la plus haute ambition automobile : introduire la technologie hybride de Formule 1 sur la route&#8221; dixit [&hellip;]<\/p>\n","protected":false},"author":1,"featured_media":6505,"comment_status":"open","ping_status":"open","sticky":false,"template":"","format":"standard","meta":{"footnotes":""},"categories":[1],"tags":[],"_links":{"self":[{"href":"https:\/\/lignesauto.fr\/index.php?rest_route=\/wp\/v2\/posts\/4985"}],"collection":[{"href":"https:\/\/lignesauto.fr\/index.php?rest_route=\/wp\/v2\/posts"}],"about":[{"href":"https:\/\/lignesauto.fr\/index.php?rest_route=\/wp\/v2\/types\/post"}],"author":[{"embeddable":true,"href":"https:\/\/lignesauto.fr\/index.php?rest_route=\/wp\/v2\/users\/1"}],"replies":[{"embeddable":true,"href":"https:\/\/lignesauto.fr\/index.php?rest_route=%2Fwp%2Fv2%2Fcomments&post=4985"}],"version-history":[{"count":7,"href":"https:\/\/lignesauto.fr\/index.php?rest_route=\/wp\/v2\/posts\/4985\/revisions"}],"predecessor-version":[{"id":5277,"href":"https:\/\/lignesauto.fr\/index.php?rest_route=\/wp\/v2\/posts\/4985\/revisions\/5277"}],"wp:featuredmedia":[{"embeddable":true,"href":"https:\/\/lignesauto.fr\/index.php?rest_route=\/wp\/v2\/media\/6505"}],"wp:attachment":[{"href":"https:\/\/lignesauto.fr\/index.php?rest_route=%2Fwp%2Fv2%2Fmedia&parent=4985"}],"wp:term":[{"taxonomy":"category","embeddable":true,"href":"https:\/\/lignesauto.fr\/index.php?rest_route=%2Fwp%2Fv2%2Fcategories&post=4985"},{"taxonomy":"post_tag","embeddable":true,"href":"https:\/\/lignesauto.fr\/index.php?rest_route=%2Fwp%2Fv2%2Ftags&post=4985"}],"curies":[{"name":"wp","href":"https:\/\/api.w.org\/{rel}","templated":true}]}}