{"id":5024,"date":"2018-10-02T11:06:54","date_gmt":"2018-10-02T09:06:54","guid":{"rendered":"http:\/\/lignesauto.fr\/?p=5024"},"modified":"2018-12-22T17:21:49","modified_gmt":"2018-12-22T16:21:49","slug":"mondial-renault-ez-ultimo-la-vision-du-transport-haut-de-gamme-10-ans-apres-ondelios","status":"publish","type":"post","link":"https:\/\/lignesauto.fr\/?p=5024","title":{"rendered":"Renault EZ-Ultimo   la vision du transport haut de gamme, 10 ans apr\u00e8s Ondelios"},"content":{"rendered":"<p><img decoding=\"async\" src=\"http:\/\/lignesauto.fr\/wp-content\/uploads\/2018\/10\/LOGOArchives_BD-300x108.jpg\" \/><\/p>\n<p>Dix ans tout juste apr\u00e8s avoir r\u00e9v\u00e9l\u00e9 son concept-car Ondelios, une vision futuriste du transport d&#8217;au moins six personnes dans un confort de Jet d&#8217;affaires tout en respectant l&#8217;environnement, Renault remet le couvert dans un univers de transport de personnes par un v\u00e9hicule hupp\u00e9, autonome, connect\u00e9 et \u00e9lectrique.<br \/>\nApr\u00e8s EZ-GO et EZ-GO pro, voici donc EZ-Ultimo pr\u00e9sent\u00e9 par ses mots par le constructeur :<\/p>\n<p><img loading=\"lazy\" decoding=\"async\" class=\"alignnone wp-image-5084 size-full\" src=\"http:\/\/lignesauto.fr\/wp-content\/uploads\/2018\/10\/21216773_2018_-_EZ-ULTIMO.jpg\" alt=\"\" width=\"840\" height=\"560\" srcset=\"https:\/\/lignesauto.fr\/wp-content\/uploads\/2018\/10\/21216773_2018_-_EZ-ULTIMO.jpg 840w, https:\/\/lignesauto.fr\/wp-content\/uploads\/2018\/10\/21216773_2018_-_EZ-ULTIMO-300x200.jpg 300w, https:\/\/lignesauto.fr\/wp-content\/uploads\/2018\/10\/21216773_2018_-_EZ-ULTIMO-768x512.jpg 768w, https:\/\/lignesauto.fr\/wp-content\/uploads\/2018\/10\/21216773_2018_-_EZ-ULTIMO-370x247.jpg 370w\" sizes=\"(max-width: 840px) 100vw, 840px\" \/><\/p>\n<p>&#8220;Le concept-car EZ-ULTIMO ouvre la voie \u00e0 un voyage premium accessible \u00e0 tous, \u00e0 la demande, pour une heure ou une journ\u00e9e.<br \/>\nV\u00e9ritable \u00ab salon mobile \u00bb, EZ-ULTIMO peut \u00e9tendre l\u2019exp\u00e9rience haut de gamme d\u2019un h\u00f4tel, d\u2019un <em>resort<\/em> ou d\u2019une compagnie a\u00e9rienne.&#8221;<br \/>\nUn message proche de celui que Volvo a diffus\u00e9 lors de la pr\u00e9sentation de son concept-car 360C (voir ci-dessous)<\/p>\n<figure id=\"attachment_3998\" aria-describedby=\"caption-attachment-3998\" style=\"width: 300px\" class=\"wp-caption alignnone\"><img loading=\"lazy\" decoding=\"async\" class=\"size-medium wp-image-3998\" src=\"http:\/\/lignesauto.fr\/wp-content\/uploads\/2018\/09\/LIGNESVO05-300x168.jpg\" alt=\"\" width=\"300\" height=\"168\" srcset=\"https:\/\/lignesauto.fr\/wp-content\/uploads\/2018\/09\/LIGNESVO05-300x168.jpg 300w, https:\/\/lignesauto.fr\/wp-content\/uploads\/2018\/09\/LIGNESVO05-768x429.jpg 768w, https:\/\/lignesauto.fr\/wp-content\/uploads\/2018\/09\/LIGNESVO05-1024x572.jpg 1024w, https:\/\/lignesauto.fr\/wp-content\/uploads\/2018\/09\/LIGNESVO05-370x207.jpg 370w, https:\/\/lignesauto.fr\/wp-content\/uploads\/2018\/09\/LIGNESVO05-1040x581.jpg 1040w, https:\/\/lignesauto.fr\/wp-content\/uploads\/2018\/09\/LIGNESVO05.jpg 1984w\" sizes=\"(max-width: 300px) 100vw, 300px\" \/><figcaption id=\"caption-attachment-3998\" class=\"wp-caption-text\">Volvo 360 C, un concept-car qui lorgne lui aussi vers la client\u00e8le fid\u00e8les aux vols a\u00e9riens !<\/figcaption><\/figure>\n<p><img loading=\"lazy\" decoding=\"async\" class=\"alignnone wp-image-5079 size-full\" src=\"http:\/\/lignesauto.fr\/wp-content\/uploads\/2018\/10\/21216699_2018_-_EZ-ULTIMO.jpg\" alt=\"\" width=\"840\" height=\"560\" srcset=\"https:\/\/lignesauto.fr\/wp-content\/uploads\/2018\/10\/21216699_2018_-_EZ-ULTIMO.jpg 840w, https:\/\/lignesauto.fr\/wp-content\/uploads\/2018\/10\/21216699_2018_-_EZ-ULTIMO-300x200.jpg 300w, https:\/\/lignesauto.fr\/wp-content\/uploads\/2018\/10\/21216699_2018_-_EZ-ULTIMO-768x512.jpg 768w, https:\/\/lignesauto.fr\/wp-content\/uploads\/2018\/10\/21216699_2018_-_EZ-ULTIMO-370x247.jpg 370w\" sizes=\"(max-width: 840px) 100vw, 840px\" \/><\/p>\n<p>&#8220;EZ-ULTIMO conclut une trilogie de concept-cars illustrant l&#8217;avenir de la mobilit\u00e9 urbaine partag\u00e9e selon Renault.&#8221;<br \/>\nConclut : c&#8217;est donc la fin de ce cycle tr\u00e8s futuriste&#8230;<\/p>\n<p><img loading=\"lazy\" decoding=\"async\" class=\"alignnone wp-image-5085 size-full\" src=\"http:\/\/lignesauto.fr\/wp-content\/uploads\/2018\/10\/21216774_2018_-_EZ-ULTIMO.jpg\" alt=\"\" width=\"840\" height=\"560\" srcset=\"https:\/\/lignesauto.fr\/wp-content\/uploads\/2018\/10\/21216774_2018_-_EZ-ULTIMO.jpg 840w, https:\/\/lignesauto.fr\/wp-content\/uploads\/2018\/10\/21216774_2018_-_EZ-ULTIMO-300x200.jpg 300w, https:\/\/lignesauto.fr\/wp-content\/uploads\/2018\/10\/21216774_2018_-_EZ-ULTIMO-768x512.jpg 768w, https:\/\/lignesauto.fr\/wp-content\/uploads\/2018\/10\/21216774_2018_-_EZ-ULTIMO-370x247.jpg 370w\" sizes=\"(max-width: 840px) 100vw, 840px\" \/><\/p>\n<p><em>\u00ab Une nouvelle \u00e8re de la mobilit\u00e9 \u00e9merge alors que les tendances de consommation \u00e9voluent et que les gens privil\u00e9gient de plus en plus les services de transport \u00e0 la demande.<br \/>\nLe concept Renault EZ-Ultimo incarne cette nouvelle \u00e8re et offre une exp\u00e9rience premium unique \u00e0 bord d&#8217;un robot-v\u00e9hicule qui peut \u00eatre personnalisable en fonction du fournisseur de services \u00bb,<\/em>\u00a0a d\u00e9clar\u00e9\u00a0Laurens van den Acker.<br \/>\n<em>\u00ab Inspir\u00e9 par l&#8217;architecture contemporaine, et compl\u00e8tement int\u00e9gr\u00e9 dans les futures villes intelligentes, EZ-Ultimo offrira une exp\u00e9rience exclusive accessible \u00e0 tous. Avec des voitures autonomes, \u00e9lectriques et connect\u00e9es, nous entrons dans un nouveau cycle passionnant pour le design automobile \u00bb.<\/em><\/p>\n<p><img loading=\"lazy\" decoding=\"async\" class=\"wp-image-5078 size-full\" src=\"http:\/\/lignesauto.fr\/wp-content\/uploads\/2018\/10\/21216691_2018_-_EZ-ULTIMO.jpg\" alt=\"\" width=\"840\" height=\"560\" srcset=\"https:\/\/lignesauto.fr\/wp-content\/uploads\/2018\/10\/21216691_2018_-_EZ-ULTIMO.jpg 840w, https:\/\/lignesauto.fr\/wp-content\/uploads\/2018\/10\/21216691_2018_-_EZ-ULTIMO-300x200.jpg 300w, https:\/\/lignesauto.fr\/wp-content\/uploads\/2018\/10\/21216691_2018_-_EZ-ULTIMO-768x512.jpg 768w, https:\/\/lignesauto.fr\/wp-content\/uploads\/2018\/10\/21216691_2018_-_EZ-ULTIMO-370x247.jpg 370w\" sizes=\"(max-width: 840px) 100vw, 840px\" \/><\/p>\n<p><em>&#8220;Le concept EZ-Ultimo ouvre de nouvelles perspectives pour le design de Renault.<\/em><br \/>\n<em>A bord d\u2019un robot-v\u00e9hicule, le voyageur peut profiter pleinement de son trajet dans un espace con\u00e7u comme un salon individuel, \u00e9quip\u00e9 de tout le confort et des services\u00a0 pour se d\u00e9tendre ou se divertir.&#8221;<br \/>\n<\/em>Oui, c&#8217;est effectivement le discours pr\u00f4n\u00e9 par tous les constructeurs qui d\u00e9veloppent des habitacles pour les voitures de demain, autonomes, o\u00f9 l&#8217;on d\u00e9l\u00e9guera\u00a0la conduite&#8230;<\/p>\n<p><img loading=\"lazy\" decoding=\"async\" class=\"alignnone wp-image-5089 size-full\" src=\"http:\/\/lignesauto.fr\/wp-content\/uploads\/2018\/10\/21216574_2018_-_EZ-ULTIMO.jpg\" alt=\"\" width=\"840\" height=\"472\" srcset=\"https:\/\/lignesauto.fr\/wp-content\/uploads\/2018\/10\/21216574_2018_-_EZ-ULTIMO.jpg 840w, https:\/\/lignesauto.fr\/wp-content\/uploads\/2018\/10\/21216574_2018_-_EZ-ULTIMO-300x169.jpg 300w, https:\/\/lignesauto.fr\/wp-content\/uploads\/2018\/10\/21216574_2018_-_EZ-ULTIMO-768x432.jpg 768w, https:\/\/lignesauto.fr\/wp-content\/uploads\/2018\/10\/21216574_2018_-_EZ-ULTIMO-370x208.jpg 370w\" sizes=\"(max-width: 840px) 100vw, 840px\" \/><\/p>\n<p id=\"p_14\"><em>&#8220;A travers son design EZ-Ultimo donne vie aux g\u00e8nes EASY LIFE de la marque Renault.<\/em><br \/>\n<em>Accueillant et confortable, il propose une large ouverture automatique et un si\u00e8ge sur glissi\u00e8re pivotant facilitant l\u2019acc\u00e8s du passager.<\/em><br \/>\n<em>Pour un voyage en toute intimit\u00e9, les passagers sont pr\u00e9serv\u00e9s des regards ext\u00e9rieurs par des facettes l\u00e9g\u00e8rement transparentes sur la partie haute de la carrosserie. L&#8217;int\u00e9rieur raffin\u00e9 d&#8217;EZ-Ultimo refl\u00e8te l\u2019\u00e9l\u00e9gance \u00e0 la fran\u00e7aise et s\u2019inspire du monde de l\u2019habitat.<\/em><br \/>\n<em>Sur-mesure, il est habill\u00e9 de mat\u00e9riaux nobles tels que le bois, le marbre et le cuir permettant aux passagers de profiter d&#8217;un espace de vie haut de gamme et relaxant.&#8221;<\/em><\/p>\n<p><img loading=\"lazy\" decoding=\"async\" class=\"alignnone wp-image-5081 size-full\" src=\"http:\/\/lignesauto.fr\/wp-content\/uploads\/2018\/10\/21216765_2018_-_EZ-ULTIMO.jpg\" alt=\"\" width=\"840\" height=\"560\" srcset=\"https:\/\/lignesauto.fr\/wp-content\/uploads\/2018\/10\/21216765_2018_-_EZ-ULTIMO.jpg 840w, https:\/\/lignesauto.fr\/wp-content\/uploads\/2018\/10\/21216765_2018_-_EZ-ULTIMO-300x200.jpg 300w, https:\/\/lignesauto.fr\/wp-content\/uploads\/2018\/10\/21216765_2018_-_EZ-ULTIMO-768x512.jpg 768w, https:\/\/lignesauto.fr\/wp-content\/uploads\/2018\/10\/21216765_2018_-_EZ-ULTIMO-370x247.jpg 370w\" sizes=\"(max-width: 840px) 100vw, 840px\" \/><\/p>\n<p>Dix ans, c&#8217;est peu \u00e0 l&#8217;\u00e9chelle automobile et pourtant, avec l&#8217;acc\u00e9l\u00e9ration de la mutation v\u00e9cue depuis le d\u00e9but des ann\u00e9es 2010, dix ans en paraissent d\u00e9sormais 20 !<br \/>\nLa Renault EZ-Ultimo semble du coup tr\u00e8s \u00e9loign\u00e9e du concept-car Ondelios dessin\u00e9e par Nicolas Jardin sous la responsabilit\u00e9 de St\u00e9phane Janin.<br \/>\nA moins que ce soit l&#8217;Ondelios qui se trouve soudainement hors du cadre. Loin de nous de dire que ce concept a vis\u00e9 \u00e0 c\u00f4t\u00e9 de sa cible.<br \/>\nBien au contraire puisque l&#8217;Espace actuel lui doit beaucoup.<\/p>\n<p><img loading=\"lazy\" decoding=\"async\" class=\"alignnone wp-image-5032 size-full\" src=\"http:\/\/lignesauto.fr\/wp-content\/uploads\/2018\/10\/7283_Concept-Car_Renault_Ondelios.jpg\" alt=\"\" width=\"840\" height=\"652\" srcset=\"https:\/\/lignesauto.fr\/wp-content\/uploads\/2018\/10\/7283_Concept-Car_Renault_Ondelios.jpg 840w, https:\/\/lignesauto.fr\/wp-content\/uploads\/2018\/10\/7283_Concept-Car_Renault_Ondelios-300x233.jpg 300w, https:\/\/lignesauto.fr\/wp-content\/uploads\/2018\/10\/7283_Concept-Car_Renault_Ondelios-768x596.jpg 768w, https:\/\/lignesauto.fr\/wp-content\/uploads\/2018\/10\/7283_Concept-Car_Renault_Ondelios-370x287.jpg 370w\" sizes=\"(max-width: 840px) 100vw, 840px\" \/><\/p>\n<p>Mais la vision du futur en 2008 n&#8217;est plus du tout la m\u00eame aujourd&#8217;hui. Renault, avec EZ- Ultimo ne nous excite pas, m\u00eame si on lui reconna\u00eet le souci du d\u00e9tail.<br \/>\nLe concept de cette longue masse autonome est sans doute peaufin\u00e9 dans ses moindres d\u00e9tails et correspond peut-\u00eatre \u00e0 ce que mes enfants conduiront demain.<br \/>\nMais cet objet est froid. Comme un iPod des d\u00e9buts me direz-vous ?<\/p>\n<p><img loading=\"lazy\" decoding=\"async\" class=\"alignnone wp-image-5029 size-full\" src=\"http:\/\/lignesauto.fr\/wp-content\/uploads\/2018\/10\/7276_Concept-Car_Renault_Ondelios.jpg\" alt=\"\" width=\"840\" height=\"631\" srcset=\"https:\/\/lignesauto.fr\/wp-content\/uploads\/2018\/10\/7276_Concept-Car_Renault_Ondelios.jpg 840w, https:\/\/lignesauto.fr\/wp-content\/uploads\/2018\/10\/7276_Concept-Car_Renault_Ondelios-300x225.jpg 300w, https:\/\/lignesauto.fr\/wp-content\/uploads\/2018\/10\/7276_Concept-Car_Renault_Ondelios-768x577.jpg 768w, https:\/\/lignesauto.fr\/wp-content\/uploads\/2018\/10\/7276_Concept-Car_Renault_Ondelios-370x278.jpg 370w\" sizes=\"(max-width: 840px) 100vw, 840px\" \/><\/p>\n<p>En 2008, Renault pr\u00e9sentait Ondelios comme un v\u00e9hicule<em> &#8220;destin\u00e9 \u00e0 un public amateur de voyages long-courrier, sensible au confort et au raffinement, Ondelios symbolise la vision du cross-over haut-de-gamme selon Renault : le plaisir de voyager confortablement tout en respectant l\u2019environnement. Un parti-pris illustr\u00e9 notamment au travers du design a\u00e9rien, de l\u2019am\u00e9nagement int\u00e9rieur et d\u2019une motorisation hybride in\u00e9dite.&#8221;<\/em><\/p>\n<p><img loading=\"lazy\" decoding=\"async\" class=\"alignnone wp-image-5030 size-full\" src=\"http:\/\/lignesauto.fr\/wp-content\/uploads\/2018\/10\/7277_Concept-Car_Renault_Ondelios.jpg\" alt=\"\" width=\"840\" height=\"631\" srcset=\"https:\/\/lignesauto.fr\/wp-content\/uploads\/2018\/10\/7277_Concept-Car_Renault_Ondelios.jpg 840w, https:\/\/lignesauto.fr\/wp-content\/uploads\/2018\/10\/7277_Concept-Car_Renault_Ondelios-300x225.jpg 300w, https:\/\/lignesauto.fr\/wp-content\/uploads\/2018\/10\/7277_Concept-Car_Renault_Ondelios-768x577.jpg 768w, https:\/\/lignesauto.fr\/wp-content\/uploads\/2018\/10\/7277_Concept-Car_Renault_Ondelios-370x278.jpg 370w\" sizes=\"(max-width: 840px) 100vw, 840px\" \/><\/p>\n<p><em>&#8220;Avec une longueur de 4,80 m et une hauteur de 1,60 m, Ondelios offre un haut rendement a\u00e9rodynamique inspir\u00e9 de l\u2019aviation, avec un Cx de 0,29.<\/em><br \/>\n<em>Ce v\u00e9hicule long-courrier affiche un design a\u00e9rodynamique et profil\u00e9. Il \u00e9tonne par sa fluidit\u00e9 et semble glisser dans l\u2019air.<\/em><br \/>\n<em>Ondelios t\u00e9moigne de la vision du haut-de-gamme de Renault.&#8221;<\/em><br \/>\n<em>\u00abInspir\u00e9 par le mouvement plut\u00f4t que par la vitesse, Ondelios est une nouvelle invitation au voyage\u00bb<\/em> expliquait alors Patrick Le Qu\u00e9ment, le directeur du Design Renault remplac\u00e9 depuis par Laurens Van den Acker.<br \/>\nJusque l\u00e0, ce dernier avait suivi une tout autre voie que celle de Le Qu\u00e9ment avec une mise en avant du style pur (les lignes, l&#8217;identit\u00e9&#8230;.) rompant ainsi avec la strat\u00e9gie des \u00e9quipes de Le Qu\u00e9ment plut\u00f4t orient\u00e9e vers le concept architectural.<\/p>\n<p><img loading=\"lazy\" decoding=\"async\" class=\"alignnone wp-image-5088 size-full\" src=\"http:\/\/lignesauto.fr\/wp-content\/uploads\/2018\/10\/21216568_2018_-_EZ-ULTIMO.jpg\" alt=\"\" width=\"840\" height=\"472\" srcset=\"https:\/\/lignesauto.fr\/wp-content\/uploads\/2018\/10\/21216568_2018_-_EZ-ULTIMO.jpg 840w, https:\/\/lignesauto.fr\/wp-content\/uploads\/2018\/10\/21216568_2018_-_EZ-ULTIMO-300x169.jpg 300w, https:\/\/lignesauto.fr\/wp-content\/uploads\/2018\/10\/21216568_2018_-_EZ-ULTIMO-768x432.jpg 768w, https:\/\/lignesauto.fr\/wp-content\/uploads\/2018\/10\/21216568_2018_-_EZ-ULTIMO-370x208.jpg 370w\" sizes=\"(max-width: 840px) 100vw, 840px\" \/><\/p>\n<p>Aujourd&#8217;hui, le boss du design Renault a plong\u00e9 ses hommes et femmes du design dans une exp\u00e9rience qui va bien au-del\u00e0 du simple m\u00e9tier de styliste et il nous embarque ainsi dans un univers pens\u00e9, \u00e9tudi\u00e9 et fa\u00e7onn\u00e9 pour un monde o\u00f9 l&#8217;automobile ne sera vraiment plus celle qu&#8217;on a aim\u00e9e, mais o\u00f9 il fera visiblement bon vivre (ci-dessus).<br \/>\nLa d\u00e9marche est pouss\u00e9e tr\u00e8s en avant avec une logique identitaire, une unit\u00e9 dans les trois projets d\u00e9voil\u00e9s depuis mars dernier, m\u00eame si la froideur de ces concept EZ laisse dubitatif. La peur du lendemain ?<\/p>\n<p><img loading=\"lazy\" decoding=\"async\" class=\"wp-image-5087 size-full\" src=\"http:\/\/lignesauto.fr\/wp-content\/uploads\/2018\/10\/21216562_2018_-_EZ-ULTIMO.jpg\" alt=\"\" width=\"840\" height=\"472\" srcset=\"https:\/\/lignesauto.fr\/wp-content\/uploads\/2018\/10\/21216562_2018_-_EZ-ULTIMO.jpg 840w, https:\/\/lignesauto.fr\/wp-content\/uploads\/2018\/10\/21216562_2018_-_EZ-ULTIMO-300x169.jpg 300w, https:\/\/lignesauto.fr\/wp-content\/uploads\/2018\/10\/21216562_2018_-_EZ-ULTIMO-768x432.jpg 768w, https:\/\/lignesauto.fr\/wp-content\/uploads\/2018\/10\/21216562_2018_-_EZ-ULTIMO-370x208.jpg 370w\" sizes=\"(max-width: 840px) 100vw, 840px\" \/><\/p>\n<p>&nbsp;<\/p>\n<p><img decoding=\"async\" src=\"http:\/\/lignesauto.fr\/wp-content\/uploads\/2018\/10\/LOGOArchives_BD-300x108.jpg\" \/><\/p>\n<p>&nbsp;<\/p>\n<p>&nbsp;<\/p>\n","protected":false},"excerpt":{"rendered":"<p>Dix ans tout juste apr\u00e8s avoir r\u00e9v\u00e9l\u00e9 son concept-car Ondelios, une vision futuriste du transport d&#8217;au moins six personnes dans un confort de Jet d&#8217;affaires tout en respectant l&#8217;environnement, Renault remet le couvert dans un univers de transport de personnes par un v\u00e9hicule hupp\u00e9, autonome, connect\u00e9 et \u00e9lectrique. Apr\u00e8s EZ-GO [&hellip;]<\/p>\n","protected":false},"author":1,"featured_media":5082,"comment_status":"open","ping_status":"open","sticky":false,"template":"","format":"standard","meta":{"footnotes":""},"categories":[1],"tags":[],"_links":{"self":[{"href":"https:\/\/lignesauto.fr\/index.php?rest_route=\/wp\/v2\/posts\/5024"}],"collection":[{"href":"https:\/\/lignesauto.fr\/index.php?rest_route=\/wp\/v2\/posts"}],"about":[{"href":"https:\/\/lignesauto.fr\/index.php?rest_route=\/wp\/v2\/types\/post"}],"author":[{"embeddable":true,"href":"https:\/\/lignesauto.fr\/index.php?rest_route=\/wp\/v2\/users\/1"}],"replies":[{"embeddable":true,"href":"https:\/\/lignesauto.fr\/index.php?rest_route=%2Fwp%2Fv2%2Fcomments&post=5024"}],"version-history":[{"count":13,"href":"https:\/\/lignesauto.fr\/index.php?rest_route=\/wp\/v2\/posts\/5024\/revisions"}],"predecessor-version":[{"id":5274,"href":"https:\/\/lignesauto.fr\/index.php?rest_route=\/wp\/v2\/posts\/5024\/revisions\/5274"}],"wp:featuredmedia":[{"embeddable":true,"href":"https:\/\/lignesauto.fr\/index.php?rest_route=\/wp\/v2\/media\/5082"}],"wp:attachment":[{"href":"https:\/\/lignesauto.fr\/index.php?rest_route=%2Fwp%2Fv2%2Fmedia&parent=5024"}],"wp:term":[{"taxonomy":"category","embeddable":true,"href":"https:\/\/lignesauto.fr\/index.php?rest_route=%2Fwp%2Fv2%2Fcategories&post=5024"},{"taxonomy":"post_tag","embeddable":true,"href":"https:\/\/lignesauto.fr\/index.php?rest_route=%2Fwp%2Fv2%2Ftags&post=5024"}],"curies":[{"name":"wp","href":"https:\/\/api.w.org\/{rel}","templated":true}]}}