{"id":5037,"date":"2018-10-02T10:31:31","date_gmt":"2018-10-02T08:31:31","guid":{"rendered":"http:\/\/lignesauto.fr\/?p=5037"},"modified":"2018-12-22T17:22:36","modified_gmt":"2018-12-22T16:22:36","slug":"mondial-bmw-serie-3-la-voila","status":"publish","type":"post","link":"https:\/\/lignesauto.fr\/?p=5037","title":{"rendered":"BMW S\u00e9rie 3 : la voil\u00e0 !"},"content":{"rendered":"<p><img decoding=\"async\" src=\"http:\/\/lignesauto.fr\/wp-content\/uploads\/2018\/10\/LOGOActus_BD-300x108.jpg\" \/><\/p>\n<p><img loading=\"lazy\" decoding=\"async\" class=\"alignnone wp-image-5048 size-full\" src=\"http:\/\/lignesauto.fr\/wp-content\/uploads\/2018\/10\/P90323781_lowRes_the-all-new-bmw-3-se.jpg\" alt=\"\" width=\"600\" height=\"424\" srcset=\"https:\/\/lignesauto.fr\/wp-content\/uploads\/2018\/10\/P90323781_lowRes_the-all-new-bmw-3-se.jpg 600w, https:\/\/lignesauto.fr\/wp-content\/uploads\/2018\/10\/P90323781_lowRes_the-all-new-bmw-3-se-300x212.jpg 300w, https:\/\/lignesauto.fr\/wp-content\/uploads\/2018\/10\/P90323781_lowRes_the-all-new-bmw-3-se-370x261.jpg 370w\" sizes=\"(max-width: 600px) 100vw, 600px\" \/><\/p>\n<p id=\"tw-target-text\" class=\"tw-data-text tw-ta tw-text-small\" dir=\"ltr\" data-placeholder=\"Traduction\"><span lang=\"fr\">Klaus Fr\u00f6hlich, membre du directoire BMW et en charge du d\u00e9veloppement l&#8217;affirme d&#8217;embl\u00e9e :<br \/>\n&#8221; la s\u00e9rie 3 a \u00e9tabli les bases et a domin\u00e9 le segment des berlines sport &#8211; et va continuer \u00e0 le faire avec sa septi\u00e8me g\u00e9n\u00e9ration.&#8221;<\/span><\/p>\n<p dir=\"ltr\" data-placeholder=\"Traduction\"><img loading=\"lazy\" decoding=\"async\" class=\"alignnone wp-image-5070 size-full\" src=\"http:\/\/lignesauto.fr\/wp-content\/uploads\/2018\/10\/P90323782_lowRes_the-all-new-bmw-3-se.jpg\" alt=\"\" width=\"600\" height=\"424\" srcset=\"https:\/\/lignesauto.fr\/wp-content\/uploads\/2018\/10\/P90323782_lowRes_the-all-new-bmw-3-se.jpg 600w, https:\/\/lignesauto.fr\/wp-content\/uploads\/2018\/10\/P90323782_lowRes_the-all-new-bmw-3-se-300x212.jpg 300w, https:\/\/lignesauto.fr\/wp-content\/uploads\/2018\/10\/P90323782_lowRes_the-all-new-bmw-3-se-370x261.jpg 370w\" sizes=\"(max-width: 600px) 100vw, 600px\" \/><\/p>\n<p class=\"tw-data-text tw-ta tw-text-small\" dir=\"ltr\" data-placeholder=\"Traduction\"><span lang=\"fr\">&#8220;Au cours des 40 derni\u00e8res ann\u00e9es, nous avons livr\u00e9 plus de 15 millions de S\u00e9rie 3. Cela en fait le mod\u00e8le le plus vendu de la marque et le v\u00e9hicule premium le plus vendu au monde.<br \/>\nIl repr\u00e9sente la marque BMW comme aucune autre voiture . On peut dire que c&#8217;est le c\u0153ur et l&#8217;\u00e2me de BMW.&#8221;<\/span><\/p>\n<p class=\"tw-data-text tw-ta tw-text-small\" dir=\"ltr\" data-placeholder=\"Traduction\"><span lang=\"fr\"><img loading=\"lazy\" decoding=\"async\" class=\"alignnone wp-image-5042 size-full\" src=\"http:\/\/lignesauto.fr\/wp-content\/uploads\/2018\/10\/P90323804_lowRes_the-all-new-bmw-3-se.jpg\" alt=\"\" width=\"600\" height=\"400\" srcset=\"https:\/\/lignesauto.fr\/wp-content\/uploads\/2018\/10\/P90323804_lowRes_the-all-new-bmw-3-se.jpg 600w, https:\/\/lignesauto.fr\/wp-content\/uploads\/2018\/10\/P90323804_lowRes_the-all-new-bmw-3-se-300x200.jpg 300w, https:\/\/lignesauto.fr\/wp-content\/uploads\/2018\/10\/P90323804_lowRes_the-all-new-bmw-3-se-370x247.jpg 370w\" sizes=\"(max-width: 600px) 100vw, 600px\" \/><\/span><\/p>\n<p>&#8220;Toutes nos voitures ont adopt\u00e9 les g\u00e8nes sportifs et dynamiques de la S\u00e9rie 3.<br \/>\nCette voiture extraordinaire est le pionnier de son segment. Et pour la nouvelle g\u00e9n\u00e9ration, je vous promets qu&#8217;elle va placer la barre encore plus haut !&#8221;<\/p>\n<p><img loading=\"lazy\" decoding=\"async\" class=\"alignnone wp-image-5045 size-full\" src=\"http:\/\/lignesauto.fr\/wp-content\/uploads\/2018\/10\/P90323793_lowRes_the-all-new-bmw-3-se.jpg\" alt=\"\" width=\"599\" height=\"399\" srcset=\"https:\/\/lignesauto.fr\/wp-content\/uploads\/2018\/10\/P90323793_lowRes_the-all-new-bmw-3-se.jpg 599w, https:\/\/lignesauto.fr\/wp-content\/uploads\/2018\/10\/P90323793_lowRes_the-all-new-bmw-3-se-300x200.jpg 300w, https:\/\/lignesauto.fr\/wp-content\/uploads\/2018\/10\/P90323793_lowRes_the-all-new-bmw-3-se-370x246.jpg 370w\" sizes=\"(max-width: 599px) 100vw, 599px\" \/><\/p>\n<p id=\"tw-target-text\" class=\"tw-data-text tw-ta tw-text-small\" dir=\"ltr\" data-placeholder=\"Traduction\"><span lang=\"fr\">La nouvelle interpr\u00e9tation du design de la berline S\u00e9rie 3 inaugure le nouveau langage stylistique de la marque.<br \/>\nDes lignes claires et des surfaces tendues la mettent en valeur <em>&#8220;ainsi que la sportivit\u00e9 et l\u2019\u00e9motion&#8221;<\/em>, un terme chip\u00e9 aux fondamentaux de&#8230; Peugeot !\u00a0<\/span><\/p>\n<p><img loading=\"lazy\" decoding=\"async\" class=\"alignnone wp-image-5044 size-full\" src=\"http:\/\/lignesauto.fr\/wp-content\/uploads\/2018\/10\/P90323806_lowRes_the-all-new-bmw-3-se.jpg\" alt=\"\" width=\"599\" height=\"399\" srcset=\"https:\/\/lignesauto.fr\/wp-content\/uploads\/2018\/10\/P90323806_lowRes_the-all-new-bmw-3-se.jpg 599w, https:\/\/lignesauto.fr\/wp-content\/uploads\/2018\/10\/P90323806_lowRes_the-all-new-bmw-3-se-300x200.jpg 300w, https:\/\/lignesauto.fr\/wp-content\/uploads\/2018\/10\/P90323806_lowRes_the-all-new-bmw-3-se-370x246.jpg 370w\" sizes=\"(max-width: 599px) 100vw, 599px\" \/><\/p>\n<p><em>&#8220;Le design ext\u00e9rieur de la nouvelle BMW S\u00e9rie 3 Berline combine des lignes trac\u00e9es avec pr\u00e9cision et des surfaces aux contours domin\u00e9s par la volont\u00e9 d&#8217;enfanter un design sportif.La nouvelle berline 3 s\u00e9ries est 76 millim\u00e8tres plus longue que son pr\u00e9d\u00e9cesseur ( 4. 70 m), 16 mm plus large (1,82 m) et seulement 1 mm plus haut.\u00a0 Ces dimensions conf\u00e8rent \u00e0 cette derni\u00e8re g\u00e9n\u00e9ration des proportions et une stature plus muscl\u00e9es que pr\u00e9c\u00e9demment. L&#8217;empattement plus long (2,851 m) et largeurs de voie plus g\u00e9n\u00e9reuses ont une influence directe et positive sur cet \u00e9quilibre des masses&#8221;<\/em><\/p>\n<p><img loading=\"lazy\" decoding=\"async\" class=\"alignnone wp-image-5043 size-full\" src=\"http:\/\/lignesauto.fr\/wp-content\/uploads\/2018\/10\/P90323801_lowRes_the-all-new-bmw-3-se.jpg\" alt=\"\" width=\"599\" height=\"400\" srcset=\"https:\/\/lignesauto.fr\/wp-content\/uploads\/2018\/10\/P90323801_lowRes_the-all-new-bmw-3-se.jpg 599w, https:\/\/lignesauto.fr\/wp-content\/uploads\/2018\/10\/P90323801_lowRes_the-all-new-bmw-3-se-300x200.jpg 300w, https:\/\/lignesauto.fr\/wp-content\/uploads\/2018\/10\/P90323801_lowRes_the-all-new-bmw-3-se-370x247.jpg 370w\" sizes=\"(max-width: 599px) 100vw, 599px\" \/><\/p>\n<p>Les deux &#8220;haricots&#8221; de la calandre BMW sont cercl\u00e9s d&#8217;un seul entourage. Les phares enti\u00e8rement \u00e0 LED sont en\u00a0s\u00e9rie, tandis que les phares \u00e0 DEL aux fonctionnalit\u00e9s \u00e9tendues et en forme de &#8220;U&#8221; caract\u00e9ristique sont disponibles en option.<\/p>\n<p><img loading=\"lazy\" decoding=\"async\" class=\"alignnone wp-image-5046 size-full\" src=\"http:\/\/lignesauto.fr\/wp-content\/uploads\/2018\/10\/P90323789_lowRes_the-all-new-bmw-3-se.jpg\" alt=\"\" width=\"600\" height=\"400\" srcset=\"https:\/\/lignesauto.fr\/wp-content\/uploads\/2018\/10\/P90323789_lowRes_the-all-new-bmw-3-se.jpg 600w, https:\/\/lignesauto.fr\/wp-content\/uploads\/2018\/10\/P90323789_lowRes_the-all-new-bmw-3-se-300x200.jpg 300w, https:\/\/lignesauto.fr\/wp-content\/uploads\/2018\/10\/P90323789_lowRes_the-all-new-bmw-3-se-370x247.jpg 370w\" sizes=\"(max-width: 600px) 100vw, 600px\" \/><\/p>\n<p id=\"tw-target-text\" class=\"tw-data-text tw-ta tw-text-small\" dir=\"ltr\" data-placeholder=\"Traduction\"><em><span lang=\"fr\">&#8220;Le capot allong\u00e9 de la voiture, son empattement long, ses porte-\u00e0-faux courts et sa ligne de toit fluide accentuent le profil dynamique vu de profil.<br \/>\nUne autre caract\u00e9ristique trait\u00e9e avec le nouveau langage du design BMW est le nouveau traitement de la fameuse &#8220;Hofmeister kink&#8221;.\u00a0<\/span><\/em><\/p>\n<p><img loading=\"lazy\" decoding=\"async\" class=\"alignnone wp-image-5038 size-full\" src=\"http:\/\/lignesauto.fr\/wp-content\/uploads\/2018\/10\/P90323708_lowRes_the-all-new-bmw-3-se.jpg\" alt=\"\" width=\"600\" height=\"399\" srcset=\"https:\/\/lignesauto.fr\/wp-content\/uploads\/2018\/10\/P90323708_lowRes_the-all-new-bmw-3-se.jpg 600w, https:\/\/lignesauto.fr\/wp-content\/uploads\/2018\/10\/P90323708_lowRes_the-all-new-bmw-3-se-300x200.jpg 300w, https:\/\/lignesauto.fr\/wp-content\/uploads\/2018\/10\/P90323708_lowRes_the-all-new-bmw-3-se-370x246.jpg 370w\" sizes=\"(max-width: 600px) 100vw, 600px\" \/><\/p>\n<p><strong>Plus de d\u00e9tails dans la journ\u00e9e apr\u00e8s l&#8217;avoir vue d&#8217;encore plus pr\u00e8s !<\/strong><\/p>\n<p><img loading=\"lazy\" decoding=\"async\" class=\"alignnone wp-image-5049 size-full\" src=\"http:\/\/lignesauto.fr\/wp-content\/uploads\/2018\/10\/P90323709_lowRes_the-all-new-bmw-3-se-1.jpg\" alt=\"\" width=\"600\" height=\"399\" srcset=\"https:\/\/lignesauto.fr\/wp-content\/uploads\/2018\/10\/P90323709_lowRes_the-all-new-bmw-3-se-1.jpg 600w, https:\/\/lignesauto.fr\/wp-content\/uploads\/2018\/10\/P90323709_lowRes_the-all-new-bmw-3-se-1-300x200.jpg 300w, https:\/\/lignesauto.fr\/wp-content\/uploads\/2018\/10\/P90323709_lowRes_the-all-new-bmw-3-se-1-370x246.jpg 370w\" sizes=\"(max-width: 600px) 100vw, 600px\" \/><\/p>\n<p><img loading=\"lazy\" decoding=\"async\" class=\"alignnone size-medium wp-image-5073\" src=\"http:\/\/lignesauto.fr\/wp-content\/uploads\/2018\/10\/P90323752_lowRes_the-all-new-bmw-3-se-300x212.jpg\" alt=\"\" width=\"300\" height=\"212\" srcset=\"https:\/\/lignesauto.fr\/wp-content\/uploads\/2018\/10\/P90323752_lowRes_the-all-new-bmw-3-se-300x212.jpg 300w, https:\/\/lignesauto.fr\/wp-content\/uploads\/2018\/10\/P90323752_lowRes_the-all-new-bmw-3-se-370x261.jpg 370w, https:\/\/lignesauto.fr\/wp-content\/uploads\/2018\/10\/P90323752_lowRes_the-all-new-bmw-3-se.jpg 600w\" sizes=\"(max-width: 300px) 100vw, 300px\" \/><img loading=\"lazy\" decoding=\"async\" class=\"alignnone size-medium wp-image-5074\" src=\"http:\/\/lignesauto.fr\/wp-content\/uploads\/2018\/10\/P90323753_lowRes_the-all-new-bmw-3-se-300x212.jpg\" alt=\"\" width=\"300\" height=\"212\" srcset=\"https:\/\/lignesauto.fr\/wp-content\/uploads\/2018\/10\/P90323753_lowRes_the-all-new-bmw-3-se-300x212.jpg 300w, https:\/\/lignesauto.fr\/wp-content\/uploads\/2018\/10\/P90323753_lowRes_the-all-new-bmw-3-se-370x261.jpg 370w, https:\/\/lignesauto.fr\/wp-content\/uploads\/2018\/10\/P90323753_lowRes_the-all-new-bmw-3-se.jpg 600w\" sizes=\"(max-width: 300px) 100vw, 300px\" \/><img loading=\"lazy\" decoding=\"async\" class=\"alignnone size-medium wp-image-5075\" src=\"http:\/\/lignesauto.fr\/wp-content\/uploads\/2018\/10\/P90323754_lowRes_the-all-new-bmw-3-se-300x212.jpg\" alt=\"\" width=\"300\" height=\"212\" srcset=\"https:\/\/lignesauto.fr\/wp-content\/uploads\/2018\/10\/P90323754_lowRes_the-all-new-bmw-3-se-300x212.jpg 300w, https:\/\/lignesauto.fr\/wp-content\/uploads\/2018\/10\/P90323754_lowRes_the-all-new-bmw-3-se-370x261.jpg 370w, https:\/\/lignesauto.fr\/wp-content\/uploads\/2018\/10\/P90323754_lowRes_the-all-new-bmw-3-se.jpg 600w\" sizes=\"(max-width: 300px) 100vw, 300px\" \/><img loading=\"lazy\" decoding=\"async\" class=\"alignnone size-medium wp-image-5076\" src=\"http:\/\/lignesauto.fr\/wp-content\/uploads\/2018\/10\/P90323755_lowRes_the-all-new-bmw-3-se-300x212.jpg\" alt=\"\" width=\"300\" height=\"212\" srcset=\"https:\/\/lignesauto.fr\/wp-content\/uploads\/2018\/10\/P90323755_lowRes_the-all-new-bmw-3-se-300x212.jpg 300w, https:\/\/lignesauto.fr\/wp-content\/uploads\/2018\/10\/P90323755_lowRes_the-all-new-bmw-3-se-370x261.jpg 370w, https:\/\/lignesauto.fr\/wp-content\/uploads\/2018\/10\/P90323755_lowRes_the-all-new-bmw-3-se.jpg 600w\" sizes=\"(max-width: 300px) 100vw, 300px\" \/><\/p>\n<p><img decoding=\"async\" src=\"http:\/\/lignesauto.fr\/wp-content\/uploads\/2018\/10\/LOGOActus_BD-300x108.jpg\" \/><\/p>\n","protected":false},"excerpt":{"rendered":"<p>Klaus Fr\u00f6hlich, membre du directoire BMW et en charge du d\u00e9veloppement l&#8217;affirme d&#8217;embl\u00e9e : &#8221; la s\u00e9rie 3 a \u00e9tabli les bases et a domin\u00e9 le segment des berlines sport &#8211; et va continuer \u00e0 le faire avec sa septi\u00e8me g\u00e9n\u00e9ration.&#8221; &#8220;Au cours des 40 derni\u00e8res ann\u00e9es, nous avons livr\u00e9 [&hellip;]<\/p>\n","protected":false},"author":1,"featured_media":5043,"comment_status":"open","ping_status":"open","sticky":false,"template":"","format":"standard","meta":{"footnotes":""},"categories":[1],"tags":[],"_links":{"self":[{"href":"https:\/\/lignesauto.fr\/index.php?rest_route=\/wp\/v2\/posts\/5037"}],"collection":[{"href":"https:\/\/lignesauto.fr\/index.php?rest_route=\/wp\/v2\/posts"}],"about":[{"href":"https:\/\/lignesauto.fr\/index.php?rest_route=\/wp\/v2\/types\/post"}],"author":[{"embeddable":true,"href":"https:\/\/lignesauto.fr\/index.php?rest_route=\/wp\/v2\/users\/1"}],"replies":[{"embeddable":true,"href":"https:\/\/lignesauto.fr\/index.php?rest_route=%2Fwp%2Fv2%2Fcomments&post=5037"}],"version-history":[{"count":10,"href":"https:\/\/lignesauto.fr\/index.php?rest_route=\/wp\/v2\/posts\/5037\/revisions"}],"predecessor-version":[{"id":5275,"href":"https:\/\/lignesauto.fr\/index.php?rest_route=\/wp\/v2\/posts\/5037\/revisions\/5275"}],"wp:featuredmedia":[{"embeddable":true,"href":"https:\/\/lignesauto.fr\/index.php?rest_route=\/wp\/v2\/media\/5043"}],"wp:attachment":[{"href":"https:\/\/lignesauto.fr\/index.php?rest_route=%2Fwp%2Fv2%2Fmedia&parent=5037"}],"wp:term":[{"taxonomy":"category","embeddable":true,"href":"https:\/\/lignesauto.fr\/index.php?rest_route=%2Fwp%2Fv2%2Fcategories&post=5037"},{"taxonomy":"post_tag","embeddable":true,"href":"https:\/\/lignesauto.fr\/index.php?rest_route=%2Fwp%2Fv2%2Ftags&post=5037"}],"curies":[{"name":"wp","href":"https:\/\/api.w.org\/{rel}","templated":true}]}}