{"id":5133,"date":"2018-10-04T12:15:16","date_gmt":"2018-10-04T10:15:16","guid":{"rendered":"http:\/\/lignesauto.fr\/?p=5133"},"modified":"2018-12-22T17:19:35","modified_gmt":"2018-12-22T16:19:35","slug":"exclusif-la-renault-ez-ultimo-ressemble-a-la-renault-ultra-dessinee-par-un-etudiant-indonesien","status":"publish","type":"post","link":"https:\/\/lignesauto.fr\/?p=5133","title":{"rendered":"Exclusif : la Renault EZ-Ultimo ressemble \u00e0 la Renault Ultra dessin\u00e9e&#8230; par un \u00e9tudiant indon\u00e9sien !"},"content":{"rendered":"<p><img loading=\"lazy\" decoding=\"async\" class=\"alignnone size-medium wp-image-4921\" src=\"http:\/\/lignesauto.fr\/wp-content\/uploads\/2018\/10\/LOGOActus_BD-300x108.jpg\" alt=\"\" width=\"300\" height=\"108\" srcset=\"https:\/\/lignesauto.fr\/wp-content\/uploads\/2018\/10\/LOGOActus_BD-300x108.jpg 300w, https:\/\/lignesauto.fr\/wp-content\/uploads\/2018\/10\/LOGOActus_BD-768x276.jpg 768w, https:\/\/lignesauto.fr\/wp-content\/uploads\/2018\/10\/LOGOActus_BD-1024x367.jpg 1024w, https:\/\/lignesauto.fr\/wp-content\/uploads\/2018\/10\/LOGOActus_BD-370x133.jpg 370w, https:\/\/lignesauto.fr\/wp-content\/uploads\/2018\/10\/LOGOActus_BD-1040x373.jpg 1040w, https:\/\/lignesauto.fr\/wp-content\/uploads\/2018\/10\/LOGOActus_BD.jpg 1240w\" sizes=\"(max-width: 300px) 100vw, 300px\" \/><\/p>\n<p><img loading=\"lazy\" decoding=\"async\" class=\"wp-image-5156 size-large\" src=\"http:\/\/lignesauto.fr\/wp-content\/uploads\/2018\/10\/21216692_2018_-_EZ-ULTIMO-1024x682.jpg\" alt=\"\" width=\"1024\" height=\"682\" srcset=\"https:\/\/lignesauto.fr\/wp-content\/uploads\/2018\/10\/21216692_2018_-_EZ-ULTIMO-1024x682.jpg 1024w, https:\/\/lignesauto.fr\/wp-content\/uploads\/2018\/10\/21216692_2018_-_EZ-ULTIMO-300x200.jpg 300w, https:\/\/lignesauto.fr\/wp-content\/uploads\/2018\/10\/21216692_2018_-_EZ-ULTIMO-768x512.jpg 768w, https:\/\/lignesauto.fr\/wp-content\/uploads\/2018\/10\/21216692_2018_-_EZ-ULTIMO-370x247.jpg 370w, https:\/\/lignesauto.fr\/wp-content\/uploads\/2018\/10\/21216692_2018_-_EZ-ULTIMO-1040x693.jpg 1040w, https:\/\/lignesauto.fr\/wp-content\/uploads\/2018\/10\/21216692_2018_-_EZ-ULTIMO.jpg 1949w\" sizes=\"(max-width: 1024px) 100vw, 1024px\" \/><\/p>\n<p>En tournant autour du concept-car Renault EZ-Ultimo <strong>(ci-dessus et ci-dessous)<\/strong> au Mondial de l&#8217;automobile, il y avait quelque chose qui clochait dans mon esprit : il me semblait avoir vu r\u00e9cemment cette voiture&#8230;<br \/>\nOr, c&#8217;est impossible puisque, contrairement \u00e0 la Peugeot e-LEGEND, je n&#8217;ai pas suivi la gen\u00e8se et la fabrication de ce concept que j&#8217;ai d\u00e9couvert dans la matin\u00e9e de mardi, comme (presque) tout le monde.<\/p>\n<p><img loading=\"lazy\" decoding=\"async\" class=\"wp-image-5163 size-large\" src=\"http:\/\/lignesauto.fr\/wp-content\/uploads\/2018\/10\/21216763_2018_-_EZ-ULTIMO-1024x588.jpg\" alt=\"\" width=\"1024\" height=\"588\" srcset=\"https:\/\/lignesauto.fr\/wp-content\/uploads\/2018\/10\/21216763_2018_-_EZ-ULTIMO-1024x588.jpg 1024w, https:\/\/lignesauto.fr\/wp-content\/uploads\/2018\/10\/21216763_2018_-_EZ-ULTIMO-300x172.jpg 300w, https:\/\/lignesauto.fr\/wp-content\/uploads\/2018\/10\/21216763_2018_-_EZ-ULTIMO-768x441.jpg 768w, https:\/\/lignesauto.fr\/wp-content\/uploads\/2018\/10\/21216763_2018_-_EZ-ULTIMO-370x213.jpg 370w, https:\/\/lignesauto.fr\/wp-content\/uploads\/2018\/10\/21216763_2018_-_EZ-ULTIMO-1040x597.jpg 1040w, https:\/\/lignesauto.fr\/wp-content\/uploads\/2018\/10\/21216763_2018_-_EZ-ULTIMO.jpg 1224w\" sizes=\"(max-width: 1024px) 100vw, 1024px\" \/><\/p>\n<p>Tout s&#8217;est \u00e9clair\u00e9 lorsque je suis retourn\u00e9 naviguer sur le site Behance (que je conseille \u00e0 tous) : la Renault EZ-Ultimo ressemble beaucoup (dans son concept plut\u00f4t que dans son style, quoique&#8230;) au projet de l&#8217;\u00e9tudiant indon\u00e9sien Andhika Dimas.<br \/>\nUn projet post\u00e9 sur le site Behance depuis peu, ce qui signifie que ni l&#8217;un ni l&#8217;autre ne s&#8217;est inspir\u00e9 du projet concurrent.<br \/>\nA moins que l&#8217;\u00e9tudiant en question ait effectu\u00e9 un stage au bureau de design de Guyancourt, en provenance de&#8230; Jakarta !<\/p>\n<p>&nbsp;<\/p>\n<p><img loading=\"lazy\" decoding=\"async\" class=\"alignnone wp-image-5134 size-large\" src=\"http:\/\/lignesauto.fr\/wp-content\/uploads\/2018\/10\/Capture-d\u2019\u00e9cran-2018-10-03-\u00e0-19.57.39-1024x311.png\" alt=\"\" width=\"1024\" height=\"311\" srcset=\"https:\/\/lignesauto.fr\/wp-content\/uploads\/2018\/10\/Capture-d\u2019\u00e9cran-2018-10-03-\u00e0-19.57.39-1024x311.png 1024w, https:\/\/lignesauto.fr\/wp-content\/uploads\/2018\/10\/Capture-d\u2019\u00e9cran-2018-10-03-\u00e0-19.57.39-300x91.png 300w, https:\/\/lignesauto.fr\/wp-content\/uploads\/2018\/10\/Capture-d\u2019\u00e9cran-2018-10-03-\u00e0-19.57.39-768x233.png 768w, https:\/\/lignesauto.fr\/wp-content\/uploads\/2018\/10\/Capture-d\u2019\u00e9cran-2018-10-03-\u00e0-19.57.39-370x112.png 370w, https:\/\/lignesauto.fr\/wp-content\/uploads\/2018\/10\/Capture-d\u2019\u00e9cran-2018-10-03-\u00e0-19.57.39-1040x316.png 1040w, https:\/\/lignesauto.fr\/wp-content\/uploads\/2018\/10\/Capture-d\u2019\u00e9cran-2018-10-03-\u00e0-19.57.39.png 1405w\" sizes=\"(max-width: 1024px) 100vw, 1024px\" \/><br \/>\n<strong>CI-DESSUS : LA RENAULT EZ-ULTIMO<br \/>\n<\/strong><br \/>\nLe projet de notre \u00e9tudiant &#8220;Renault Ultra&#8221; ci-dessous (<strong>m\u00eame le nom rappelle celui du concept-car Renault !<\/strong>) reprend peu ou prou les m\u00eames axes de recherches : voiture autonome capable de se transformer en navette, gabarit g\u00e9n\u00e9reux, habitacle au confort digne d&#8217;une cabine de premi\u00e8re classe d&#8217;un long courrier, voiture basse avec un design caract\u00e9ristique, notamment l&#8217;arri\u00e8re en forme de &#8220;queue de canard&#8221;, etc&#8230;<br \/>\nComme on le devine d&#8217;embl\u00e9e, la recherche esth\u00e9tique des deux projets saute aux yeux avec ces deux profils, qui plus est, de la m\u00eame teinte !<br \/>\nCertes, Andhika Dimas dispose \u00e9videmment de moins de qualit\u00e9 de rendu puisqu&#8217;il \u0153uvre seul, l\u00e0 o\u00f9 les outils performants aident le designer de Renault&#8230;<\/p>\n<p><img loading=\"lazy\" decoding=\"async\" class=\"alignnone wp-image-5135 size-large\" src=\"http:\/\/lignesauto.fr\/wp-content\/uploads\/2018\/10\/Capture-d\u2019\u00e9cran-2018-10-03-\u00e0-19.55.52-1024x243.png\" alt=\"\" width=\"1024\" height=\"243\" srcset=\"https:\/\/lignesauto.fr\/wp-content\/uploads\/2018\/10\/Capture-d\u2019\u00e9cran-2018-10-03-\u00e0-19.55.52-1024x243.png 1024w, https:\/\/lignesauto.fr\/wp-content\/uploads\/2018\/10\/Capture-d\u2019\u00e9cran-2018-10-03-\u00e0-19.55.52-300x71.png 300w, https:\/\/lignesauto.fr\/wp-content\/uploads\/2018\/10\/Capture-d\u2019\u00e9cran-2018-10-03-\u00e0-19.55.52-768x182.png 768w, https:\/\/lignesauto.fr\/wp-content\/uploads\/2018\/10\/Capture-d\u2019\u00e9cran-2018-10-03-\u00e0-19.55.52-370x88.png 370w, https:\/\/lignesauto.fr\/wp-content\/uploads\/2018\/10\/Capture-d\u2019\u00e9cran-2018-10-03-\u00e0-19.55.52-1040x247.png 1040w, https:\/\/lignesauto.fr\/wp-content\/uploads\/2018\/10\/Capture-d\u2019\u00e9cran-2018-10-03-\u00e0-19.55.52.png 1463w\" sizes=\"(max-width: 1024px) 100vw, 1024px\" \/><\/p>\n<p><strong>CI-DESSUS : LA RENAULT DE L&#8217;ETUDIANT ANDHIKA DIMAS<\/strong><\/p>\n<p>&nbsp;<\/p>\n<p>&nbsp;<\/p>\n<p><img loading=\"lazy\" decoding=\"async\" class=\"wp-image-5143 size-large\" src=\"http:\/\/lignesauto.fr\/wp-content\/uploads\/2018\/10\/21216582_2018_-_EZ-ULTIMO-1024x388.jpg\" alt=\"\" width=\"1024\" height=\"388\" srcset=\"https:\/\/lignesauto.fr\/wp-content\/uploads\/2018\/10\/21216582_2018_-_EZ-ULTIMO-1024x388.jpg 1024w, https:\/\/lignesauto.fr\/wp-content\/uploads\/2018\/10\/21216582_2018_-_EZ-ULTIMO-300x114.jpg 300w, https:\/\/lignesauto.fr\/wp-content\/uploads\/2018\/10\/21216582_2018_-_EZ-ULTIMO-768x291.jpg 768w, https:\/\/lignesauto.fr\/wp-content\/uploads\/2018\/10\/21216582_2018_-_EZ-ULTIMO-370x140.jpg 370w, https:\/\/lignesauto.fr\/wp-content\/uploads\/2018\/10\/21216582_2018_-_EZ-ULTIMO-1040x394.jpg 1040w\" sizes=\"(max-width: 1024px) 100vw, 1024px\" \/><\/p>\n<p><strong>CI-DESSUS : LA RENAULT EZ-ULTIMO<br \/>\nCI-DESSOUS : LA RENAULT DE L&#8217;ETUDIANT ANDHIKA DIMAS<br \/>\n<\/strong><\/p>\n<p>&nbsp;<\/p>\n<p><img loading=\"lazy\" decoding=\"async\" class=\"alignnone wp-image-5151 size-large\" src=\"http:\/\/lignesauto.fr\/wp-content\/uploads\/2018\/10\/10f15a68445069.5b5d771a45b79-1024x393.jpg\" alt=\"\" width=\"1024\" height=\"393\" srcset=\"https:\/\/lignesauto.fr\/wp-content\/uploads\/2018\/10\/10f15a68445069.5b5d771a45b79-1024x393.jpg 1024w, https:\/\/lignesauto.fr\/wp-content\/uploads\/2018\/10\/10f15a68445069.5b5d771a45b79-300x115.jpg 300w, https:\/\/lignesauto.fr\/wp-content\/uploads\/2018\/10\/10f15a68445069.5b5d771a45b79-768x294.jpg 768w, https:\/\/lignesauto.fr\/wp-content\/uploads\/2018\/10\/10f15a68445069.5b5d771a45b79-370x142.jpg 370w, https:\/\/lignesauto.fr\/wp-content\/uploads\/2018\/10\/10f15a68445069.5b5d771a45b79-1040x399.jpg 1040w, https:\/\/lignesauto.fr\/wp-content\/uploads\/2018\/10\/10f15a68445069.5b5d771a45b79.jpg 1920w\" sizes=\"(max-width: 1024px) 100vw, 1024px\" \/><\/p>\n<p>Le concept-car Renault EZ-Ultimo est, selon le constructeur fran\u00e7ais, <em>&#8220;une solution de mobilit\u00e9 autonome, \u00e9lectrique, connect\u00e9e et partag\u00e9e, offrant une exp\u00e9rience de voyage haut de gamme.&#8221;<\/em><br \/>\nDe son c\u00f4t\u00e9, Andhika Dimas explique que son projet r\u00e9pond \u00e0 la question : <em>&#8220;comment concevoir un v\u00e9hicule \u00e9lectrique disposant d&#8217;un habitacle spacieux drap\u00e9 d&#8217;un environnement se r\u00e9f\u00e9rant aux ic\u00f4nes automobiles luxueuses ?&#8221;<\/em><br \/>\nR\u00e9sultat logique : \u00e0 une m\u00eame probl\u00e9matique, une m\u00eame r\u00e9ponse, au presque !<\/p>\n<p><img loading=\"lazy\" decoding=\"async\" class=\"alignnone wp-image-5161 size-large\" src=\"http:\/\/lignesauto.fr\/wp-content\/uploads\/2018\/10\/LIGNES-1024x393.jpg\" alt=\"\" width=\"1024\" height=\"393\" srcset=\"https:\/\/lignesauto.fr\/wp-content\/uploads\/2018\/10\/LIGNES-1024x393.jpg 1024w, https:\/\/lignesauto.fr\/wp-content\/uploads\/2018\/10\/LIGNES-300x115.jpg 300w, https:\/\/lignesauto.fr\/wp-content\/uploads\/2018\/10\/LIGNES-768x294.jpg 768w, https:\/\/lignesauto.fr\/wp-content\/uploads\/2018\/10\/LIGNES-370x142.jpg 370w, https:\/\/lignesauto.fr\/wp-content\/uploads\/2018\/10\/LIGNES-1040x399.jpg 1040w, https:\/\/lignesauto.fr\/wp-content\/uploads\/2018\/10\/LIGNES.jpg 1920w\" sizes=\"(max-width: 1024px) 100vw, 1024px\" \/><br \/>\n<strong>Ci-dessus, le &#8220;story board&#8221; de l&#8217;utilisation de la Renault Ultra de l&#8217;\u00e9tudiant indon\u00e9sien.<\/strong><\/p>\n<p>Renault pr\u00e9cise que l&#8217;EZ-Ultimo est disponible <em>&#8220;\u00e0 la demande, pour un seul voyage, une heure ou une journ\u00e9e&#8221;<br \/>\n<\/em>et que le concept-car <em>&#8220;peut transporter trois passagers d\u00e9sirant s\u2019offrir un moment privil\u00e9gi\u00e9 pour voyager en ville ou pour une d\u00e9couverte touristique haut de gamme. &#8220;<\/em><br \/>\nLe projet Renault Ultra de l&#8217;\u00e9tudiant semble quant \u00e0 lui proposer plus de places dans un gabarit aussi g\u00e9n\u00e9reux que celui de la Renault &#8220;officielle&#8221; !<\/p>\n<p><img loading=\"lazy\" decoding=\"async\" class=\"wp-image-5142 size-large\" src=\"http:\/\/lignesauto.fr\/wp-content\/uploads\/2018\/10\/21216765_2018_-_EZ-ULTIMO-1-1024x683.jpg\" alt=\"\" width=\"1024\" height=\"683\" srcset=\"https:\/\/lignesauto.fr\/wp-content\/uploads\/2018\/10\/21216765_2018_-_EZ-ULTIMO-1-1024x683.jpg 1024w, https:\/\/lignesauto.fr\/wp-content\/uploads\/2018\/10\/21216765_2018_-_EZ-ULTIMO-1-300x200.jpg 300w, https:\/\/lignesauto.fr\/wp-content\/uploads\/2018\/10\/21216765_2018_-_EZ-ULTIMO-1-768x512.jpg 768w, https:\/\/lignesauto.fr\/wp-content\/uploads\/2018\/10\/21216765_2018_-_EZ-ULTIMO-1-370x247.jpg 370w, https:\/\/lignesauto.fr\/wp-content\/uploads\/2018\/10\/21216765_2018_-_EZ-ULTIMO-1-1040x693.jpg 1040w\" sizes=\"(max-width: 1024px) 100vw, 1024px\" \/><\/p>\n<p><strong>CI-DESSUS : LA RENAULT EZ-ULTIMO<br \/>\nCI-DESSOUS : LA RENAULT DE L&#8217;ETUDIANT ANDHIKA DIMAS<br \/>\n<\/strong><\/p>\n<p><img loading=\"lazy\" decoding=\"async\" class=\"alignnone wp-image-5136 size-large\" src=\"http:\/\/lignesauto.fr\/wp-content\/uploads\/2018\/10\/Capture-d\u2019\u00e9cran-2018-10-03-\u00e0-19.55.21-1024x482.png\" alt=\"\" width=\"1024\" height=\"482\" srcset=\"https:\/\/lignesauto.fr\/wp-content\/uploads\/2018\/10\/Capture-d\u2019\u00e9cran-2018-10-03-\u00e0-19.55.21-1024x482.png 1024w, https:\/\/lignesauto.fr\/wp-content\/uploads\/2018\/10\/Capture-d\u2019\u00e9cran-2018-10-03-\u00e0-19.55.21-300x141.png 300w, https:\/\/lignesauto.fr\/wp-content\/uploads\/2018\/10\/Capture-d\u2019\u00e9cran-2018-10-03-\u00e0-19.55.21-768x362.png 768w, https:\/\/lignesauto.fr\/wp-content\/uploads\/2018\/10\/Capture-d\u2019\u00e9cran-2018-10-03-\u00e0-19.55.21-370x174.png 370w, https:\/\/lignesauto.fr\/wp-content\/uploads\/2018\/10\/Capture-d\u2019\u00e9cran-2018-10-03-\u00e0-19.55.21-1040x490.png 1040w, https:\/\/lignesauto.fr\/wp-content\/uploads\/2018\/10\/Capture-d\u2019\u00e9cran-2018-10-03-\u00e0-19.55.21.png 1259w\" sizes=\"(max-width: 1024px) 100vw, 1024px\" \/><\/p>\n<p><em><br \/>\n<\/em>Renault nous dit \u00e0 propos de l&#8217;EZ-Ultimo\u00a0qu&#8217;une<em> \u00ab nouvelle \u00e8re de la mobilit\u00e9 \u00e9merge alors que les tendances de consommation \u00e9voluent et que les gens privil\u00e9gient de plus en plus les services de transport \u00e0 la demande.&#8221;<br \/>\n<\/em>Le patron du design Renault, Laurens van den Acker pr\u00e9cise que le concept est\u00a0<em>\u00ab inspir\u00e9 par l&#8217;architecture contemporaine, et compl\u00e8tement int\u00e9gr\u00e9 dans les futures villes intelligentes, le concept-car EZ Ultimo offrira une exp\u00e9rience exclusive accessible \u00e0 tous. Avec des voitures autonomes, \u00e9lectriques et connect\u00e9es, nous entrons dans un nouveau cycle passionnant pour le design automobile \u00bb<br \/>\n<\/em>Passionnant ? En tous les cas, preuve est fournie avec ce &#8216;post&#8217; que les r\u00e9ponses apport\u00e9es \u00e0 cette nouvelle donne semblent toutes converger vers un dessin (dessein) identique&#8230;<\/p>\n<p><img loading=\"lazy\" decoding=\"async\" class=\"wp-image-5146 size-large\" src=\"http:\/\/lignesauto.fr\/wp-content\/uploads\/2018\/10\/21216562_2018_-_EZ-ULTIMO-1-1024x576.jpg\" alt=\"\" width=\"1024\" height=\"576\" srcset=\"https:\/\/lignesauto.fr\/wp-content\/uploads\/2018\/10\/21216562_2018_-_EZ-ULTIMO-1-1024x576.jpg 1024w, https:\/\/lignesauto.fr\/wp-content\/uploads\/2018\/10\/21216562_2018_-_EZ-ULTIMO-1-300x169.jpg 300w, https:\/\/lignesauto.fr\/wp-content\/uploads\/2018\/10\/21216562_2018_-_EZ-ULTIMO-1-768x432.jpg 768w, https:\/\/lignesauto.fr\/wp-content\/uploads\/2018\/10\/21216562_2018_-_EZ-ULTIMO-1-370x208.jpg 370w, https:\/\/lignesauto.fr\/wp-content\/uploads\/2018\/10\/21216562_2018_-_EZ-ULTIMO-1-1040x585.jpg 1040w\" sizes=\"(max-width: 1024px) 100vw, 1024px\" \/><\/p>\n<p><strong>CI-DESSUS : LA RENAULT EZ-ULTIMO<br \/>\n<\/strong><strong>CI-DESSOUS : LA RENAULT DE L&#8217;ETUDIANT ANDHIKA DIMAS<\/strong><\/p>\n<p><img loading=\"lazy\" decoding=\"async\" class=\"alignnone wp-image-5148 size-large\" src=\"http:\/\/lignesauto.fr\/wp-content\/uploads\/2018\/10\/69979f68445069.5b5d771a49414-1024x393.jpg\" alt=\"\" width=\"1024\" height=\"393\" srcset=\"https:\/\/lignesauto.fr\/wp-content\/uploads\/2018\/10\/69979f68445069.5b5d771a49414-1024x393.jpg 1024w, https:\/\/lignesauto.fr\/wp-content\/uploads\/2018\/10\/69979f68445069.5b5d771a49414-300x115.jpg 300w, https:\/\/lignesauto.fr\/wp-content\/uploads\/2018\/10\/69979f68445069.5b5d771a49414-768x294.jpg 768w, https:\/\/lignesauto.fr\/wp-content\/uploads\/2018\/10\/69979f68445069.5b5d771a49414-370x142.jpg 370w, https:\/\/lignesauto.fr\/wp-content\/uploads\/2018\/10\/69979f68445069.5b5d771a49414-1040x399.jpg 1040w, https:\/\/lignesauto.fr\/wp-content\/uploads\/2018\/10\/69979f68445069.5b5d771a49414.jpg 1920w\" sizes=\"(max-width: 1024px) 100vw, 1024px\" \/><\/p>\n<p><strong><br \/>\nCI-DESSOUS : LA RENAULT DE L&#8217;ETUDIANT ANDHIKA DIMAS<\/strong><\/p>\n<p><img loading=\"lazy\" decoding=\"async\" class=\"alignnone wp-image-5137 size-full\" src=\"http:\/\/lignesauto.fr\/wp-content\/uploads\/2018\/10\/Capture-d\u2019\u00e9cran-2018-10-03-\u00e0-19.54.47.png\" alt=\"\" width=\"850\" height=\"473\" srcset=\"https:\/\/lignesauto.fr\/wp-content\/uploads\/2018\/10\/Capture-d\u2019\u00e9cran-2018-10-03-\u00e0-19.54.47.png 850w, https:\/\/lignesauto.fr\/wp-content\/uploads\/2018\/10\/Capture-d\u2019\u00e9cran-2018-10-03-\u00e0-19.54.47-300x167.png 300w, https:\/\/lignesauto.fr\/wp-content\/uploads\/2018\/10\/Capture-d\u2019\u00e9cran-2018-10-03-\u00e0-19.54.47-768x427.png 768w, https:\/\/lignesauto.fr\/wp-content\/uploads\/2018\/10\/Capture-d\u2019\u00e9cran-2018-10-03-\u00e0-19.54.47-370x206.png 370w\" sizes=\"(max-width: 850px) 100vw, 850px\" \/><\/p>\n<p><strong><br \/>\nCI-DESSOUS : LA RENAULT EZ-ULTIMO<\/strong><\/p>\n<p><img loading=\"lazy\" decoding=\"async\" class=\"wp-image-5144 size-large\" src=\"http:\/\/lignesauto.fr\/wp-content\/uploads\/2018\/10\/21216575_2018_-_EZ-ULTIMO-1-1024x581.jpg\" alt=\"\" width=\"1024\" height=\"581\" srcset=\"https:\/\/lignesauto.fr\/wp-content\/uploads\/2018\/10\/21216575_2018_-_EZ-ULTIMO-1-1024x581.jpg 1024w, https:\/\/lignesauto.fr\/wp-content\/uploads\/2018\/10\/21216575_2018_-_EZ-ULTIMO-1-300x170.jpg 300w, https:\/\/lignesauto.fr\/wp-content\/uploads\/2018\/10\/21216575_2018_-_EZ-ULTIMO-1-768x435.jpg 768w, https:\/\/lignesauto.fr\/wp-content\/uploads\/2018\/10\/21216575_2018_-_EZ-ULTIMO-1-370x210.jpg 370w, https:\/\/lignesauto.fr\/wp-content\/uploads\/2018\/10\/21216575_2018_-_EZ-ULTIMO-1-1040x590.jpg 1040w, https:\/\/lignesauto.fr\/wp-content\/uploads\/2018\/10\/21216575_2018_-_EZ-ULTIMO-1.jpg 1949w\" sizes=\"(max-width: 1024px) 100vw, 1024px\" \/><\/p>\n<p>&nbsp;<\/p>\n<p>CI-DESSOUS : LA RENAULT DE L&#8217;ETUDIANT ANDHIKA DIMAS<\/p>\n<p><img loading=\"lazy\" decoding=\"async\" class=\"alignnone wp-image-5139 size-full\" src=\"http:\/\/lignesauto.fr\/wp-content\/uploads\/2018\/10\/Capture-d\u2019\u00e9cran-2018-10-03-\u00e0-19.53.59.png\" alt=\"\" width=\"567\" height=\"547\" srcset=\"https:\/\/lignesauto.fr\/wp-content\/uploads\/2018\/10\/Capture-d\u2019\u00e9cran-2018-10-03-\u00e0-19.53.59.png 567w, https:\/\/lignesauto.fr\/wp-content\/uploads\/2018\/10\/Capture-d\u2019\u00e9cran-2018-10-03-\u00e0-19.53.59-300x289.png 300w, https:\/\/lignesauto.fr\/wp-content\/uploads\/2018\/10\/Capture-d\u2019\u00e9cran-2018-10-03-\u00e0-19.53.59-370x357.png 370w\" sizes=\"(max-width: 567px) 100vw, 567px\" \/><br \/>\n<strong>Retrouvez le projet d&#8217;Andhika Dimas sur le site Behance ici m\u00eame :<br \/>\n<a href=\"https:\/\/www.behance.net\/gallery\/68445069\/Renault-Ultra?tracking_source=curated_galleries_list\">https:\/\/www.behance.net\/gallery\/68445069\/Renault-Ultra?tracking_source=curated_galleries_list<\/a><\/strong><\/p>\n<p>&nbsp;<\/p>\n<p><img loading=\"lazy\" decoding=\"async\" class=\"alignnone size-medium wp-image-4921\" src=\"http:\/\/lignesauto.fr\/wp-content\/uploads\/2018\/10\/LOGOActus_BD-300x108.jpg\" alt=\"\" width=\"300\" height=\"108\" srcset=\"https:\/\/lignesauto.fr\/wp-content\/uploads\/2018\/10\/LOGOActus_BD-300x108.jpg 300w, https:\/\/lignesauto.fr\/wp-content\/uploads\/2018\/10\/LOGOActus_BD-768x276.jpg 768w, https:\/\/lignesauto.fr\/wp-content\/uploads\/2018\/10\/LOGOActus_BD-1024x367.jpg 1024w, https:\/\/lignesauto.fr\/wp-content\/uploads\/2018\/10\/LOGOActus_BD-370x133.jpg 370w, https:\/\/lignesauto.fr\/wp-content\/uploads\/2018\/10\/LOGOActus_BD-1040x373.jpg 1040w, https:\/\/lignesauto.fr\/wp-content\/uploads\/2018\/10\/LOGOActus_BD.jpg 1240w\" sizes=\"(max-width: 300px) 100vw, 300px\" \/><\/p>\n<p>&nbsp;<\/p>\n","protected":false},"excerpt":{"rendered":"<p>En tournant autour du concept-car Renault EZ-Ultimo (ci-dessus et ci-dessous) au Mondial de l&#8217;automobile, il y avait quelque chose qui clochait dans mon esprit : il me semblait avoir vu r\u00e9cemment cette voiture&#8230; Or, c&#8217;est impossible puisque, contrairement \u00e0 la Peugeot e-LEGEND, je n&#8217;ai pas suivi la gen\u00e8se et la [&hellip;]<\/p>\n","protected":false},"author":1,"featured_media":5137,"comment_status":"open","ping_status":"open","sticky":false,"template":"","format":"standard","meta":{"footnotes":""},"categories":[1],"tags":[],"_links":{"self":[{"href":"https:\/\/lignesauto.fr\/index.php?rest_route=\/wp\/v2\/posts\/5133"}],"collection":[{"href":"https:\/\/lignesauto.fr\/index.php?rest_route=\/wp\/v2\/posts"}],"about":[{"href":"https:\/\/lignesauto.fr\/index.php?rest_route=\/wp\/v2\/types\/post"}],"author":[{"embeddable":true,"href":"https:\/\/lignesauto.fr\/index.php?rest_route=\/wp\/v2\/users\/1"}],"replies":[{"embeddable":true,"href":"https:\/\/lignesauto.fr\/index.php?rest_route=%2Fwp%2Fv2%2Fcomments&post=5133"}],"version-history":[{"count":15,"href":"https:\/\/lignesauto.fr\/index.php?rest_route=\/wp\/v2\/posts\/5133\/revisions"}],"predecessor-version":[{"id":5168,"href":"https:\/\/lignesauto.fr\/index.php?rest_route=\/wp\/v2\/posts\/5133\/revisions\/5168"}],"wp:featuredmedia":[{"embeddable":true,"href":"https:\/\/lignesauto.fr\/index.php?rest_route=\/wp\/v2\/media\/5137"}],"wp:attachment":[{"href":"https:\/\/lignesauto.fr\/index.php?rest_route=%2Fwp%2Fv2%2Fmedia&parent=5133"}],"wp:term":[{"taxonomy":"category","embeddable":true,"href":"https:\/\/lignesauto.fr\/index.php?rest_route=%2Fwp%2Fv2%2Fcategories&post=5133"},{"taxonomy":"post_tag","embeddable":true,"href":"https:\/\/lignesauto.fr\/index.php?rest_route=%2Fwp%2Fv2%2Ftags&post=5133"}],"curies":[{"name":"wp","href":"https:\/\/api.w.org\/{rel}","templated":true}]}}