{"id":5345,"date":"2018-12-02T13:35:55","date_gmt":"2018-12-02T12:35:55","guid":{"rendered":"http:\/\/lignesauto.fr\/?p=5345"},"modified":"2018-12-22T16:38:49","modified_gmt":"2018-12-22T15:38:49","slug":"interview-les-lecons-du-maitre-giorgetto-giugiaro","status":"publish","type":"post","link":"https:\/\/lignesauto.fr\/?p=5345","title":{"rendered":"Interview : les le\u00e7ons du ma\u00eetre Giorgetto Giugiaro"},"content":{"rendered":"<p><img loading=\"lazy\" decoding=\"async\" class=\"alignnone size-medium wp-image-4921\" src=\"http:\/\/lignesauto.fr\/wp-content\/uploads\/2018\/10\/LOGOActus_BD-300x108.jpg\" alt=\"\" width=\"300\" height=\"108\" srcset=\"https:\/\/lignesauto.fr\/wp-content\/uploads\/2018\/10\/LOGOActus_BD-300x108.jpg 300w, https:\/\/lignesauto.fr\/wp-content\/uploads\/2018\/10\/LOGOActus_BD-768x276.jpg 768w, https:\/\/lignesauto.fr\/wp-content\/uploads\/2018\/10\/LOGOActus_BD-1024x367.jpg 1024w, https:\/\/lignesauto.fr\/wp-content\/uploads\/2018\/10\/LOGOActus_BD-370x133.jpg 370w, https:\/\/lignesauto.fr\/wp-content\/uploads\/2018\/10\/LOGOActus_BD-1040x373.jpg 1040w, https:\/\/lignesauto.fr\/wp-content\/uploads\/2018\/10\/LOGOActus_BD.jpg 1240w\" sizes=\"(max-width: 300px) 100vw, 300px\" \/><img loading=\"lazy\" decoding=\"async\" class=\"alignnone size-medium wp-image-5507\" src=\"http:\/\/lignesauto.fr\/wp-content\/uploads\/2018\/10\/LIGNESINTERVIEW-300x175.png\" alt=\"\" width=\"300\" height=\"175\" srcset=\"https:\/\/lignesauto.fr\/wp-content\/uploads\/2018\/10\/LIGNESINTERVIEW-300x175.png 300w, https:\/\/lignesauto.fr\/wp-content\/uploads\/2018\/10\/LIGNESINTERVIEW-370x216.png 370w, https:\/\/lignesauto.fr\/wp-content\/uploads\/2018\/10\/LIGNESINTERVIEW.png 606w\" sizes=\"(max-width: 300px) 100vw, 300px\" \/><\/p>\n<p><img loading=\"lazy\" decoding=\"async\" class=\"alignnone wp-image-5352 size-large\" src=\"http:\/\/lignesauto.fr\/wp-content\/uploads\/2018\/10\/LIGNESG05-1024x683.jpg\" alt=\"\" width=\"1024\" height=\"683\" srcset=\"https:\/\/lignesauto.fr\/wp-content\/uploads\/2018\/10\/LIGNESG05-1024x683.jpg 1024w, https:\/\/lignesauto.fr\/wp-content\/uploads\/2018\/10\/LIGNESG05-300x200.jpg 300w, https:\/\/lignesauto.fr\/wp-content\/uploads\/2018\/10\/LIGNESG05-768x512.jpg 768w, https:\/\/lignesauto.fr\/wp-content\/uploads\/2018\/10\/LIGNESG05-370x247.jpg 370w, https:\/\/lignesauto.fr\/wp-content\/uploads\/2018\/10\/LIGNESG05-1040x694.jpg 1040w, https:\/\/lignesauto.fr\/wp-content\/uploads\/2018\/10\/LIGNESG05.jpg 1984w\" sizes=\"(max-width: 1024px) 100vw, 1024px\" \/><\/p>\n<p>Giorgetto Giugiaro a f\u00eat\u00e9 ses 80 ans au moins d&#8217;ao\u00fbt dernier.<br \/>\nToujours d&#8217;une rare \u00e9l\u00e9gance, affirm\u00e9e par un visage le plus souvent souriant, le grand designer a laiss\u00e9 les cl\u00e9s de sa propre soci\u00e9t\u00e9 Italdesign cr\u00e9\u00e9e en 1968 \u00e0 Audi (et donc au groupe Volkswagen) mais n&#8217;en a pas pour autant d\u00e9laiss\u00e9 son m\u00e9tier premier : la cr\u00e9ativit\u00e9 de concepts automobiles autant que le dessin pur&#8230;<br \/>\nLe voici d\u00e9sormais \u00e0 la t\u00eate &#8211; avec son fils Fabrizio <strong>ci-dessous<\/strong> &#8211; de leur soci\u00e9t\u00e9 &#8220;GFG Progetti&#8221; cr\u00e9\u00e9e par le fiston en 2016.<br \/>\nElle est exclusivement d\u00e9di\u00e9e \u00e0 la recherche de design mais pas limit\u00e9e au seul univers automobile.<br \/>\n<strong>Voir le site ici :<\/strong>\u00a0<a href=\"http:\/\/www.gfgstyle.it\/index.html\">http:\/\/www.gfgstyle.it\/index.html<\/a><\/p>\n<p><img loading=\"lazy\" decoding=\"async\" class=\"alignnone wp-image-5354 size-large\" src=\"http:\/\/lignesauto.fr\/wp-content\/uploads\/2018\/10\/LIGNESG07-1024x843.jpg\" alt=\"\" width=\"1024\" height=\"843\" srcset=\"https:\/\/lignesauto.fr\/wp-content\/uploads\/2018\/10\/LIGNESG07-1024x843.jpg 1024w, https:\/\/lignesauto.fr\/wp-content\/uploads\/2018\/10\/LIGNESG07-300x247.jpg 300w, https:\/\/lignesauto.fr\/wp-content\/uploads\/2018\/10\/LIGNESG07-768x632.jpg 768w, https:\/\/lignesauto.fr\/wp-content\/uploads\/2018\/10\/LIGNESG07-370x305.jpg 370w, https:\/\/lignesauto.fr\/wp-content\/uploads\/2018\/10\/LIGNESG07-1040x856.jpg 1040w, https:\/\/lignesauto.fr\/wp-content\/uploads\/2018\/10\/LIGNESG07.jpg 1448w\" sizes=\"(max-width: 1024px) 100vw, 1024px\" \/><\/p>\n<p>L&#8217;occasion \u00e9tait belle de rencontrer cet homme chaleureux qui, derri\u00e8re une \u00e9ternelle simplicit\u00e9, cache de nombreuses r\u00e9ussites et quelques pans entiers de l&#8217;histoire de l&#8217;automobile des ann\u00e9es 1960 \u00e0 aujourd&#8217;hui&#8230;<br \/>\nC&#8217;est notre excellent confr\u00e8re Jean-R\u00e9my Macchia qui l&#8217;a retrouv\u00e9 pour LIGNES\/auto aux c\u00f4t\u00e9s de son dernier b\u00e9b\u00e9, la\u00a0Sibylla <strong>(ci-dessous)<\/strong>.<\/p>\n<p><img loading=\"lazy\" decoding=\"async\" class=\"alignnone wp-image-5353 size-large\" src=\"http:\/\/lignesauto.fr\/wp-content\/uploads\/2018\/10\/LIGNESG06-1024x683.jpg\" alt=\"\" width=\"1024\" height=\"683\" srcset=\"https:\/\/lignesauto.fr\/wp-content\/uploads\/2018\/10\/LIGNESG06-1024x683.jpg 1024w, https:\/\/lignesauto.fr\/wp-content\/uploads\/2018\/10\/LIGNESG06-300x200.jpg 300w, https:\/\/lignesauto.fr\/wp-content\/uploads\/2018\/10\/LIGNESG06-768x512.jpg 768w, https:\/\/lignesauto.fr\/wp-content\/uploads\/2018\/10\/LIGNESG06-370x247.jpg 370w, https:\/\/lignesauto.fr\/wp-content\/uploads\/2018\/10\/LIGNESG06-1040x694.jpg 1040w, https:\/\/lignesauto.fr\/wp-content\/uploads\/2018\/10\/LIGNESG06.jpg 1984w\" sizes=\"(max-width: 1024px) 100vw, 1024px\" \/><\/p>\n<p><strong>LIGNES\/auto : Le travail d\u2019un styliste, c&#8217;est quoi finalement ?<\/strong><br \/>\nGiorgetto Giugiaro : &#8220;Chercher de nouvelles formes en respectant les normes qui sont nombreuses aujourd\u2019hui.<br \/>\nIl faut renouveler les id\u00e9es en respectant ce que veut le constructeur\u00a0: voiture sportive, petite, grande, \u00e9conomique\u2026<br \/>\nIl faut toujours chercher la beaut\u00e9 \u00e0 travers des formes nouvelles, pour cr\u00e9er la motivation d\u2019achat.<br \/>\nLe cr\u00e9ateur s&#8217;impr\u00e8gne de tous les imp\u00e9ratifs, mais il impose son langage.&#8221;<\/p>\n<p><img loading=\"lazy\" decoding=\"async\" class=\"alignnone wp-image-5356 size-large\" src=\"http:\/\/lignesauto.fr\/wp-content\/uploads\/2018\/10\/LIGNESG10-1024x811.jpg\" alt=\"\" width=\"1024\" height=\"811\" srcset=\"https:\/\/lignesauto.fr\/wp-content\/uploads\/2018\/10\/LIGNESG10-1024x811.jpg 1024w, https:\/\/lignesauto.fr\/wp-content\/uploads\/2018\/10\/LIGNESG10-300x238.jpg 300w, https:\/\/lignesauto.fr\/wp-content\/uploads\/2018\/10\/LIGNESG10-768x609.jpg 768w, https:\/\/lignesauto.fr\/wp-content\/uploads\/2018\/10\/LIGNESG10-370x293.jpg 370w, https:\/\/lignesauto.fr\/wp-content\/uploads\/2018\/10\/LIGNESG10-1040x824.jpg 1040w, https:\/\/lignesauto.fr\/wp-content\/uploads\/2018\/10\/LIGNESG10.jpg 1701w\" sizes=\"(max-width: 1024px) 100vw, 1024px\" \/><\/p>\n<p><strong>Quels sont les crit\u00e8res de beaut\u00e9 pour une automobile ?<\/strong><br \/>\n&#8220;Cr\u00e9er une belle forme, c\u2019est difficile et d\u00e9licat. Car le regard humain est variable suivant les personnes et suivant les \u00e9poques.<br \/>\nIl faut trouver une physionomie de la voiture qui soit vraiment int\u00e9ressante.<br \/>\nLes diff\u00e9rences entre les voitures viennent de d\u00e9tails\u2026 tout cela reste un peu myst\u00e9rieux.<br \/>\nIl faut exciter le regard, g\u00e9n\u00e9rer une sensation agr\u00e9able. \u00c7a commence par les proportions.&#8221;<\/p>\n<p><img loading=\"lazy\" decoding=\"async\" class=\"alignnone wp-image-5366 size-large\" src=\"http:\/\/lignesauto.fr\/wp-content\/uploads\/2018\/10\/GGLIGNESNEW-1024x647.jpg\" alt=\"\" width=\"1024\" height=\"647\" srcset=\"https:\/\/lignesauto.fr\/wp-content\/uploads\/2018\/10\/GGLIGNESNEW-1024x647.jpg 1024w, https:\/\/lignesauto.fr\/wp-content\/uploads\/2018\/10\/GGLIGNESNEW-300x189.jpg 300w, https:\/\/lignesauto.fr\/wp-content\/uploads\/2018\/10\/GGLIGNESNEW-768x485.jpg 768w, https:\/\/lignesauto.fr\/wp-content\/uploads\/2018\/10\/GGLIGNESNEW-370x234.jpg 370w, https:\/\/lignesauto.fr\/wp-content\/uploads\/2018\/10\/GGLIGNESNEW-1040x657.jpg 1040w\" sizes=\"(max-width: 1024px) 100vw, 1024px\" \/><br \/>\n<em>Giorgetto Giugiaro a toujours travaill\u00e9 sur sa planche \u00e0 dessin&#8230;<br \/>\nM\u00eame lorsque sa soci\u00e9t\u00e9 Italdesign comptait parmi les mieux \u00e9quip\u00e9es en termes d&#8217;outils num\u00e9riques !<\/em><\/p>\n<p>&#8220;Et puis, in\u00e9vitablement, il y a des imp\u00e9ratifs sur des aspects pratiques\u00a0: l\u2019accessibilit\u00e9, le coffre, l\u2019implantation m\u00e9canique.<br \/>\nIl faut savoir composer avec tout \u00e7a. Sans compter les modes. Aujourd\u2019hui, c\u2019est celle les SUV.<br \/>\nLes berlines trois volumes, c\u2019est un peu d\u00e9pass\u00e9\u2026 Formellement, ces SUV sont devenus agr\u00e9ables. En 1978, j\u2019ai dessin\u00e9 une voiture haute.<br \/>\nC\u2019\u00e9tait trop en avance sur son temps\u00a0: aujourd\u2019hui, c\u2019est la mode absolue.<br \/>\nLes logiques changent avec les \u00e9poques. Et, demain, les nouvelles technologies vont changer les formes de nos voitures.&#8221;<\/p>\n<p><img loading=\"lazy\" decoding=\"async\" class=\"alignnone wp-image-5367 size-large\" src=\"http:\/\/lignesauto.fr\/wp-content\/uploads\/2018\/10\/3015-1024x683.jpg\" alt=\"\" width=\"1024\" height=\"683\" srcset=\"https:\/\/lignesauto.fr\/wp-content\/uploads\/2018\/10\/3015-1024x683.jpg 1024w, https:\/\/lignesauto.fr\/wp-content\/uploads\/2018\/10\/3015-300x200.jpg 300w, https:\/\/lignesauto.fr\/wp-content\/uploads\/2018\/10\/3015-768x512.jpg 768w, https:\/\/lignesauto.fr\/wp-content\/uploads\/2018\/10\/3015-370x247.jpg 370w, https:\/\/lignesauto.fr\/wp-content\/uploads\/2018\/10\/3015-1040x693.jpg 1040w\" sizes=\"(max-width: 1024px) 100vw, 1024px\" \/><br \/>\n<em>Ci-dessus, l&#8217;un des r\u00e9cents travaux de Giugiaro pour la soci\u00e9t\u00e9 chinoise\u00a0Techrules REN.<\/em><br \/>\n<em>Il s&#8217;agit d&#8217;un coup\u00e9 d\u00e9voil\u00e9 en mars 2017, dot\u00e9 de moteurs \u00e9lectriques et de 3 places avec conducteur au centre.<\/em><br \/>\n<em>Une architecture rappelant le premier concept-car de Giugiaro en 1968, la Manta&#8230;<\/em><\/p>\n<p><strong>Vous avez tr\u00e8s souvent enfant\u00e9 des carrosseries parcourues d\u2019ar\u00eates vives. \u00a0Pourquoi\u00a0?<\/strong><br \/>\n&#8220;C\u2019\u00e9tait un peu ma patte personnelle. Et les lignes tendues \u00e9taient plut\u00f4t \u00e0 la mode, dans les ann\u00e9es 1970.<br \/>\nMais je n\u2019ai jamais rien dessin\u00e9 de gratuit car la forme doit toujours correspondre \u00e0 des crit\u00e8res objectifs.<br \/>\nDessiner des carrosseries assez carr\u00e9es, ce n\u2019\u00e9tait pas juste une lubie.<br \/>\nC\u2019est le fruit d\u2019une r\u00e9flexion\u00a0toute simple qui veut que\u00a0les formes carr\u00e9es sont celles qui permettent d\u2019obtenir la meilleure habitabilit\u00e9 par rapport \u00e0 l\u2019encombrement de la voiture. Alors oui, le style doit toujours se plier aux imp\u00e9ratifs pratiques.&#8221;<\/p>\n<p><img loading=\"lazy\" decoding=\"async\" class=\"alignnone wp-image-5359 size-large\" src=\"http:\/\/lignesauto.fr\/wp-content\/uploads\/2018\/10\/LIGNESG14-1024x681.jpg\" alt=\"\" width=\"1024\" height=\"681\" srcset=\"https:\/\/lignesauto.fr\/wp-content\/uploads\/2018\/10\/LIGNESG14-1024x681.jpg 1024w, https:\/\/lignesauto.fr\/wp-content\/uploads\/2018\/10\/LIGNESG14-300x200.jpg 300w, https:\/\/lignesauto.fr\/wp-content\/uploads\/2018\/10\/LIGNESG14-768x511.jpg 768w, https:\/\/lignesauto.fr\/wp-content\/uploads\/2018\/10\/LIGNESG14-370x246.jpg 370w, https:\/\/lignesauto.fr\/wp-content\/uploads\/2018\/10\/LIGNESG14-1040x692.jpg 1040w\" sizes=\"(max-width: 1024px) 100vw, 1024px\" \/><br \/>\n<em>Giugiaro dans son immense bureau lorsqu&#8217;il tenait sa soci\u00e9t\u00e9 Italdesign \u00e0 bout de bras ! Avec toujours un crayon dans la main&#8230;<\/em><\/p>\n<p><strong>Le renouveau de Volkswagen apr\u00e8s la Coccinelle vous doit beaucoup\u00a0: Golf, Passat, Scirocco. Sans vous, Volkswagen n\u2019aurait pas eu tant de succ\u00e8s\u00a0?<\/strong><br \/>\n&#8220;Si vous le dites\u2026 (petit sourire modeste).<br \/>\nApr\u00e8s les rondeurs de la Coccinelle n\u00e9e en 1938, il fallait bien cr\u00e9er un style nouveau, et qui soit repr\u00e9sentatif de la marque.&#8221;<\/p>\n<p><em><img loading=\"lazy\" decoding=\"async\" class=\"wp-image-5348 size-large\" src=\"http:\/\/lignesauto.fr\/wp-content\/uploads\/2018\/10\/LIGNESG01-1024x667.jpg\" alt=\"\" width=\"1024\" height=\"667\" srcset=\"https:\/\/lignesauto.fr\/wp-content\/uploads\/2018\/10\/LIGNESG01-1024x667.jpg 1024w, https:\/\/lignesauto.fr\/wp-content\/uploads\/2018\/10\/LIGNESG01-300x195.jpg 300w, https:\/\/lignesauto.fr\/wp-content\/uploads\/2018\/10\/LIGNESG01-768x500.jpg 768w, https:\/\/lignesauto.fr\/wp-content\/uploads\/2018\/10\/LIGNESG01-370x241.jpg 370w, https:\/\/lignesauto.fr\/wp-content\/uploads\/2018\/10\/LIGNESG01-1040x677.jpg 1040w, https:\/\/lignesauto.fr\/wp-content\/uploads\/2018\/10\/LIGNESG01.jpg 1431w\" sizes=\"(max-width: 1024px) 100vw, 1024px\" \/><\/em><br \/>\n<em>Italdesign n&#8217;a pas cr\u00e9\u00e9 que la Golf de 1974, mais toute une famille de Volkswagen avec la berline Passat et le coup\u00e9 Scirocco <strong>(ci-dessus avec Giugiaro)<\/strong><\/em><\/p>\n<p>&#8220;La Volkswagen Golf constituait un grand changement\u00a0: une r\u00e9volution pour la marque qui venait de la monoculture Coccinelle\u00a0!<br \/>\nLa Golf avait une esth\u00e9tique fonctionnelle et rationnelle.<br \/>\nEt c\u2019est vrai que les ventes ont vite d\u00e9coll\u00e9. Le succ\u00e8s a \u00e9t\u00e9 imm\u00e9diat.<br \/>\nCe dessin a aid\u00e9 au renouveau de la marque.&#8221;<\/p>\n<p><img loading=\"lazy\" decoding=\"async\" class=\"alignnone wp-image-5355 size-large\" src=\"http:\/\/lignesauto.fr\/wp-content\/uploads\/2018\/10\/LIGNESG09-1024x650.jpg\" alt=\"\" width=\"1024\" height=\"650\" srcset=\"https:\/\/lignesauto.fr\/wp-content\/uploads\/2018\/10\/LIGNESG09-1024x650.jpg 1024w, https:\/\/lignesauto.fr\/wp-content\/uploads\/2018\/10\/LIGNESG09-300x190.jpg 300w, https:\/\/lignesauto.fr\/wp-content\/uploads\/2018\/10\/LIGNESG09-768x487.jpg 768w, https:\/\/lignesauto.fr\/wp-content\/uploads\/2018\/10\/LIGNESG09-370x235.jpg 370w, https:\/\/lignesauto.fr\/wp-content\/uploads\/2018\/10\/LIGNESG09-1040x660.jpg 1040w\" sizes=\"(max-width: 1024px) 100vw, 1024px\" \/><br \/>\n<em>Les premiers dessins de la Golf <strong>(esquisse \u00e0 droite)<\/strong> ne disposaient pas d&#8217;optiques rondes. VW les a voulues pour \u00e9voquer les &#8220;yeux&#8221; de la Coccinelle&#8230;<\/em><\/p>\n<p><strong>Quelle est la voiture dont vous \u00eates le plus fier ?<\/strong><br \/>\n&#8220;Il y en aurait tellement\u2026<br \/>\nAu moins une pour chaque \u00e9poque\u00a0! Mais j\u2019ai un faible pour la Fiat Panda.<br \/>\nC\u2019\u00e9tait tr\u00e8s difficile \u00e0 faire. Il fallait qu\u2019elle soit tr\u00e8s peu ch\u00e8re mais qu\u2019elle offre beaucoup d\u2019espace, en respectant ses petites dimensions.<br \/>\nElle devait aussi \u00eatre tr\u00e8s fonctionnelle. C\u2019est une voiture r\u00e9ussie parce que compl\u00e8tement pragmatique.<br \/>\nElle n\u2019est pas belle au sens \u00ab\u00a0sommet d\u2019esth\u00e9tique\u00a0\u00bb, mais elle est r\u00e9ussie par l\u2019ad\u00e9quation entre sa forme et les crit\u00e8res qui l\u2019ont d\u00e9finie.&#8221;<\/p>\n<p><img loading=\"lazy\" decoding=\"async\" class=\"alignnone wp-image-5361 size-large\" src=\"http:\/\/lignesauto.fr\/wp-content\/uploads\/2018\/10\/LIGNESG16-1024x614.jpg\" alt=\"\" width=\"1024\" height=\"614\" srcset=\"https:\/\/lignesauto.fr\/wp-content\/uploads\/2018\/10\/LIGNESG16-1024x614.jpg 1024w, https:\/\/lignesauto.fr\/wp-content\/uploads\/2018\/10\/LIGNESG16-300x180.jpg 300w, https:\/\/lignesauto.fr\/wp-content\/uploads\/2018\/10\/LIGNESG16-768x461.jpg 768w, https:\/\/lignesauto.fr\/wp-content\/uploads\/2018\/10\/LIGNESG16-370x222.jpg 370w, https:\/\/lignesauto.fr\/wp-content\/uploads\/2018\/10\/LIGNESG16-1040x624.jpg 1040w, https:\/\/lignesauto.fr\/wp-content\/uploads\/2018\/10\/LIGNESG16.jpg 1772w\" sizes=\"(max-width: 1024px) 100vw, 1024px\" \/><br \/>\n<em>Le plan 3 vues de la Fiat Panda sur papier Canson bleu. Giugiaro a dessin\u00e9 cette voiture en trois semaines, pendant ses cong\u00e9s de 1976.<\/em><\/p>\n<p>&#8220;Croyez-moi, dessiner une Ferrari, une Bugatti, c\u2019est presque facile\u00a0!<br \/>\nC\u2019est de l\u2019h\u00e9donisme. Il est toujours plus simple d\u2019esquisser des voitures tr\u00e8s grandes qui permettent des formes sensuelles, plaisantes.<br \/>\nLe challenge de la Panda, c\u2019\u00e9tait de r\u00e9ussir une voitures pour tous les usages du quotidien.&#8221;<\/p>\n<p><img loading=\"lazy\" decoding=\"async\" class=\"alignnone wp-image-5360 size-large\" src=\"http:\/\/lignesauto.fr\/wp-content\/uploads\/2018\/10\/LIGNESG15-681x1024.jpg\" alt=\"\" width=\"681\" height=\"1024\" srcset=\"https:\/\/lignesauto.fr\/wp-content\/uploads\/2018\/10\/LIGNESG15-681x1024.jpg 681w, https:\/\/lignesauto.fr\/wp-content\/uploads\/2018\/10\/LIGNESG15-200x300.jpg 200w, https:\/\/lignesauto.fr\/wp-content\/uploads\/2018\/10\/LIGNESG15-768x1155.jpg 768w, https:\/\/lignesauto.fr\/wp-content\/uploads\/2018\/10\/LIGNESG15-370x556.jpg 370w, https:\/\/lignesauto.fr\/wp-content\/uploads\/2018\/10\/LIGNESG15-1040x1563.jpg 1040w, https:\/\/lignesauto.fr\/wp-content\/uploads\/2018\/10\/LIGNESG15.jpg 1969w\" sizes=\"(max-width: 681px) 100vw, 681px\" \/><\/p>\n<p><strong>Au Mondial de l\u2019auto, vous pr\u00e9sentiez votre derni\u00e8re cr\u00e9ation, le prototype Sibylla. C\u2019est une grande berline d\u2019aspect classique mais avec beaucoup d\u2019originalit\u00e9s\u2026<\/strong><br \/>\n&#8220;Dans ce monde des SUV qui offrent notamment de l\u2019espace, j\u2019ai cherch\u00e9 une formule qui va donner de multiples avantages \u00e0 l\u2019utilisation, qui privil\u00e9gie tous les aspects pratiques.<br \/>\nJe propose une voiture assez longue de 5.14 m <strong>(ci-dessous)<\/strong> pour offrir une vaste habitabilit\u00e9.<br \/>\nJ\u2019ai privil\u00e9gi\u00e9 l\u2019acc\u00e8s \u00e0 bord. Car l\u2019humain grandit.&#8221;<\/p>\n<p><img loading=\"lazy\" decoding=\"async\" class=\"alignnone wp-image-5350 size-large\" src=\"http:\/\/lignesauto.fr\/wp-content\/uploads\/2018\/10\/LIGNESG03-1024x683.jpg\" alt=\"\" width=\"1024\" height=\"683\" srcset=\"https:\/\/lignesauto.fr\/wp-content\/uploads\/2018\/10\/LIGNESG03-1024x683.jpg 1024w, https:\/\/lignesauto.fr\/wp-content\/uploads\/2018\/10\/LIGNESG03-300x200.jpg 300w, https:\/\/lignesauto.fr\/wp-content\/uploads\/2018\/10\/LIGNESG03-768x512.jpg 768w, https:\/\/lignesauto.fr\/wp-content\/uploads\/2018\/10\/LIGNESG03-370x247.jpg 370w, https:\/\/lignesauto.fr\/wp-content\/uploads\/2018\/10\/LIGNESG03-1040x693.jpg 1040w, https:\/\/lignesauto.fr\/wp-content\/uploads\/2018\/10\/LIGNESG03.jpg 1701w\" sizes=\"(max-width: 1024px) 100vw, 1024px\" \/><\/p>\n<p>&#8220;Il faut donc des ouvertures \u00e9largies. Les portes arri\u00e8re disposent d\u2019une partie haute vitr\u00e9e, qui d\u00e9borde largement sur le toit et se d\u00e9ploie en \u00e9lytre.<br \/>\n\u00c0 l\u2019avant, c\u2019est toute la bulle qui forme un pare-brise qui coulisse vers le capot\u00a0: cela d\u00e9gage une ouverture maximale.<br \/>\n\u00c0 bord, tout est \u00e9pur\u00e9. Il y a beaucoup de luminosit\u00e9 avec le toit enti\u00e8rement vitr\u00e9.<br \/>\nRarement une voiture a autant ressembl\u00e9 \u00e0 un salon. Toutes les commandes sont tactiles.&#8221;<\/p>\n<p><img loading=\"lazy\" decoding=\"async\" class=\"alignnone wp-image-5347 size-large\" src=\"http:\/\/lignesauto.fr\/wp-content\/uploads\/2018\/10\/IGNESG12-1024x442.jpg\" alt=\"\" width=\"1024\" height=\"442\" srcset=\"https:\/\/lignesauto.fr\/wp-content\/uploads\/2018\/10\/IGNESG12-1024x442.jpg 1024w, https:\/\/lignesauto.fr\/wp-content\/uploads\/2018\/10\/IGNESG12-300x130.jpg 300w, https:\/\/lignesauto.fr\/wp-content\/uploads\/2018\/10\/IGNESG12-768x332.jpg 768w, https:\/\/lignesauto.fr\/wp-content\/uploads\/2018\/10\/IGNESG12-370x160.jpg 370w, https:\/\/lignesauto.fr\/wp-content\/uploads\/2018\/10\/IGNESG12-1040x449.jpg 1040w\" sizes=\"(max-width: 1024px) 100vw, 1024px\" \/><\/p>\n<p>&#8220;Il y a de nombreux aspects pratiques et les bacs de porti\u00e8res sont \u00e0 double fond, pour placer \u00e0 l\u2019abri des bouteilles et de menus objets pratique au-dessus.<br \/>\nDeux exemplaires ont \u00e9t\u00e9 construits <strong>(ci-dessous)<\/strong>. L\u2019un pour les salons, que vous voyez l\u00e0 et l\u2019autre, pour mon usage personnel\u00a0!<br \/>\nC\u2019est une voiture que je conduis tous les jours\u00a0!&#8221;<\/p>\n<p><img loading=\"lazy\" decoding=\"async\" class=\"alignnone wp-image-5351 size-large\" src=\"http:\/\/lignesauto.fr\/wp-content\/uploads\/2018\/10\/LIGNESG04-1024x683.jpg\" alt=\"\" width=\"1024\" height=\"683\" srcset=\"https:\/\/lignesauto.fr\/wp-content\/uploads\/2018\/10\/LIGNESG04-1024x683.jpg 1024w, https:\/\/lignesauto.fr\/wp-content\/uploads\/2018\/10\/LIGNESG04-300x200.jpg 300w, https:\/\/lignesauto.fr\/wp-content\/uploads\/2018\/10\/LIGNESG04-768x512.jpg 768w, https:\/\/lignesauto.fr\/wp-content\/uploads\/2018\/10\/LIGNESG04-370x247.jpg 370w, https:\/\/lignesauto.fr\/wp-content\/uploads\/2018\/10\/LIGNESG04-1040x694.jpg 1040w, https:\/\/lignesauto.fr\/wp-content\/uploads\/2018\/10\/LIGNESG04.jpg 1417w\" sizes=\"(max-width: 1024px) 100vw, 1024px\" \/><\/p>\n<h3>Les r\u00e9cents travaux de Giorgetto Giugiaro et Italdesign :<\/h3>\n<p><img loading=\"lazy\" decoding=\"async\" class=\"alignnone wp-image-5357 size-large\" src=\"http:\/\/lignesauto.fr\/wp-content\/uploads\/2018\/10\/LIGNESG11-1024x453.jpg\" alt=\"\" width=\"1024\" height=\"453\" srcset=\"https:\/\/lignesauto.fr\/wp-content\/uploads\/2018\/10\/LIGNESG11-1024x453.jpg 1024w, https:\/\/lignesauto.fr\/wp-content\/uploads\/2018\/10\/LIGNESG11-300x133.jpg 300w, https:\/\/lignesauto.fr\/wp-content\/uploads\/2018\/10\/LIGNESG11-768x340.jpg 768w, https:\/\/lignesauto.fr\/wp-content\/uploads\/2018\/10\/LIGNESG11-370x164.jpg 370w, https:\/\/lignesauto.fr\/wp-content\/uploads\/2018\/10\/LIGNESG11-1040x460.jpg 1040w, https:\/\/lignesauto.fr\/wp-content\/uploads\/2018\/10\/LIGNESG11.jpg 1823w\" sizes=\"(max-width: 1024px) 100vw, 1024px\" \/><\/p>\n<p>Au Mondial de Paris, Pininfarina d\u00e9voilait les deux premi\u00e8res silhouettes du tout jeune constructeur automobile vietnamien VinFast issu du groupe VinGroup.<br \/>\nMais pour la troisi\u00e8me silhouette annonc\u00e9e, une berline compacte \u00e0 moteur thermique <strong>(ci-dessus, proposition Italdesign)<\/strong> et une \u00e0 moteur \u00e9lectrique, la concurrence Pininfarina\/Italdesign &#8211; d\u00e9sormais dans le giron d&#8217;Audi &#8211; s&#8217;annonce f\u00e9roce !<\/p>\n<p><img loading=\"lazy\" decoding=\"async\" class=\"alignnone wp-image-5349 size-large\" src=\"http:\/\/lignesauto.fr\/wp-content\/uploads\/2018\/10\/LIGNESG02-1024x683.jpg\" alt=\"\" width=\"1024\" height=\"683\" srcset=\"https:\/\/lignesauto.fr\/wp-content\/uploads\/2018\/10\/LIGNESG02-1024x683.jpg 1024w, https:\/\/lignesauto.fr\/wp-content\/uploads\/2018\/10\/LIGNESG02-300x200.jpg 300w, https:\/\/lignesauto.fr\/wp-content\/uploads\/2018\/10\/LIGNESG02-768x512.jpg 768w, https:\/\/lignesauto.fr\/wp-content\/uploads\/2018\/10\/LIGNESG02-370x247.jpg 370w, https:\/\/lignesauto.fr\/wp-content\/uploads\/2018\/10\/LIGNESG02-1040x694.jpg 1040w, https:\/\/lignesauto.fr\/wp-content\/uploads\/2018\/10\/LIGNESG02.jpg 1580w\" sizes=\"(max-width: 1024px) 100vw, 1024px\" \/><br \/>\nFabrizio et Giorgetto Giugiaro ont cr\u00e9\u00e9 la &#8221; Techrules REN&#8221;, un coup\u00e9 trois places pour la Chine, dot\u00e9 de moteurs \u00e9lectrique<br \/>\net qui a d&#8217;ores et d\u00e9j\u00e0 d\u00e9but\u00e9 ses essais sur piste <strong>(ci-dessus)<\/strong><\/p>\n<p>&nbsp;<\/p>\n<p><em>PROPOS RECUEILLIS<br \/>\nPAR JEAN-REMY MACCHIA<\/em><br \/>\n<img loading=\"lazy\" decoding=\"async\" class=\"alignnone size-medium wp-image-5358\" src=\"http:\/\/lignesauto.fr\/wp-content\/uploads\/2018\/10\/LIGNESG13-200x300.jpeg\" alt=\"\" width=\"200\" height=\"300\" srcset=\"https:\/\/lignesauto.fr\/wp-content\/uploads\/2018\/10\/LIGNESG13-200x300.jpeg 200w, https:\/\/lignesauto.fr\/wp-content\/uploads\/2018\/10\/LIGNESG13-768x1152.jpeg 768w, https:\/\/lignesauto.fr\/wp-content\/uploads\/2018\/10\/LIGNESG13-683x1024.jpeg 683w, https:\/\/lignesauto.fr\/wp-content\/uploads\/2018\/10\/LIGNESG13-370x555.jpeg 370w, https:\/\/lignesauto.fr\/wp-content\/uploads\/2018\/10\/LIGNESG13-1040x1560.jpeg 1040w, https:\/\/lignesauto.fr\/wp-content\/uploads\/2018\/10\/LIGNESG13.jpeg 1417w\" sizes=\"(max-width: 200px) 100vw, 200px\" \/><\/p>\n<p><img loading=\"lazy\" decoding=\"async\" class=\"alignnone size-medium wp-image-4921\" src=\"http:\/\/lignesauto.fr\/wp-content\/uploads\/2018\/10\/LOGOActus_BD-300x108.jpg\" alt=\"\" width=\"300\" height=\"108\" srcset=\"https:\/\/lignesauto.fr\/wp-content\/uploads\/2018\/10\/LOGOActus_BD-300x108.jpg 300w, https:\/\/lignesauto.fr\/wp-content\/uploads\/2018\/10\/LOGOActus_BD-768x276.jpg 768w, https:\/\/lignesauto.fr\/wp-content\/uploads\/2018\/10\/LOGOActus_BD-1024x367.jpg 1024w, https:\/\/lignesauto.fr\/wp-content\/uploads\/2018\/10\/LOGOActus_BD-370x133.jpg 370w, https:\/\/lignesauto.fr\/wp-content\/uploads\/2018\/10\/LOGOActus_BD-1040x373.jpg 1040w, https:\/\/lignesauto.fr\/wp-content\/uploads\/2018\/10\/LOGOActus_BD.jpg 1240w\" sizes=\"(max-width: 300px) 100vw, 300px\" \/><\/p>\n","protected":false},"excerpt":{"rendered":"<p>Giorgetto Giugiaro a f\u00eat\u00e9 ses 80 ans au moins d&#8217;ao\u00fbt dernier. Toujours d&#8217;une rare \u00e9l\u00e9gance, affirm\u00e9e par un visage le plus souvent souriant, le grand designer a laiss\u00e9 les cl\u00e9s de sa propre soci\u00e9t\u00e9 Italdesign cr\u00e9\u00e9e en 1968 \u00e0 Audi (et donc au groupe Volkswagen) mais n&#8217;en a pas pour [&hellip;]<\/p>\n","protected":false},"author":1,"featured_media":5359,"comment_status":"open","ping_status":"open","sticky":false,"template":"","format":"standard","meta":{"footnotes":""},"categories":[1],"tags":[],"_links":{"self":[{"href":"https:\/\/lignesauto.fr\/index.php?rest_route=\/wp\/v2\/posts\/5345"}],"collection":[{"href":"https:\/\/lignesauto.fr\/index.php?rest_route=\/wp\/v2\/posts"}],"about":[{"href":"https:\/\/lignesauto.fr\/index.php?rest_route=\/wp\/v2\/types\/post"}],"author":[{"embeddable":true,"href":"https:\/\/lignesauto.fr\/index.php?rest_route=\/wp\/v2\/users\/1"}],"replies":[{"embeddable":true,"href":"https:\/\/lignesauto.fr\/index.php?rest_route=%2Fwp%2Fv2%2Fcomments&post=5345"}],"version-history":[{"count":11,"href":"https:\/\/lignesauto.fr\/index.php?rest_route=\/wp\/v2\/posts\/5345\/revisions"}],"predecessor-version":[{"id":5508,"href":"https:\/\/lignesauto.fr\/index.php?rest_route=\/wp\/v2\/posts\/5345\/revisions\/5508"}],"wp:featuredmedia":[{"embeddable":true,"href":"https:\/\/lignesauto.fr\/index.php?rest_route=\/wp\/v2\/media\/5359"}],"wp:attachment":[{"href":"https:\/\/lignesauto.fr\/index.php?rest_route=%2Fwp%2Fv2%2Fmedia&parent=5345"}],"wp:term":[{"taxonomy":"category","embeddable":true,"href":"https:\/\/lignesauto.fr\/index.php?rest_route=%2Fwp%2Fv2%2Fcategories&post=5345"},{"taxonomy":"post_tag","embeddable":true,"href":"https:\/\/lignesauto.fr\/index.php?rest_route=%2Fwp%2Fv2%2Ftags&post=5345"}],"curies":[{"name":"wp","href":"https:\/\/api.w.org\/{rel}","templated":true}]}}