{"id":5402,"date":"2018-10-22T09:39:35","date_gmt":"2018-10-22T07:39:35","guid":{"rendered":"http:\/\/lignesauto.fr\/?p=5402"},"modified":"2018-12-22T17:06:00","modified_gmt":"2018-12-22T16:06:00","slug":"archives-les-salons-de-paris-de-1951-aux-annees-2000-savoureux","status":"publish","type":"post","link":"https:\/\/lignesauto.fr\/?p=5402","title":{"rendered":"Archives : les salons de Paris de 1951 aux ann\u00e9es 2000. Savoureux !"},"content":{"rendered":"<p><img loading=\"lazy\" decoding=\"async\" class=\"alignnone size-medium wp-image-4925\" src=\"http:\/\/lignesauto.fr\/wp-content\/uploads\/2018\/10\/LOGOArchives_BD-300x108.jpg\" alt=\"\" width=\"300\" height=\"108\" srcset=\"https:\/\/lignesauto.fr\/wp-content\/uploads\/2018\/10\/LOGOArchives_BD-300x108.jpg 300w, https:\/\/lignesauto.fr\/wp-content\/uploads\/2018\/10\/LOGOArchives_BD-768x276.jpg 768w, https:\/\/lignesauto.fr\/wp-content\/uploads\/2018\/10\/LOGOArchives_BD-1024x367.jpg 1024w, https:\/\/lignesauto.fr\/wp-content\/uploads\/2018\/10\/LOGOArchives_BD-370x133.jpg 370w, https:\/\/lignesauto.fr\/wp-content\/uploads\/2018\/10\/LOGOArchives_BD-1040x373.jpg 1040w, https:\/\/lignesauto.fr\/wp-content\/uploads\/2018\/10\/LOGOArchives_BD.jpg 1240w\" sizes=\"(max-width: 300px) 100vw, 300px\" \/><\/p>\n<p>Alors que le Mondial de l&#8217;automobile a ferm\u00e9 ses portes avec plus d&#8217;un million de visiteurs,<br \/>\nLIGNES\/auto vous propose de (re)visiter quelques pr\u00e9c\u00e9dents salons de Paris, <strong>de 1951 aux ann\u00e9es 2000<\/strong>.<br \/>\nUn moment toujours savoureux !<\/p>\n<p>Si vous poussez jusqu&#8217;\u00e0 la minute 20&#8217;20, vous entendrez le Pr\u00e9sident Georges Pompidou sermonner une police qu&#8217;il juge un peu laxiste dans les rues de Paris !<\/p>\n<p><img loading=\"lazy\" decoding=\"async\" class=\"alignnone wp-image-5406 size-large\" src=\"http:\/\/lignesauto.fr\/wp-content\/uploads\/2018\/10\/LIGNESPOMPIDOU-1024x1019.jpg\" alt=\"\" width=\"1024\" height=\"1019\" srcset=\"https:\/\/lignesauto.fr\/wp-content\/uploads\/2018\/10\/LIGNESPOMPIDOU-1024x1019.jpg 1024w, https:\/\/lignesauto.fr\/wp-content\/uploads\/2018\/10\/LIGNESPOMPIDOU-150x150.jpg 150w, https:\/\/lignesauto.fr\/wp-content\/uploads\/2018\/10\/LIGNESPOMPIDOU-300x300.jpg 300w, https:\/\/lignesauto.fr\/wp-content\/uploads\/2018\/10\/LIGNESPOMPIDOU-768x764.jpg 768w, https:\/\/lignesauto.fr\/wp-content\/uploads\/2018\/10\/LIGNESPOMPIDOU-370x368.jpg 370w, https:\/\/lignesauto.fr\/wp-content\/uploads\/2018\/10\/LIGNESPOMPIDOU-1040x1035.jpg 1040w, https:\/\/lignesauto.fr\/wp-content\/uploads\/2018\/10\/LIGNESPOMPIDOU.jpg 1507w\" sizes=\"(max-width: 1024px) 100vw, 1024px\" \/><\/p>\n<p>Vous verrez \u00e9galement des images in\u00e9dites du prototype de recherche Renault BRV roulant dans le trafic (25&#8217;42)<br \/>\nou encore la sympathique Venturi en 1986 avec l&#8217;interview de son concepteur (30&#8217;49).<\/p>\n<p><img loading=\"lazy\" decoding=\"async\" class=\"alignnone wp-image-5407 size-full\" src=\"http:\/\/lignesauto.fr\/wp-content\/uploads\/2018\/10\/LIGNESBRV.png\" alt=\"\" width=\"992\" height=\"619\" srcset=\"https:\/\/lignesauto.fr\/wp-content\/uploads\/2018\/10\/LIGNESBRV.png 992w, https:\/\/lignesauto.fr\/wp-content\/uploads\/2018\/10\/LIGNESBRV-300x187.png 300w, https:\/\/lignesauto.fr\/wp-content\/uploads\/2018\/10\/LIGNESBRV-768x479.png 768w, https:\/\/lignesauto.fr\/wp-content\/uploads\/2018\/10\/LIGNESBRV-370x231.png 370w\" sizes=\"(max-width: 992px) 100vw, 992px\" \/><br \/>\n<img loading=\"lazy\" decoding=\"async\" class=\"alignnone wp-image-5408 size-large\" src=\"http:\/\/lignesauto.fr\/wp-content\/uploads\/2018\/10\/LIGNESVENTURI-1024x487.png\" alt=\"\" width=\"1024\" height=\"487\" srcset=\"https:\/\/lignesauto.fr\/wp-content\/uploads\/2018\/10\/LIGNESVENTURI-1024x487.png 1024w, https:\/\/lignesauto.fr\/wp-content\/uploads\/2018\/10\/LIGNESVENTURI-300x143.png 300w, https:\/\/lignesauto.fr\/wp-content\/uploads\/2018\/10\/LIGNESVENTURI-768x365.png 768w, https:\/\/lignesauto.fr\/wp-content\/uploads\/2018\/10\/LIGNESVENTURI-370x176.png 370w, https:\/\/lignesauto.fr\/wp-content\/uploads\/2018\/10\/LIGNESVENTURI-1040x494.png 1040w, https:\/\/lignesauto.fr\/wp-content\/uploads\/2018\/10\/LIGNESVENTURI.png 1121w\" sizes=\"(max-width: 1024px) 100vw, 1024px\" \/><\/p>\n<p>Mais c&#8217;est aussi l&#8217;occasion d&#8217;\u00e9couter des patrons qui peuvent avoir une vision du futur pas forc\u00e9ment&#8230; visionnaire,<br \/>\ncomme celle de Jean-Martin Folz qui expliquait au d\u00e9but des ann\u00e9es 2000 que\u00a0<em>&#8220;&#8230; ce n&#8217;est pas une bonne id\u00e9e de faire des fusions.&#8221;<br \/>\n&#8220;La p\u00e9riode des fusions est derri\u00e8re nous !&#8221;<\/em> (35&#8217;11).<\/p>\n<p><img loading=\"lazy\" decoding=\"async\" class=\"alignnone wp-image-5409 size-full\" src=\"http:\/\/lignesauto.fr\/wp-content\/uploads\/2018\/10\/lignesfolz.jpg\" alt=\"\" width=\"460\" height=\"305\" srcset=\"https:\/\/lignesauto.fr\/wp-content\/uploads\/2018\/10\/lignesfolz.jpg 460w, https:\/\/lignesauto.fr\/wp-content\/uploads\/2018\/10\/lignesfolz-300x199.jpg 300w, https:\/\/lignesauto.fr\/wp-content\/uploads\/2018\/10\/lignesfolz-370x245.jpg 370w\" sizes=\"(max-width: 460px) 100vw, 460px\" \/><\/p>\n<p>Bref, un petit r\u00e9gal gr\u00e2ce aux archives de l&#8217;INA.<br \/>\nA voir ici :\u00a0<a href=\"https:\/\/www.youtube.com\/watch?v=Q7dTUDDXdKE\">https:\/\/www.youtube.com\/watch?v=Q7dTUDDXdKE<\/a><\/p>\n<p>&nbsp;<\/p>\n<p><img loading=\"lazy\" decoding=\"async\" class=\"alignnone size-medium wp-image-4925\" src=\"http:\/\/lignesauto.fr\/wp-content\/uploads\/2018\/10\/LOGOArchives_BD-300x108.jpg\" alt=\"\" width=\"300\" height=\"108\" srcset=\"https:\/\/lignesauto.fr\/wp-content\/uploads\/2018\/10\/LOGOArchives_BD-300x108.jpg 300w, https:\/\/lignesauto.fr\/wp-content\/uploads\/2018\/10\/LOGOArchives_BD-768x276.jpg 768w, https:\/\/lignesauto.fr\/wp-content\/uploads\/2018\/10\/LOGOArchives_BD-1024x367.jpg 1024w, https:\/\/lignesauto.fr\/wp-content\/uploads\/2018\/10\/LOGOArchives_BD-370x133.jpg 370w, https:\/\/lignesauto.fr\/wp-content\/uploads\/2018\/10\/LOGOArchives_BD-1040x373.jpg 1040w, https:\/\/lignesauto.fr\/wp-content\/uploads\/2018\/10\/LOGOArchives_BD.jpg 1240w\" sizes=\"(max-width: 300px) 100vw, 300px\" \/><\/p>\n","protected":false},"excerpt":{"rendered":"<p>Alors que le Mondial de l&#8217;automobile a ferm\u00e9 ses portes avec plus d&#8217;un million de visiteurs, LIGNES\/auto vous propose de (re)visiter quelques pr\u00e9c\u00e9dents salons de Paris, de 1951 aux ann\u00e9es 2000. Un moment toujours savoureux ! Si vous poussez jusqu&#8217;\u00e0 la minute 20&#8217;20, vous entendrez le Pr\u00e9sident Georges Pompidou sermonner [&hellip;]<\/p>\n","protected":false},"author":1,"featured_media":5406,"comment_status":"open","ping_status":"open","sticky":false,"template":"","format":"standard","meta":{"footnotes":""},"categories":[1],"tags":[],"_links":{"self":[{"href":"https:\/\/lignesauto.fr\/index.php?rest_route=\/wp\/v2\/posts\/5402"}],"collection":[{"href":"https:\/\/lignesauto.fr\/index.php?rest_route=\/wp\/v2\/posts"}],"about":[{"href":"https:\/\/lignesauto.fr\/index.php?rest_route=\/wp\/v2\/types\/post"}],"author":[{"embeddable":true,"href":"https:\/\/lignesauto.fr\/index.php?rest_route=\/wp\/v2\/users\/1"}],"replies":[{"embeddable":true,"href":"https:\/\/lignesauto.fr\/index.php?rest_route=%2Fwp%2Fv2%2Fcomments&post=5402"}],"version-history":[{"count":6,"href":"https:\/\/lignesauto.fr\/index.php?rest_route=\/wp\/v2\/posts\/5402\/revisions"}],"predecessor-version":[{"id":5412,"href":"https:\/\/lignesauto.fr\/index.php?rest_route=\/wp\/v2\/posts\/5402\/revisions\/5412"}],"wp:featuredmedia":[{"embeddable":true,"href":"https:\/\/lignesauto.fr\/index.php?rest_route=\/wp\/v2\/media\/5406"}],"wp:attachment":[{"href":"https:\/\/lignesauto.fr\/index.php?rest_route=%2Fwp%2Fv2%2Fmedia&parent=5402"}],"wp:term":[{"taxonomy":"category","embeddable":true,"href":"https:\/\/lignesauto.fr\/index.php?rest_route=%2Fwp%2Fv2%2Fcategories&post=5402"},{"taxonomy":"post_tag","embeddable":true,"href":"https:\/\/lignesauto.fr\/index.php?rest_route=%2Fwp%2Fv2%2Ftags&post=5402"}],"curies":[{"name":"wp","href":"https:\/\/api.w.org\/{rel}","templated":true}]}}