{"id":5916,"date":"2019-01-06T09:30:16","date_gmt":"2019-01-06T08:30:16","guid":{"rendered":"http:\/\/lignesauto.fr\/?p=5916"},"modified":"2019-01-09T10:47:29","modified_gmt":"2019-01-09T09:47:29","slug":"firebird-i-ii-et-iii-les-voitures-autonomes-avant-lheure","status":"publish","type":"post","link":"https:\/\/lignesauto.fr\/?p=5916","title":{"rendered":"Firebird I, II et III : les voitures autonomes avant l&#8217;heure"},"content":{"rendered":"<p><img loading=\"lazy\" decoding=\"async\" class=\"alignnone size-medium wp-image-4925\" src=\"http:\/\/lignesauto.fr\/wp-content\/uploads\/2018\/10\/LOGOArchives_BD-300x108.jpg\" alt=\"\" width=\"300\" height=\"108\" srcset=\"https:\/\/lignesauto.fr\/wp-content\/uploads\/2018\/10\/LOGOArchives_BD-300x108.jpg 300w, https:\/\/lignesauto.fr\/wp-content\/uploads\/2018\/10\/LOGOArchives_BD-768x276.jpg 768w, https:\/\/lignesauto.fr\/wp-content\/uploads\/2018\/10\/LOGOArchives_BD-1024x367.jpg 1024w, https:\/\/lignesauto.fr\/wp-content\/uploads\/2018\/10\/LOGOArchives_BD-370x133.jpg 370w, https:\/\/lignesauto.fr\/wp-content\/uploads\/2018\/10\/LOGOArchives_BD-1040x373.jpg 1040w, https:\/\/lignesauto.fr\/wp-content\/uploads\/2018\/10\/LOGOArchives_BD.jpg 1240w\" sizes=\"(max-width: 300px) 100vw, 300px\" \/><\/p>\n<p>Petit d\u00e9tour par les archives de la General Motors et plus particuli\u00e8rement, retour sur les &#8220;dream-cars&#8221; Firebird I, II et III.<\/p>\n<p><img loading=\"lazy\" decoding=\"async\" class=\"alignnone wp-image-5918 size-full\" src=\"http:\/\/lignesauto.fr\/wp-content\/uploads\/2018\/11\/Capture-d\u2019\u00e9cran-2018-11-23-\u00e0-09.05.25.png\" alt=\"\" width=\"992\" height=\"440\" srcset=\"https:\/\/lignesauto.fr\/wp-content\/uploads\/2018\/11\/Capture-d\u2019\u00e9cran-2018-11-23-\u00e0-09.05.25.png 992w, https:\/\/lignesauto.fr\/wp-content\/uploads\/2018\/11\/Capture-d\u2019\u00e9cran-2018-11-23-\u00e0-09.05.25-300x133.png 300w, https:\/\/lignesauto.fr\/wp-content\/uploads\/2018\/11\/Capture-d\u2019\u00e9cran-2018-11-23-\u00e0-09.05.25-768x341.png 768w, https:\/\/lignesauto.fr\/wp-content\/uploads\/2018\/11\/Capture-d\u2019\u00e9cran-2018-11-23-\u00e0-09.05.25-370x164.png 370w\" sizes=\"(max-width: 992px) 100vw, 992px\" \/><br \/>\nCes trois voitures ont r\u00e9volutionn\u00e9 la technologie de conduite de 1953 (date de pr\u00e9sentation de la Firebird I ci-dessus au centre) \u00e0 1958, date de r\u00e9alisation de la Firebird III ci-dessus \u00e0 gauche).<\/p>\n<p><img loading=\"lazy\" decoding=\"async\" class=\"alignnone wp-image-5921 size-full\" src=\"http:\/\/lignesauto.fr\/wp-content\/uploads\/2018\/11\/Capture-d\u2019\u00e9cran-2018-11-23-\u00e0-09.04.47.png\" alt=\"\" width=\"992\" height=\"782\" srcset=\"https:\/\/lignesauto.fr\/wp-content\/uploads\/2018\/11\/Capture-d\u2019\u00e9cran-2018-11-23-\u00e0-09.04.47.png 992w, https:\/\/lignesauto.fr\/wp-content\/uploads\/2018\/11\/Capture-d\u2019\u00e9cran-2018-11-23-\u00e0-09.04.47-300x236.png 300w, https:\/\/lignesauto.fr\/wp-content\/uploads\/2018\/11\/Capture-d\u2019\u00e9cran-2018-11-23-\u00e0-09.04.47-768x605.png 768w, https:\/\/lignesauto.fr\/wp-content\/uploads\/2018\/11\/Capture-d\u2019\u00e9cran-2018-11-23-\u00e0-09.04.47-370x292.png 370w\" sizes=\"(max-width: 992px) 100vw, 992px\" \/><\/p>\n<p>Gr\u00e2ce aux courts interviews crois\u00e9s de Norman James, designer du programme Firebird dans les ann\u00e9es 1950 (ci-dessus) et de Mandi Damman, aujourd&#8217;hui chef ing\u00e9nieur du programme des voitures autonomes chez GM, on r\u00e9alise que ces engins fabuleux qui faisaient r\u00eaver nos a\u00efeux voici plus d&#8217;un demi-si\u00e8cle renfermaient d\u00e9j\u00e0 les g\u00e8nes de la voiture que nos enfants conduiront demain&#8230;<\/p>\n<p><img loading=\"lazy\" decoding=\"async\" class=\"alignnone wp-image-5919 size-full\" src=\"http:\/\/lignesauto.fr\/wp-content\/uploads\/2018\/11\/Capture-d\u2019\u00e9cran-2018-11-23-\u00e0-09.04.17.png\" alt=\"\" width=\"992\" height=\"422\" srcset=\"https:\/\/lignesauto.fr\/wp-content\/uploads\/2018\/11\/Capture-d\u2019\u00e9cran-2018-11-23-\u00e0-09.04.17.png 992w, https:\/\/lignesauto.fr\/wp-content\/uploads\/2018\/11\/Capture-d\u2019\u00e9cran-2018-11-23-\u00e0-09.04.17-300x128.png 300w, https:\/\/lignesauto.fr\/wp-content\/uploads\/2018\/11\/Capture-d\u2019\u00e9cran-2018-11-23-\u00e0-09.04.17-768x327.png 768w, https:\/\/lignesauto.fr\/wp-content\/uploads\/2018\/11\/Capture-d\u2019\u00e9cran-2018-11-23-\u00e0-09.04.17-370x157.png 370w\" sizes=\"(max-width: 992px) 100vw, 992px\" \/><br \/>\nLes trois Firebird \u00e9taient propuls\u00e9es par des turbines \u00e0 gaz mais c&#8217;est avant tout leurs syst\u00e8mes de &#8220;conduite mains libres&#8221; qui firent sensation.<br \/>\nLa Firebird II \u00e9tait &#8220;filoguid\u00e9e&#8221; sur les autoroutes du futur qui int\u00e9graient des fils et capteurs dans leur chauss\u00e9e !<br \/>\nLa Firebird III de 1958 (pr\u00e9sent\u00e9e au Motorama de 1959) disposait d&#8217;un pilotage mains libres et d&#8217;un Joystick !<br \/>\nElle inaugurait \u00e9galement le r\u00e9gulateur de vitesse et l&#8217;ABS, sans parler de ses porti\u00e8res qui s&#8217;ouvraient gr\u00e2ce \u00e0 une t\u00e9l\u00e9commande !<\/p>\n<p>C&#8217;est \u00e0 voir, \u00e9couter et&#8230; r\u00eaver ici :<\/p>\n<p><a href=\"https:\/\/www.gm.com\/our-stories\/commitment\/before-people-knew-autonomous-there-was-firebird-concept.html\">https:\/\/www.gm.com\/our-stories\/commitment\/before-people-knew-autonomous-there-was-firebird-concept.html<\/a><\/p>\n<p><img loading=\"lazy\" decoding=\"async\" class=\"alignnone wp-image-5920 size-full\" src=\"http:\/\/lignesauto.fr\/wp-content\/uploads\/2018\/11\/Capture-d\u2019\u00e9cran-2018-11-23-\u00e0-09.04.32.png\" alt=\"\" width=\"992\" height=\"417\" srcset=\"https:\/\/lignesauto.fr\/wp-content\/uploads\/2018\/11\/Capture-d\u2019\u00e9cran-2018-11-23-\u00e0-09.04.32.png 992w, https:\/\/lignesauto.fr\/wp-content\/uploads\/2018\/11\/Capture-d\u2019\u00e9cran-2018-11-23-\u00e0-09.04.32-300x126.png 300w, https:\/\/lignesauto.fr\/wp-content\/uploads\/2018\/11\/Capture-d\u2019\u00e9cran-2018-11-23-\u00e0-09.04.32-768x323.png 768w, https:\/\/lignesauto.fr\/wp-content\/uploads\/2018\/11\/Capture-d\u2019\u00e9cran-2018-11-23-\u00e0-09.04.32-370x156.png 370w\" sizes=\"(max-width: 992px) 100vw, 992px\" \/><\/p>\n<p><img loading=\"lazy\" decoding=\"async\" class=\"alignnone size-medium wp-image-4925\" src=\"http:\/\/lignesauto.fr\/wp-content\/uploads\/2018\/10\/LOGOArchives_BD-300x108.jpg\" alt=\"\" width=\"300\" height=\"108\" srcset=\"https:\/\/lignesauto.fr\/wp-content\/uploads\/2018\/10\/LOGOArchives_BD-300x108.jpg 300w, https:\/\/lignesauto.fr\/wp-content\/uploads\/2018\/10\/LOGOArchives_BD-768x276.jpg 768w, https:\/\/lignesauto.fr\/wp-content\/uploads\/2018\/10\/LOGOArchives_BD-1024x367.jpg 1024w, https:\/\/lignesauto.fr\/wp-content\/uploads\/2018\/10\/LOGOArchives_BD-370x133.jpg 370w, https:\/\/lignesauto.fr\/wp-content\/uploads\/2018\/10\/LOGOArchives_BD-1040x373.jpg 1040w, https:\/\/lignesauto.fr\/wp-content\/uploads\/2018\/10\/LOGOArchives_BD.jpg 1240w\" sizes=\"(max-width: 300px) 100vw, 300px\" \/><\/p>\n","protected":false},"excerpt":{"rendered":"<p>Petit d\u00e9tour par les archives de la General Motors et plus particuli\u00e8rement, retour sur les &#8220;dream-cars&#8221; Firebird I, II et III. Ces trois voitures ont r\u00e9volutionn\u00e9 la technologie de conduite de 1953 (date de pr\u00e9sentation de la Firebird I ci-dessus au centre) \u00e0 1958, date de r\u00e9alisation de la Firebird [&hellip;]<\/p>\n","protected":false},"author":1,"featured_media":5920,"comment_status":"open","ping_status":"open","sticky":false,"template":"","format":"standard","meta":{"footnotes":""},"categories":[1],"tags":[],"_links":{"self":[{"href":"https:\/\/lignesauto.fr\/index.php?rest_route=\/wp\/v2\/posts\/5916"}],"collection":[{"href":"https:\/\/lignesauto.fr\/index.php?rest_route=\/wp\/v2\/posts"}],"about":[{"href":"https:\/\/lignesauto.fr\/index.php?rest_route=\/wp\/v2\/types\/post"}],"author":[{"embeddable":true,"href":"https:\/\/lignesauto.fr\/index.php?rest_route=\/wp\/v2\/users\/1"}],"replies":[{"embeddable":true,"href":"https:\/\/lignesauto.fr\/index.php?rest_route=%2Fwp%2Fv2%2Fcomments&post=5916"}],"version-history":[{"count":11,"href":"https:\/\/lignesauto.fr\/index.php?rest_route=\/wp\/v2\/posts\/5916\/revisions"}],"predecessor-version":[{"id":5931,"href":"https:\/\/lignesauto.fr\/index.php?rest_route=\/wp\/v2\/posts\/5916\/revisions\/5931"}],"wp:featuredmedia":[{"embeddable":true,"href":"https:\/\/lignesauto.fr\/index.php?rest_route=\/wp\/v2\/media\/5920"}],"wp:attachment":[{"href":"https:\/\/lignesauto.fr\/index.php?rest_route=%2Fwp%2Fv2%2Fmedia&parent=5916"}],"wp:term":[{"taxonomy":"category","embeddable":true,"href":"https:\/\/lignesauto.fr\/index.php?rest_route=%2Fwp%2Fv2%2Fcategories&post=5916"},{"taxonomy":"post_tag","embeddable":true,"href":"https:\/\/lignesauto.fr\/index.php?rest_route=%2Fwp%2Fv2%2Ftags&post=5916"}],"curies":[{"name":"wp","href":"https:\/\/api.w.org\/{rel}","templated":true}]}}