{"id":5986,"date":"2018-11-26T11:59:10","date_gmt":"2018-11-26T10:59:10","guid":{"rendered":"http:\/\/lignesauto.fr\/?p=5986"},"modified":"2018-12-22T16:41:06","modified_gmt":"2018-12-22T15:41:06","slug":"generation-911-les-cles-de-la-reussite","status":"publish","type":"post","link":"https:\/\/lignesauto.fr\/?p=5986","title":{"rendered":"G\u00e9n\u00e9ration 911 : les cl\u00e9s de la r\u00e9ussite"},"content":{"rendered":"<p><img loading=\"lazy\" decoding=\"async\" class=\"alignnone size-medium wp-image-4925\" src=\"http:\/\/lignesauto.fr\/wp-content\/uploads\/2018\/10\/LOGOArchives_BD-300x108.jpg\" alt=\"\" width=\"300\" height=\"108\" srcset=\"https:\/\/lignesauto.fr\/wp-content\/uploads\/2018\/10\/LOGOArchives_BD-300x108.jpg 300w, https:\/\/lignesauto.fr\/wp-content\/uploads\/2018\/10\/LOGOArchives_BD-768x276.jpg 768w, https:\/\/lignesauto.fr\/wp-content\/uploads\/2018\/10\/LOGOArchives_BD-1024x367.jpg 1024w, https:\/\/lignesauto.fr\/wp-content\/uploads\/2018\/10\/LOGOArchives_BD-370x133.jpg 370w, https:\/\/lignesauto.fr\/wp-content\/uploads\/2018\/10\/LOGOArchives_BD-1040x373.jpg 1040w, https:\/\/lignesauto.fr\/wp-content\/uploads\/2018\/10\/LOGOArchives_BD.jpg 1240w\" sizes=\"(max-width: 300px) 100vw, 300px\" \/><\/p>\n<p>A l&#8217;occasion de la pr\u00e9sentation de la nouvelle Porsche 911 (8e g\u00e9n\u00e9ration) le 27 novembre, LIGNES\/auto rend hommage \u00e0 cette lign\u00e9e.<\/p>\n<p>Voici un &#8216;post&#8217; essentiellement graphique qui montre les cl\u00e9s de la r\u00e9ussite&#8230;<br \/>\nPour le plaisir des yeux et celui de s&#8217;imaginer glisser cet \u00e9l\u00e9ment de m\u00e9tal dans le barillet. A gauche bien entendu&#8230;<\/p>\n<p><img loading=\"lazy\" decoding=\"async\" class=\"alignnone wp-image-5941 size-large\" src=\"http:\/\/lignesauto.fr\/wp-content\/uploads\/2018\/11\/LIGNES911_02-1024x577.jpg\" alt=\"\" width=\"1024\" height=\"577\" srcset=\"https:\/\/lignesauto.fr\/wp-content\/uploads\/2018\/11\/LIGNES911_02-1024x577.jpg 1024w, https:\/\/lignesauto.fr\/wp-content\/uploads\/2018\/11\/LIGNES911_02-300x169.jpg 300w, https:\/\/lignesauto.fr\/wp-content\/uploads\/2018\/11\/LIGNES911_02-768x433.jpg 768w, https:\/\/lignesauto.fr\/wp-content\/uploads\/2018\/11\/LIGNES911_02-370x209.jpg 370w, https:\/\/lignesauto.fr\/wp-content\/uploads\/2018\/11\/LIGNES911_02-1040x586.jpg 1040w, https:\/\/lignesauto.fr\/wp-content\/uploads\/2018\/11\/LIGNES911_02.jpg 1417w\" sizes=\"(max-width: 1024px) 100vw, 1024px\" \/><\/p>\n<p>&nbsp;<\/p>\n<p><strong>356 &#8211; 1948<\/strong><\/p>\n<p><img loading=\"lazy\" decoding=\"async\" class=\"alignnone wp-image-5932 size-large\" src=\"http:\/\/lignesauto.fr\/wp-content\/uploads\/2018\/11\/0.356-1024x769.jpg\" alt=\"\" width=\"1024\" height=\"769\" srcset=\"https:\/\/lignesauto.fr\/wp-content\/uploads\/2018\/11\/0.356-1024x769.jpg 1024w, https:\/\/lignesauto.fr\/wp-content\/uploads\/2018\/11\/0.356-300x225.jpg 300w, https:\/\/lignesauto.fr\/wp-content\/uploads\/2018\/11\/0.356-768x577.jpg 768w, https:\/\/lignesauto.fr\/wp-content\/uploads\/2018\/11\/0.356-370x278.jpg 370w, https:\/\/lignesauto.fr\/wp-content\/uploads\/2018\/11\/0.356-1040x781.jpg 1040w, https:\/\/lignesauto.fr\/wp-content\/uploads\/2018\/11\/0.356.jpg 1134w\" sizes=\"(max-width: 1024px) 100vw, 1024px\" \/><\/p>\n<p>&nbsp;<\/p>\n<p><strong>911 &#8211; 1963 (cl\u00e9 identique \u00e0 celle de l&#8217;ic\u00f4ne 356)<\/strong><\/p>\n<p><img loading=\"lazy\" decoding=\"async\" class=\"alignnone wp-image-5933 size-large\" src=\"http:\/\/lignesauto.fr\/wp-content\/uploads\/2018\/11\/01.first-911-1024x769.jpg\" alt=\"\" width=\"1024\" height=\"769\" srcset=\"https:\/\/lignesauto.fr\/wp-content\/uploads\/2018\/11\/01.first-911-1024x769.jpg 1024w, https:\/\/lignesauto.fr\/wp-content\/uploads\/2018\/11\/01.first-911-300x225.jpg 300w, https:\/\/lignesauto.fr\/wp-content\/uploads\/2018\/11\/01.first-911-768x577.jpg 768w, https:\/\/lignesauto.fr\/wp-content\/uploads\/2018\/11\/01.first-911-370x278.jpg 370w, https:\/\/lignesauto.fr\/wp-content\/uploads\/2018\/11\/01.first-911-1040x781.jpg 1040w, https:\/\/lignesauto.fr\/wp-content\/uploads\/2018\/11\/01.first-911.jpg 1134w\" sizes=\"(max-width: 1024px) 100vw, 1024px\" \/><\/p>\n<p>&nbsp;<\/p>\n<p><strong>911- TYPE 964 &#8211; 1988<\/strong><\/p>\n<p><img loading=\"lazy\" decoding=\"async\" class=\"alignnone wp-image-5934 size-large\" src=\"http:\/\/lignesauto.fr\/wp-content\/uploads\/2018\/11\/02.964-1024x769.jpg\" alt=\"\" width=\"1024\" height=\"769\" srcset=\"https:\/\/lignesauto.fr\/wp-content\/uploads\/2018\/11\/02.964-1024x769.jpg 1024w, https:\/\/lignesauto.fr\/wp-content\/uploads\/2018\/11\/02.964-300x225.jpg 300w, https:\/\/lignesauto.fr\/wp-content\/uploads\/2018\/11\/02.964-768x577.jpg 768w, https:\/\/lignesauto.fr\/wp-content\/uploads\/2018\/11\/02.964-370x278.jpg 370w, https:\/\/lignesauto.fr\/wp-content\/uploads\/2018\/11\/02.964-1040x781.jpg 1040w, https:\/\/lignesauto.fr\/wp-content\/uploads\/2018\/11\/02.964.jpg 1134w\" sizes=\"(max-width: 1024px) 100vw, 1024px\" \/><\/p>\n<p>&nbsp;<\/p>\n<p><strong>911- TYPE 993 &#8211; 1993<\/strong><\/p>\n<p><img loading=\"lazy\" decoding=\"async\" class=\"alignnone wp-image-5935 size-large\" src=\"http:\/\/lignesauto.fr\/wp-content\/uploads\/2018\/11\/03.993-1024x769.jpg\" alt=\"\" width=\"1024\" height=\"769\" srcset=\"https:\/\/lignesauto.fr\/wp-content\/uploads\/2018\/11\/03.993-1024x769.jpg 1024w, https:\/\/lignesauto.fr\/wp-content\/uploads\/2018\/11\/03.993-300x225.jpg 300w, https:\/\/lignesauto.fr\/wp-content\/uploads\/2018\/11\/03.993-768x577.jpg 768w, https:\/\/lignesauto.fr\/wp-content\/uploads\/2018\/11\/03.993-370x278.jpg 370w, https:\/\/lignesauto.fr\/wp-content\/uploads\/2018\/11\/03.993-1040x781.jpg 1040w, https:\/\/lignesauto.fr\/wp-content\/uploads\/2018\/11\/03.993.jpg 1134w\" sizes=\"(max-width: 1024px) 100vw, 1024px\" \/><\/p>\n<p>&nbsp;<\/p>\n<p><strong>911- TYPE 996- 1997<\/strong><\/p>\n<p><img loading=\"lazy\" decoding=\"async\" class=\"alignnone wp-image-5936 size-large\" src=\"http:\/\/lignesauto.fr\/wp-content\/uploads\/2018\/11\/04.996-1024x769.jpg\" alt=\"\" width=\"1024\" height=\"769\" srcset=\"https:\/\/lignesauto.fr\/wp-content\/uploads\/2018\/11\/04.996-1024x769.jpg 1024w, https:\/\/lignesauto.fr\/wp-content\/uploads\/2018\/11\/04.996-300x225.jpg 300w, https:\/\/lignesauto.fr\/wp-content\/uploads\/2018\/11\/04.996-768x577.jpg 768w, https:\/\/lignesauto.fr\/wp-content\/uploads\/2018\/11\/04.996-370x278.jpg 370w, https:\/\/lignesauto.fr\/wp-content\/uploads\/2018\/11\/04.996-1040x781.jpg 1040w, https:\/\/lignesauto.fr\/wp-content\/uploads\/2018\/11\/04.996.jpg 1134w\" sizes=\"(max-width: 1024px) 100vw, 1024px\" \/><\/p>\n<p>&nbsp;<\/p>\n<p><strong>911- TYPE 997 &#8211; 2004<\/strong><\/p>\n<p><img loading=\"lazy\" decoding=\"async\" class=\"alignnone wp-image-5937 size-large\" src=\"http:\/\/lignesauto.fr\/wp-content\/uploads\/2018\/11\/05.997-1024x769.jpg\" alt=\"\" width=\"1024\" height=\"769\" srcset=\"https:\/\/lignesauto.fr\/wp-content\/uploads\/2018\/11\/05.997-1024x769.jpg 1024w, https:\/\/lignesauto.fr\/wp-content\/uploads\/2018\/11\/05.997-300x225.jpg 300w, https:\/\/lignesauto.fr\/wp-content\/uploads\/2018\/11\/05.997-768x577.jpg 768w, https:\/\/lignesauto.fr\/wp-content\/uploads\/2018\/11\/05.997-370x278.jpg 370w, https:\/\/lignesauto.fr\/wp-content\/uploads\/2018\/11\/05.997-1040x781.jpg 1040w, https:\/\/lignesauto.fr\/wp-content\/uploads\/2018\/11\/05.997.jpg 1134w\" sizes=\"(max-width: 1024px) 100vw, 1024px\" \/><\/p>\n<p>&nbsp;<\/p>\n<p><strong>911-TYPE 991 &#8211; 2011 (&#8230; plus de barillet !)<\/strong><\/p>\n<p><img loading=\"lazy\" decoding=\"async\" class=\"alignnone wp-image-5938 size-large\" src=\"http:\/\/lignesauto.fr\/wp-content\/uploads\/2018\/11\/06.991-1024x769.jpg\" alt=\"\" width=\"1024\" height=\"769\" srcset=\"https:\/\/lignesauto.fr\/wp-content\/uploads\/2018\/11\/06.991-1024x769.jpg 1024w, https:\/\/lignesauto.fr\/wp-content\/uploads\/2018\/11\/06.991-300x225.jpg 300w, https:\/\/lignesauto.fr\/wp-content\/uploads\/2018\/11\/06.991-768x577.jpg 768w, https:\/\/lignesauto.fr\/wp-content\/uploads\/2018\/11\/06.991-370x278.jpg 370w, https:\/\/lignesauto.fr\/wp-content\/uploads\/2018\/11\/06.991-1040x781.jpg 1040w, https:\/\/lignesauto.fr\/wp-content\/uploads\/2018\/11\/06.991.jpg 1134w\" sizes=\"(max-width: 1024px) 100vw, 1024px\" \/><\/p>\n<p>&nbsp;<\/p>\n<p>&nbsp;<\/p>\n","protected":false},"excerpt":{"rendered":"<p>A l&#8217;occasion de la pr\u00e9sentation de la nouvelle Porsche 911 (8e g\u00e9n\u00e9ration) le 27 novembre, LIGNES\/auto rend hommage \u00e0 cette lign\u00e9e. Voici un &#8216;post&#8217; essentiellement graphique qui montre les cl\u00e9s de la r\u00e9ussite&#8230; Pour le plaisir des yeux et celui de s&#8217;imaginer glisser cet \u00e9l\u00e9ment de m\u00e9tal dans le barillet. [&hellip;]<\/p>\n","protected":false},"author":1,"featured_media":5938,"comment_status":"open","ping_status":"open","sticky":false,"template":"","format":"standard","meta":{"footnotes":""},"categories":[1],"tags":[],"_links":{"self":[{"href":"https:\/\/lignesauto.fr\/index.php?rest_route=\/wp\/v2\/posts\/5986"}],"collection":[{"href":"https:\/\/lignesauto.fr\/index.php?rest_route=\/wp\/v2\/posts"}],"about":[{"href":"https:\/\/lignesauto.fr\/index.php?rest_route=\/wp\/v2\/types\/post"}],"author":[{"embeddable":true,"href":"https:\/\/lignesauto.fr\/index.php?rest_route=\/wp\/v2\/users\/1"}],"replies":[{"embeddable":true,"href":"https:\/\/lignesauto.fr\/index.php?rest_route=%2Fwp%2Fv2%2Fcomments&post=5986"}],"version-history":[{"count":3,"href":"https:\/\/lignesauto.fr\/index.php?rest_route=\/wp\/v2\/posts\/5986\/revisions"}],"predecessor-version":[{"id":5990,"href":"https:\/\/lignesauto.fr\/index.php?rest_route=\/wp\/v2\/posts\/5986\/revisions\/5990"}],"wp:featuredmedia":[{"embeddable":true,"href":"https:\/\/lignesauto.fr\/index.php?rest_route=\/wp\/v2\/media\/5938"}],"wp:attachment":[{"href":"https:\/\/lignesauto.fr\/index.php?rest_route=%2Fwp%2Fv2%2Fmedia&parent=5986"}],"wp:term":[{"taxonomy":"category","embeddable":true,"href":"https:\/\/lignesauto.fr\/index.php?rest_route=%2Fwp%2Fv2%2Fcategories&post=5986"},{"taxonomy":"post_tag","embeddable":true,"href":"https:\/\/lignesauto.fr\/index.php?rest_route=%2Fwp%2Fv2%2Ftags&post=5986"}],"curies":[{"name":"wp","href":"https:\/\/api.w.org\/{rel}","templated":true}]}}