{"id":6013,"date":"2018-11-29T09:43:21","date_gmt":"2018-11-29T08:43:21","guid":{"rendered":"http:\/\/lignesauto.fr\/?p=6013"},"modified":"2018-12-22T16:39:18","modified_gmt":"2018-12-22T15:39:18","slug":"laudi-e-tron-concept-gt-nouvel-etape-100-electrique-du-groupe-vw","status":"publish","type":"post","link":"https:\/\/lignesauto.fr\/?p=6013","title":{"rendered":"L&#8217;AUDI e-tron concept GT, nouvelle \u00e9tape 100% \u00e9lectrique du groupe VW"},"content":{"rendered":"<p><img loading=\"lazy\" decoding=\"async\" class=\"alignnone size-medium wp-image-4921\" src=\"http:\/\/lignesauto.fr\/wp-content\/uploads\/2018\/10\/LOGOActus_BD-300x108.jpg\" alt=\"\" width=\"300\" height=\"108\" srcset=\"https:\/\/lignesauto.fr\/wp-content\/uploads\/2018\/10\/LOGOActus_BD-300x108.jpg 300w, https:\/\/lignesauto.fr\/wp-content\/uploads\/2018\/10\/LOGOActus_BD-768x276.jpg 768w, https:\/\/lignesauto.fr\/wp-content\/uploads\/2018\/10\/LOGOActus_BD-1024x367.jpg 1024w, https:\/\/lignesauto.fr\/wp-content\/uploads\/2018\/10\/LOGOActus_BD-370x133.jpg 370w, https:\/\/lignesauto.fr\/wp-content\/uploads\/2018\/10\/LOGOActus_BD-1040x373.jpg 1040w, https:\/\/lignesauto.fr\/wp-content\/uploads\/2018\/10\/LOGOActus_BD.jpg 1240w\" sizes=\"(max-width: 300px) 100vw, 300px\" \/><\/p>\n<p>Nous n&#8217;aurons pas mal \u00e0 l&#8217;\u00e9paule puisque nous enfon\u00e7ons des portes ouvertes : les constructeurs de la plan\u00e8te jettent leur d\u00e9volu sur le tout-\u00e9lectrique.<br \/>\nAudi, comme certains de ses concurrents, cr\u00e9e donc une &#8220;gamme&#8221; dans sa gamme avec la lign\u00e9e des silhouettes &#8220;e-tron&#8221;.<\/p>\n<p><img loading=\"lazy\" decoding=\"async\" class=\"alignnone wp-image-6076\" src=\"http:\/\/lignesauto.fr\/wp-content\/uploads\/2018\/11\/LIGNESAUDIETRON01-300x214.jpg\" alt=\"\" width=\"827\" height=\"591\" srcset=\"https:\/\/lignesauto.fr\/wp-content\/uploads\/2018\/11\/LIGNESAUDIETRON01-300x214.jpg 300w, https:\/\/lignesauto.fr\/wp-content\/uploads\/2018\/11\/LIGNESAUDIETRON01-768x548.jpg 768w, https:\/\/lignesauto.fr\/wp-content\/uploads\/2018\/11\/LIGNESAUDIETRON01-1024x731.jpg 1024w, https:\/\/lignesauto.fr\/wp-content\/uploads\/2018\/11\/LIGNESAUDIETRON01-370x264.jpg 370w, https:\/\/lignesauto.fr\/wp-content\/uploads\/2018\/11\/LIGNESAUDIETRON01-1040x743.jpg 1040w, https:\/\/lignesauto.fr\/wp-content\/uploads\/2018\/11\/LIGNESAUDIETRON01.jpg 1200w\" sizes=\"(max-width: 827px) 100vw, 827px\" \/><\/p>\n<p>Audi r\u00e9v\u00e8le donc aujourd&#8217;hui aux \u00c9tats-Unis le concept de sa troisi\u00e8me silhouette de la lign\u00e9e e-tron : la <em>e-tron GT <\/em><strong>(ci-dessus)<\/strong><br \/>\nIl s&#8217;agit d&#8217;un coup\u00e9 5 portes sportif, l&#8217;\u00e9quivalent \u00e9lectrique de ce qui pourrait se situer entre une A5 et A7 thermique.<\/p>\n<p><img loading=\"lazy\" decoding=\"async\" class=\"alignnone wp-image-6077\" src=\"http:\/\/lignesauto.fr\/wp-content\/uploads\/2018\/11\/LIGNESAUDIETRON02-300x214.jpg\" alt=\"\" width=\"827\" height=\"591\" srcset=\"https:\/\/lignesauto.fr\/wp-content\/uploads\/2018\/11\/LIGNESAUDIETRON02-300x214.jpg 300w, https:\/\/lignesauto.fr\/wp-content\/uploads\/2018\/11\/LIGNESAUDIETRON02-768x548.jpg 768w, https:\/\/lignesauto.fr\/wp-content\/uploads\/2018\/11\/LIGNESAUDIETRON02-1024x731.jpg 1024w, https:\/\/lignesauto.fr\/wp-content\/uploads\/2018\/11\/LIGNESAUDIETRON02-370x264.jpg 370w, https:\/\/lignesauto.fr\/wp-content\/uploads\/2018\/11\/LIGNESAUDIETRON02-1040x743.jpg 1040w, https:\/\/lignesauto.fr\/wp-content\/uploads\/2018\/11\/LIGNESAUDIETRON02.jpg 1200w\" sizes=\"(max-width: 827px) 100vw, 827px\" \/><\/p>\n<p>Il est int\u00e9ressant de noter qu&#8217;Audi positionne ses mod\u00e8les e-tron \u00e0 cheval entre ses mod\u00e8les thermiques : e-tron entre Q5 et Q7, e-tron GT entre A5 et A7.<br \/>\nMais, esth\u00e9tiquement parlant, \u00e0 part une calandre ferm\u00e9e, les code stylistiques reprennent peu ou prou ceux des mod\u00e8les thermiques.<\/p>\n<p><img loading=\"lazy\" decoding=\"async\" class=\"alignnone wp-image-6082\" src=\"http:\/\/lignesauto.fr\/wp-content\/uploads\/2018\/11\/A1814547_large-300x225.jpg\" alt=\"\" width=\"827\" height=\"620\" srcset=\"https:\/\/lignesauto.fr\/wp-content\/uploads\/2018\/11\/A1814547_large-300x225.jpg 300w, https:\/\/lignesauto.fr\/wp-content\/uploads\/2018\/11\/A1814547_large-768x576.jpg 768w, https:\/\/lignesauto.fr\/wp-content\/uploads\/2018\/11\/A1814547_large-1024x768.jpg 1024w, https:\/\/lignesauto.fr\/wp-content\/uploads\/2018\/11\/A1814547_large-370x277.jpg 370w, https:\/\/lignesauto.fr\/wp-content\/uploads\/2018\/11\/A1814547_large-1040x780.jpg 1040w, https:\/\/lignesauto.fr\/wp-content\/uploads\/2018\/11\/A1814547_large.jpg 1134w\" sizes=\"(max-width: 827px) 100vw, 827px\" \/><\/p>\n<p>C\u00f4t\u00e9 \u00e9quipements, Audi r\u00e9serve \u00e0 sa &#8220;gamme&#8221; e-tron ses innovations comme les r\u00e9troviseurs ext\u00e9rieurs remplac\u00e9s par des cam\u00e9ras sur les march\u00e9s acceptant cette technologie.<br \/>\nLes cam\u00e9ras permettent de gagner pr\u00e8s de 13 cm en largeur, profitant au SCx.<\/p>\n<p><em>D\u00e9couvrez l&#8217;Audi e-tron GT en vid\u00e9o ici :\u00a0<a href=\"https:\/\/www.youtube.com\/watch?v=u1xLOfLS0_E\">https:\/\/www.youtube.com\/watch?v=u1xLOfLS0_E<\/a><\/em><\/p>\n<p><strong><br \/>\nLA GAMME AUDI e-tron :<\/strong><\/p>\n<p><strong>mod\u00e8le e-tron :<br \/>\n<\/strong>Pr\u00e9sentation en 2018 pour une commercialisation cette fin d&#8217;ann\u00e9e.<br \/>\nTarif fran\u00e7ais de 82 600 euros auxquels il faut d\u00e9duire les 6000 euros de bonus.<br \/>\nProduction en Europe, dans l&#8217;usine de Forest \u00e0 Bruxelles (voir plus bas).<\/p>\n<p><img loading=\"lazy\" decoding=\"async\" class=\"alignnone wp-image-6018\" src=\"http:\/\/lignesauto.fr\/wp-content\/uploads\/2018\/11\/A1811293_medium-300x200.jpg\" alt=\"\" width=\"827\" height=\"551\" srcset=\"https:\/\/lignesauto.fr\/wp-content\/uploads\/2018\/11\/A1811293_medium-300x200.jpg 300w, https:\/\/lignesauto.fr\/wp-content\/uploads\/2018\/11\/A1811293_medium-768x512.jpg 768w, https:\/\/lignesauto.fr\/wp-content\/uploads\/2018\/11\/A1811293_medium-1024x683.jpg 1024w, https:\/\/lignesauto.fr\/wp-content\/uploads\/2018\/11\/A1811293_medium-370x247.jpg 370w, https:\/\/lignesauto.fr\/wp-content\/uploads\/2018\/11\/A1811293_medium-1040x693.jpg 1040w\" sizes=\"(max-width: 827px) 100vw, 827px\" \/><\/p>\n<p><strong><br \/>\nmod\u00e8le e-tron Sportback :<br \/>\n<\/strong>Pr\u00e9sentation en 2019. Commercialisation dans la foul\u00e9e.<br \/>\nIl s&#8217;agit de la variante &#8220;coup\u00e9&#8221; SUV&#8221; de l&#8217;e-tron avec la m\u00eame cha\u00eene de traction.<br \/>\nIl devrait \u00eatre produit \u00e9galement en Belgique (voir plus bas)<\/p>\n<p><img loading=\"lazy\" decoding=\"async\" class=\"alignnone wp-image-6023\" src=\"http:\/\/lignesauto.fr\/wp-content\/uploads\/2018\/11\/A172945_large-300x175.jpg\" alt=\"\" width=\"827\" height=\"483\" srcset=\"https:\/\/lignesauto.fr\/wp-content\/uploads\/2018\/11\/A172945_large-300x175.jpg 300w, https:\/\/lignesauto.fr\/wp-content\/uploads\/2018\/11\/A172945_large-768x448.jpg 768w, https:\/\/lignesauto.fr\/wp-content\/uploads\/2018\/11\/A172945_large-1024x598.jpg 1024w, https:\/\/lignesauto.fr\/wp-content\/uploads\/2018\/11\/A172945_large-370x216.jpg 370w, https:\/\/lignesauto.fr\/wp-content\/uploads\/2018\/11\/A172945_large-1040x607.jpg 1040w, https:\/\/lignesauto.fr\/wp-content\/uploads\/2018\/11\/A172945_large.jpg 1417w\" sizes=\"(max-width: 827px) 100vw, 827px\" \/><\/p>\n<p>&nbsp;<\/p>\n<p><strong>mod\u00e8le e-tron GT :<\/strong><br \/>\nPr\u00e9sentation aujourd&#8217;hui 28 novembre 2018 sous la forme d&#8217;un concept.<br \/>\nEn s\u00e9rie au plus t\u00f4t en 2020.<br \/>\nLieu de production \u00e0 pr\u00e9ciser.<\/p>\n<p><img loading=\"lazy\" decoding=\"async\" class=\"wp-image-6080\" src=\"http:\/\/lignesauto.fr\/wp-content\/uploads\/2018\/11\/A1814541_large-300x200.jpg\" alt=\"\" width=\"827\" height=\"551\" srcset=\"https:\/\/lignesauto.fr\/wp-content\/uploads\/2018\/11\/A1814541_large-300x200.jpg 300w, https:\/\/lignesauto.fr\/wp-content\/uploads\/2018\/11\/A1814541_large-768x512.jpg 768w, https:\/\/lignesauto.fr\/wp-content\/uploads\/2018\/11\/A1814541_large-1024x683.jpg 1024w, https:\/\/lignesauto.fr\/wp-content\/uploads\/2018\/11\/A1814541_large-370x247.jpg 370w, https:\/\/lignesauto.fr\/wp-content\/uploads\/2018\/11\/A1814541_large-1040x693.jpg 1040w, https:\/\/lignesauto.fr\/wp-content\/uploads\/2018\/11\/A1814541_large.jpg 1191w\" sizes=\"(max-width: 827px) 100vw, 827px\" \/><\/p>\n<p><strong>plateforme des e-tron et e-tron Sportback :<br \/>\n<\/strong>Techniquement, la plateforme sp\u00e9cifique d\u00e9velopp\u00e9e pour les mod\u00e8les &#8220;premium&#8221; \u00e9lectriques du groupe Volkswagen adopte une architecture commune \u00e0 celle de tous les soubassement de ces nouvelles voitures 100% \u00e9lectriques : c&#8217;est un &#8220;skateboard&#8221; avec les batteries log\u00e9es dans le plancher pour abaisser le centre de gravit\u00e9 et deux moteurs \u00e9lectriques repartis sur les deux trains roulants.<br \/>\nSur l&#8217;Audi e-tron, il s&#8217;agit d&#8217;un bloc de 135 kW \u00e0 l&#8217;avant et un autre, \u00e0 l&#8217;arri\u00e8re, de 165 kW. Les deux peuvent fonctionner ensemble et m\u00eame d\u00e9livrer 300 kW de puissance lors de la s\u00e9quence &#8220;boost&#8221; qui ne dure que&#8230; 8 secondes.<br \/>\nLa prise de chargement est situ\u00e9e sur l&#8217;aile avant gauche.<\/p>\n<p><img loading=\"lazy\" decoding=\"async\" class=\"alignnone wp-image-6024\" src=\"http:\/\/lignesauto.fr\/wp-content\/uploads\/2018\/11\/A172939_large-300x212.jpg\" alt=\"\" width=\"827\" height=\"585\" srcset=\"https:\/\/lignesauto.fr\/wp-content\/uploads\/2018\/11\/A172939_large-300x212.jpg 300w, https:\/\/lignesauto.fr\/wp-content\/uploads\/2018\/11\/A172939_large-768x543.jpg 768w, https:\/\/lignesauto.fr\/wp-content\/uploads\/2018\/11\/A172939_large-1024x724.jpg 1024w, https:\/\/lignesauto.fr\/wp-content\/uploads\/2018\/11\/A172939_large-370x262.jpg 370w, https:\/\/lignesauto.fr\/wp-content\/uploads\/2018\/11\/A172939_large-1040x735.jpg 1040w, https:\/\/lignesauto.fr\/wp-content\/uploads\/2018\/11\/A172939_large.jpg 1417w\" sizes=\"(max-width: 827px) 100vw, 827px\" \/><br \/>\nLe pack de batterie comporte 36 modules, 432 cellules pour une \u00e9quivalence de 95 kW\/h.<br \/>\nLe temps de recharge est extr\u00eamement variable selon le poste de recharge :<br \/>\nAudi propose la recharge classique (11 kW) de 8h30 avec une box classique mais, d\u00e8s 2019, doublera cette recharge \u00e0 22 kW pour un temps ramen\u00e9 \u00e0 4h00.<br \/>\nLe constructeur propose \u00e9galement une recharge de type rapide (150 kW maxi) permettant de recharger 80% des batteries en 30 mn ou la totalit\u00e9 en moins d&#8217;une heure.<br \/>\nL&#8217;autonomie est de 400 km.<br \/>\nPr\u00e9cision, si vous ne disposez que d&#8217;une prise domestique classique, il vous faudra au moins 40 heures pour recharger l&#8217;e-tron&#8230;<\/p>\n<p><strong>d\u00e9tail de la plateforme de la e-tron GT :<\/strong><\/p>\n<p><img loading=\"lazy\" decoding=\"async\" class=\"wp-image-6081\" src=\"http:\/\/lignesauto.fr\/wp-content\/uploads\/2018\/11\/A1814511_large-300x212.jpg\" alt=\"\" width=\"827\" height=\"585\" srcset=\"https:\/\/lignesauto.fr\/wp-content\/uploads\/2018\/11\/A1814511_large-300x212.jpg 300w, https:\/\/lignesauto.fr\/wp-content\/uploads\/2018\/11\/A1814511_large-768x543.jpg 768w, https:\/\/lignesauto.fr\/wp-content\/uploads\/2018\/11\/A1814511_large-1024x724.jpg 1024w, https:\/\/lignesauto.fr\/wp-content\/uploads\/2018\/11\/A1814511_large-370x262.jpg 370w, https:\/\/lignesauto.fr\/wp-content\/uploads\/2018\/11\/A1814511_large-1040x736.jpg 1040w, https:\/\/lignesauto.fr\/wp-content\/uploads\/2018\/11\/A1814511_large.jpg 1134w\" sizes=\"(max-width: 827px) 100vw, 827px\" \/><\/p>\n<p><strong>production des e-tron et e-tron Sportback :<\/strong><\/p>\n<p><img loading=\"lazy\" decoding=\"async\" class=\"alignnone wp-image-6017\" src=\"http:\/\/lignesauto.fr\/wp-content\/uploads\/2018\/11\/A1813242_medium-300x200.jpg\" alt=\"\" width=\"827\" height=\"551\" srcset=\"https:\/\/lignesauto.fr\/wp-content\/uploads\/2018\/11\/A1813242_medium-300x200.jpg 300w, https:\/\/lignesauto.fr\/wp-content\/uploads\/2018\/11\/A1813242_medium-768x512.jpg 768w, https:\/\/lignesauto.fr\/wp-content\/uploads\/2018\/11\/A1813242_medium-1024x683.jpg 1024w, https:\/\/lignesauto.fr\/wp-content\/uploads\/2018\/11\/A1813242_medium-370x247.jpg 370w, https:\/\/lignesauto.fr\/wp-content\/uploads\/2018\/11\/A1813242_medium-1040x693.jpg 1040w\" sizes=\"(max-width: 827px) 100vw, 827px\" \/><\/p>\n<p>Les Audi e-tron (d\u00e8s cette ann\u00e9e) et e-tron Sportback (en 2020) sont produites dans l&#8217;usine de Forest en Belgique, tout pr\u00e8s de Bruxelles.<br \/>\nL&#8217;usine ne se contente pas d&#8217;assembler ces deux silhouettes : elle s&#8217;occupe \u00e9galement du montage complexe des batteries <strong>(ci-dessus)<\/strong>.<br \/>\nSeuls les moteurs \u00e9lectriques proviennent d&#8217;un autre site, en l&#8217;occurrence celui de Gy\u00f6r en Autriche.<br \/>\nCette usine belge est donc d\u00e9di\u00e9e \u00e0 la production de cette nouvelle gamme e-tron.<\/p>\n<p><strong><br \/>\nStrat\u00e9gie au sein du groupe VW :<\/strong><\/p>\n<p>D&#8217;autres marques du groupe VW ont r\u00e9serv\u00e9 des sites industriels \u00e0 la seule production de leurs nouveaut\u00e9s 100% \u00e9lectriques, \u00e0 l&#8217;image de Volkswagen <strong>(ci-dessous)<\/strong> qui produira sa gamme de VE dans l&#8217;usine de\u00a0Zwickau.<br \/>\nCette derni\u00e8re produira la nouvelle plateforme MEB 100% \u00e9lectrique avec d&#8217;abord la berline compacte I.D. \u00e0 partir de 2019.<br \/>\nA la fin de l&#8217;ann\u00e9e 2020, ce site deviendra le &#8220;site pilote EV&#8221; et ne produira que des v\u00e9hicules 100% \u00e9lectriques.<br \/>\nL&#8217;ambition est de porter le rythme de production de cette usine \u00e0 330 000 unit\u00e9s annuelles au-del\u00e0 de 2020.<\/p>\n<p><img loading=\"lazy\" decoding=\"async\" class=\"alignnone wp-image-4083\" src=\"http:\/\/lignesauto.fr\/wp-content\/uploads\/2018\/09\/F-300x158.jpg\" alt=\"\" width=\"827\" height=\"436\" srcset=\"https:\/\/lignesauto.fr\/wp-content\/uploads\/2018\/09\/F-300x158.jpg 300w, https:\/\/lignesauto.fr\/wp-content\/uploads\/2018\/09\/F-768x405.jpg 768w, https:\/\/lignesauto.fr\/wp-content\/uploads\/2018\/09\/F-1024x540.jpg 1024w, https:\/\/lignesauto.fr\/wp-content\/uploads\/2018\/09\/F-370x195.jpg 370w, https:\/\/lignesauto.fr\/wp-content\/uploads\/2018\/09\/F-1040x548.jpg 1040w, https:\/\/lignesauto.fr\/wp-content\/uploads\/2018\/09\/F.jpg 2008w\" sizes=\"(max-width: 827px) 100vw, 827px\" \/><br \/>\n<em>La gamme VW I.D. est d\u00e9j\u00e0 forte de quatre mod\u00e8les.<br \/>\nLa berline I.D. et le SUV I.D. Crozz (les deux mod\u00e8les de gauche) seront produits d\u00e8s l&#8217;ann\u00e9e prochaine.<\/em><\/p>\n<p>La Volkswagen I.D. <strong>(ci-dessous)<\/strong> sera la premi\u00e8re \u00e0 \u00eatre produite dans cette usine.<br \/>\nEt comme le pr\u00e9cisait cette ann\u00e9e le\u00a0Dr. Herbert Diess :\u00a0<i>&#8220;Jusqu&#8217;\u00e0 1 500 Volkswagen I.D. et I.D. Crozz seront produits par jour \u00e0 partir de 2019. (&#8230;)&#8221;<\/i><br \/>\nPr\u00e9cisons\u00a0quand m\u00eame que cette I.D. devrait se substituer \u00e0 la e-Golf et donc montrer les limites de cohabitation entre des v\u00e9hicules de la gamme &#8220;thermique&#8221; \u00e9lectrifi\u00e9s ou hybrid\u00e9s face \u00e0 ces nouvelles &#8220;gammes&#8221; d\u00e9di\u00e9es au 100% \u00e9lectrique&#8230;<\/p>\n<p><img loading=\"lazy\" decoding=\"async\" class=\"alignnone wp-image-4079\" src=\"http:\/\/lignesauto.fr\/wp-content\/uploads\/2018\/09\/B-300x200.jpg\" alt=\"\" width=\"827\" height=\"551\" srcset=\"https:\/\/lignesauto.fr\/wp-content\/uploads\/2018\/09\/B-300x200.jpg 300w, https:\/\/lignesauto.fr\/wp-content\/uploads\/2018\/09\/B-768x512.jpg 768w, https:\/\/lignesauto.fr\/wp-content\/uploads\/2018\/09\/B-1024x683.jpg 1024w, https:\/\/lignesauto.fr\/wp-content\/uploads\/2018\/09\/B-370x247.jpg 370w, https:\/\/lignesauto.fr\/wp-content\/uploads\/2018\/09\/B-1040x694.jpg 1040w, https:\/\/lignesauto.fr\/wp-content\/uploads\/2018\/09\/B.jpg 2008w\" sizes=\"(max-width: 827px) 100vw, 827px\" \/><\/p>\n<p><strong><br \/>\nPorsche mise sur deux silhouettes&#8230; pour l&#8217;instant !<\/strong><\/p>\n<p>Porsche de son c\u00f4t\u00e9 n&#8217;a pas cr\u00e9\u00e9 de &#8220;ligne&#8221; d\u00e9di\u00e9e aux v\u00e9hicules 100% \u00e9lectriques puisqu&#8217;une Porsche, m\u00eame \u00e9lectrique, doit rester une Porsche.<br \/>\nC&#8217;est donc bien un mod\u00e8le sp\u00e9cifique, 100% \u00e9lectrique qui va d\u00e9barquer l&#8217;an prochain sur le march\u00e9, mais il reste une Porsche et son appellation a \u00e9t\u00e9 d\u00e9voil\u00e9e cette ann\u00e9e : ce sera la Porsche Taycan.<\/p>\n<p><img loading=\"lazy\" decoding=\"async\" class=\"alignnone wp-image-3847\" src=\"http:\/\/lignesauto.fr\/wp-content\/uploads\/2018\/09\/P18_0468_a3_rgb-300x200.jpg\" alt=\"\" width=\"827\" height=\"552\" srcset=\"https:\/\/lignesauto.fr\/wp-content\/uploads\/2018\/09\/P18_0468_a3_rgb-300x200.jpg 300w, https:\/\/lignesauto.fr\/wp-content\/uploads\/2018\/09\/P18_0468_a3_rgb-768x512.jpg 768w, https:\/\/lignesauto.fr\/wp-content\/uploads\/2018\/09\/P18_0468_a3_rgb-1024x683.jpg 1024w, https:\/\/lignesauto.fr\/wp-content\/uploads\/2018\/09\/P18_0468_a3_rgb-370x247.jpg 370w, https:\/\/lignesauto.fr\/wp-content\/uploads\/2018\/09\/P18_0468_a3_rgb-1040x694.jpg 1040w\" sizes=\"(max-width: 827px) 100vw, 827px\" \/><\/p>\n<p id=\"tw-target-text\" class=\"tw-data-text tw-ta tw-text-small\" dir=\"ltr\" data-placeholder=\"Traduction\"><span lang=\"fr\">Elle sera disponible \u00e0 terme en deux silhouettes : Taycan et Taycan Cross Turismo<strong> (ci-dessous)<\/strong>.<br \/>\nLa premi\u00e8re Porsche 100% \u00e9lectrique sera lanc\u00e9e sur le march\u00e9 en 2019.<br \/>\nVoir la gen\u00e8se du concept ici : <a href=\"https:\/\/www.youtube.com\/watch?v=ckJxVBpegMo\">https:\/\/www.youtube.com\/watch?v=ckJxVBpegMo<\/a>.<br \/>\nL&#8217;introduction de cette Taycan g\u00e9n\u00e8rera 1 200 nouveaux emplois dans l&#8217;usine de Zuffenhausen.<br \/>\nPorsche n&#8217;a donc pas d\u00e9di\u00e9 un quelconque site pour ses produits 100% \u00e9lectriques mais pr\u00e9voit d&#8217;investir plus de six milliards d&#8217;euros dans &#8220;l&#8217;\u00e9lectromobilit\u00e9&#8221; d&#8217;ici 2022.<\/span><\/p>\n<p><img loading=\"lazy\" decoding=\"async\" class=\"alignnone wp-image-1668\" src=\"http:\/\/lignesauto.fr\/wp-content\/uploads\/2018\/03\/p18_0120_a4_rgb-300x174.jpg\" alt=\"\" width=\"827\" height=\"480\" srcset=\"https:\/\/lignesauto.fr\/wp-content\/uploads\/2018\/03\/p18_0120_a4_rgb-300x174.jpg 300w, https:\/\/lignesauto.fr\/wp-content\/uploads\/2018\/03\/p18_0120_a4_rgb-768x445.jpg 768w, https:\/\/lignesauto.fr\/wp-content\/uploads\/2018\/03\/p18_0120_a4_rgb-1024x594.jpg 1024w\" sizes=\"(max-width: 827px) 100vw, 827px\" \/><\/p>\n<p><img loading=\"lazy\" decoding=\"async\" class=\"alignnone size-medium wp-image-4921\" src=\"http:\/\/lignesauto.fr\/wp-content\/uploads\/2018\/10\/LOGOActus_BD-300x108.jpg\" alt=\"\" width=\"300\" height=\"108\" srcset=\"https:\/\/lignesauto.fr\/wp-content\/uploads\/2018\/10\/LOGOActus_BD-300x108.jpg 300w, https:\/\/lignesauto.fr\/wp-content\/uploads\/2018\/10\/LOGOActus_BD-768x276.jpg 768w, https:\/\/lignesauto.fr\/wp-content\/uploads\/2018\/10\/LOGOActus_BD-1024x367.jpg 1024w, https:\/\/lignesauto.fr\/wp-content\/uploads\/2018\/10\/LOGOActus_BD-370x133.jpg 370w, https:\/\/lignesauto.fr\/wp-content\/uploads\/2018\/10\/LOGOActus_BD-1040x373.jpg 1040w, https:\/\/lignesauto.fr\/wp-content\/uploads\/2018\/10\/LOGOActus_BD.jpg 1240w\" sizes=\"(max-width: 300px) 100vw, 300px\" \/><\/p>\n<p>&nbsp;<\/p>\n<p>&nbsp;<\/p>\n<p>&nbsp;<\/p>\n<p>&nbsp;<\/p>\n<p>&nbsp;<\/p>\n","protected":false},"excerpt":{"rendered":"<p>Nous n&#8217;aurons pas mal \u00e0 l&#8217;\u00e9paule puisque nous enfon\u00e7ons des portes ouvertes : les constructeurs de la plan\u00e8te jettent leur d\u00e9volu sur le tout-\u00e9lectrique. Audi, comme certains de ses concurrents, cr\u00e9e donc une &#8220;gamme&#8221; dans sa gamme avec la lign\u00e9e des silhouettes &#8220;e-tron&#8221;. Audi r\u00e9v\u00e8le donc aujourd&#8217;hui aux \u00c9tats-Unis le [&hellip;]<\/p>\n","protected":false},"author":1,"featured_media":6086,"comment_status":"open","ping_status":"open","sticky":false,"template":"","format":"standard","meta":{"footnotes":""},"categories":[1],"tags":[],"_links":{"self":[{"href":"https:\/\/lignesauto.fr\/index.php?rest_route=\/wp\/v2\/posts\/6013"}],"collection":[{"href":"https:\/\/lignesauto.fr\/index.php?rest_route=\/wp\/v2\/posts"}],"about":[{"href":"https:\/\/lignesauto.fr\/index.php?rest_route=\/wp\/v2\/types\/post"}],"author":[{"embeddable":true,"href":"https:\/\/lignesauto.fr\/index.php?rest_route=\/wp\/v2\/users\/1"}],"replies":[{"embeddable":true,"href":"https:\/\/lignesauto.fr\/index.php?rest_route=%2Fwp%2Fv2%2Fcomments&post=6013"}],"version-history":[{"count":36,"href":"https:\/\/lignesauto.fr\/index.php?rest_route=\/wp\/v2\/posts\/6013\/revisions"}],"predecessor-version":[{"id":6374,"href":"https:\/\/lignesauto.fr\/index.php?rest_route=\/wp\/v2\/posts\/6013\/revisions\/6374"}],"wp:featuredmedia":[{"embeddable":true,"href":"https:\/\/lignesauto.fr\/index.php?rest_route=\/wp\/v2\/media\/6086"}],"wp:attachment":[{"href":"https:\/\/lignesauto.fr\/index.php?rest_route=%2Fwp%2Fv2%2Fmedia&parent=6013"}],"wp:term":[{"taxonomy":"category","embeddable":true,"href":"https:\/\/lignesauto.fr\/index.php?rest_route=%2Fwp%2Fv2%2Fcategories&post=6013"},{"taxonomy":"post_tag","embeddable":true,"href":"https:\/\/lignesauto.fr\/index.php?rest_route=%2Fwp%2Fv2%2Ftags&post=6013"}],"curies":[{"name":"wp","href":"https:\/\/api.w.org\/{rel}","templated":true}]}}