{"id":6056,"date":"2018-11-28T15:51:50","date_gmt":"2018-11-28T14:51:50","guid":{"rendered":"http:\/\/lignesauto.fr\/?p=6056"},"modified":"2018-12-22T16:39:44","modified_gmt":"2018-12-22T15:39:44","slug":"profils-les-9-vies-de-la-porsche-911","status":"publish","type":"post","link":"https:\/\/lignesauto.fr\/?p=6056","title":{"rendered":"Profils : les 9 vies de la Porsche 911 !"},"content":{"rendered":"<p><img loading=\"lazy\" decoding=\"async\" class=\"alignnone size-medium wp-image-4925\" src=\"http:\/\/lignesauto.fr\/wp-content\/uploads\/2018\/10\/LOGOArchives_BD-300x108.jpg\" alt=\"\" width=\"300\" height=\"108\" srcset=\"https:\/\/lignesauto.fr\/wp-content\/uploads\/2018\/10\/LOGOArchives_BD-300x108.jpg 300w, https:\/\/lignesauto.fr\/wp-content\/uploads\/2018\/10\/LOGOArchives_BD-768x276.jpg 768w, https:\/\/lignesauto.fr\/wp-content\/uploads\/2018\/10\/LOGOArchives_BD-1024x367.jpg 1024w, https:\/\/lignesauto.fr\/wp-content\/uploads\/2018\/10\/LOGOArchives_BD-370x133.jpg 370w, https:\/\/lignesauto.fr\/wp-content\/uploads\/2018\/10\/LOGOArchives_BD-1040x373.jpg 1040w, https:\/\/lignesauto.fr\/wp-content\/uploads\/2018\/10\/LOGOArchives_BD.jpg 1240w\" sizes=\"(max-width: 300px) 100vw, 300px\" \/><img loading=\"lazy\" decoding=\"async\" class=\"alignnone size-medium wp-image-4921\" src=\"http:\/\/lignesauto.fr\/wp-content\/uploads\/2018\/10\/LOGOActus_BD-300x108.jpg\" alt=\"\" width=\"300\" height=\"108\" srcset=\"https:\/\/lignesauto.fr\/wp-content\/uploads\/2018\/10\/LOGOActus_BD-300x108.jpg 300w, https:\/\/lignesauto.fr\/wp-content\/uploads\/2018\/10\/LOGOActus_BD-768x276.jpg 768w, https:\/\/lignesauto.fr\/wp-content\/uploads\/2018\/10\/LOGOActus_BD-1024x367.jpg 1024w, https:\/\/lignesauto.fr\/wp-content\/uploads\/2018\/10\/LOGOActus_BD-370x133.jpg 370w, https:\/\/lignesauto.fr\/wp-content\/uploads\/2018\/10\/LOGOActus_BD-1040x373.jpg 1040w, https:\/\/lignesauto.fr\/wp-content\/uploads\/2018\/10\/LOGOActus_BD.jpg 1240w\" sizes=\"(max-width: 300px) 100vw, 300px\" \/><\/p>\n<p><img loading=\"lazy\" decoding=\"async\" class=\"alignnone wp-image-6067 size-large\" src=\"http:\/\/lignesauto.fr\/wp-content\/uploads\/2018\/11\/S18_3711_fine-1024x683.jpg\" alt=\"\" width=\"1024\" height=\"683\" srcset=\"https:\/\/lignesauto.fr\/wp-content\/uploads\/2018\/11\/S18_3711_fine-1024x683.jpg 1024w, https:\/\/lignesauto.fr\/wp-content\/uploads\/2018\/11\/S18_3711_fine-300x200.jpg 300w, https:\/\/lignesauto.fr\/wp-content\/uploads\/2018\/11\/S18_3711_fine-768x512.jpg 768w, https:\/\/lignesauto.fr\/wp-content\/uploads\/2018\/11\/S18_3711_fine-370x247.jpg 370w, https:\/\/lignesauto.fr\/wp-content\/uploads\/2018\/11\/S18_3711_fine-1040x693.jpg 1040w, https:\/\/lignesauto.fr\/wp-content\/uploads\/2018\/11\/S18_3711_fine.jpg 1530w\" sizes=\"(max-width: 1024px) 100vw, 1024px\" \/><br \/>\n<em>Mark Webber, ex-pilote 919 Hybrid et Michael Mauer, patron du design aux c\u00f4t\u00e9s de la 911 2019<\/em><\/p>\n<p>Une huiti\u00e8me g\u00e9n\u00e9ration de Porsche vient donc de voir le jour.<br \/>\nVoici un petit m\u00e9mo des vues de profil de toutes les g\u00e9n\u00e9rations pour rester incollable sur la ou plut\u00f4t les 911.<\/p>\n<p>Commen\u00e7ons par une g\u00e9n\u00e9ration qui n&#8217;a connu qu&#8217;un seul exemplaire : la 965 con\u00e7ue au d\u00e9but des ann\u00e9es 1960 pour succ\u00e9der \u00e0 la 356&#8230;<br \/>\nAmusez-vous \u00e0 comparer les proportions, les d\u00e9tails et observez avec attention les subtilit\u00e9s pour \u00e9voluer d&#8217;une g\u00e9n\u00e9ration \u00e0 l&#8217;autre.<br \/>\nTout \u00e7a pour arriver \u00e0 deux voitures (911 de 1963 et 911 de 2019) tellement diff\u00e9rentes. Et si proches en m\u00eame temps&#8230;<br \/>\nRenouveler ce mythe est sans doute pour les designers un boulot aussi compliqu\u00e9 que de renouveler une Golf chez VW. Mais un boulot tellement valorisant \ud83d\ude42<\/p>\n<p><strong><br \/>\nPorsche T7 Type 965 \u00a0&#8211; 1961<\/strong><\/p>\n<p><img loading=\"lazy\" decoding=\"async\" class=\"alignnone wp-image-6065 size-large\" src=\"http:\/\/lignesauto.fr\/wp-content\/uploads\/2018\/11\/Capture-d\u2019\u00e9cran-2018-11-28-\u00e0-15.18.53-1024x469.png\" alt=\"\" width=\"1024\" height=\"469\" srcset=\"https:\/\/lignesauto.fr\/wp-content\/uploads\/2018\/11\/Capture-d\u2019\u00e9cran-2018-11-28-\u00e0-15.18.53-1024x469.png 1024w, https:\/\/lignesauto.fr\/wp-content\/uploads\/2018\/11\/Capture-d\u2019\u00e9cran-2018-11-28-\u00e0-15.18.53-300x137.png 300w, https:\/\/lignesauto.fr\/wp-content\/uploads\/2018\/11\/Capture-d\u2019\u00e9cran-2018-11-28-\u00e0-15.18.53-768x351.png 768w, https:\/\/lignesauto.fr\/wp-content\/uploads\/2018\/11\/Capture-d\u2019\u00e9cran-2018-11-28-\u00e0-15.18.53-370x169.png 370w, https:\/\/lignesauto.fr\/wp-content\/uploads\/2018\/11\/Capture-d\u2019\u00e9cran-2018-11-28-\u00e0-15.18.53-1040x476.png 1040w, https:\/\/lignesauto.fr\/wp-content\/uploads\/2018\/11\/Capture-d\u2019\u00e9cran-2018-11-28-\u00e0-15.18.53.png 1134w\" sizes=\"(max-width: 1024px) 100vw, 1024px\" \/><br \/>\nC&#8217;est le premier vrai prototype roulant du programme qui aboutira \u00e0 la 901\/911.<br \/>\nLa partie frontale est \u00e0 peu pr\u00e8s identique \u00e0 celle de la 901\/911 mais la poupe, lumineuse, permet une habitabilit\u00e9 pour quatre passagers.<\/p>\n<p>&nbsp;<\/p>\n<p><strong>Porsche 901 \/ 911 \u00a0&#8211; 1963<\/strong><\/p>\n<p><img loading=\"lazy\" decoding=\"async\" class=\"wp-image-6059 size-large\" src=\"http:\/\/lignesauto.fr\/wp-content\/uploads\/2018\/11\/LIGNES911000-1024x615.jpg\" alt=\"\" width=\"1024\" height=\"615\" srcset=\"https:\/\/lignesauto.fr\/wp-content\/uploads\/2018\/11\/LIGNES911000-1024x615.jpg 1024w, https:\/\/lignesauto.fr\/wp-content\/uploads\/2018\/11\/LIGNES911000-300x180.jpg 300w, https:\/\/lignesauto.fr\/wp-content\/uploads\/2018\/11\/LIGNES911000-768x461.jpg 768w, https:\/\/lignesauto.fr\/wp-content\/uploads\/2018\/11\/LIGNES911000-370x222.jpg 370w, https:\/\/lignesauto.fr\/wp-content\/uploads\/2018\/11\/LIGNES911000-1040x624.jpg 1040w, https:\/\/lignesauto.fr\/wp-content\/uploads\/2018\/11\/LIGNES911000.jpg 1276w\" sizes=\"(max-width: 1024px) 100vw, 1024px\" \/><br \/>\nLa vraie, la premi\u00e8re, la 901 qui deviendra tr\u00e8s vite 911 \u00e0 cause (ou gr\u00e2ce&#8230;) \u00e0 Peugeot.<br \/>\nElle est pr\u00e9sent\u00e9e en 1963 et commercialis\u00e9e en 1964.<br \/>\nRapidement suivie d&#8217;une 911 S de160 ch.<br \/>\nLa version Targa sera cr\u00e9\u00e9e sur cette premi\u00e8re g\u00e9n\u00e9ration ainsi que la Carrera RS de 2.7 litres de 210 ch et dot\u00e9e de son fameux aileron &#8220;queue de canard !&#8221;<\/p>\n<p><strong><br \/>\nPorsche 911 Type G \u00a0&#8211; 1973<\/strong><\/p>\n<p><img loading=\"lazy\" decoding=\"async\" class=\"wp-image-1603 size-large\" src=\"http:\/\/lignesauto.fr\/wp-content\/uploads\/2018\/03\/1973-1024x541.jpg\" alt=\"\" width=\"1024\" height=\"541\" srcset=\"https:\/\/lignesauto.fr\/wp-content\/uploads\/2018\/03\/1973-1024x541.jpg 1024w, https:\/\/lignesauto.fr\/wp-content\/uploads\/2018\/03\/1973-300x158.jpg 300w, https:\/\/lignesauto.fr\/wp-content\/uploads\/2018\/03\/1973-768x406.jpg 768w\" sizes=\"(max-width: 1024px) 100vw, 1024px\" \/><br \/>\nLa Type G va battre les records de long\u00e9vit\u00e9.<br \/>\nAvec elle appara\u00eet la Turbo de 3.0 litres de 260 ch en 1973.<br \/>\nLes boucliers &#8220;\u00e0 soufflets&#8221; sont l\u00e0 pour respecter les normes am\u00e9ricaines car la 911 se vend d\u00e9j\u00e0 bien l\u00e0-bas.<br \/>\nSi elle a v\u00e9cu si longtemps, c&#8217;est parce que la 928 de 1977 devait prendre sa succession \u00e0 terme&#8230;<\/p>\n<p><strong><br \/>\nPorsche 911 Type 964 \u00a0&#8211; 1988<\/strong><\/p>\n<p><img loading=\"lazy\" decoding=\"async\" class=\"wp-image-1601 size-large\" src=\"http:\/\/lignesauto.fr\/wp-content\/uploads\/2018\/03\/1988-1024x571.jpg\" alt=\"\" width=\"1024\" height=\"571\" srcset=\"https:\/\/lignesauto.fr\/wp-content\/uploads\/2018\/03\/1988-1024x571.jpg 1024w, https:\/\/lignesauto.fr\/wp-content\/uploads\/2018\/03\/1988-300x167.jpg 300w, https:\/\/lignesauto.fr\/wp-content\/uploads\/2018\/03\/1988-768x428.jpg 768w\" sizes=\"(max-width: 1024px) 100vw, 1024px\" \/><br \/>\nSans doute la plus grande offensive depuis sa naissance.<br \/>\nLa 911 change tout avec des suspensions \u00e0 ressorts h\u00e9lico\u00efdaux, l&#8217;ABS, les airbags et la direction assist\u00e9e.<br \/>\nElle appara\u00eet d&#8217;abord avec&#8230; la transmission int\u00e9grale !<\/p>\n<p>&nbsp;<\/p>\n<p><strong>Porsche 911 Type 993 \u00a0&#8211; 1993<\/strong><\/p>\n<p><img loading=\"lazy\" decoding=\"async\" class=\"wp-image-1598 size-large\" src=\"http:\/\/lignesauto.fr\/wp-content\/uploads\/2018\/03\/1993-1024x571.jpg\" alt=\"\" width=\"1024\" height=\"571\" srcset=\"https:\/\/lignesauto.fr\/wp-content\/uploads\/2018\/03\/1993-1024x571.jpg 1024w, https:\/\/lignesauto.fr\/wp-content\/uploads\/2018\/03\/1993-300x167.jpg 300w, https:\/\/lignesauto.fr\/wp-content\/uploads\/2018\/03\/1993-768x428.jpg 768w\" sizes=\"(max-width: 1024px) 100vw, 1024px\" \/><br \/>\nLa 993 reste la pr\u00e9f\u00e9r\u00e9e des inconditionnels de la 911.<br \/>\nArriv\u00e9e du moteur biturbo et d&#8217;un style &#8220;galet&#8221;.<br \/>\nC&#8217;est surtout la derni\u00e8re dot\u00e9e du moteur \u00e0 refroidissement \u00e0 air !<\/p>\n<p><strong><br \/>\nPorsche 911 Type 996 \u00a0&#8211; 1997<\/strong><\/p>\n<p><img loading=\"lazy\" decoding=\"async\" class=\"wp-image-1600 size-large\" src=\"http:\/\/lignesauto.fr\/wp-content\/uploads\/2018\/03\/1997-1024x576.jpg\" alt=\"\" width=\"1024\" height=\"576\" srcset=\"https:\/\/lignesauto.fr\/wp-content\/uploads\/2018\/03\/1997-1024x576.jpg 1024w, https:\/\/lignesauto.fr\/wp-content\/uploads\/2018\/03\/1997-300x169.jpg 300w, https:\/\/lignesauto.fr\/wp-content\/uploads\/2018\/03\/1997-768x432.jpg 768w\" sizes=\"(max-width: 1024px) 100vw, 1024px\" \/><br \/>\nUn an apr\u00e8s la Porsche Boxster, la 911 type 996 d\u00e9barque alors que la marque \u00e9tait au bord du gouffre !<br \/>\nElle mutualise de nombreux \u00e9l\u00e9ments avec le Boxster.<br \/>\nElle adopte ainsi un boxer refroidi par eau, pas vraiment sous les applaudissements. Mais les normes antipollution, d\u00e9j\u00e0&#8230;<\/p>\n<p><strong><br \/>\nPorsche 911 Type 997 \u00a0&#8211; 2004<\/strong><\/p>\n<p><img loading=\"lazy\" decoding=\"async\" class=\"wp-image-6058 size-large\" src=\"http:\/\/lignesauto.fr\/wp-content\/uploads\/2018\/11\/LIGNES911_\u00b06-1024x638.jpg\" alt=\"\" width=\"1024\" height=\"638\" srcset=\"https:\/\/lignesauto.fr\/wp-content\/uploads\/2018\/11\/LIGNES911_\u00b06-1024x638.jpg 1024w, https:\/\/lignesauto.fr\/wp-content\/uploads\/2018\/11\/LIGNES911_\u00b06-300x187.jpg 300w, https:\/\/lignesauto.fr\/wp-content\/uploads\/2018\/11\/LIGNES911_\u00b06-768x478.jpg 768w, https:\/\/lignesauto.fr\/wp-content\/uploads\/2018\/11\/LIGNES911_\u00b06-370x231.jpg 370w, https:\/\/lignesauto.fr\/wp-content\/uploads\/2018\/11\/LIGNES911_\u00b06-1040x648.jpg 1040w, https:\/\/lignesauto.fr\/wp-content\/uploads\/2018\/11\/LIGNES911_\u00b06.jpg 1276w\" sizes=\"(max-width: 1024px) 100vw, 1024px\" \/><br \/>\nLa 997 a pour elle d&#8217;avoir recours de nouveau \u00e0 des phares ronds, d\u00e9laissant ceux ovales du duo Boxster\/996.<br \/>\nC&#8217;est jusqu&#8217;\u00e0 sa commercialisation, la Porsche 911 qui offrira le plus de variantes : 25, de la simple Carrera \u00e0 la GT3 RS 4.0 !<\/p>\n<p><strong><br \/>\nPorsche 911 Type 991 \u00a0&#8211; 2011<\/strong><\/p>\n<p><img loading=\"lazy\" decoding=\"async\" class=\"wp-image-1599 size-large\" src=\"http:\/\/lignesauto.fr\/wp-content\/uploads\/2018\/03\/2011-1024x604.jpg\" alt=\"\" width=\"1024\" height=\"604\" srcset=\"https:\/\/lignesauto.fr\/wp-content\/uploads\/2018\/03\/2011-1024x604.jpg 1024w, https:\/\/lignesauto.fr\/wp-content\/uploads\/2018\/03\/2011-300x177.jpg 300w, https:\/\/lignesauto.fr\/wp-content\/uploads\/2018\/03\/2011-768x453.jpg 768w\" sizes=\"(max-width: 1024px) 100vw, 1024px\" \/><br \/>\nAu sein du groupe VW, Porsche d\u00e9veloppe une toute nouvelle plateforme dont h\u00e9rite la 991.<br \/>\nL&#8217;empattement est revu \u00e0 la hausse, la bo\u00eete 7 fait son apparition et le ch\u00e2ssis adopte des r\u00e9glages &#8220;Dynamic Control&#8221;.<br \/>\nMoins de cylindr\u00e9e sur les moteurs mais plus de puissance pour moins de consommation.<\/p>\n<p><strong><br \/>\nPorsche 911 Type 992 \u00a0&#8211; 2019<\/strong><\/p>\n<p><img loading=\"lazy\" decoding=\"async\" class=\"alignnone wp-image-6057 size-large\" src=\"http:\/\/lignesauto.fr\/wp-content\/uploads\/2018\/11\/Capture-d\u2019\u00e9cran-2018-11-28-\u00e0-14.47.28-1024x438.png\" alt=\"\" width=\"1024\" height=\"438\" srcset=\"https:\/\/lignesauto.fr\/wp-content\/uploads\/2018\/11\/Capture-d\u2019\u00e9cran-2018-11-28-\u00e0-14.47.28-1024x438.png 1024w, https:\/\/lignesauto.fr\/wp-content\/uploads\/2018\/11\/Capture-d\u2019\u00e9cran-2018-11-28-\u00e0-14.47.28-300x128.png 300w, https:\/\/lignesauto.fr\/wp-content\/uploads\/2018\/11\/Capture-d\u2019\u00e9cran-2018-11-28-\u00e0-14.47.28-768x329.png 768w, https:\/\/lignesauto.fr\/wp-content\/uploads\/2018\/11\/Capture-d\u2019\u00e9cran-2018-11-28-\u00e0-14.47.28-370x158.png 370w, https:\/\/lignesauto.fr\/wp-content\/uploads\/2018\/11\/Capture-d\u2019\u00e9cran-2018-11-28-\u00e0-14.47.28-1040x445.png 1040w, https:\/\/lignesauto.fr\/wp-content\/uploads\/2018\/11\/Capture-d\u2019\u00e9cran-2018-11-28-\u00e0-14.47.28.png 1276w\" sizes=\"(max-width: 1024px) 100vw, 1024px\" \/><br \/>\nLa 992 est une grande \u00e9volution mais pas une r\u00e9volution.<br \/>\nPas encore de version(s) hybride(s) pour ce lancement.<br \/>\nA bord, le compte-tours reste au centre mais la planche accueille de grands \u00e9crans.<br \/>\nLa 911 voit d\u00e9sormais de nuit (vision infrarouge nocturne) et d\u00e9tecte les routes humides pour adapter les assistances.<\/p>\n<p><strong><br \/>\nCi-dessous, le raccourci (!) 1963 &#8211; 2019 saisissant&#8230;<\/strong><\/p>\n<p><img loading=\"lazy\" decoding=\"async\" class=\"alignnone size-medium wp-image-6063\" src=\"http:\/\/lignesauto.fr\/wp-content\/uploads\/2018\/11\/Capture-d\u2019\u00e9cran-2018-11-28-\u00e0-15.15.33-300x209.png\" alt=\"\" width=\"300\" height=\"209\" srcset=\"https:\/\/lignesauto.fr\/wp-content\/uploads\/2018\/11\/Capture-d\u2019\u00e9cran-2018-11-28-\u00e0-15.15.33-300x209.png 300w, https:\/\/lignesauto.fr\/wp-content\/uploads\/2018\/11\/Capture-d\u2019\u00e9cran-2018-11-28-\u00e0-15.15.33-370x258.png 370w, https:\/\/lignesauto.fr\/wp-content\/uploads\/2018\/11\/Capture-d\u2019\u00e9cran-2018-11-28-\u00e0-15.15.33.png 709w\" sizes=\"(max-width: 300px) 100vw, 300px\" \/><\/p>\n<p><img loading=\"lazy\" decoding=\"async\" class=\"alignnone wp-image-6068 size-full\" src=\"http:\/\/lignesauto.fr\/wp-content\/uploads\/2018\/11\/S18_3708.jpg\" alt=\"\" width=\"1000\" height=\"667\" srcset=\"https:\/\/lignesauto.fr\/wp-content\/uploads\/2018\/11\/S18_3708.jpg 1000w, https:\/\/lignesauto.fr\/wp-content\/uploads\/2018\/11\/S18_3708-300x200.jpg 300w, https:\/\/lignesauto.fr\/wp-content\/uploads\/2018\/11\/S18_3708-768x512.jpg 768w, https:\/\/lignesauto.fr\/wp-content\/uploads\/2018\/11\/S18_3708-370x247.jpg 370w\" sizes=\"(max-width: 1000px) 100vw, 1000px\" \/><\/p>\n<p><img loading=\"lazy\" decoding=\"async\" class=\"alignnone size-medium wp-image-4925\" src=\"http:\/\/lignesauto.fr\/wp-content\/uploads\/2018\/10\/LOGOArchives_BD-300x108.jpg\" alt=\"\" width=\"300\" height=\"108\" srcset=\"https:\/\/lignesauto.fr\/wp-content\/uploads\/2018\/10\/LOGOArchives_BD-300x108.jpg 300w, https:\/\/lignesauto.fr\/wp-content\/uploads\/2018\/10\/LOGOArchives_BD-768x276.jpg 768w, https:\/\/lignesauto.fr\/wp-content\/uploads\/2018\/10\/LOGOArchives_BD-1024x367.jpg 1024w, https:\/\/lignesauto.fr\/wp-content\/uploads\/2018\/10\/LOGOArchives_BD-370x133.jpg 370w, https:\/\/lignesauto.fr\/wp-content\/uploads\/2018\/10\/LOGOArchives_BD-1040x373.jpg 1040w, https:\/\/lignesauto.fr\/wp-content\/uploads\/2018\/10\/LOGOArchives_BD.jpg 1240w\" sizes=\"(max-width: 300px) 100vw, 300px\" \/><\/p>\n","protected":false},"excerpt":{"rendered":"<p>Mark Webber, ex-pilote 919 Hybrid et Michael Mauer, patron du design aux c\u00f4t\u00e9s de la 911 2019 Une huiti\u00e8me g\u00e9n\u00e9ration de Porsche vient donc de voir le jour. Voici un petit m\u00e9mo des vues de profil de toutes les g\u00e9n\u00e9rations pour rester incollable sur la ou plut\u00f4t les 911. Commen\u00e7ons [&hellip;]<\/p>\n","protected":false},"author":1,"featured_media":6416,"comment_status":"open","ping_status":"open","sticky":false,"template":"","format":"standard","meta":{"footnotes":""},"categories":[1],"tags":[],"_links":{"self":[{"href":"https:\/\/lignesauto.fr\/index.php?rest_route=\/wp\/v2\/posts\/6056"}],"collection":[{"href":"https:\/\/lignesauto.fr\/index.php?rest_route=\/wp\/v2\/posts"}],"about":[{"href":"https:\/\/lignesauto.fr\/index.php?rest_route=\/wp\/v2\/types\/post"}],"author":[{"embeddable":true,"href":"https:\/\/lignesauto.fr\/index.php?rest_route=\/wp\/v2\/users\/1"}],"replies":[{"embeddable":true,"href":"https:\/\/lignesauto.fr\/index.php?rest_route=%2Fwp%2Fv2%2Fcomments&post=6056"}],"version-history":[{"count":9,"href":"https:\/\/lignesauto.fr\/index.php?rest_route=\/wp\/v2\/posts\/6056\/revisions"}],"predecessor-version":[{"id":6074,"href":"https:\/\/lignesauto.fr\/index.php?rest_route=\/wp\/v2\/posts\/6056\/revisions\/6074"}],"wp:featuredmedia":[{"embeddable":true,"href":"https:\/\/lignesauto.fr\/index.php?rest_route=\/wp\/v2\/media\/6416"}],"wp:attachment":[{"href":"https:\/\/lignesauto.fr\/index.php?rest_route=%2Fwp%2Fv2%2Fmedia&parent=6056"}],"wp:term":[{"taxonomy":"category","embeddable":true,"href":"https:\/\/lignesauto.fr\/index.php?rest_route=%2Fwp%2Fv2%2Fcategories&post=6056"},{"taxonomy":"post_tag","embeddable":true,"href":"https:\/\/lignesauto.fr\/index.php?rest_route=%2Fwp%2Fv2%2Ftags&post=6056"}],"curies":[{"name":"wp","href":"https:\/\/api.w.org\/{rel}","templated":true}]}}