{"id":6123,"date":"2018-12-04T08:08:58","date_gmt":"2018-12-04T07:08:58","guid":{"rendered":"http:\/\/lignesauto.fr\/?p=6123"},"modified":"2018-12-22T16:24:31","modified_gmt":"2018-12-22T15:24:31","slug":"gilets-jaunes-voiture-grise-80-ans-apres","status":"publish","type":"post","link":"https:\/\/lignesauto.fr\/?p=6123","title":{"rendered":"Gilets jaunes, voiture grise : 80 ans apr\u00e8s !"},"content":{"rendered":"<p><a href=\"http:\/\/lignesauto.fr\/wp-content\/uploads\/2018\/10\/LOGOArchives_BD.jpg\"><img loading=\"lazy\" decoding=\"async\" class=\"alignnone size-medium wp-image-4925\" src=\"http:\/\/lignesauto.fr\/wp-content\/uploads\/2018\/10\/LOGOArchives_BD-300x108.jpg\" alt=\"\" width=\"300\" height=\"108\" srcset=\"https:\/\/lignesauto.fr\/wp-content\/uploads\/2018\/10\/LOGOArchives_BD-300x108.jpg 300w, https:\/\/lignesauto.fr\/wp-content\/uploads\/2018\/10\/LOGOArchives_BD-768x276.jpg 768w, https:\/\/lignesauto.fr\/wp-content\/uploads\/2018\/10\/LOGOArchives_BD-1024x367.jpg 1024w, https:\/\/lignesauto.fr\/wp-content\/uploads\/2018\/10\/LOGOArchives_BD-370x133.jpg 370w, https:\/\/lignesauto.fr\/wp-content\/uploads\/2018\/10\/LOGOArchives_BD-1040x373.jpg 1040w, https:\/\/lignesauto.fr\/wp-content\/uploads\/2018\/10\/LOGOArchives_BD.jpg 1240w\" sizes=\"(max-width: 300px) 100vw, 300px\" \/><\/a><\/p>\n<p>Les questions, solutions, interrogations ou d\u00e9bats li\u00e9s aux revendications des &#8220;Gilets Jaunes&#8221; ne laissent \u00e9videmment personne indiff\u00e9rent.<br \/>\nIl n&#8217;est \u00e9videmment plus question ici de sujets trait\u00e9s au quotidien par LIGNES\/auto.<br \/>\n<strong>Quoique&#8230;<\/strong><\/p>\n<p>Voici la &#8220;Une&#8221; du bulletin Citro\u00ebn (ci-dessous) publi\u00e9 en janvier 1939, soit pratiquement 80 ans jour pour jour.<br \/>\nCe petit journal \u00e9dit\u00e9 par la marque elle-m\u00eame prenait position face aux <em>&#8220;imp\u00f4ts sur l&#8217;essence&#8221;<\/em> qui n&#8217;avaient alors <em>&#8220;jamais cess\u00e9 d&#8217;augmenter&#8221;<\/em>.<br \/>\nIncroyable vision d&#8217;un pass\u00e9 qui semble calqu\u00e9 sur notre pr\u00e9sent !<\/p>\n<p><a href=\"http:\/\/lignesauto.fr\/wp-content\/uploads\/2018\/12\/LIGNESAUTO.jpg\"><img loading=\"lazy\" decoding=\"async\" class=\"alignnone wp-image-6124 size-large\" src=\"http:\/\/lignesauto.fr\/wp-content\/uploads\/2018\/12\/LIGNESAUTO-856x1024.jpg\" alt=\"\" width=\"856\" height=\"1024\" srcset=\"https:\/\/lignesauto.fr\/wp-content\/uploads\/2018\/12\/LIGNESAUTO-856x1024.jpg 856w, https:\/\/lignesauto.fr\/wp-content\/uploads\/2018\/12\/LIGNESAUTO-251x300.jpg 251w, https:\/\/lignesauto.fr\/wp-content\/uploads\/2018\/12\/LIGNESAUTO-768x918.jpg 768w, https:\/\/lignesauto.fr\/wp-content\/uploads\/2018\/12\/LIGNESAUTO-370x442.jpg 370w, https:\/\/lignesauto.fr\/wp-content\/uploads\/2018\/12\/LIGNESAUTO-1040x1243.jpg 1040w, https:\/\/lignesauto.fr\/wp-content\/uploads\/2018\/12\/LIGNESAUTO.jpg 1063w\" sizes=\"(max-width: 856px) 100vw, 856px\" \/><\/a><\/p>\n<p>Il \u00e9tait d\u00e9j\u00e0 question d&#8217;une phrase choc et tr\u00e8s actuelle pourtant :<br \/>\n<strong>&#8220;chaque fois qu&#8217;un automobiliste ach\u00e8te de l&#8217;essence, les DEUX TIERS de ce qu&#8217;il paie vont au fisc.&#8221;<\/strong><\/p>\n<p>Citro\u00ebn ne se contentait pas \u00a0de poser le probl\u00e8me en &#8220;Une&#8221; de son bulletin.<br \/>\nIl tentait dans le m\u00eame temps de proposer des solutions :<\/p>\n<p><em>&#8220;Le rem\u00e8de \u00e0 l&#8217;exag\u00e9ration de la fiscalit\u00e9 est du ressort des pouvoirs Publics.<br \/>\nEn ce qui nous concerne, si nous voulons conserver notre client\u00e8le et, plus encore, si nous voulons la d\u00e9velopper, nous devons nous efforcer de diminuer les prix sans que la qualit\u00e9 en souffre. C&#8217;est une \u0153uvre de longue haleine.&#8221;<\/em><\/p>\n<p><a href=\"http:\/\/lignesauto.fr\/wp-content\/uploads\/2018\/12\/IMG0005.jpg\"><img loading=\"lazy\" decoding=\"async\" class=\"alignnone wp-image-6125 size-full\" src=\"http:\/\/lignesauto.fr\/wp-content\/uploads\/2018\/12\/IMG0005.jpg\" alt=\"\" width=\"992\" height=\"661\" srcset=\"https:\/\/lignesauto.fr\/wp-content\/uploads\/2018\/12\/IMG0005.jpg 992w, https:\/\/lignesauto.fr\/wp-content\/uploads\/2018\/12\/IMG0005-300x200.jpg 300w, https:\/\/lignesauto.fr\/wp-content\/uploads\/2018\/12\/IMG0005-768x512.jpg 768w, https:\/\/lignesauto.fr\/wp-content\/uploads\/2018\/12\/IMG0005-370x247.jpg 370w\" sizes=\"(max-width: 992px) 100vw, 992px\" \/><\/a><\/p>\n<p>Et c&#8217;est le programme TPV (ci-dessus) de la 2CV qui allait apporter une r\u00e9ponse.<br \/>\nUne r\u00e9ponse tu\u00e9e dans l&#8217;\u0153uf avec la d\u00e9claration de la seconde Guerre Mondiale en septembre 1939.<\/p>\n<p>La 2CV telle qu&#8217;elle \u00e9tait alors con\u00e7ue en cette ann\u00e9e 1939 r\u00e9pondait aux questionnements li\u00e9s \u00e0 la &#8220;crise&#8221; des taxes sur le carburant.<\/p>\n<p><a href=\"http:\/\/lignesauto.fr\/wp-content\/uploads\/2018\/12\/IMG0006.jpg\"><img loading=\"lazy\" decoding=\"async\" class=\"alignnone wp-image-6126 size-full\" src=\"http:\/\/lignesauto.fr\/wp-content\/uploads\/2018\/12\/IMG0006.jpg\" alt=\"\" width=\"992\" height=\"661\" srcset=\"https:\/\/lignesauto.fr\/wp-content\/uploads\/2018\/12\/IMG0006.jpg 992w, https:\/\/lignesauto.fr\/wp-content\/uploads\/2018\/12\/IMG0006-300x200.jpg 300w, https:\/\/lignesauto.fr\/wp-content\/uploads\/2018\/12\/IMG0006-768x512.jpg 768w, https:\/\/lignesauto.fr\/wp-content\/uploads\/2018\/12\/IMG0006-370x247.jpg 370w\" sizes=\"(max-width: 992px) 100vw, 992px\" \/><\/a><\/p>\n<p>En 1948, pratiquement dix ans apr\u00e8s le programme TPV, la 2CV telle qu&#8217;on la conna\u00eet a \u00e9t\u00e9 commercialis\u00e9e.<br \/>\nAujourd&#8217;hui, la r\u00e9ponse fournie par le Gouvernement est de se tourner vers la voiture \u00e9lectrique.<br \/>\nUne solution qui, du seul point de vue financier, est \u00e0 l&#8217;oppos\u00e9 de celle pratiqu\u00e9e par Citro\u00ebn en 1939&#8230;<br \/>\nA m\u00e9diter ?<\/p>\n<p><strong>A d\u00e9couvrir ici : la 2CV des temps modernes ?<br \/>\n<\/strong><a href=\"https:\/\/www.behance.net\/gallery\/72522871\/Biomega-SIN-EV?tracking_source=curated_galleries_list\">https:\/\/www.behance.net\/gallery\/72522871\/Biomega-SIN-EV?tracking_source=curated_galleries_list<\/a><br \/>\n<a href=\"https:\/\/www.youtube.com\/watch?v=kifNXgGcE0g&amp;feature=player_embedded\">https:\/\/www.youtube.com\/watch?v=kifNXgGcE0g&amp;feature=player_embedded<\/a><\/p>\n<p><a href=\"http:\/\/lignesauto.fr\/wp-content\/uploads\/2018\/12\/49f13b72522871.5bea8412888ea.png\"><img loading=\"lazy\" decoding=\"async\" class=\"alignnone wp-image-6132 size-full\" src=\"http:\/\/lignesauto.fr\/wp-content\/uploads\/2018\/12\/49f13b72522871.5bea8412888ea.png\" alt=\"\" width=\"992\" height=\"597\" srcset=\"https:\/\/lignesauto.fr\/wp-content\/uploads\/2018\/12\/49f13b72522871.5bea8412888ea.png 992w, https:\/\/lignesauto.fr\/wp-content\/uploads\/2018\/12\/49f13b72522871.5bea8412888ea-300x181.png 300w, https:\/\/lignesauto.fr\/wp-content\/uploads\/2018\/12\/49f13b72522871.5bea8412888ea-768x462.png 768w, https:\/\/lignesauto.fr\/wp-content\/uploads\/2018\/12\/49f13b72522871.5bea8412888ea-370x223.png 370w\" sizes=\"(max-width: 992px) 100vw, 992px\" \/><\/a><\/p>\n<p><a href=\"http:\/\/lignesauto.fr\/wp-content\/uploads\/2018\/10\/LOGOArchives_BD.jpg\"><img loading=\"lazy\" decoding=\"async\" class=\"alignnone size-medium wp-image-4925\" src=\"http:\/\/lignesauto.fr\/wp-content\/uploads\/2018\/10\/LOGOArchives_BD-300x108.jpg\" alt=\"\" width=\"300\" height=\"108\" srcset=\"https:\/\/lignesauto.fr\/wp-content\/uploads\/2018\/10\/LOGOArchives_BD-300x108.jpg 300w, https:\/\/lignesauto.fr\/wp-content\/uploads\/2018\/10\/LOGOArchives_BD-768x276.jpg 768w, https:\/\/lignesauto.fr\/wp-content\/uploads\/2018\/10\/LOGOArchives_BD-1024x367.jpg 1024w, https:\/\/lignesauto.fr\/wp-content\/uploads\/2018\/10\/LOGOArchives_BD-370x133.jpg 370w, https:\/\/lignesauto.fr\/wp-content\/uploads\/2018\/10\/LOGOArchives_BD-1040x373.jpg 1040w, https:\/\/lignesauto.fr\/wp-content\/uploads\/2018\/10\/LOGOArchives_BD.jpg 1240w\" sizes=\"(max-width: 300px) 100vw, 300px\" \/><\/a><\/p>\n","protected":false},"excerpt":{"rendered":"<p>Les questions, solutions, interrogations ou d\u00e9bats li\u00e9s aux revendications des &#8220;Gilets Jaunes&#8221; ne laissent \u00e9videmment personne indiff\u00e9rent. Il n&#8217;est \u00e9videmment plus question ici de sujets trait\u00e9s au quotidien par LIGNES\/auto. Quoique&#8230; Voici la &#8220;Une&#8221; du bulletin Citro\u00ebn (ci-dessous) publi\u00e9 en janvier 1939, soit pratiquement 80 ans jour pour jour. Ce [&hellip;]<\/p>\n","protected":false},"author":1,"featured_media":6126,"comment_status":"open","ping_status":"open","sticky":false,"template":"","format":"standard","meta":{"footnotes":""},"categories":[1],"tags":[],"_links":{"self":[{"href":"https:\/\/lignesauto.fr\/index.php?rest_route=\/wp\/v2\/posts\/6123"}],"collection":[{"href":"https:\/\/lignesauto.fr\/index.php?rest_route=\/wp\/v2\/posts"}],"about":[{"href":"https:\/\/lignesauto.fr\/index.php?rest_route=\/wp\/v2\/types\/post"}],"author":[{"embeddable":true,"href":"https:\/\/lignesauto.fr\/index.php?rest_route=\/wp\/v2\/users\/1"}],"replies":[{"embeddable":true,"href":"https:\/\/lignesauto.fr\/index.php?rest_route=%2Fwp%2Fv2%2Fcomments&post=6123"}],"version-history":[{"count":7,"href":"https:\/\/lignesauto.fr\/index.php?rest_route=\/wp\/v2\/posts\/6123\/revisions"}],"predecessor-version":[{"id":6134,"href":"https:\/\/lignesauto.fr\/index.php?rest_route=\/wp\/v2\/posts\/6123\/revisions\/6134"}],"wp:featuredmedia":[{"embeddable":true,"href":"https:\/\/lignesauto.fr\/index.php?rest_route=\/wp\/v2\/media\/6126"}],"wp:attachment":[{"href":"https:\/\/lignesauto.fr\/index.php?rest_route=%2Fwp%2Fv2%2Fmedia&parent=6123"}],"wp:term":[{"taxonomy":"category","embeddable":true,"href":"https:\/\/lignesauto.fr\/index.php?rest_route=%2Fwp%2Fv2%2Fcategories&post=6123"},{"taxonomy":"post_tag","embeddable":true,"href":"https:\/\/lignesauto.fr\/index.php?rest_route=%2Fwp%2Fv2%2Ftags&post=6123"}],"curies":[{"name":"wp","href":"https:\/\/api.w.org\/{rel}","templated":true}]}}