{"id":6144,"date":"2018-12-19T04:49:19","date_gmt":"2018-12-19T03:49:19","guid":{"rendered":"http:\/\/lignesauto.fr\/?p=6144"},"modified":"2018-12-22T16:20:07","modified_gmt":"2018-12-22T15:20:07","slug":"bmw-design-un-an-apres-larrivee-de-jozef-kaban","status":"publish","type":"post","link":"https:\/\/lignesauto.fr\/?p=6144","title":{"rendered":"BMW design, un an apr\u00e8s l&#8217;arriv\u00e9e de Jozef Kaban"},"content":{"rendered":"<p><a href=\"http:\/\/lignesauto.fr\/wp-content\/uploads\/2018\/10\/LOGOActus_BD.jpg\"><img loading=\"lazy\" decoding=\"async\" class=\"alignnone size-medium wp-image-4921\" src=\"http:\/\/lignesauto.fr\/wp-content\/uploads\/2018\/10\/LOGOActus_BD-300x108.jpg\" alt=\"\" width=\"300\" height=\"108\" srcset=\"https:\/\/lignesauto.fr\/wp-content\/uploads\/2018\/10\/LOGOActus_BD-300x108.jpg 300w, https:\/\/lignesauto.fr\/wp-content\/uploads\/2018\/10\/LOGOActus_BD-768x276.jpg 768w, https:\/\/lignesauto.fr\/wp-content\/uploads\/2018\/10\/LOGOActus_BD-1024x367.jpg 1024w, https:\/\/lignesauto.fr\/wp-content\/uploads\/2018\/10\/LOGOActus_BD-370x133.jpg 370w, https:\/\/lignesauto.fr\/wp-content\/uploads\/2018\/10\/LOGOActus_BD-1040x373.jpg 1040w, https:\/\/lignesauto.fr\/wp-content\/uploads\/2018\/10\/LOGOActus_BD.jpg 1240w\" sizes=\"(max-width: 300px) 100vw, 300px\" \/><\/a><\/p>\n<p><a href=\"http:\/\/lignesauto.fr\/wp-content\/uploads\/2018\/12\/LIGNESKABAN100.jpg\"><img loading=\"lazy\" decoding=\"async\" class=\"alignnone wp-image-6145 size-full\" src=\"http:\/\/lignesauto.fr\/wp-content\/uploads\/2018\/12\/LIGNESKABAN100.jpg\" alt=\"\" width=\"850\" height=\"567\" srcset=\"https:\/\/lignesauto.fr\/wp-content\/uploads\/2018\/12\/LIGNESKABAN100.jpg 850w, https:\/\/lignesauto.fr\/wp-content\/uploads\/2018\/12\/LIGNESKABAN100-300x200.jpg 300w, https:\/\/lignesauto.fr\/wp-content\/uploads\/2018\/12\/LIGNESKABAN100-768x512.jpg 768w, https:\/\/lignesauto.fr\/wp-content\/uploads\/2018\/12\/LIGNESKABAN100-370x247.jpg 370w\" sizes=\"(max-width: 850px) 100vw, 850px\" \/><\/a><\/p>\n<p>Le 8 f\u00e9vrier 2017, voici bient\u00f4t deux ans, BMW a restructur\u00e9 son \u00e9quipe de designers suite au d\u00e9part surprise de son responsable de design BMW, Karim Habib aujourd\u2019hui patron du design Infiniti.<br \/>\nCette restructuration est all\u00e9e plus loin que le seul remaniement \u00e0 la t\u00eate du design de la marque BMW puisque le fran\u00e7ais Beno\u00eet Jacob alors responsable du design de la ligne BMWi et Anders Warming, responsable du style MINI ont \u00e9galement quitt\u00e9 BMW pour rejoindre l\u2019Asie.<\/p>\n<p>Adrian Van Hooydonk <strong>(ci-dessous \u00e0 l&#8217;arri\u00e8re du concept-car NEXT)<\/strong>, patron du design du groupe BMW (BMW, MINI, Rolls-Royce) a donc nomm\u00e9 en mars 2017 le slovaque Jozef Kaban en remplacement de Karim Habib \u00e0 la t\u00eate du design de la marque BMW.<\/p>\n<p><a href=\"http:\/\/lignesauto.fr\/wp-content\/uploads\/2018\/12\/LIGNESKABAN04.jpg\"><img loading=\"lazy\" decoding=\"async\" class=\"alignnone wp-image-6147\" src=\"http:\/\/lignesauto.fr\/wp-content\/uploads\/2018\/12\/LIGNESKABAN04-300x200.jpg\" alt=\"\" width=\"850\" height=\"566\" srcset=\"https:\/\/lignesauto.fr\/wp-content\/uploads\/2018\/12\/LIGNESKABAN04-300x200.jpg 300w, https:\/\/lignesauto.fr\/wp-content\/uploads\/2018\/12\/LIGNESKABAN04-768x512.jpg 768w, https:\/\/lignesauto.fr\/wp-content\/uploads\/2018\/12\/LIGNESKABAN04-370x247.jpg 370w, https:\/\/lignesauto.fr\/wp-content\/uploads\/2018\/12\/LIGNESKABAN04.jpg 992w\" sizes=\"(max-width: 850px) 100vw, 850px\" \/><\/a><\/p>\n<p>Domagoj Dukec <strong>(ci-dessus \u00e0 gauche)<\/strong>, entr\u00e9 chez BMW en 2010 a pris en charge le design de la ligne BMWi et de BMW Motorsport, en remplacement de Benoit Jacob, alors que Oliver Heilmer <strong>(ci-dessous)<\/strong> a succ\u00e9d\u00e9 \u00e0 Anders Warming \u00e0 la t\u00eate du design MINI.<\/p>\n<p><a href=\"http:\/\/lignesauto.fr\/wp-content\/uploads\/2018\/12\/LIGNESKABAN05.jpg\"><img loading=\"lazy\" decoding=\"async\" class=\"alignnone wp-image-6148\" src=\"http:\/\/lignesauto.fr\/wp-content\/uploads\/2018\/12\/LIGNESKABAN05-200x300.jpg\" alt=\"\" width=\"650\" height=\"977\" srcset=\"https:\/\/lignesauto.fr\/wp-content\/uploads\/2018\/12\/LIGNESKABAN05-200x300.jpg 200w, https:\/\/lignesauto.fr\/wp-content\/uploads\/2018\/12\/LIGNESKABAN05-768x1154.jpg 768w, https:\/\/lignesauto.fr\/wp-content\/uploads\/2018\/12\/LIGNESKABAN05-681x1024.jpg 681w, https:\/\/lignesauto.fr\/wp-content\/uploads\/2018\/12\/LIGNESKABAN05-370x556.jpg 370w, https:\/\/lignesauto.fr\/wp-content\/uploads\/2018\/12\/LIGNESKABAN05.jpg 992w\" sizes=\"(max-width: 650px) 100vw, 650px\" \/><\/a><\/p>\n<p>Jozef Kaban <strong>(ci-dessous avec ses derni\u00e8res cr\u00e9ations pour Skoda)<\/strong> n&#8217;est arriv\u00e9 chez BMW qu&#8217;en octobre 2017, suite \u00e0 une clause de non concurrence.<br \/>\nUn an, c\u2019est un peu court pour voir appara\u00eetre un produit de s\u00e9rie sign\u00e9 de sa griffe, mais on sait que les prochaines (futures) BMW S\u00e9rie 5 et S\u00e9rie 7 couperont le cordon ombilical de la patte Karim Habib pour celle de Kaban.<\/p>\n<p><a href=\"http:\/\/lignesauto.fr\/wp-content\/uploads\/2018\/12\/LIGNESKABAN03.jpg\"><img loading=\"lazy\" decoding=\"async\" class=\"alignnone wp-image-6146\" src=\"http:\/\/lignesauto.fr\/wp-content\/uploads\/2018\/12\/LIGNESKABAN03-300x200.jpg\" alt=\"\" width=\"850\" height=\"566\" srcset=\"https:\/\/lignesauto.fr\/wp-content\/uploads\/2018\/12\/LIGNESKABAN03-300x200.jpg 300w, https:\/\/lignesauto.fr\/wp-content\/uploads\/2018\/12\/LIGNESKABAN03-768x512.jpg 768w, https:\/\/lignesauto.fr\/wp-content\/uploads\/2018\/12\/LIGNESKABAN03-370x247.jpg 370w, https:\/\/lignesauto.fr\/wp-content\/uploads\/2018\/12\/LIGNESKABAN03.jpg 992w\" sizes=\"(max-width: 850px) 100vw, 850px\" \/><\/a><\/p>\n<p>Avant de signer chez BMW, Jozef Kaban a toujours navigu\u00e9 au sein d\u2019un seul groupe automobile\u00a0: Volkswagen.<br \/>\nApr\u00e8s avoir sign\u00e9 le dessin de la Bugatti Veyron \u00e0 l\u2019\u00e2ge de 20 ans (!!) il a rejoint l\u2019\u00e9quipe d\u2019Audi puis celle de Skoda o\u00f9 il a pris en charge la nouvelle identit\u00e9 de marque et o\u00f9 il a d\u00e9couvert un autre univers o\u00f9 le design doit se confronter \u00e0 de s\u00e9rieuses contraintes de co\u00fbts\u00a0et doit charmer le peuple !<\/p>\n<p>Jozef Kaban s\u2019est drap\u00e9 d\u2019une image de \u00ab\u00a0visionnaire\u00a0\u00bb et pourrait donc bousculer le design BMW \u00e0 moyen terme, m\u00eame si certains designers en interne clament que les derniers mod\u00e8les sign\u00e9s par les \u00e9quipes men\u00e9es par Karim Habib que nous verrons appara\u00eetre d\u2019ici 2020 sont novateurs.<\/p>\n<p><a href=\"http:\/\/lignesauto.fr\/wp-content\/uploads\/2018\/12\/P90321801_highRes_bmw-vision-inext-des.jpg\"><img loading=\"lazy\" decoding=\"async\" class=\"alignnone wp-image-6151\" src=\"http:\/\/lignesauto.fr\/wp-content\/uploads\/2018\/12\/P90321801_highRes_bmw-vision-inext-des-300x169.jpg\" alt=\"\" width=\"850\" height=\"478\" srcset=\"https:\/\/lignesauto.fr\/wp-content\/uploads\/2018\/12\/P90321801_highRes_bmw-vision-inext-des-300x169.jpg 300w, https:\/\/lignesauto.fr\/wp-content\/uploads\/2018\/12\/P90321801_highRes_bmw-vision-inext-des-768x432.jpg 768w, https:\/\/lignesauto.fr\/wp-content\/uploads\/2018\/12\/P90321801_highRes_bmw-vision-inext-des-1024x575.jpg 1024w, https:\/\/lignesauto.fr\/wp-content\/uploads\/2018\/12\/P90321801_highRes_bmw-vision-inext-des-370x208.jpg 370w, https:\/\/lignesauto.fr\/wp-content\/uploads\/2018\/12\/P90321801_highRes_bmw-vision-inext-des-1040x584.jpg 1040w, https:\/\/lignesauto.fr\/wp-content\/uploads\/2018\/12\/P90321801_highRes_bmw-vision-inext-des.jpg 1091w\" sizes=\"(max-width: 850px) 100vw, 850px\" \/><\/a><\/p>\n<p>Il suffit bien souvent d\u2019un seul homme \u00e0 la t\u00eate d\u2019une \u00e9quipe de designers pour insuffler une nouvelle orientation stylistique ou conceptuelle.<br \/>\nA ce propos, il est int\u00e9ressant d\u2019observer un d\u00e9tail de style (la calandre) sur la Skoda Vision et sur la BMW S\u00e9rie 8.<\/p>\n<p><a href=\"http:\/\/lignesauto.fr\/wp-content\/uploads\/2018\/12\/LIGNESKABAN01.jpg\"><img loading=\"lazy\" decoding=\"async\" class=\"alignnone wp-image-6152\" src=\"http:\/\/lignesauto.fr\/wp-content\/uploads\/2018\/12\/LIGNESKABAN01-300x109.jpg\" alt=\"\" width=\"850\" height=\"309\" srcset=\"https:\/\/lignesauto.fr\/wp-content\/uploads\/2018\/12\/LIGNESKABAN01-300x109.jpg 300w, https:\/\/lignesauto.fr\/wp-content\/uploads\/2018\/12\/LIGNESKABAN01-768x279.jpg 768w, https:\/\/lignesauto.fr\/wp-content\/uploads\/2018\/12\/LIGNESKABAN01-370x135.jpg 370w, https:\/\/lignesauto.fr\/wp-content\/uploads\/2018\/12\/LIGNESKABAN01.jpg 992w\" sizes=\"(max-width: 850px) 100vw, 850px\" \/><\/a><\/p>\n<p>Ces deux grilles ont exactement les m\u00eames g\u00e8nes et reposent sur le m\u00eame dessin. Vous avez dit \u00e9trange\u00a0?<\/p>\n<p><a href=\"http:\/\/lignesauto.fr\/wp-content\/uploads\/2018\/12\/LIGNESKABAN02.png\"><img loading=\"lazy\" decoding=\"async\" class=\"alignnone wp-image-6149\" src=\"http:\/\/lignesauto.fr\/wp-content\/uploads\/2018\/12\/LIGNESKABAN02-300x79.png\" alt=\"\" width=\"850\" height=\"224\" srcset=\"https:\/\/lignesauto.fr\/wp-content\/uploads\/2018\/12\/LIGNESKABAN02-300x79.png 300w, https:\/\/lignesauto.fr\/wp-content\/uploads\/2018\/12\/LIGNESKABAN02-768x202.png 768w, https:\/\/lignesauto.fr\/wp-content\/uploads\/2018\/12\/LIGNESKABAN02-370x97.png 370w, https:\/\/lignesauto.fr\/wp-content\/uploads\/2018\/12\/LIGNESKABAN02.png 992w\" sizes=\"(max-width: 850px) 100vw, 850px\" \/><\/a><\/p>\n<p>Une question reste en suspens\u00a0: BMW suivra-t-il ses concurrents directs sur la voie de la supercar\u00a0?<br \/>\nUne supercar dont l\u2019architecture pourrait conduire \u00e0 d\u00e9velopper une variante pour les 24 Heures du Mans puisque le futur r\u00e8glement les acceptera d\u00e9sormais.<\/p>\n<p><a href=\"http:\/\/lignesauto.fr\/wp-content\/uploads\/2018\/12\/LIGNESKABAN00.jpg\"><img loading=\"lazy\" decoding=\"async\" class=\"alignnone wp-image-6150\" src=\"http:\/\/lignesauto.fr\/wp-content\/uploads\/2018\/12\/LIGNESKABAN00-300x200.jpg\" alt=\"\" width=\"850\" height=\"566\" srcset=\"https:\/\/lignesauto.fr\/wp-content\/uploads\/2018\/12\/LIGNESKABAN00-300x200.jpg 300w, https:\/\/lignesauto.fr\/wp-content\/uploads\/2018\/12\/LIGNESKABAN00-768x512.jpg 768w, https:\/\/lignesauto.fr\/wp-content\/uploads\/2018\/12\/LIGNESKABAN00-370x247.jpg 370w, https:\/\/lignesauto.fr\/wp-content\/uploads\/2018\/12\/LIGNESKABAN00.jpg 992w\" sizes=\"(max-width: 850px) 100vw, 850px\" \/><\/a><\/p>\n<p>Apr\u00e8s avoir \u0153uvr\u00e9 \u00e0 la naissance de la Bugatti Veyron puis \u00e0 celle, plus \u00ab\u00a0industrielle\u00a0\u00bb, de la marque Skoda, Jozef Kaban trouverait une vraie l\u00e9gitimit\u00e9 \u00e0 propulser BMW au sommet de l\u2019offre automobile en concevant une h\u00e9riti\u00e8re aux BMW Turbo <strong>(ci-dessus)<\/strong> de Paul Bracq et autre BMW M1 de Giugiaro.<\/p>\n<p><a href=\"http:\/\/lignesauto.fr\/wp-content\/uploads\/2018\/10\/LOGOActus_BD.jpg\"><img loading=\"lazy\" decoding=\"async\" class=\"alignnone size-medium wp-image-4921\" src=\"http:\/\/lignesauto.fr\/wp-content\/uploads\/2018\/10\/LOGOActus_BD-300x108.jpg\" alt=\"\" width=\"300\" height=\"108\" srcset=\"https:\/\/lignesauto.fr\/wp-content\/uploads\/2018\/10\/LOGOActus_BD-300x108.jpg 300w, https:\/\/lignesauto.fr\/wp-content\/uploads\/2018\/10\/LOGOActus_BD-768x276.jpg 768w, https:\/\/lignesauto.fr\/wp-content\/uploads\/2018\/10\/LOGOActus_BD-1024x367.jpg 1024w, https:\/\/lignesauto.fr\/wp-content\/uploads\/2018\/10\/LOGOActus_BD-370x133.jpg 370w, https:\/\/lignesauto.fr\/wp-content\/uploads\/2018\/10\/LOGOActus_BD-1040x373.jpg 1040w, https:\/\/lignesauto.fr\/wp-content\/uploads\/2018\/10\/LOGOActus_BD.jpg 1240w\" sizes=\"(max-width: 300px) 100vw, 300px\" \/><\/a><\/p>\n","protected":false},"excerpt":{"rendered":"<p>Le 8 f\u00e9vrier 2017, voici bient\u00f4t deux ans, BMW a restructur\u00e9 son \u00e9quipe de designers suite au d\u00e9part surprise de son responsable de design BMW, Karim Habib aujourd\u2019hui patron du design Infiniti. Cette restructuration est all\u00e9e plus loin que le seul remaniement \u00e0 la t\u00eate du design de la marque [&hellip;]<\/p>\n","protected":false},"author":1,"featured_media":6146,"comment_status":"open","ping_status":"open","sticky":false,"template":"","format":"standard","meta":{"footnotes":""},"categories":[1],"tags":[],"_links":{"self":[{"href":"https:\/\/lignesauto.fr\/index.php?rest_route=\/wp\/v2\/posts\/6144"}],"collection":[{"href":"https:\/\/lignesauto.fr\/index.php?rest_route=\/wp\/v2\/posts"}],"about":[{"href":"https:\/\/lignesauto.fr\/index.php?rest_route=\/wp\/v2\/types\/post"}],"author":[{"embeddable":true,"href":"https:\/\/lignesauto.fr\/index.php?rest_route=\/wp\/v2\/users\/1"}],"replies":[{"embeddable":true,"href":"https:\/\/lignesauto.fr\/index.php?rest_route=%2Fwp%2Fv2%2Fcomments&post=6144"}],"version-history":[{"count":4,"href":"https:\/\/lignesauto.fr\/index.php?rest_route=\/wp\/v2\/posts\/6144\/revisions"}],"predecessor-version":[{"id":6156,"href":"https:\/\/lignesauto.fr\/index.php?rest_route=\/wp\/v2\/posts\/6144\/revisions\/6156"}],"wp:featuredmedia":[{"embeddable":true,"href":"https:\/\/lignesauto.fr\/index.php?rest_route=\/wp\/v2\/media\/6146"}],"wp:attachment":[{"href":"https:\/\/lignesauto.fr\/index.php?rest_route=%2Fwp%2Fv2%2Fmedia&parent=6144"}],"wp:term":[{"taxonomy":"category","embeddable":true,"href":"https:\/\/lignesauto.fr\/index.php?rest_route=%2Fwp%2Fv2%2Fcategories&post=6144"},{"taxonomy":"post_tag","embeddable":true,"href":"https:\/\/lignesauto.fr\/index.php?rest_route=%2Fwp%2Fv2%2Ftags&post=6144"}],"curies":[{"name":"wp","href":"https:\/\/api.w.org\/{rel}","templated":true}]}}