{"id":6394,"date":"2018-12-25T18:02:36","date_gmt":"2018-12-25T17:02:36","guid":{"rendered":"http:\/\/lignesauto.fr\/?p=6394"},"modified":"2019-06-05T14:54:11","modified_gmt":"2019-06-05T12:54:11","slug":"jacques-seguela-reprend-du-service-chez-citroen","status":"publish","type":"post","link":"https:\/\/lignesauto.fr\/?p=6394","title":{"rendered":"Jacques S\u00e9gu\u00e9la reprend du service chez Citro\u00ebn !"},"content":{"rendered":"<p><a href=\"http:\/\/lignesauto.fr\/wp-content\/uploads\/2018\/10\/LOGOActus_BD.jpg\"><img loading=\"lazy\" decoding=\"async\" class=\"alignnone size-medium wp-image-4921\" src=\"http:\/\/lignesauto.fr\/wp-content\/uploads\/2018\/10\/LOGOActus_BD-300x108.jpg\" alt=\"\" width=\"300\" height=\"108\" srcset=\"https:\/\/lignesauto.fr\/wp-content\/uploads\/2018\/10\/LOGOActus_BD-300x108.jpg 300w, https:\/\/lignesauto.fr\/wp-content\/uploads\/2018\/10\/LOGOActus_BD-768x276.jpg 768w, https:\/\/lignesauto.fr\/wp-content\/uploads\/2018\/10\/LOGOActus_BD-1024x367.jpg 1024w, https:\/\/lignesauto.fr\/wp-content\/uploads\/2018\/10\/LOGOActus_BD-370x133.jpg 370w, https:\/\/lignesauto.fr\/wp-content\/uploads\/2018\/10\/LOGOActus_BD-1040x373.jpg 1040w, https:\/\/lignesauto.fr\/wp-content\/uploads\/2018\/10\/LOGOActus_BD.jpg 1240w\" sizes=\"(max-width: 300px) 100vw, 300px\" \/><\/a><\/p>\n<p><a href=\"http:\/\/lignesauto.fr\/wp-content\/uploads\/2018\/12\/CITROEN_CAMPAGNE_DE_MARQUE_2019_JACQUES_SEGUELA.png\"><img loading=\"lazy\" decoding=\"async\" class=\"alignnone wp-image-6398 size-large\" src=\"http:\/\/lignesauto.fr\/wp-content\/uploads\/2018\/12\/CITROEN_CAMPAGNE_DE_MARQUE_2019_JACQUES_SEGUELA-1024x576.png\" alt=\"\" width=\"1024\" height=\"576\" srcset=\"https:\/\/lignesauto.fr\/wp-content\/uploads\/2018\/12\/CITROEN_CAMPAGNE_DE_MARQUE_2019_JACQUES_SEGUELA-1024x576.png 1024w, https:\/\/lignesauto.fr\/wp-content\/uploads\/2018\/12\/CITROEN_CAMPAGNE_DE_MARQUE_2019_JACQUES_SEGUELA-300x169.png 300w, https:\/\/lignesauto.fr\/wp-content\/uploads\/2018\/12\/CITROEN_CAMPAGNE_DE_MARQUE_2019_JACQUES_SEGUELA-768x432.png 768w, https:\/\/lignesauto.fr\/wp-content\/uploads\/2018\/12\/CITROEN_CAMPAGNE_DE_MARQUE_2019_JACQUES_SEGUELA-370x208.png 370w, https:\/\/lignesauto.fr\/wp-content\/uploads\/2018\/12\/CITROEN_CAMPAGNE_DE_MARQUE_2019_JACQUES_SEGUELA-1040x585.png 1040w, https:\/\/lignesauto.fr\/wp-content\/uploads\/2018\/12\/CITROEN_CAMPAGNE_DE_MARQUE_2019_JACQUES_SEGUELA.png 1276w\" sizes=\"(max-width: 1024px) 100vw, 1024px\" \/><\/a><\/p>\n<p>Citro\u00ebn revient avec une nouvelle version du film destin\u00e9 \u00e0 promouvoir la &#8220;Marque&#8221;. A l&#8217;occasion du centenaire, ce film prend de l&#8217;ampleur (2 minutes 27&#8242;).<br \/>\nCet \u00e9pisode 2 remet en sc\u00e8ne l\u2019auto-stoppeur dans des s\u00e9quences in\u00e9dites\u00a0avec la pr\u00e9sence de personnalit\u00e9s : on d\u00e9couvre ainsi Jacques\u00a0S\u00e9gu\u00e9la\u00a0confortablement install\u00e9 dans une DS Pallas dans les ann\u00e9es 1970 (car, OUI, Citro\u00ebn peut \u00e9voquer la DS pour ses 100 ans&#8230;).<\/p>\n<p><a href=\"http:\/\/lignesauto.fr\/wp-content\/uploads\/2018\/12\/CITROEN_CAMPAGNE_DE_MARQUE_2019_DS.jpg\"><img loading=\"lazy\" decoding=\"async\" class=\"alignnone wp-image-6395 size-large\" src=\"http:\/\/lignesauto.fr\/wp-content\/uploads\/2018\/12\/CITROEN_CAMPAGNE_DE_MARQUE_2019_DS-1024x576.jpg\" alt=\"\" width=\"1024\" height=\"576\" srcset=\"https:\/\/lignesauto.fr\/wp-content\/uploads\/2018\/12\/CITROEN_CAMPAGNE_DE_MARQUE_2019_DS-1024x576.jpg 1024w, https:\/\/lignesauto.fr\/wp-content\/uploads\/2018\/12\/CITROEN_CAMPAGNE_DE_MARQUE_2019_DS-300x169.jpg 300w, https:\/\/lignesauto.fr\/wp-content\/uploads\/2018\/12\/CITROEN_CAMPAGNE_DE_MARQUE_2019_DS-768x432.jpg 768w, https:\/\/lignesauto.fr\/wp-content\/uploads\/2018\/12\/CITROEN_CAMPAGNE_DE_MARQUE_2019_DS-370x208.jpg 370w, https:\/\/lignesauto.fr\/wp-content\/uploads\/2018\/12\/CITROEN_CAMPAGNE_DE_MARQUE_2019_DS-1040x585.jpg 1040w, https:\/\/lignesauto.fr\/wp-content\/uploads\/2018\/12\/CITROEN_CAMPAGNE_DE_MARQUE_2019_DS.jpg 1276w\" sizes=\"(max-width: 1024px) 100vw, 1024px\" \/><\/a><\/p>\n<p>Le c\u00e9l\u00e8bre publicitaire est l\u2019architecte des campagnes Citro\u00ebn des ann\u00e9es 1980 (Chevrons Sauvages, AX sur la Muraille de Chine, Visa GTi sur le porte-avions Cl\u00e9menceau, CX avec Grace Jones, etc.) et l\u2019inventeur de la publicit\u00e9 spectacle, comme Andr\u00e9 Citro\u00ebn lui-m\u00eame en avait le g\u00e9nie. Tout jeune, il avait parcouru le monde au volant d&#8217;une 2 CV.<\/p>\n<p><a href=\"http:\/\/lignesauto.fr\/wp-content\/uploads\/2018\/12\/lignesjs.jpg\"><img loading=\"lazy\" decoding=\"async\" class=\"alignnone wp-image-6401 size-full\" src=\"http:\/\/lignesauto.fr\/wp-content\/uploads\/2018\/12\/lignesjs.jpg\" alt=\"\" width=\"579\" height=\"518\" srcset=\"https:\/\/lignesauto.fr\/wp-content\/uploads\/2018\/12\/lignesjs.jpg 579w, https:\/\/lignesauto.fr\/wp-content\/uploads\/2018\/12\/lignesjs-300x268.jpg 300w, https:\/\/lignesauto.fr\/wp-content\/uploads\/2018\/12\/lignesjs-370x331.jpg 370w\" sizes=\"(max-width: 579px) 100vw, 579px\" \/><\/a><\/p>\n<p><em>Jacques S\u00e9gu\u00e9la et Jean-Claude Baudot avec &#8220;leur&#8221; 2CV pour parcourir le monde<\/em><\/p>\n<p>On d\u00e9couvre aussi\u00a0S\u00e9bastien Loeb au volant de la C4 WRC. Image \u00e9tonnante puisque le pilote neuf fois champion du monde des Rallyes vient de signer chez&#8230; Hyundai !<br \/>\nLe film se poursuit avec un voyage \u00e0 bord du dernier C5 Aircross qui fait ainsi sa premi\u00e8re apparition en publicit\u00e9, quelques jours avant la diffusion de la v\u00e9ritable campagne d\u00e9di\u00e9e \u00e0 ce seul v\u00e9hicule.<\/p>\n<p><a href=\"http:\/\/lignesauto.fr\/wp-content\/uploads\/2018\/12\/CITROEN_CAMPAGNE_DE_MARQUE_2019_SEBASTIEN_LOEB.png\"><img loading=\"lazy\" decoding=\"async\" class=\"alignnone wp-image-6400 size-large\" src=\"http:\/\/lignesauto.fr\/wp-content\/uploads\/2018\/12\/CITROEN_CAMPAGNE_DE_MARQUE_2019_SEBASTIEN_LOEB-1024x578.png\" alt=\"\" width=\"1024\" height=\"578\" srcset=\"https:\/\/lignesauto.fr\/wp-content\/uploads\/2018\/12\/CITROEN_CAMPAGNE_DE_MARQUE_2019_SEBASTIEN_LOEB-1024x578.png 1024w, https:\/\/lignesauto.fr\/wp-content\/uploads\/2018\/12\/CITROEN_CAMPAGNE_DE_MARQUE_2019_SEBASTIEN_LOEB-300x169.png 300w, https:\/\/lignesauto.fr\/wp-content\/uploads\/2018\/12\/CITROEN_CAMPAGNE_DE_MARQUE_2019_SEBASTIEN_LOEB-768x433.png 768w, https:\/\/lignesauto.fr\/wp-content\/uploads\/2018\/12\/CITROEN_CAMPAGNE_DE_MARQUE_2019_SEBASTIEN_LOEB-370x209.png 370w, https:\/\/lignesauto.fr\/wp-content\/uploads\/2018\/12\/CITROEN_CAMPAGNE_DE_MARQUE_2019_SEBASTIEN_LOEB-1040x587.png 1040w, https:\/\/lignesauto.fr\/wp-content\/uploads\/2018\/12\/CITROEN_CAMPAGNE_DE_MARQUE_2019_SEBASTIEN_LOEB.png 1276w\" sizes=\"(max-width: 1024px) 100vw, 1024px\" \/><\/a><\/p>\n<p>Citro\u00ebn nous dit que ce film <em>&#8220;est une v\u00e9ritable ode \u00e0 la libert\u00e9 et illustre l\u2019histoire de Citro\u00ebn d\u00e9but\u00e9e en 1919\u00a0: &#8221;\u00a0Nous partageons le m\u00eame amour de la libert\u00e9 depuis 100 ans &#8220;.<\/em> Personnellement, l&#8217;accompagnement musical me plait puisqu&#8217;il s&#8217;agit\u00a0de &#8221;\u00a0Take the long way home\u00a0&#8220;, interpr\u00e9t\u00e9 par Roger Hodgson, co-fondateur de Supertramp. Si le prochain film, \u00e9pisode 3, repose sur une musique de Pink Floyd, je serais ravi \ud83d\ude42<\/p>\n<p><a href=\"http:\/\/lignesauto.fr\/wp-content\/uploads\/2018\/12\/CITROEN_CAMPAGNE_DE_MARQUE_2019_HITCHHIKER-YOUNG.jpg\"><img loading=\"lazy\" decoding=\"async\" class=\"alignnone wp-image-6397 size-large\" src=\"http:\/\/lignesauto.fr\/wp-content\/uploads\/2018\/12\/CITROEN_CAMPAGNE_DE_MARQUE_2019_HITCHHIKER-YOUNG-1024x576.jpg\" alt=\"\" width=\"1024\" height=\"576\" srcset=\"https:\/\/lignesauto.fr\/wp-content\/uploads\/2018\/12\/CITROEN_CAMPAGNE_DE_MARQUE_2019_HITCHHIKER-YOUNG-1024x576.jpg 1024w, https:\/\/lignesauto.fr\/wp-content\/uploads\/2018\/12\/CITROEN_CAMPAGNE_DE_MARQUE_2019_HITCHHIKER-YOUNG-300x169.jpg 300w, https:\/\/lignesauto.fr\/wp-content\/uploads\/2018\/12\/CITROEN_CAMPAGNE_DE_MARQUE_2019_HITCHHIKER-YOUNG-768x432.jpg 768w, https:\/\/lignesauto.fr\/wp-content\/uploads\/2018\/12\/CITROEN_CAMPAGNE_DE_MARQUE_2019_HITCHHIKER-YOUNG-370x208.jpg 370w, https:\/\/lignesauto.fr\/wp-content\/uploads\/2018\/12\/CITROEN_CAMPAGNE_DE_MARQUE_2019_HITCHHIKER-YOUNG-1040x585.jpg 1040w, https:\/\/lignesauto.fr\/wp-content\/uploads\/2018\/12\/CITROEN_CAMPAGNE_DE_MARQUE_2019_HITCHHIKER-YOUNG.jpg 1276w\" sizes=\"(max-width: 1024px) 100vw, 1024px\" \/><\/a><\/p>\n<p>Pour lancer l\u2019ann\u00e9e de son centenaire et f\u00eater la nouvelle ann\u00e9e, Citro\u00ebn va diffuser sur les r\u00e9seaux sociaux la version de 2\u201926 minutes.<br \/>\nSeront \u00e9galement diffus\u00e9es deux versions plus courtes en 30 et 45 secondes, en t\u00e9l\u00e9vision du 30 d\u00e9cembre 2018 au 2 janvier 2019 en France.<br \/>\nUne bonne mani\u00e8re de lancer l\u2019ann\u00e9e du centenaire de Citro\u00ebn, qui r\u00e9servera de nombreuses surprises\u2026<\/p>\n<p><strong>LE FILM EST A VOIR ICI :<\/strong><\/p>\n<p>https:\/\/www.youtube.com\/watch?v=PSfN7d6eI3k&#038;feature=youtu.be<\/p>\n<p>&nbsp;<\/p>\n<p>&nbsp;<\/p>\n<p>&nbsp;<\/p>\n","protected":false},"excerpt":{"rendered":"<p>Citro\u00ebn revient avec une nouvelle version du film destin\u00e9 \u00e0 promouvoir la &#8220;Marque&#8221;. A l&#8217;occasion du centenaire, ce film prend de l&#8217;ampleur (2 minutes 27&#8242;). Cet \u00e9pisode 2 remet en sc\u00e8ne l\u2019auto-stoppeur dans des s\u00e9quences in\u00e9dites\u00a0avec la pr\u00e9sence de personnalit\u00e9s : on d\u00e9couvre ainsi Jacques\u00a0S\u00e9gu\u00e9la\u00a0confortablement install\u00e9 dans une DS Pallas [&hellip;]<\/p>\n","protected":false},"author":1,"featured_media":6401,"comment_status":"open","ping_status":"open","sticky":false,"template":"","format":"standard","meta":{"footnotes":""},"categories":[1],"tags":[],"_links":{"self":[{"href":"https:\/\/lignesauto.fr\/index.php?rest_route=\/wp\/v2\/posts\/6394"}],"collection":[{"href":"https:\/\/lignesauto.fr\/index.php?rest_route=\/wp\/v2\/posts"}],"about":[{"href":"https:\/\/lignesauto.fr\/index.php?rest_route=\/wp\/v2\/types\/post"}],"author":[{"embeddable":true,"href":"https:\/\/lignesauto.fr\/index.php?rest_route=\/wp\/v2\/users\/1"}],"replies":[{"embeddable":true,"href":"https:\/\/lignesauto.fr\/index.php?rest_route=%2Fwp%2Fv2%2Fcomments&post=6394"}],"version-history":[{"count":8,"href":"https:\/\/lignesauto.fr\/index.php?rest_route=\/wp\/v2\/posts\/6394\/revisions"}],"predecessor-version":[{"id":10497,"href":"https:\/\/lignesauto.fr\/index.php?rest_route=\/wp\/v2\/posts\/6394\/revisions\/10497"}],"wp:featuredmedia":[{"embeddable":true,"href":"https:\/\/lignesauto.fr\/index.php?rest_route=\/wp\/v2\/media\/6401"}],"wp:attachment":[{"href":"https:\/\/lignesauto.fr\/index.php?rest_route=%2Fwp%2Fv2%2Fmedia&parent=6394"}],"wp:term":[{"taxonomy":"category","embeddable":true,"href":"https:\/\/lignesauto.fr\/index.php?rest_route=%2Fwp%2Fv2%2Fcategories&post=6394"},{"taxonomy":"post_tag","embeddable":true,"href":"https:\/\/lignesauto.fr\/index.php?rest_route=%2Fwp%2Fv2%2Ftags&post=6394"}],"curies":[{"name":"wp","href":"https:\/\/api.w.org\/{rel}","templated":true}]}}