{"id":6726,"date":"2019-01-23T07:07:23","date_gmt":"2019-01-23T06:07:23","guid":{"rendered":"http:\/\/lignesauto.fr\/?p=6726"},"modified":"2019-01-24T09:52:54","modified_gmt":"2019-01-24T08:52:54","slug":"a-portrait-of-db-la-sculpture-automobile-en-hommage-a-david-bowie-premiere-partie-takumi-yamamoto","status":"publish","type":"post","link":"https:\/\/lignesauto.fr\/?p=6726","title":{"rendered":"&#8220;A portrait of db&#8221; : la sculpture automobile en hommage \u00e0 David Bowie (premi\u00e8re partie &#8211; Takumi Yamamoto)"},"content":{"rendered":"<p><a href=\"http:\/\/lignesauto.fr\/wp-content\/uploads\/2018\/10\/LOGOActus_BD.jpg\"><img loading=\"lazy\" decoding=\"async\" class=\"alignnone size-medium wp-image-4921\" src=\"http:\/\/lignesauto.fr\/wp-content\/uploads\/2018\/10\/LOGOActus_BD-300x108.jpg\" alt=\"\" width=\"300\" height=\"108\" srcset=\"https:\/\/lignesauto.fr\/wp-content\/uploads\/2018\/10\/LOGOActus_BD-300x108.jpg 300w, https:\/\/lignesauto.fr\/wp-content\/uploads\/2018\/10\/LOGOActus_BD-768x276.jpg 768w, https:\/\/lignesauto.fr\/wp-content\/uploads\/2018\/10\/LOGOActus_BD-1024x367.jpg 1024w, https:\/\/lignesauto.fr\/wp-content\/uploads\/2018\/10\/LOGOActus_BD-370x133.jpg 370w, https:\/\/lignesauto.fr\/wp-content\/uploads\/2018\/10\/LOGOActus_BD-1040x373.jpg 1040w, https:\/\/lignesauto.fr\/wp-content\/uploads\/2018\/10\/LOGOActus_BD.jpg 1240w\" sizes=\"(max-width: 300px) 100vw, 300px\" \/><\/a><\/p>\n<p>Pour d\u00e9buter cette ann\u00e9e 2019 que l&#8217;\u00e9quipe de LIGNES\/auto vous souhaite la plus agr\u00e9able possible, voici la gen\u00e8se du concept-car<em> &#8220;A portrait of db&#8221;<\/em>, une voiture (plut\u00f4t, une sculpture) imagin\u00e9e et dessin\u00e9e par Takumi Yamamoto, mise en volumes par Cyrille Ancely, magnifi\u00e9e par les illustrations d&#8217;Alexandre Larnac et pouss\u00e9e \u00e0 l&#8217;\u00e9chelle 1 gr\u00e2ce \u00e0 Marie 3D et l&#8217;outillage ultra-perfectionn\u00e9 &#8220;Massivit 3D&#8221; et, \u00e0 venir, les photos du mod\u00e8le expos\u00e9 \u00e0 Paris par Mathieu Boimare (voir &#8220;post&#8221; \u00e0 suivre).<\/p>\n<p><a href=\"http:\/\/lignesauto.fr\/wp-content\/uploads\/2019\/01\/LIGNESDB107.jpg\"><img loading=\"lazy\" decoding=\"async\" class=\"alignnone wp-image-6734\" src=\"http:\/\/lignesauto.fr\/wp-content\/uploads\/2019\/01\/LIGNESDB107-300x215.jpg\" alt=\"\" width=\"875\" height=\"627\" srcset=\"https:\/\/lignesauto.fr\/wp-content\/uploads\/2019\/01\/LIGNESDB107-300x215.jpg 300w, https:\/\/lignesauto.fr\/wp-content\/uploads\/2019\/01\/LIGNESDB107-768x550.jpg 768w, https:\/\/lignesauto.fr\/wp-content\/uploads\/2019\/01\/LIGNESDB107-1024x733.jpg 1024w, https:\/\/lignesauto.fr\/wp-content\/uploads\/2019\/01\/LIGNESDB107-370x265.jpg 370w, https:\/\/lignesauto.fr\/wp-content\/uploads\/2019\/01\/LIGNESDB107-1040x745.jpg 1040w\" sizes=\"(max-width: 875px) 100vw, 875px\" \/><\/a><\/p>\n<p>Takumi Yamamoto : ce nom s&#8217;\u00e9nonce comme une mitraillette cracherait ses balles et comme cette derni\u00e8re, Takumi n&#8217;arr\u00eate pas de cr\u00e9er, sans cesse, tel un rouleau compresseur qui laisse derri\u00e8re lui des centaines de croquis et tout autant de belles id\u00e9es. Et de beaux concepts. Depuis plus de vingt ans, soit la moiti\u00e9 de sa vie de designer, Takumi r\u00eave de dessiner une voiture pour David Bowie. Et lorsqu&#8217;il se met enfin \u00e0 l&#8217;ouvrage, la l\u00e9gende Bowie s&#8217;\u00e9teint en janvier 2016, deux jours apr\u00e8s la sortie de son ultime album &#8220;Back Star&#8221;. Takumi change alors la destin\u00e9e de son projet : ce ne sera plus une simple voiture, mais une sculpture hommage \u00e0 son idole. L&#8217;une des premi\u00e8res illustrations 3D d&#8217;Alexandre Larnac affiche \u00e9videmment le label &#8220;Black Star&#8221; (ci-dessous)<\/p>\n<p><a href=\"http:\/\/lignesauto.fr\/wp-content\/uploads\/2019\/01\/Render-Blackstar-02.jpg\"><img loading=\"lazy\" decoding=\"async\" class=\"alignnone wp-image-6770\" src=\"http:\/\/lignesauto.fr\/wp-content\/uploads\/2019\/01\/Render-Blackstar-02-300x188.jpg\" alt=\"\" width=\"875\" height=\"547\" srcset=\"https:\/\/lignesauto.fr\/wp-content\/uploads\/2019\/01\/Render-Blackstar-02-300x188.jpg 300w, https:\/\/lignesauto.fr\/wp-content\/uploads\/2019\/01\/Render-Blackstar-02-768x480.jpg 768w, https:\/\/lignesauto.fr\/wp-content\/uploads\/2019\/01\/Render-Blackstar-02-1024x640.jpg 1024w, https:\/\/lignesauto.fr\/wp-content\/uploads\/2019\/01\/Render-Blackstar-02-370x231.jpg 370w, https:\/\/lignesauto.fr\/wp-content\/uploads\/2019\/01\/Render-Blackstar-02-1040x650.jpg 1040w, https:\/\/lignesauto.fr\/wp-content\/uploads\/2019\/01\/Render-Blackstar-02.jpg 1417w\" sizes=\"(max-width: 875px) 100vw, 875px\" \/><\/a><\/p>\n<p>Le designer japonais a d\u00e9but\u00e9 sa carri\u00e8re de designer en France, \u00e0 Carri\u00e8res-sous-Poissy chez PSA en 2001, avant de rejoindre le centre de design Citro\u00ebn en 2006.<br \/>\nIl le quittera en 2012, non sans avoir cr\u00e9\u00e9 le style ext\u00e9rieur de la tr\u00e8s fameuse GTbyCitro\u00ebn en 2008, ci-dessous avec Gilles Vidal, avant que ce dernier ne prenne la direction du design Peugeot.<\/p>\n<p><a href=\"http:\/\/lignesauto.fr\/wp-content\/uploads\/2019\/01\/LIGNESTAKUMI04.jpg\"><img loading=\"lazy\" decoding=\"async\" class=\"alignnone wp-image-6754\" src=\"http:\/\/lignesauto.fr\/wp-content\/uploads\/2019\/01\/LIGNESTAKUMI04-300x200.jpg\" alt=\"\" width=\"875\" height=\"582\" srcset=\"https:\/\/lignesauto.fr\/wp-content\/uploads\/2019\/01\/LIGNESTAKUMI04-300x200.jpg 300w, https:\/\/lignesauto.fr\/wp-content\/uploads\/2019\/01\/LIGNESTAKUMI04-370x246.jpg 370w, https:\/\/lignesauto.fr\/wp-content\/uploads\/2019\/01\/LIGNESTAKUMI04.jpg 610w\" sizes=\"(max-width: 875px) 100vw, 875px\" \/><\/a><\/p>\n<p>Depuis, Takumi est all\u00e9 se faire plaisir en tant que directeur design du studio europ\u00e9en de Polyphony Digital (oui, les jeux et notamment Gran Turismo !) et a cr\u00e9\u00e9 sa propre structure ind\u00e9pendante en 2017.<\/p>\n<p><a href=\"http:\/\/lignesauto.fr\/wp-content\/uploads\/2019\/01\/LIGNESTAKUMI09.jpg\"><img loading=\"lazy\" decoding=\"async\" class=\"alignnone wp-image-6664 size-large\" src=\"http:\/\/lignesauto.fr\/wp-content\/uploads\/2019\/01\/LIGNESTAKUMI09-683x1024.jpg\" alt=\"\" width=\"683\" height=\"1024\" srcset=\"https:\/\/lignesauto.fr\/wp-content\/uploads\/2019\/01\/LIGNESTAKUMI09-683x1024.jpg 683w, https:\/\/lignesauto.fr\/wp-content\/uploads\/2019\/01\/LIGNESTAKUMI09-200x300.jpg 200w, https:\/\/lignesauto.fr\/wp-content\/uploads\/2019\/01\/LIGNESTAKUMI09-768x1152.jpg 768w, https:\/\/lignesauto.fr\/wp-content\/uploads\/2019\/01\/LIGNESTAKUMI09-370x555.jpg 370w, https:\/\/lignesauto.fr\/wp-content\/uploads\/2019\/01\/LIGNESTAKUMI09-1040x1560.jpg 1040w, https:\/\/lignesauto.fr\/wp-content\/uploads\/2019\/01\/LIGNESTAKUMI09.jpg 1365w\" sizes=\"(max-width: 683px) 100vw, 683px\" \/><\/a><\/p>\n<p>Fan de David Bowie (ci-dessus), il lui a rendu hommage en dessinant <em>&#8220;A portrait of db&#8221;<\/em> que nous allons vous d\u00e9voiler sur ce site, tout en indiquant qu&#8217;il n&#8217;a cess\u00e9 de trouver l&#8217;inspiration en \u00e9coutant l&#8217;artiste depuis son plus jeune \u00e2ge.<br \/>\nCi-dessous, les premi\u00e8res esquisses inspir\u00e9es par le compositeur-interpr\u00e8te-acteur anglais qui datent d&#8217;une douzaine ann\u00e9es !<\/p>\n<p><a href=\"http:\/\/lignesauto.fr\/wp-content\/uploads\/2019\/01\/LIGNESDB101.jpg\"><img loading=\"lazy\" decoding=\"async\" class=\"alignnone wp-image-6729\" src=\"http:\/\/lignesauto.fr\/wp-content\/uploads\/2019\/01\/LIGNESDB101-300x169.jpg\" alt=\"\" width=\"875\" height=\"492\" srcset=\"https:\/\/lignesauto.fr\/wp-content\/uploads\/2019\/01\/LIGNESDB101-300x169.jpg 300w, https:\/\/lignesauto.fr\/wp-content\/uploads\/2019\/01\/LIGNESDB101-768x432.jpg 768w, https:\/\/lignesauto.fr\/wp-content\/uploads\/2019\/01\/LIGNESDB101-1024x576.jpg 1024w, https:\/\/lignesauto.fr\/wp-content\/uploads\/2019\/01\/LIGNESDB101-370x208.jpg 370w, https:\/\/lignesauto.fr\/wp-content\/uploads\/2019\/01\/LIGNESDB101-1040x585.jpg 1040w, https:\/\/lignesauto.fr\/wp-content\/uploads\/2019\/01\/LIGNESDB101.jpg 1400w\" sizes=\"(max-width: 875px) 100vw, 875px\" \/><\/a><\/p>\n<p>Takumi Yamamoto est donc ind\u00e9pendant et sa maquette <em>&#8220;A portrait of db&#8221;<\/em> qui sera d\u00e9voil\u00e9e au Festival Automobile International (du 29 janvier au 2 f\u00e9vrier 2019 : \u00a0<a href=\"http:\/\/festivalautomobile.com\/lexposition-concept-car\/la-fashion-week-de-lautomobile\/\">http:\/\/festivalautomobile.com\/lexposition-concept-car\/la-fashion-week-de-lautomobile\/<\/a> \u00e0 Paris), lui servira sans aucun doute de tremplin amplement, m\u00e9rit\u00e9 !<br \/>\nTakumi a mille autres projets en t\u00eate dont certains directement li\u00e9s \u00e0 l&#8217;automobile et plut\u00f4t dans l&#8217;univers des supercars.<br \/>\nN&#8217;h\u00e9sitez pas \u00e0\u00a0visiter son site :\u00a0<a href=\"http:\/\/takumiyamamoto.com\">http:\/\/takumiyamamoto.com<\/a><\/p>\n<p><em><strong>A suivre dans la seconde partie de &#8220;A portrait of db&#8221;, l&#8217;interview de Cyrille Ancely.<br \/>\nSi Takumi est l&#8217;homme de la 2D, cr\u00e9ateur du design de &#8220;A portrait of db&#8221;, Cyrille est celui qui l&#8217;a port\u00e9 en 3D. Il nous expliquera comment&#8230;<\/strong><\/em><\/p>\n<p>Voir \u00e9galement :\u00a0<a href=\"https:\/\/www.facebook.com\/portraitdb\/videos\/591640027944402\/\">https:\/\/www.facebook.com\/portraitdb\/videos\/591640027944402\/<\/a><\/p>\n<p><a href=\"http:\/\/lignesauto.fr\/wp-content\/uploads\/2018\/10\/LOGOActus_BD.jpg\"><img loading=\"lazy\" decoding=\"async\" class=\"alignnone size-medium wp-image-4921\" src=\"http:\/\/lignesauto.fr\/wp-content\/uploads\/2018\/10\/LOGOActus_BD-300x108.jpg\" alt=\"\" width=\"300\" height=\"108\" srcset=\"https:\/\/lignesauto.fr\/wp-content\/uploads\/2018\/10\/LOGOActus_BD-300x108.jpg 300w, https:\/\/lignesauto.fr\/wp-content\/uploads\/2018\/10\/LOGOActus_BD-768x276.jpg 768w, https:\/\/lignesauto.fr\/wp-content\/uploads\/2018\/10\/LOGOActus_BD-1024x367.jpg 1024w, https:\/\/lignesauto.fr\/wp-content\/uploads\/2018\/10\/LOGOActus_BD-370x133.jpg 370w, https:\/\/lignesauto.fr\/wp-content\/uploads\/2018\/10\/LOGOActus_BD-1040x373.jpg 1040w, https:\/\/lignesauto.fr\/wp-content\/uploads\/2018\/10\/LOGOActus_BD.jpg 1240w\" sizes=\"(max-width: 300px) 100vw, 300px\" \/><\/a><\/p>\n","protected":false},"excerpt":{"rendered":"<p>Pour d\u00e9buter cette ann\u00e9e 2019 que l&#8217;\u00e9quipe de LIGNES\/auto vous souhaite la plus agr\u00e9able possible, voici la gen\u00e8se du concept-car &#8220;A portrait of db&#8221;, une voiture (plut\u00f4t, une sculpture) imagin\u00e9e et dessin\u00e9e par Takumi Yamamoto, mise en volumes par Cyrille Ancely, magnifi\u00e9e par les illustrations d&#8217;Alexandre Larnac et pouss\u00e9e \u00e0 [&hellip;]<\/p>\n","protected":false},"author":1,"featured_media":6733,"comment_status":"open","ping_status":"open","sticky":false,"template":"","format":"standard","meta":{"footnotes":""},"categories":[1],"tags":[],"_links":{"self":[{"href":"https:\/\/lignesauto.fr\/index.php?rest_route=\/wp\/v2\/posts\/6726"}],"collection":[{"href":"https:\/\/lignesauto.fr\/index.php?rest_route=\/wp\/v2\/posts"}],"about":[{"href":"https:\/\/lignesauto.fr\/index.php?rest_route=\/wp\/v2\/types\/post"}],"author":[{"embeddable":true,"href":"https:\/\/lignesauto.fr\/index.php?rest_route=\/wp\/v2\/users\/1"}],"replies":[{"embeddable":true,"href":"https:\/\/lignesauto.fr\/index.php?rest_route=%2Fwp%2Fv2%2Fcomments&post=6726"}],"version-history":[{"count":30,"href":"https:\/\/lignesauto.fr\/index.php?rest_route=\/wp\/v2\/posts\/6726\/revisions"}],"predecessor-version":[{"id":6948,"href":"https:\/\/lignesauto.fr\/index.php?rest_route=\/wp\/v2\/posts\/6726\/revisions\/6948"}],"wp:featuredmedia":[{"embeddable":true,"href":"https:\/\/lignesauto.fr\/index.php?rest_route=\/wp\/v2\/media\/6733"}],"wp:attachment":[{"href":"https:\/\/lignesauto.fr\/index.php?rest_route=%2Fwp%2Fv2%2Fmedia&parent=6726"}],"wp:term":[{"taxonomy":"category","embeddable":true,"href":"https:\/\/lignesauto.fr\/index.php?rest_route=%2Fwp%2Fv2%2Fcategories&post=6726"},{"taxonomy":"post_tag","embeddable":true,"href":"https:\/\/lignesauto.fr\/index.php?rest_route=%2Fwp%2Fv2%2Ftags&post=6726"}],"curies":[{"name":"wp","href":"https:\/\/api.w.org\/{rel}","templated":true}]}}