{"id":6963,"date":"2019-02-12T10:23:22","date_gmt":"2019-02-12T09:23:22","guid":{"rendered":"http:\/\/lignesauto.fr\/?p=6963"},"modified":"2019-02-13T08:45:53","modified_gmt":"2019-02-13T07:45:53","slug":"rgeneration-le-design-renault-decloisonne","status":"publish","type":"post","link":"https:\/\/lignesauto.fr\/?p=6963","title":{"rendered":"&#8220;R*Generation&#8221;, le design Renault d\u00e9cloisonn\u00e9"},"content":{"rendered":"<p><img loading=\"lazy\" decoding=\"async\" class=\"alignnone size-medium wp-image-4921\" src=\"http:\/\/lignesauto.fr\/wp-content\/uploads\/2018\/10\/LOGOActus_BD-300x108.jpg\" alt=\"\" width=\"300\" height=\"108\" srcset=\"https:\/\/lignesauto.fr\/wp-content\/uploads\/2018\/10\/LOGOActus_BD-300x108.jpg 300w, https:\/\/lignesauto.fr\/wp-content\/uploads\/2018\/10\/LOGOActus_BD-768x276.jpg 768w, https:\/\/lignesauto.fr\/wp-content\/uploads\/2018\/10\/LOGOActus_BD-1024x367.jpg 1024w, https:\/\/lignesauto.fr\/wp-content\/uploads\/2018\/10\/LOGOActus_BD-370x133.jpg 370w, https:\/\/lignesauto.fr\/wp-content\/uploads\/2018\/10\/LOGOActus_BD-1040x373.jpg 1040w, https:\/\/lignesauto.fr\/wp-content\/uploads\/2018\/10\/LOGOActus_BD.jpg 1240w\" sizes=\"(max-width: 300px) 100vw, 300px\" \/><\/p>\n<p>En compl\u00e9ment de l&#8217;interview de Laurens van Den Acker, directeur du Design Industriel de Renault (\u00a0<a href=\"http:\/\/lignesauto.fr\/?p=6880\">http:\/\/lignesauto.fr\/?p=6880<\/a>\u00a0) , nous vous proposons une visite du centre de design implant\u00e9 au Technocentre \u00e0 Guyancourt (proche de Versailles), un centre qui a consid\u00e9rablement \u00e9volu\u00e9 \u00e0 la mi-2017. D&#8217;un centre pr\u00e9c\u00e9demment assez cloisonn\u00e9, R*Generation a cass\u00e9 les murs pour plus de clart\u00e9, plus de coh\u00e9sion entre les diff\u00e9rents programmes en privil\u00e9giant les \u00e9changes entre tous les corps de m\u00e9tiers et toujours, plus de confidentialit\u00e9 malgr\u00e9 ce r\u00e9am\u00e9nagement.<\/p>\n<p><a href=\"http:\/\/lignesauto.fr\/wp-content\/uploads\/2019\/01\/LIGNESRGENERATION07.jpg\"><img loading=\"lazy\" decoding=\"async\" class=\"alignnone wp-image-7142 size-large\" src=\"http:\/\/lignesauto.fr\/wp-content\/uploads\/2019\/01\/LIGNESRGENERATION07-747x1024.jpg\" alt=\"\" width=\"747\" height=\"1024\" srcset=\"https:\/\/lignesauto.fr\/wp-content\/uploads\/2019\/01\/LIGNESRGENERATION07-747x1024.jpg 747w, https:\/\/lignesauto.fr\/wp-content\/uploads\/2019\/01\/LIGNESRGENERATION07-219x300.jpg 219w, https:\/\/lignesauto.fr\/wp-content\/uploads\/2019\/01\/LIGNESRGENERATION07-768x1053.jpg 768w, https:\/\/lignesauto.fr\/wp-content\/uploads\/2019\/01\/LIGNESRGENERATION07-370x507.jpg 370w, https:\/\/lignesauto.fr\/wp-content\/uploads\/2019\/01\/LIGNESRGENERATION07-1040x1426.jpg 1040w, https:\/\/lignesauto.fr\/wp-content\/uploads\/2019\/01\/LIGNESRGENERATION07.jpg 1292w\" sizes=\"(max-width: 747px) 100vw, 747px\" \/><\/a><\/p>\n<p>On doit les \u00e9tudes \u00e0 l\u2019agence d\u2019architecture Chartier Dalix.<br \/>\nVoici le mot sign\u00e9 de Laurens van den Acker \u00e0 l&#8217;occasion de la pr\u00e9sentation de R*Generation :<br \/>\n<em>&#8220;Le monde de l\u2019automobile vit une profonde et rapide mutation. Lorsque nous avons d\u00e9marr\u00e9 la r\u00e9flexion autour de la refonte de notre Centre de Design en 2014, il \u00e9tait clair que la conception de notre espace de travail imagin\u00e9 en 1996, \u00e0 l\u2019ouverture du Technocentre, n\u2019\u00e9tait plus en ad\u00e9quation avec nos besoins.<\/em><br \/>\n<em>En 1996, notre \u00e9quipe design \u00e9tait plus r\u00e9duite avec 260 collaborateurs, contre 500 aujourd\u2019hui. Nous ne travaillions que pour une seule marque, Renault, contre cinq \u00e0 pr\u00e9sent, qui sont bien s\u00fbr Renault, Samsung, Motors, Alpine et Lada.&#8221;<\/em><\/p>\n<p><a href=\"http:\/\/lignesauto.fr\/wp-content\/uploads\/2019\/01\/LIGNESRGENERATION03.jpg\"><img loading=\"lazy\" decoding=\"async\" class=\"alignnone wp-image-7138 size-large\" src=\"http:\/\/lignesauto.fr\/wp-content\/uploads\/2019\/01\/LIGNESRGENERATION03-1024x682.jpg\" alt=\"\" width=\"1024\" height=\"682\" srcset=\"https:\/\/lignesauto.fr\/wp-content\/uploads\/2019\/01\/LIGNESRGENERATION03-1024x682.jpg 1024w, https:\/\/lignesauto.fr\/wp-content\/uploads\/2019\/01\/LIGNESRGENERATION03-300x200.jpg 300w, https:\/\/lignesauto.fr\/wp-content\/uploads\/2019\/01\/LIGNESRGENERATION03-768x512.jpg 768w, https:\/\/lignesauto.fr\/wp-content\/uploads\/2019\/01\/LIGNESRGENERATION03-370x247.jpg 370w, https:\/\/lignesauto.fr\/wp-content\/uploads\/2019\/01\/LIGNESRGENERATION03-1040x693.jpg 1040w, https:\/\/lignesauto.fr\/wp-content\/uploads\/2019\/01\/LIGNESRGENERATION03.jpg 1772w\" sizes=\"(max-width: 1024px) 100vw, 1024px\" \/><\/a><\/p>\n<p><em>&#8220;Depuis la cr\u00e9ation de l\u2019Alliance en 1999, nous avons d\u00e9velopp\u00e9\u0301 des partenariats avec de multiples constructeurs dans les domaines des v\u00e9hicules particuliers et utilitaires l\u00e9gers.<\/em><br \/>\n<em>Nos m\u00e9thodes et outils de travail se sont digitalis\u00e9s, \u00e9mergence de nouveaux m\u00e9tiers \u00e0 int\u00e9grer dans nos processus de travail. Notre mission ne consistait plus seulement \u00e0 dessiner l\u2019objet automobile mais \u00e0 concevoir une exp\u00e9rience compl\u00e8te pour les passagers, du premier contact \u00e0 la fermeture de la porti\u00e8re, et pour l\u2019\u00e9cosyst\u00e8me autour du v\u00e9hicule.<\/em><br \/>\n<em>Mais, surtout, alors que l\u2019\u00e9quipe du design travaillait dans un environnement cloisonn\u00e9, nous devons d\u00e9sormais ouvrir nos portes et travailler de fa\u00e7on totalement int\u00e9gr\u00e9e avec les autres directions du Technocentre, et au-del\u00e0 \u00e0 l\u2019international. L\u2019objectif du projet \u00e9tait donc clair: devenir plus cr\u00e9atif, et plus performant en travaillant ensemble. Nous l\u2019avons nomm\u00e9 R*Generation\u00a0: R pour R\u00e9g\u00e9n\u00e9rer, Revitaliser, R\u00e9activer, Recr\u00e9er, Ressourcer, R\u00e9aliser Restructurer, Reconfigurer&#8230; Renault !&#8221;<\/em><br \/>\nLaurens van den Acker Directeur du Design Groupe Renault.<\/p>\n<p><a href=\"http:\/\/lignesauto.fr\/wp-content\/uploads\/2019\/01\/LIGNESRGENERATION04.jpg\"><img loading=\"lazy\" decoding=\"async\" class=\"alignnone wp-image-7139 size-large\" src=\"http:\/\/lignesauto.fr\/wp-content\/uploads\/2019\/01\/LIGNESRGENERATION04-1024x682.jpg\" alt=\"\" width=\"1024\" height=\"682\" srcset=\"https:\/\/lignesauto.fr\/wp-content\/uploads\/2019\/01\/LIGNESRGENERATION04-1024x682.jpg 1024w, https:\/\/lignesauto.fr\/wp-content\/uploads\/2019\/01\/LIGNESRGENERATION04-300x200.jpg 300w, https:\/\/lignesauto.fr\/wp-content\/uploads\/2019\/01\/LIGNESRGENERATION04-768x512.jpg 768w, https:\/\/lignesauto.fr\/wp-content\/uploads\/2019\/01\/LIGNESRGENERATION04-370x247.jpg 370w, https:\/\/lignesauto.fr\/wp-content\/uploads\/2019\/01\/LIGNESRGENERATION04-1040x693.jpg 1040w, https:\/\/lignesauto.fr\/wp-content\/uploads\/2019\/01\/LIGNESRGENERATION04.jpg 1772w\" sizes=\"(max-width: 1024px) 100vw, 1024px\" \/><\/a><\/p>\n<p>Au centre du nouvel univers de design, l&#8217;atelier de modelage des projets en cours. Le surplombant, diff\u00e9rentes zones et alc\u00f4ves. Les bureaux de design ont un acc\u00e8s direct par les diff\u00e9rents escaliers \u00e0 cet immense atelier.\u00a0<em>&#8220;Tous les studios convergent d\u00e9sormais vers l\u2019atelier de modelage qui devient le v\u00e9ritable creuset du Design Renault. Gr\u00e2ce au d\u00e9cloisonnement et aux effets de transparence, l\u2019activit\u00e9 de l\u2019atelier est livr\u00e9e \u00e0 la vue de tous les acteurs du design, qui peuvent ainsi suivre en permanence l\u2019avancement leurs projets.&#8221; <\/em>(agence d\u2019architecture Chartier Dalix)<\/p>\n<p><a href=\"http:\/\/lignesauto.fr\/wp-content\/uploads\/2019\/01\/LIGNESRGENERATION02.jpg\"><img loading=\"lazy\" decoding=\"async\" class=\"alignnone wp-image-7137 size-large\" src=\"http:\/\/lignesauto.fr\/wp-content\/uploads\/2019\/01\/LIGNESRGENERATION02-1024x682.jpg\" alt=\"\" width=\"1024\" height=\"682\" srcset=\"https:\/\/lignesauto.fr\/wp-content\/uploads\/2019\/01\/LIGNESRGENERATION02-1024x682.jpg 1024w, https:\/\/lignesauto.fr\/wp-content\/uploads\/2019\/01\/LIGNESRGENERATION02-300x200.jpg 300w, https:\/\/lignesauto.fr\/wp-content\/uploads\/2019\/01\/LIGNESRGENERATION02-768x512.jpg 768w, https:\/\/lignesauto.fr\/wp-content\/uploads\/2019\/01\/LIGNESRGENERATION02-370x247.jpg 370w, https:\/\/lignesauto.fr\/wp-content\/uploads\/2019\/01\/LIGNESRGENERATION02-1040x693.jpg 1040w, https:\/\/lignesauto.fr\/wp-content\/uploads\/2019\/01\/LIGNESRGENERATION02.jpg 1772w\" sizes=\"(max-width: 1024px) 100vw, 1024px\" \/><\/a><\/p>\n<p><strong>AVANT-APRES :<\/strong><\/p>\n<p><strong><em>CI-DESSOUS : AVANT la restructuration des ateliers de design.<\/em><br \/>\n<\/strong>A\u00a0l&#8217;\u00e9poque du programme B95 (Megane), Thierry M\u00e9troz alors chez Renault, me parlait du d\u00e9veloppement du style de la berline compacte dans un atelier cloisonn\u00e9.\u00a0On devine autour du marbre de nombreuses cloisons \u00e0 un moment o\u00f9 chaque famille de produits disposait de son espace d\u00e9di\u00e9.<\/p>\n<p><a href=\"http:\/\/lignesauto.fr\/wp-content\/uploads\/2019\/01\/EM08439.jpg\"><img loading=\"lazy\" decoding=\"async\" class=\"alignnone wp-image-6978 size-full\" src=\"http:\/\/lignesauto.fr\/wp-content\/uploads\/2019\/01\/EM08439.jpg\" alt=\"\" width=\"992\" height=\"664\" srcset=\"https:\/\/lignesauto.fr\/wp-content\/uploads\/2019\/01\/EM08439.jpg 992w, https:\/\/lignesauto.fr\/wp-content\/uploads\/2019\/01\/EM08439-300x201.jpg 300w, https:\/\/lignesauto.fr\/wp-content\/uploads\/2019\/01\/EM08439-768x514.jpg 768w, https:\/\/lignesauto.fr\/wp-content\/uploads\/2019\/01\/EM08439-370x248.jpg 370w\" sizes=\"(max-width: 992px) 100vw, 992px\" \/><\/a><\/p>\n<p><strong><em>CI-DESSOUS : APRES la restructuration des ateliers des design.<\/em><br \/>\n<\/strong>Les diff\u00e9rents projets cohabitent toujours au m\u00eame endroit mais les cloisons ont disparu et le cabinet d\u2019architecture Chartier Dalix\u00a0a totalement repens\u00e9 l&#8217;endroit avec les contraintes dict\u00e9es par le design Renault. Les alc\u00f4ves situ\u00e9es en partie haute et surplombant les ateliers de maquettes permettent une certaine confidentialit\u00e9 d&#8217;\u00e9change.<\/p>\n<p><a href=\"http:\/\/lignesauto.fr\/wp-content\/uploads\/2019\/01\/R-GENERATION-Atelier.jpg\"><img loading=\"lazy\" decoding=\"async\" class=\"alignnone wp-image-6966 size-full\" src=\"http:\/\/lignesauto.fr\/wp-content\/uploads\/2019\/01\/R-GENERATION-Atelier.jpg\" alt=\"\" width=\"992\" height=\"662\" srcset=\"https:\/\/lignesauto.fr\/wp-content\/uploads\/2019\/01\/R-GENERATION-Atelier.jpg 992w, https:\/\/lignesauto.fr\/wp-content\/uploads\/2019\/01\/R-GENERATION-Atelier-300x200.jpg 300w, https:\/\/lignesauto.fr\/wp-content\/uploads\/2019\/01\/R-GENERATION-Atelier-768x513.jpg 768w, https:\/\/lignesauto.fr\/wp-content\/uploads\/2019\/01\/R-GENERATION-Atelier-370x247.jpg 370w\" sizes=\"(max-width: 992px) 100vw, 992px\" \/><\/a><\/p>\n<p><em>&#8220;Une des probl\u00e9matiques de l\u2019existant \u00e9tait la gestion de la confidentialit\u00e9.<\/em>\u00a0<em>L\u2019organisation initiale du centre de design impliquait quantit\u00e9 d\u2019espaces clos.<\/em>\u00a0<em>De nombreuses personnes \u00e9taient autoris\u00e9es \u00e0 circuler dans l\u2019enceinte du design et ceci engendrait un risque important de divulgation du secret professionnel.&#8221; <\/em>(agence d\u2019architecture Chartier Dalix)<\/p>\n<p><a href=\"http:\/\/lignesauto.fr\/wp-content\/uploads\/2019\/01\/R-GENERATION_coursives.jpg\"><img loading=\"lazy\" decoding=\"async\" class=\"alignnone wp-image-6970 size-full\" src=\"http:\/\/lignesauto.fr\/wp-content\/uploads\/2019\/01\/R-GENERATION_coursives.jpg\" alt=\"\" width=\"992\" height=\"661\" srcset=\"https:\/\/lignesauto.fr\/wp-content\/uploads\/2019\/01\/R-GENERATION_coursives.jpg 992w, https:\/\/lignesauto.fr\/wp-content\/uploads\/2019\/01\/R-GENERATION_coursives-300x200.jpg 300w, https:\/\/lignesauto.fr\/wp-content\/uploads\/2019\/01\/R-GENERATION_coursives-768x512.jpg 768w, https:\/\/lignesauto.fr\/wp-content\/uploads\/2019\/01\/R-GENERATION_coursives-370x247.jpg 370w\" sizes=\"(max-width: 992px) 100vw, 992px\" \/><\/a><\/p>\n<p><a href=\"http:\/\/lignesauto.fr\/wp-content\/uploads\/2019\/01\/R-GENERATION-ConceptCar-SYMBIOZ-ouvert.jpg\"><img loading=\"lazy\" decoding=\"async\" class=\"alignnone wp-image-6967 size-full\" src=\"http:\/\/lignesauto.fr\/wp-content\/uploads\/2019\/01\/R-GENERATION-ConceptCar-SYMBIOZ-ouvert.jpg\" alt=\"\" width=\"992\" height=\"661\" srcset=\"https:\/\/lignesauto.fr\/wp-content\/uploads\/2019\/01\/R-GENERATION-ConceptCar-SYMBIOZ-ouvert.jpg 992w, https:\/\/lignesauto.fr\/wp-content\/uploads\/2019\/01\/R-GENERATION-ConceptCar-SYMBIOZ-ouvert-300x200.jpg 300w, https:\/\/lignesauto.fr\/wp-content\/uploads\/2019\/01\/R-GENERATION-ConceptCar-SYMBIOZ-ouvert-768x512.jpg 768w, https:\/\/lignesauto.fr\/wp-content\/uploads\/2019\/01\/R-GENERATION-ConceptCar-SYMBIOZ-ouvert-370x247.jpg 370w\" sizes=\"(max-width: 992px) 100vw, 992px\" \/><\/a><\/p>\n<p><em>&#8220;Pour s\u00e9parer et d\u00e9limiter les diff\u00e9rents espaces, notamment les studios, les circulations et les ateliers, nous avons d\u00e9cid\u00e9 de travailler sur des filtres grad\u00e9s.<\/em>\u00a0<em>Selon les usages ils sont opaques, translucides, ou transparents. Quand elles sont <strong>opaques<\/strong> ces cloisons sont fonctionnelles, servant d\u2019espace de rangements, d\u2019affichage et de projection. L\u2019acoustique est particuli\u00e8rement travaill\u00e9e pour favoriser la concentration et la s\u00e9r\u00e9nit\u00e9.<\/em>\u00a0<em><strong>Translucides<\/strong>, elles sont des sas propices aux rencontres informelles pour susciter l\u2019\u00e9change, la concertation et donc la cr\u00e9ativit\u00e9.<\/em>\u00a0<em><strong>Transparentes<\/strong>, elles sont des cadres sur un espace de travail apportant le recul et le confort visuel suscitant la coh\u00e9sion d\u2019\u00e9quipe et la convivialit\u00e9.&#8221; <\/em>(agence d\u2019architecture Chartier Dalix)<\/p>\n<p><a href=\"http:\/\/lignesauto.fr\/wp-content\/uploads\/2019\/01\/LIGNESRGENERATION05.jpg\"><img loading=\"lazy\" decoding=\"async\" class=\"alignnone wp-image-7140 size-large\" src=\"http:\/\/lignesauto.fr\/wp-content\/uploads\/2019\/01\/LIGNESRGENERATION05-1024x682.jpg\" alt=\"\" width=\"1024\" height=\"682\" srcset=\"https:\/\/lignesauto.fr\/wp-content\/uploads\/2019\/01\/LIGNESRGENERATION05-1024x682.jpg 1024w, https:\/\/lignesauto.fr\/wp-content\/uploads\/2019\/01\/LIGNESRGENERATION05-300x200.jpg 300w, https:\/\/lignesauto.fr\/wp-content\/uploads\/2019\/01\/LIGNESRGENERATION05-768x512.jpg 768w, https:\/\/lignesauto.fr\/wp-content\/uploads\/2019\/01\/LIGNESRGENERATION05-370x247.jpg 370w, https:\/\/lignesauto.fr\/wp-content\/uploads\/2019\/01\/LIGNESRGENERATION05-1040x693.jpg 1040w, https:\/\/lignesauto.fr\/wp-content\/uploads\/2019\/01\/LIGNESRGENERATION05.jpg 1772w\" sizes=\"(max-width: 1024px) 100vw, 1024px\" \/><\/a><\/p>\n<p><em>&#8220;Apr\u00e8s avoir analys\u00e9 les diff\u00e9rents flux de tous les corps de m\u00e9tiers, et dans le but de raccourcir les distances \u00e0 l\u2019int\u00e9rieur du centre, nous avons invers\u00e9 les circulations des studios qui se faisaient le long de la fa\u00e7ade ext\u00e9rieure en les basculant le long des ateliers. Nous avons pu constater qu\u2019une \u00ab boucle des trajets \u00bb s\u2019organisait, \u00e0 l\u2019interface entre les studios et autour de l\u2019atelier. Outre le fait de r\u00e9utiliser la lumi\u00e8re naturelle des ouvertures en fa\u00e7ade directement pour les studios, cette circulation devient une nouvelle zone d\u2019\u00e9change, notamment visuelle entre ateliers et studios.&#8221; <\/em>(agence d\u2019architecture Chartier Dalix)<\/p>\n<p><a href=\"http:\/\/lignesauto.fr\/wp-content\/uploads\/2019\/01\/LIGNESRGENERATION06.jpg\"><img loading=\"lazy\" decoding=\"async\" class=\"alignnone wp-image-7141 size-large\" src=\"http:\/\/lignesauto.fr\/wp-content\/uploads\/2019\/01\/LIGNESRGENERATION06-1024x682.jpg\" alt=\"\" width=\"1024\" height=\"682\" srcset=\"https:\/\/lignesauto.fr\/wp-content\/uploads\/2019\/01\/LIGNESRGENERATION06-1024x682.jpg 1024w, https:\/\/lignesauto.fr\/wp-content\/uploads\/2019\/01\/LIGNESRGENERATION06-300x200.jpg 300w, https:\/\/lignesauto.fr\/wp-content\/uploads\/2019\/01\/LIGNESRGENERATION06-768x512.jpg 768w, https:\/\/lignesauto.fr\/wp-content\/uploads\/2019\/01\/LIGNESRGENERATION06-370x247.jpg 370w, https:\/\/lignesauto.fr\/wp-content\/uploads\/2019\/01\/LIGNESRGENERATION06-1040x693.jpg 1040w, https:\/\/lignesauto.fr\/wp-content\/uploads\/2019\/01\/LIGNESRGENERATION06.jpg 1772w\" sizes=\"(max-width: 1024px) 100vw, 1024px\" \/><\/a><\/p>\n<p>Le nouveau centre de design dans son ensemble, ce sont 28 000 m2, dont 24 685 m2 de surface qui ont n\u00e9cessit\u00e9 une r\u00e9novation lourde (3200 m2 de surface cr\u00e9\u00e9e), 14 nouvelles salles de r\u00e9unions, 2 ateliers collaboratifs, 2 terrasses ext\u00e9rieures, 1 espace pour recevoir la presse, 566 m2 d\u2019espace d\u00e9di\u00e9 \u00e0 la &#8220;Design Academy&#8221; et une caf\u00e9t\u00e9ria de 123 m2 contre 30 m2 auparavant.\u00a0<em>&#8220;Pour atteindre ce r\u00e9sultat, 3 ans et demi de travail ont \u00e9t\u00e9 n\u00e9cessaires dont 20 mois de chantier en site occup\u00e9, 80 r\u00e9unions de chantier et des centaines de r\u00e9unions projet. Sans compter les 80 tonnes d\u2019aciers, 3 782 m2 de cloisons vitr\u00e9es, 4000 m2 de cloisons pleines&#8230;&#8221; <\/em>(agence d\u2019architecture Chartier Dalix)<\/p>\n<p><strong>Photos r\u00e9alis\u00e9es par Takuji Shimmura, d\u00e9couvrez le site ici : <a href=\"http:\/\/takuji-shimmura.fr\">http:\/\/takuji-shimmura.fr<\/a><\/strong><\/p>\n<p>&nbsp;<\/p>\n<p><img loading=\"lazy\" decoding=\"async\" class=\"alignnone size-medium wp-image-4921\" src=\"http:\/\/lignesauto.fr\/wp-content\/uploads\/2018\/10\/LOGOActus_BD-300x108.jpg\" alt=\"\" width=\"300\" height=\"108\" srcset=\"https:\/\/lignesauto.fr\/wp-content\/uploads\/2018\/10\/LOGOActus_BD-300x108.jpg 300w, https:\/\/lignesauto.fr\/wp-content\/uploads\/2018\/10\/LOGOActus_BD-768x276.jpg 768w, https:\/\/lignesauto.fr\/wp-content\/uploads\/2018\/10\/LOGOActus_BD-1024x367.jpg 1024w, https:\/\/lignesauto.fr\/wp-content\/uploads\/2018\/10\/LOGOActus_BD-370x133.jpg 370w, https:\/\/lignesauto.fr\/wp-content\/uploads\/2018\/10\/LOGOActus_BD-1040x373.jpg 1040w, https:\/\/lignesauto.fr\/wp-content\/uploads\/2018\/10\/LOGOActus_BD.jpg 1240w\" sizes=\"(max-width: 300px) 100vw, 300px\" \/><\/p>\n","protected":false},"excerpt":{"rendered":"<p>En compl\u00e9ment de l&#8217;interview de Laurens van Den Acker, directeur du Design Industriel de Renault (\u00a0http:\/\/lignesauto.fr\/?p=6880\u00a0) , nous vous proposons une visite du centre de design implant\u00e9 au Technocentre \u00e0 Guyancourt (proche de Versailles), un centre qui a consid\u00e9rablement \u00e9volu\u00e9 \u00e0 la mi-2017. D&#8217;un centre pr\u00e9c\u00e9demment assez cloisonn\u00e9, R*Generation a [&hellip;]<\/p>\n","protected":false},"author":1,"featured_media":6968,"comment_status":"open","ping_status":"open","sticky":false,"template":"","format":"standard","meta":{"footnotes":""},"categories":[1],"tags":[],"_links":{"self":[{"href":"https:\/\/lignesauto.fr\/index.php?rest_route=\/wp\/v2\/posts\/6963"}],"collection":[{"href":"https:\/\/lignesauto.fr\/index.php?rest_route=\/wp\/v2\/posts"}],"about":[{"href":"https:\/\/lignesauto.fr\/index.php?rest_route=\/wp\/v2\/types\/post"}],"author":[{"embeddable":true,"href":"https:\/\/lignesauto.fr\/index.php?rest_route=\/wp\/v2\/users\/1"}],"replies":[{"embeddable":true,"href":"https:\/\/lignesauto.fr\/index.php?rest_route=%2Fwp%2Fv2%2Fcomments&post=6963"}],"version-history":[{"count":33,"href":"https:\/\/lignesauto.fr\/index.php?rest_route=\/wp\/v2\/posts\/6963\/revisions"}],"predecessor-version":[{"id":7157,"href":"https:\/\/lignesauto.fr\/index.php?rest_route=\/wp\/v2\/posts\/6963\/revisions\/7157"}],"wp:featuredmedia":[{"embeddable":true,"href":"https:\/\/lignesauto.fr\/index.php?rest_route=\/wp\/v2\/media\/6968"}],"wp:attachment":[{"href":"https:\/\/lignesauto.fr\/index.php?rest_route=%2Fwp%2Fv2%2Fmedia&parent=6963"}],"wp:term":[{"taxonomy":"category","embeddable":true,"href":"https:\/\/lignesauto.fr\/index.php?rest_route=%2Fwp%2Fv2%2Fcategories&post=6963"},{"taxonomy":"post_tag","embeddable":true,"href":"https:\/\/lignesauto.fr\/index.php?rest_route=%2Fwp%2Fv2%2Ftags&post=6963"}],"curies":[{"name":"wp","href":"https:\/\/api.w.org\/{rel}","templated":true}]}}