{"id":7205,"date":"2019-01-15T18:13:59","date_gmt":"2019-01-15T17:13:59","guid":{"rendered":"http:\/\/lignesauto.fr\/?p=7205"},"modified":"2019-01-23T18:26:51","modified_gmt":"2019-01-23T17:26:51","slug":"quand-porsche-adorait-le-diesel","status":"publish","type":"post","link":"https:\/\/lignesauto.fr\/?p=7205","title":{"rendered":"Quand Porsche adorait le diesel !"},"content":{"rendered":"<p>&nbsp;<\/p>\n<h3><img loading=\"lazy\" decoding=\"async\" class=\"alignnone size-medium wp-image-4925\" src=\"http:\/\/lignesauto.fr\/wp-content\/uploads\/2018\/10\/LOGOArchives_BD-300x108.jpg\" alt=\"\" width=\"300\" height=\"108\" srcset=\"https:\/\/lignesauto.fr\/wp-content\/uploads\/2018\/10\/LOGOArchives_BD-300x108.jpg 300w, https:\/\/lignesauto.fr\/wp-content\/uploads\/2018\/10\/LOGOArchives_BD-768x276.jpg 768w, https:\/\/lignesauto.fr\/wp-content\/uploads\/2018\/10\/LOGOArchives_BD-1024x367.jpg 1024w, https:\/\/lignesauto.fr\/wp-content\/uploads\/2018\/10\/LOGOArchives_BD-370x133.jpg 370w, https:\/\/lignesauto.fr\/wp-content\/uploads\/2018\/10\/LOGOArchives_BD-1040x373.jpg 1040w, https:\/\/lignesauto.fr\/wp-content\/uploads\/2018\/10\/LOGOArchives_BD.jpg 1240w\" sizes=\"(max-width: 300px) 100vw, 300px\" \/><\/h3>\n<p>Porsche a arr\u00eat\u00e9 l&#8217;an dernier la production de mod\u00e8les \u00e0 moteur diesel en expliquant bien qu&#8217;il n&#8217;y est pour rien dans le <em>dieselgate<\/em> puisqu&#8217;il n&#8217;a fait qu&#8217;utiliser les moteurs du groupe.<br \/>\nBien content pendant longtemps de les trouver pour motoriser son Cayenne, entre autre&#8230; Bref, en attendant la Taycan en cette ann\u00e9e 2019, Porsche et le diesel c&#8217;est fini.<br \/>\nPourtant, il est un domaine o\u00f9 le constructeur allemand exploitait \u00e0 la perfection cette motorisation : celui des&#8230; tracteurs comme le rappelle le constructeur.<br \/>\n<em>&#8220;Ferdinand Porsche a d\u00e9velopp\u00e9 son premier tracteur il y a plus de 100 ans. Le Porsche-Diesel a ensuite atteint son apog\u00e9e dans les ann\u00e9es 1950.&#8221;<\/em><\/p>\n<p><img loading=\"lazy\" decoding=\"async\" class=\"alignnone wp-image-4815 size-large\" src=\"http:\/\/lignesauto.fr\/wp-content\/uploads\/2018\/09\/HAV-6265-1024x776.jpg\" alt=\"\" width=\"1024\" height=\"776\" srcset=\"https:\/\/lignesauto.fr\/wp-content\/uploads\/2018\/09\/HAV-6265-1024x776.jpg 1024w, https:\/\/lignesauto.fr\/wp-content\/uploads\/2018\/09\/HAV-6265-300x227.jpg 300w, https:\/\/lignesauto.fr\/wp-content\/uploads\/2018\/09\/HAV-6265-768x582.jpg 768w, https:\/\/lignesauto.fr\/wp-content\/uploads\/2018\/09\/HAV-6265-370x280.jpg 370w, https:\/\/lignesauto.fr\/wp-content\/uploads\/2018\/09\/HAV-6265-1040x788.jpg 1040w, https:\/\/lignesauto.fr\/wp-content\/uploads\/2018\/09\/HAV-6265.jpg 1770w\" sizes=\"(max-width: 1024px) 100vw, 1024px\" \/><\/p>\n<p><em>&#8220;Les tracteurs Porsche ont longtemps \u00e9t\u00e9 les stars cach\u00e9es du mus\u00e9e Porsche. Pourtant, l&#8217;ambassadeur de la marque, Walter R\u00f6hrl, a entrepris en octobre 2012 une tentative de record en compl\u00e9tant un tour de la boucle nord du N\u00fcrburgring avec un tracteur Porsche-Diesel Junior de 14 chevaux. &#8220;<\/em><\/p>\n<p><img loading=\"lazy\" decoding=\"async\" class=\"alignnone wp-image-4816 size-large\" src=\"http:\/\/lignesauto.fr\/wp-content\/uploads\/2018\/09\/HDK-485-1024x724.jpg\" alt=\"\" width=\"1024\" height=\"724\" srcset=\"https:\/\/lignesauto.fr\/wp-content\/uploads\/2018\/09\/HDK-485-1024x724.jpg 1024w, https:\/\/lignesauto.fr\/wp-content\/uploads\/2018\/09\/HDK-485-300x212.jpg 300w, https:\/\/lignesauto.fr\/wp-content\/uploads\/2018\/09\/HDK-485-768x543.jpg 768w, https:\/\/lignesauto.fr\/wp-content\/uploads\/2018\/09\/HDK-485-370x262.jpg 370w, https:\/\/lignesauto.fr\/wp-content\/uploads\/2018\/09\/HDK-485-1040x735.jpg 1040w, https:\/\/lignesauto.fr\/wp-content\/uploads\/2018\/09\/HDK-485.jpg 1750w\" sizes=\"(max-width: 1024px) 100vw, 1024px\" \/><\/p>\n<p><em>&#8220;En 1937, sur la recommandation d&#8217;Adolf Hitler, le front allemand du travail chargea Ferdinand Porsche de d\u00e9velopper un petit tracteur. L\u2019objectif \u00e9tait de moderniser le secteur agricole en fournissant en grand nombre un \u00ab tracteur populaire \u00bb universel et abordable. Comme pour la Volkswagen premi\u00e8re du nom, qui avait fait l\u2019objet de projets de mobilisation de masse en Allemagne, le petit tracteur devait permettre une motorisation rapide dans les exploitations agricoles.&#8221;<\/em><\/p>\n<p><img loading=\"lazy\" decoding=\"async\" class=\"alignnone wp-image-4813 size-large\" src=\"http:\/\/lignesauto.fr\/wp-content\/uploads\/2018\/09\/HAV-118-1024x678.jpg\" alt=\"\" width=\"1024\" height=\"678\" srcset=\"https:\/\/lignesauto.fr\/wp-content\/uploads\/2018\/09\/HAV-118-1024x678.jpg 1024w, https:\/\/lignesauto.fr\/wp-content\/uploads\/2018\/09\/HAV-118-300x199.jpg 300w, https:\/\/lignesauto.fr\/wp-content\/uploads\/2018\/09\/HAV-118-768x508.jpg 768w, https:\/\/lignesauto.fr\/wp-content\/uploads\/2018\/09\/HAV-118-370x245.jpg 370w, https:\/\/lignesauto.fr\/wp-content\/uploads\/2018\/09\/HAV-118-1040x688.jpg 1040w, https:\/\/lignesauto.fr\/wp-content\/uploads\/2018\/09\/HAV-118.jpg 1750w\" sizes=\"(max-width: 1024px) 100vw, 1024px\" \/><\/p>\n<p><em>&#8220;Bien que le prototype initial du &#8220;tracteur du peuple&#8221; ait \u00e9t\u00e9 achev\u00e9 par des ing\u00e9nieurs de la nouvelle usine de Zuffenhausen en 1938, le d\u00e9clenchement de la Seconde Guerre mondiale l\u2019ann\u00e9e suivante a emp\u00each\u00e9 son d\u00e9veloppement ult\u00e9rieur.\u00a0\u00c0 partir de 1945, d&#8217;autres tracteurs ont \u00e9t\u00e9 chez Porsche dans la ville autrichienne de Gm\u00fcnd. En 1949, Porsche a d\u00e9livr\u00e9 des licences pour la construction de tracteurs \u00e0 la soci\u00e9t\u00e9 &#8220;Allguer Werkzeugbau GmbH&#8221; bas\u00e9e \u00e0 Uhingen. Cette entreprise produisait ces tracteurs dans les anciens locaux de Dornier.&#8221;<\/em><\/p>\n<p><img loading=\"lazy\" decoding=\"async\" class=\"alignnone wp-image-4817 size-full\" src=\"http:\/\/lignesauto.fr\/wp-content\/uploads\/2018\/09\/HNE-390.jpg\" alt=\"\" width=\"875\" height=\"515\" srcset=\"https:\/\/lignesauto.fr\/wp-content\/uploads\/2018\/09\/HNE-390.jpg 875w, https:\/\/lignesauto.fr\/wp-content\/uploads\/2018\/09\/HNE-390-300x177.jpg 300w, https:\/\/lignesauto.fr\/wp-content\/uploads\/2018\/09\/HNE-390-768x452.jpg 768w, https:\/\/lignesauto.fr\/wp-content\/uploads\/2018\/09\/HNE-390-370x218.jpg 370w\" sizes=\"(max-width: 875px) 100vw, 875px\" \/><\/p>\n<p><em>&#8220;Allgaier Maschinenbau GmbH Friedrichshafen est devenue &#8220;Porsche-Diesel Motorenbau GmbH&#8221; en 1956. Cela a abouti \u00e0 la cr\u00e9ation de mod\u00e8les innovant comme le monocylindre Junior. Comme pour le moteur boxer de la Porsche 356, les moteurs diesel Porsche \u00e9taient refroidis par air. Jusqu&#8217;en 1963, environ 120 000 tracteurs Junior, Standard, Super et Master \u00e9quip\u00e9s de moteurs \u00e0 un, deux, trois et quatre cylindres d\u00e9livrant jusqu&#8217;\u00e0 50 chevaux sont sortis de la cha\u00eene de production de Manzell. La production a \u00e9t\u00e9 interrompue cette ann\u00e9e-l\u00e0 en raison de la baisse de la demande.&#8221;<\/em><\/p>\n<p><img loading=\"lazy\" decoding=\"async\" class=\"alignnone wp-image-4814 size-large\" src=\"http:\/\/lignesauto.fr\/wp-content\/uploads\/2018\/09\/HAV-2759-1024x727.jpg\" alt=\"\" width=\"1024\" height=\"727\" srcset=\"https:\/\/lignesauto.fr\/wp-content\/uploads\/2018\/09\/HAV-2759-1024x727.jpg 1024w, https:\/\/lignesauto.fr\/wp-content\/uploads\/2018\/09\/HAV-2759-300x213.jpg 300w, https:\/\/lignesauto.fr\/wp-content\/uploads\/2018\/09\/HAV-2759-768x545.jpg 768w, https:\/\/lignesauto.fr\/wp-content\/uploads\/2018\/09\/HAV-2759-370x263.jpg 370w, https:\/\/lignesauto.fr\/wp-content\/uploads\/2018\/09\/HAV-2759-1040x739.jpg 1040w, https:\/\/lignesauto.fr\/wp-content\/uploads\/2018\/09\/HAV-2759.jpg 1750w\" sizes=\"(max-width: 1024px) 100vw, 1024px\" \/><\/p>\n<h3><img loading=\"lazy\" decoding=\"async\" class=\"alignnone size-medium wp-image-4925\" src=\"http:\/\/lignesauto.fr\/wp-content\/uploads\/2018\/10\/LOGOArchives_BD-300x108.jpg\" alt=\"\" width=\"300\" height=\"108\" srcset=\"https:\/\/lignesauto.fr\/wp-content\/uploads\/2018\/10\/LOGOArchives_BD-300x108.jpg 300w, https:\/\/lignesauto.fr\/wp-content\/uploads\/2018\/10\/LOGOArchives_BD-768x276.jpg 768w, https:\/\/lignesauto.fr\/wp-content\/uploads\/2018\/10\/LOGOArchives_BD-1024x367.jpg 1024w, https:\/\/lignesauto.fr\/wp-content\/uploads\/2018\/10\/LOGOArchives_BD-370x133.jpg 370w, https:\/\/lignesauto.fr\/wp-content\/uploads\/2018\/10\/LOGOArchives_BD-1040x373.jpg 1040w, https:\/\/lignesauto.fr\/wp-content\/uploads\/2018\/10\/LOGOArchives_BD.jpg 1240w\" sizes=\"(max-width: 300px) 100vw, 300px\" \/><\/h3>\n","protected":false},"excerpt":{"rendered":"<p>&nbsp; Porsche a arr\u00eat\u00e9 l&#8217;an dernier la production de mod\u00e8les \u00e0 moteur diesel en expliquant bien qu&#8217;il n&#8217;y est pour rien dans le dieselgate puisqu&#8217;il n&#8217;a fait qu&#8217;utiliser les moteurs du groupe. Bien content pendant longtemps de les trouver pour motoriser son Cayenne, entre autre&#8230; Bref, en attendant la Taycan [&hellip;]<\/p>\n","protected":false},"author":1,"featured_media":5959,"comment_status":"open","ping_status":"open","sticky":false,"template":"","format":"standard","meta":{"footnotes":""},"categories":[1],"tags":[],"_links":{"self":[{"href":"https:\/\/lignesauto.fr\/index.php?rest_route=\/wp\/v2\/posts\/7205"}],"collection":[{"href":"https:\/\/lignesauto.fr\/index.php?rest_route=\/wp\/v2\/posts"}],"about":[{"href":"https:\/\/lignesauto.fr\/index.php?rest_route=\/wp\/v2\/types\/post"}],"author":[{"embeddable":true,"href":"https:\/\/lignesauto.fr\/index.php?rest_route=\/wp\/v2\/users\/1"}],"replies":[{"embeddable":true,"href":"https:\/\/lignesauto.fr\/index.php?rest_route=%2Fwp%2Fv2%2Fcomments&post=7205"}],"version-history":[{"count":3,"href":"https:\/\/lignesauto.fr\/index.php?rest_route=\/wp\/v2\/posts\/7205\/revisions"}],"predecessor-version":[{"id":7208,"href":"https:\/\/lignesauto.fr\/index.php?rest_route=\/wp\/v2\/posts\/7205\/revisions\/7208"}],"wp:featuredmedia":[{"embeddable":true,"href":"https:\/\/lignesauto.fr\/index.php?rest_route=\/wp\/v2\/media\/5959"}],"wp:attachment":[{"href":"https:\/\/lignesauto.fr\/index.php?rest_route=%2Fwp%2Fv2%2Fmedia&parent=7205"}],"wp:term":[{"taxonomy":"category","embeddable":true,"href":"https:\/\/lignesauto.fr\/index.php?rest_route=%2Fwp%2Fv2%2Fcategories&post=7205"},{"taxonomy":"post_tag","embeddable":true,"href":"https:\/\/lignesauto.fr\/index.php?rest_route=%2Fwp%2Fv2%2Ftags&post=7205"}],"curies":[{"name":"wp","href":"https:\/\/api.w.org\/{rel}","templated":true}]}}