{"id":7209,"date":"2018-12-23T18:19:27","date_gmt":"2018-12-23T17:19:27","guid":{"rendered":"http:\/\/lignesauto.fr\/?p=7209"},"modified":"2019-01-23T18:19:40","modified_gmt":"2019-01-23T17:19:40","slug":"max-hoffman-pas-que-mercedes-porsche-aussi","status":"publish","type":"post","link":"https:\/\/lignesauto.fr\/?p=7209","title":{"rendered":"Max Hoffman : pas que Mercedes, Porsche aussi"},"content":{"rendered":"<h3><img loading=\"lazy\" decoding=\"async\" class=\"alignnone size-medium wp-image-4925\" src=\"http:\/\/lignesauto.fr\/wp-content\/uploads\/2018\/10\/LOGOArchives_BD-300x108.jpg\" alt=\"\" width=\"300\" height=\"108\" srcset=\"https:\/\/lignesauto.fr\/wp-content\/uploads\/2018\/10\/LOGOArchives_BD-300x108.jpg 300w, https:\/\/lignesauto.fr\/wp-content\/uploads\/2018\/10\/LOGOArchives_BD-768x276.jpg 768w, https:\/\/lignesauto.fr\/wp-content\/uploads\/2018\/10\/LOGOArchives_BD-1024x367.jpg 1024w, https:\/\/lignesauto.fr\/wp-content\/uploads\/2018\/10\/LOGOArchives_BD-370x133.jpg 370w, https:\/\/lignesauto.fr\/wp-content\/uploads\/2018\/10\/LOGOArchives_BD-1040x373.jpg 1040w, https:\/\/lignesauto.fr\/wp-content\/uploads\/2018\/10\/LOGOArchives_BD.jpg 1240w\" sizes=\"(max-width: 300px) 100vw, 300px\" \/><\/h3>\n<p>On a l&#8217;habitude de lier le nom de Max Hoffman \u00e0 celui de Mercedes et de la prestigieuse 300 SL. Mais l&#8217;homme a fait affaire avec bien d&#8217;autres constructeurs&#8230;<br \/>\n\u00c0 l&#8217;automne 1950, Ferry Porsche se rend \u00e0 Paris \u00e0 l&#8217;occasion du Salon de l&#8217;automobile et y rencontre notre homme. Porsche connaissait l&#8217;\u00e9norme potentiel de vente que son partenaire de d\u00e9jeuner avait mis en place de l&#8217;autre c\u00f4t\u00e9 de l&#8217;Atlantique. Il lui semblait \u00eatre l&#8217;homme providentiel pour tenter de p\u00e9n\u00e9trer un march\u00e9 que Ferry Porsche estimait potentiellement viable ! Pour autant, Porsche venait \u00e0 peine de d\u00e9voiler sa 356 (c&#8217;\u00e9tait en 1948) et il se demandait comment s&#8217;y prendre pour prendre place sur cette terre &#8220;des possibilit\u00e9s illimit\u00e9es&#8221;. Une terre des &#8220;champs des possibles&#8221; comme la Pub dit aujourd&#8217;hui&#8230;<\/p>\n<p><img loading=\"lazy\" decoding=\"async\" class=\"alignnone wp-image-3309\" src=\"http:\/\/lignesauto.fr\/wp-content\/uploads\/2018\/07\/2002DIG504-886x1024.jpg\" alt=\"\" width=\"846\" height=\"977\" srcset=\"https:\/\/lignesauto.fr\/wp-content\/uploads\/2018\/07\/2002DIG504-886x1024.jpg 886w, https:\/\/lignesauto.fr\/wp-content\/uploads\/2018\/07\/2002DIG504-260x300.jpg 260w, https:\/\/lignesauto.fr\/wp-content\/uploads\/2018\/07\/2002DIG504-768x887.jpg 768w, https:\/\/lignesauto.fr\/wp-content\/uploads\/2018\/07\/2002DIG504-370x427.jpg 370w, https:\/\/lignesauto.fr\/wp-content\/uploads\/2018\/07\/2002DIG504-1040x1201.jpg 1040w\" sizes=\"(max-width: 846px) 100vw, 846px\" \/><\/p>\n<p>N\u00e9 \u00e0 Vienne en 1904 d&#8217;une m\u00e8re catholique et d&#8217;un p\u00e8re juif, Maximilian Edwin Hoffmann (avec deux &#8220;n&#8221; au d\u00e9part) a \u00e9t\u00e9 contraint de fuir en France pour \u00e9chapper aux nazis avant d&#8217;\u00e9migrer aux \u00c9tats-Unis en 1941. Une fois \u00e0 New York, il a connu le succ\u00e8s en tant que n\u00e9gociant de bijoux. Hoffmann a rapidement am\u00e9ricanis\u00e9 son nom et en 1947 a fond\u00e9 la &#8220;Hoffman Motor Company&#8221; (voil\u00e0, un &#8220;n&#8221; a disparu apr\u00e8s-guerre) afin d&#8217;importer des voitures europ\u00e9ennes. Dans le cadre \u00e9l\u00e9gant de Park Avenue \u00e0 Manhattan, il a acquis une salle d&#8217;exposition con\u00e7ue par l&#8217;architecte vedette Frank Lloyd Wright. L&#8217;homme visait haut et la qualit\u00e9 \u00e9tait pour lui gage de r\u00e9ussite.<\/p>\n<p><img loading=\"lazy\" decoding=\"async\" class=\"alignnone wp-image-3311\" src=\"http:\/\/lignesauto.fr\/wp-content\/uploads\/2018\/07\/HAV-3935-1024x835.jpg\" alt=\"\" width=\"852\" height=\"695\" srcset=\"https:\/\/lignesauto.fr\/wp-content\/uploads\/2018\/07\/HAV-3935-1024x835.jpg 1024w, https:\/\/lignesauto.fr\/wp-content\/uploads\/2018\/07\/HAV-3935-300x245.jpg 300w, https:\/\/lignesauto.fr\/wp-content\/uploads\/2018\/07\/HAV-3935-768x626.jpg 768w, https:\/\/lignesauto.fr\/wp-content\/uploads\/2018\/07\/HAV-3935-370x302.jpg 370w, https:\/\/lignesauto.fr\/wp-content\/uploads\/2018\/07\/HAV-3935-1040x848.jpg 1040w\" sizes=\"(max-width: 852px) 100vw, 852px\" \/><\/p>\n<p>Dans sa conversation avec Max Hoffman, Ferry Porsche exprime son d\u00e9sir de vendre cinq Porsche 356 par an aux \u00c9tats-Unis. Ambition tr\u00e8s modeste mais qui pouvait savoir que ce coup\u00e9 allemand allait construire \u00e0 lui seul les fondations d&#8217;un empire ! D&#8217;ailleurs, Hoffman ne veut rien entendre : <em>\u00ab si je ne peux pas vendre cinq voitures par semaine, \u00e7a ne m&#8217;int\u00e9resse pas \u00bb<\/em>. Les am\u00e9ricains d&#8217;alors montraient bien plus d&#8217;ambition que les europ\u00e9ens&#8230; Un accord est n\u00e9anmoins sign\u00e9 et les trois premiers mod\u00e8les de Porsche 356 ont \u00e9t\u00e9 exp\u00e9di\u00e9s aux \u00c9tats-Unis la m\u00eame ann\u00e9e. En 1951, ce furent 32 exemplaires qui travers\u00e8rent l&#8217;Atlantique.<\/p>\n<p>.<img loading=\"lazy\" decoding=\"async\" class=\"alignnone wp-image-3312\" src=\"http:\/\/lignesauto.fr\/wp-content\/uploads\/2018\/07\/HAV-4013-1024x1002.jpg\" alt=\"\" width=\"851\" height=\"833\" srcset=\"https:\/\/lignesauto.fr\/wp-content\/uploads\/2018\/07\/HAV-4013-1024x1002.jpg 1024w, https:\/\/lignesauto.fr\/wp-content\/uploads\/2018\/07\/HAV-4013-300x294.jpg 300w, https:\/\/lignesauto.fr\/wp-content\/uploads\/2018\/07\/HAV-4013-768x751.jpg 768w, https:\/\/lignesauto.fr\/wp-content\/uploads\/2018\/07\/HAV-4013-370x362.jpg 370w, https:\/\/lignesauto.fr\/wp-content\/uploads\/2018\/07\/HAV-4013-1040x1018.jpg 1040w\" sizes=\"(max-width: 851px) 100vw, 851px\" \/><\/p>\n<p>Max Hoffman a utilis\u00e9 la dynamique du sport automobile am\u00e9ricain et les nombreuses courses de clubs existantes pour rehausser le profil de Porsche. En 1954, \u00e0 peine quatre ans apr\u00e8s sa rencontre avec Ferry Porsche, il vendait 11 Porsche 356&#8230; par semaine ! Le r\u00eave am\u00e9ricain de Porsche devenait r\u00e9alit\u00e9, avec environ 30 % de la production annuelle envoy\u00e9e aux \u00c9tats-Unis pour atteindre jusqu&#8217;\u00e0&#8230; 70% quelques ann\u00e9es plus tard.<\/p>\n<p><img loading=\"lazy\" decoding=\"async\" class=\"alignnone wp-image-3313\" src=\"http:\/\/lignesauto.fr\/wp-content\/uploads\/2018\/07\/HAV-4404-1024x709.jpg\" alt=\"\" width=\"852\" height=\"590\" srcset=\"https:\/\/lignesauto.fr\/wp-content\/uploads\/2018\/07\/HAV-4404-1024x709.jpg 1024w, https:\/\/lignesauto.fr\/wp-content\/uploads\/2018\/07\/HAV-4404-300x208.jpg 300w, https:\/\/lignesauto.fr\/wp-content\/uploads\/2018\/07\/HAV-4404-768x532.jpg 768w, https:\/\/lignesauto.fr\/wp-content\/uploads\/2018\/07\/HAV-4404-370x256.jpg 370w, https:\/\/lignesauto.fr\/wp-content\/uploads\/2018\/07\/HAV-4404-1040x720.jpg 1040w\" sizes=\"(max-width: 852px) 100vw, 852px\" \/><\/p>\n<p>En plus d&#8217;aider la marque Porsche \u00e0 op\u00e9rer sa perc\u00e9e aux \u00c9tats-Unis, Max Hoffman a \u00e9galement fourni de pr\u00e9cieuses suggestions au constructeur. Il a par exemple expliqu\u00e9 \u00e0 Ferry Porsche qu&#8217;une voiture de sport plus petite et plus abordable \u00e9tait n\u00e9cessaire pour le march\u00e9 am\u00e9ricain. La 356 co\u00fbtait bien trop ch\u00e8re, bien plus qu&#8217;une grande Cadillac d\u00e9capotable alors Ferry Porsche con\u00e7ut son 356 Speedster en 1954 qui \u00e9tait vendu un peu moins de 30 00 dollars. Il est depuis devenu le mod\u00e8le 356 ultime&#8230;<\/p>\n<p><img loading=\"lazy\" decoding=\"async\" class=\"alignnone wp-image-3314\" src=\"http:\/\/lignesauto.fr\/wp-content\/uploads\/2018\/07\/65477-1024x758.jpg\" alt=\"\" width=\"854\" height=\"632\" srcset=\"https:\/\/lignesauto.fr\/wp-content\/uploads\/2018\/07\/65477.jpg 1024w, https:\/\/lignesauto.fr\/wp-content\/uploads\/2018\/07\/65477-300x222.jpg 300w, https:\/\/lignesauto.fr\/wp-content\/uploads\/2018\/07\/65477-768x569.jpg 768w, https:\/\/lignesauto.fr\/wp-content\/uploads\/2018\/07\/65477-370x274.jpg 370w\" sizes=\"(max-width: 854px) 100vw, 854px\" \/><\/p>\n<p>Ci-dessus, un &#8220;garage&#8221; Hoffman avec les marques Mercedes et Jaguar mises en avant. Pour cette derni\u00e8re, il demande \u00e0 Jaguar de changer le nom de la Type E en XKE pour le march\u00e9 am\u00e9ricain !<\/p>\n<p>&nbsp;<\/p>\n<h3><img loading=\"lazy\" decoding=\"async\" class=\"alignnone size-medium wp-image-4925\" src=\"http:\/\/lignesauto.fr\/wp-content\/uploads\/2018\/10\/LOGOArchives_BD-300x108.jpg\" alt=\"\" width=\"300\" height=\"108\" srcset=\"https:\/\/lignesauto.fr\/wp-content\/uploads\/2018\/10\/LOGOArchives_BD-300x108.jpg 300w, https:\/\/lignesauto.fr\/wp-content\/uploads\/2018\/10\/LOGOArchives_BD-768x276.jpg 768w, https:\/\/lignesauto.fr\/wp-content\/uploads\/2018\/10\/LOGOArchives_BD-1024x367.jpg 1024w, https:\/\/lignesauto.fr\/wp-content\/uploads\/2018\/10\/LOGOArchives_BD-370x133.jpg 370w, https:\/\/lignesauto.fr\/wp-content\/uploads\/2018\/10\/LOGOArchives_BD-1040x373.jpg 1040w, https:\/\/lignesauto.fr\/wp-content\/uploads\/2018\/10\/LOGOArchives_BD.jpg 1240w\" sizes=\"(max-width: 300px) 100vw, 300px\" \/><\/h3>\n","protected":false},"excerpt":{"rendered":"<p>On a l&#8217;habitude de lier le nom de Max Hoffman \u00e0 celui de Mercedes et de la prestigieuse 300 SL. Mais l&#8217;homme a fait affaire avec bien d&#8217;autres constructeurs&#8230; \u00c0 l&#8217;automne 1950, Ferry Porsche se rend \u00e0 Paris \u00e0 l&#8217;occasion du Salon de l&#8217;automobile et y rencontre notre homme. Porsche [&hellip;]<\/p>\n","protected":false},"author":1,"featured_media":3312,"comment_status":"open","ping_status":"open","sticky":false,"template":"","format":"standard","meta":{"footnotes":""},"categories":[1],"tags":[],"_links":{"self":[{"href":"https:\/\/lignesauto.fr\/index.php?rest_route=\/wp\/v2\/posts\/7209"}],"collection":[{"href":"https:\/\/lignesauto.fr\/index.php?rest_route=\/wp\/v2\/posts"}],"about":[{"href":"https:\/\/lignesauto.fr\/index.php?rest_route=\/wp\/v2\/types\/post"}],"author":[{"embeddable":true,"href":"https:\/\/lignesauto.fr\/index.php?rest_route=\/wp\/v2\/users\/1"}],"replies":[{"embeddable":true,"href":"https:\/\/lignesauto.fr\/index.php?rest_route=%2Fwp%2Fv2%2Fcomments&post=7209"}],"version-history":[{"count":1,"href":"https:\/\/lignesauto.fr\/index.php?rest_route=\/wp\/v2\/posts\/7209\/revisions"}],"predecessor-version":[{"id":7210,"href":"https:\/\/lignesauto.fr\/index.php?rest_route=\/wp\/v2\/posts\/7209\/revisions\/7210"}],"wp:featuredmedia":[{"embeddable":true,"href":"https:\/\/lignesauto.fr\/index.php?rest_route=\/wp\/v2\/media\/3312"}],"wp:attachment":[{"href":"https:\/\/lignesauto.fr\/index.php?rest_route=%2Fwp%2Fv2%2Fmedia&parent=7209"}],"wp:term":[{"taxonomy":"category","embeddable":true,"href":"https:\/\/lignesauto.fr\/index.php?rest_route=%2Fwp%2Fv2%2Fcategories&post=7209"},{"taxonomy":"post_tag","embeddable":true,"href":"https:\/\/lignesauto.fr\/index.php?rest_route=%2Fwp%2Fv2%2Ftags&post=7209"}],"curies":[{"name":"wp","href":"https:\/\/api.w.org\/{rel}","templated":true}]}}