{"id":7238,"date":"2019-01-29T10:02:51","date_gmt":"2019-01-29T09:02:51","guid":{"rendered":"http:\/\/lignesauto.fr\/?p=7238"},"modified":"2019-01-27T22:28:44","modified_gmt":"2019-01-27T21:28:44","slug":"clio-et-ses-soeurs-cachees-les-concept-cars-parfois-oublies","status":"publish","type":"post","link":"https:\/\/lignesauto.fr\/?p=7238","title":{"rendered":"Clio et ses soeurs cach\u00e9es : les concept-cars (parfois) oubli\u00e9s"},"content":{"rendered":"<h3><img loading=\"lazy\" decoding=\"async\" class=\"alignnone size-medium wp-image-4925\" src=\"http:\/\/lignesauto.fr\/wp-content\/uploads\/2018\/10\/LOGOArchives_BD-300x108.jpg\" alt=\"\" width=\"300\" height=\"108\" srcset=\"https:\/\/lignesauto.fr\/wp-content\/uploads\/2018\/10\/LOGOArchives_BD-300x108.jpg 300w, https:\/\/lignesauto.fr\/wp-content\/uploads\/2018\/10\/LOGOArchives_BD-768x276.jpg 768w, https:\/\/lignesauto.fr\/wp-content\/uploads\/2018\/10\/LOGOArchives_BD-1024x367.jpg 1024w, https:\/\/lignesauto.fr\/wp-content\/uploads\/2018\/10\/LOGOArchives_BD-370x133.jpg 370w, https:\/\/lignesauto.fr\/wp-content\/uploads\/2018\/10\/LOGOArchives_BD-1040x373.jpg 1040w, https:\/\/lignesauto.fr\/wp-content\/uploads\/2018\/10\/LOGOArchives_BD.jpg 1240w\" sizes=\"(max-width: 300px) 100vw, 300px\" \/><\/h3>\n<p>La Clio V vient donc de se d\u00e9barrasser de son camouflage de prototype pour appara\u00eetre au grand jour.<br \/>\nQuatre ans pour renouveler celle qui reste en t\u00eate des ventes fran\u00e7aises.<br \/>\nUne cinqui\u00e8me g\u00e9n\u00e9ration qui n&#8217;est \u00e9videmment pas sans \u00e9voquer la pr\u00e9c\u00e9dente, premi\u00e8re de la g\u00e9n\u00e9ration &#8220;Laurens van den Acker&#8221; qui relance un nouveau cycle. Un cycle plus conceptuel ? \u00a0<em>&#8220;Pour construire une marque, il faut une certaine constance sinon vous ne serez pas \u00ab\u00a0visibles\u00a0\u00bb sur tous les march\u00e9s. D\u2019o\u00f9 l\u2019importance d\u2019une identit\u00e9 qui doit s\u2019installer sur deux ou trois g\u00e9n\u00e9rations.\u00a0\u00bb<\/em><\/p>\n<p><a href=\"http:\/\/lignesauto.fr\/wp-content\/uploads\/2019\/01\/All-New-Renault-Clio_RS-Line-1.jpg\"><img loading=\"lazy\" decoding=\"async\" class=\"alignnone wp-image-7490 size-full\" src=\"http:\/\/lignesauto.fr\/wp-content\/uploads\/2019\/01\/All-New-Renault-Clio_RS-Line-1.jpg\" alt=\"\" width=\"850\" height=\"530\" srcset=\"https:\/\/lignesauto.fr\/wp-content\/uploads\/2019\/01\/All-New-Renault-Clio_RS-Line-1.jpg 850w, https:\/\/lignesauto.fr\/wp-content\/uploads\/2019\/01\/All-New-Renault-Clio_RS-Line-1-300x187.jpg 300w, https:\/\/lignesauto.fr\/wp-content\/uploads\/2019\/01\/All-New-Renault-Clio_RS-Line-1-768x479.jpg 768w, https:\/\/lignesauto.fr\/wp-content\/uploads\/2019\/01\/All-New-Renault-Clio_RS-Line-1-370x231.jpg 370w\" sizes=\"(max-width: 850px) 100vw, 850px\" \/><\/a><\/p>\n<p>Et puis il y a aussi les concept-cars qui peuvent aid\u00e9s \u00e0 installer ou approcher une nouvelle identit\u00e9. Il n&#8217;y en a eu aucun pour annoncer la Clio. Logique. Et pourtant, l&#8217;histoire de Renault est assez riche en prototypes de salon ayant gravit\u00e9 autour du concept de la &#8220;petite&#8221; Renault routi\u00e8re.<br \/>\n<em>Voici un survol de certains d&#8217;entre eux sans qui sans doute, la Clio n&#8217;aurait pas \u00e9t\u00e9 la Clio&#8230;<\/em><\/p>\n<p>&nbsp;<\/p>\n<h3><strong>La m\u00e8re de toutes les Clio modernes : l&#8217;Argos de 1994<\/strong><\/h3>\n<p><a href=\"http:\/\/lignesauto.fr\/wp-content\/uploads\/2019\/01\/AC238EVEgeneve401.jpg\"><img loading=\"lazy\" decoding=\"async\" class=\"alignnone wp-image-7260 size-full\" src=\"http:\/\/lignesauto.fr\/wp-content\/uploads\/2019\/01\/AC238EVEgeneve401.jpg\" alt=\"\" width=\"992\" height=\"715\" srcset=\"https:\/\/lignesauto.fr\/wp-content\/uploads\/2019\/01\/AC238EVEgeneve401.jpg 992w, https:\/\/lignesauto.fr\/wp-content\/uploads\/2019\/01\/AC238EVEgeneve401-300x216.jpg 300w, https:\/\/lignesauto.fr\/wp-content\/uploads\/2019\/01\/AC238EVEgeneve401-768x554.jpg 768w, https:\/\/lignesauto.fr\/wp-content\/uploads\/2019\/01\/AC238EVEgeneve401-370x267.jpg 370w\" sizes=\"(max-width: 992px) 100vw, 992px\" \/><\/a><\/p>\n<p>En 1994, Patrick le Qu\u00e9ment attaque sa sixi\u00e8me ann\u00e9e \u00e0 la t\u00eate du design Renault. Il a pris les commandes et a dynamis\u00e9 le centre de design de la marque avec toute une s\u00e9rie de concept-cars avant l&#8217;Argos : la grande berline Megane en 1988, le roadster Laguna en 1990 ou encore le concept Sc\u00e9nic en 1991.<br \/>\nMais en 1994, le patron du style veut marquer un grand coup et fusille les cr\u00e9ations bio-design mollasson en r\u00e9interpr\u00e9tant ce courant avec plus de ma\u00eetrise, voire avec une vision emprunte de th\u00e8mes chers \u00e0 l&#8217;\u00e9cole du Bauhaus. Cette petite voiture au design simple a \u00e9t\u00e9 dessin\u00e9e par Jean-Pierre Plou\u00e9. Tiens, on remarque les pr\u00e9mices des si\u00e8ges &#8220;bracelet de montre&#8221; des (alors) futures DS !<\/p>\n<p><a href=\"http:\/\/lignesauto.fr\/wp-content\/uploads\/2019\/01\/6-50.jpeg\"><img loading=\"lazy\" decoding=\"async\" class=\"alignnone wp-image-7241 size-large\" src=\"http:\/\/lignesauto.fr\/wp-content\/uploads\/2019\/01\/6-50-1024x743.jpeg\" alt=\"\" width=\"1024\" height=\"743\" srcset=\"https:\/\/lignesauto.fr\/wp-content\/uploads\/2019\/01\/6-50-1024x743.jpeg 1024w, https:\/\/lignesauto.fr\/wp-content\/uploads\/2019\/01\/6-50-300x218.jpeg 300w, https:\/\/lignesauto.fr\/wp-content\/uploads\/2019\/01\/6-50-768x557.jpeg 768w, https:\/\/lignesauto.fr\/wp-content\/uploads\/2019\/01\/6-50-370x269.jpeg 370w, https:\/\/lignesauto.fr\/wp-content\/uploads\/2019\/01\/6-50-1040x755.jpeg 1040w, https:\/\/lignesauto.fr\/wp-content\/uploads\/2019\/01\/6-50.jpeg 1134w\" sizes=\"(max-width: 1024px) 100vw, 1024px\" \/><\/a><\/p>\n<p><em>&#8220;L&#8217;esprit nouveau&#8221;<\/em> comme on pouvait le lire sur les flancs de l&#8217;Argos a-t-il inspir\u00e9 les designers d&#8217;Audi ? En 1998, le coup\u00e9 TT reprenait effectivement l&#8217;esprit (plus tr\u00e8s nouveau du coup&#8230;) de l&#8217;Argos&#8230; Cette derni\u00e8re avait pr\u00e9vu de pouvoir accueillir un passager \u00e0 l&#8217;arri\u00e8re, install\u00e9 de biais&#8230; Une solution que l&#8217;on retrouvera en 2010 sur un autre concept-car de petite voiture : la Zoe ci-dessous.<\/p>\n<p>&nbsp;<\/p>\n<p>&nbsp;<\/p>\n<h3><strong>Lilliputienne mais un peu copieuse : la Zoe de 2010<\/strong><\/h3>\n<p><a href=\"http:\/\/lignesauto.fr\/wp-content\/uploads\/2019\/01\/2947_Zo\u00c7.jpg\"><img loading=\"lazy\" decoding=\"async\" class=\"alignnone wp-image-7254 size-large\" src=\"http:\/\/lignesauto.fr\/wp-content\/uploads\/2019\/01\/2947_Zo\u00c7-1024x858.jpg\" alt=\"\" width=\"1024\" height=\"858\" srcset=\"https:\/\/lignesauto.fr\/wp-content\/uploads\/2019\/01\/2947_Zo\u00c7-1024x858.jpg 1024w, https:\/\/lignesauto.fr\/wp-content\/uploads\/2019\/01\/2947_Zo\u00c7-300x251.jpg 300w, https:\/\/lignesauto.fr\/wp-content\/uploads\/2019\/01\/2947_Zo\u00c7-768x643.jpg 768w, https:\/\/lignesauto.fr\/wp-content\/uploads\/2019\/01\/2947_Zo\u00c7-370x310.jpg 370w, https:\/\/lignesauto.fr\/wp-content\/uploads\/2019\/01\/2947_Zo\u00c7-1040x871.jpg 1040w\" sizes=\"(max-width: 1024px) 100vw, 1024px\" \/><\/a><\/p>\n<p>Le concept Zoe de 2010 aurait pu pr\u00e9tendre au renouvellement de la Twingo plut\u00f4t qu&#8217;\u00e0 celui de la Clio. Elle \u00e9tait \u00e0 la Clio ce qu&#8217;une Citro\u00ebn C2 \u00e9tait \u00e0 la C3. Mais la Zo\u00e9 emprunta donc son architecture des si\u00e8ges \u00e0 l&#8217;Argos pr\u00e9sent\u00e9e six ans plus t\u00f4t. Un grand travail d&#8217;ergonomie et de modularit\u00e9 de l&#8217;habitacle \u00e9tait pr\u00e9sent \u00e0 bord : tiroirs lat\u00e9raux sous les si\u00e8ges, portes coulissantes (comme la 1007&#8230;), petit &#8220;portillons&#8221; en verre, ouvrant sur le pavillon pour faciliter l&#8217;acc\u00e8s&#8230; Une voiture \u00e0 vivre, ce qu&#8217;est (re)devenue la Clio V.<\/p>\n<p><a href=\"http:\/\/lignesauto.fr\/wp-content\/uploads\/2019\/01\/2938_Zo\u00c7.jpg\"><img loading=\"lazy\" decoding=\"async\" class=\"alignnone wp-image-7253 size-large\" src=\"http:\/\/lignesauto.fr\/wp-content\/uploads\/2019\/01\/2938_Zo\u00c7-1024x709.jpg\" alt=\"\" width=\"1024\" height=\"709\" srcset=\"https:\/\/lignesauto.fr\/wp-content\/uploads\/2019\/01\/2938_Zo\u00c7-1024x709.jpg 1024w, https:\/\/lignesauto.fr\/wp-content\/uploads\/2019\/01\/2938_Zo\u00c7-300x208.jpg 300w, https:\/\/lignesauto.fr\/wp-content\/uploads\/2019\/01\/2938_Zo\u00c7-768x532.jpg 768w, https:\/\/lignesauto.fr\/wp-content\/uploads\/2019\/01\/2938_Zo\u00c7-370x256.jpg 370w, https:\/\/lignesauto.fr\/wp-content\/uploads\/2019\/01\/2938_Zo\u00c7-1040x721.jpg 1040w\" sizes=\"(max-width: 1024px) 100vw, 1024px\" \/><\/a><\/p>\n<p>La Renault Zoe n&#8217;aurait sans doute pas g\u00ean\u00e9 la Clio et elle aurait m\u00eame pu aller chercher la Toyota iQ n\u00e9e deux ans avant elle&#8230;<\/p>\n<p>&nbsp;<\/p>\n<p>&nbsp;<\/p>\n<h3><strong>Oubli\u00e9es mais intelligentes : les Be-Bop de 2003<\/strong><\/h3>\n<p><a href=\"http:\/\/lignesauto.fr\/wp-content\/uploads\/2019\/01\/1962_Be-Bop.jpg\"><img loading=\"lazy\" decoding=\"async\" class=\"alignnone wp-image-7249 size-large\" src=\"http:\/\/lignesauto.fr\/wp-content\/uploads\/2019\/01\/1962_Be-Bop-1024x684.jpg\" alt=\"\" width=\"1024\" height=\"684\" srcset=\"https:\/\/lignesauto.fr\/wp-content\/uploads\/2019\/01\/1962_Be-Bop-1024x684.jpg 1024w, https:\/\/lignesauto.fr\/wp-content\/uploads\/2019\/01\/1962_Be-Bop-300x200.jpg 300w, https:\/\/lignesauto.fr\/wp-content\/uploads\/2019\/01\/1962_Be-Bop-768x513.jpg 768w, https:\/\/lignesauto.fr\/wp-content\/uploads\/2019\/01\/1962_Be-Bop-370x247.jpg 370w, https:\/\/lignesauto.fr\/wp-content\/uploads\/2019\/01\/1962_Be-Bop-1040x695.jpg 1040w\" sizes=\"(max-width: 1024px) 100vw, 1024px\" \/><\/a><\/p>\n<p>Ce duo de concept-car reste quelque peu oubli\u00e9 dans la longue, histoire des concept-cars Renault. Il a pourtant explor\u00e9 un th\u00e8me qui allait devenir roi dans les ann\u00e9es 2010 : celui du SUV du segment B. Mais en 2003 lorsque les deux Be-Bop Renault apparaissent, la Clio 3 est encore \u00e0 l&#8217;\u00e9tude sous le nom de code X-85 (elle sortira en 2005) et il n&#8217;est pas question pour elle d&#8217;un d\u00e9riv\u00e9 cross-over. Tout juste servira-t-elle de base \u00e0 l&#8217;\u00e9laboration d&#8217;un break.<\/p>\n<p><a href=\"http:\/\/lignesauto.fr\/wp-content\/uploads\/2019\/01\/1954_Be-Bop.jpg\"><img loading=\"lazy\" decoding=\"async\" class=\"alignnone wp-image-7248 size-large\" src=\"http:\/\/lignesauto.fr\/wp-content\/uploads\/2019\/01\/1954_Be-Bop-1024x678.jpg\" alt=\"\" width=\"1024\" height=\"678\" srcset=\"https:\/\/lignesauto.fr\/wp-content\/uploads\/2019\/01\/1954_Be-Bop-1024x678.jpg 1024w, https:\/\/lignesauto.fr\/wp-content\/uploads\/2019\/01\/1954_Be-Bop-300x199.jpg 300w, https:\/\/lignesauto.fr\/wp-content\/uploads\/2019\/01\/1954_Be-Bop-768x509.jpg 768w, https:\/\/lignesauto.fr\/wp-content\/uploads\/2019\/01\/1954_Be-Bop-370x245.jpg 370w, https:\/\/lignesauto.fr\/wp-content\/uploads\/2019\/01\/1954_Be-Bop-1040x689.jpg 1040w\" sizes=\"(max-width: 1024px) 100vw, 1024px\" \/><\/a><\/p>\n<p>Alors les deux Be-Bop font aujourd&#8217;hui figure de concepts plut\u00f4t tr\u00e8s avant-gardistes, m\u00eame si le th\u00e8me esth\u00e9tique o\u00f9 la goutte d&#8217;eau est reine les date un peu ! Ils sont n\u00e9s sous la direction du responsable des concept-cars de l&#8217;\u00e9poque, Michel Jardin et revendiquaient une vision futuriste du monde des monospaces compacts. Une vision qui sentait d\u00e9j\u00e0 poindre la mainmise du concept SUV \u00e0 toutes les sauces. Avec ses 4,04 m de longueur, le Be-Bop SUV (dont un dessin plus extr\u00eame est publi\u00e9 ci-dessous) le Be-Bop aurait pu devenir la Clio des ann\u00e9es 2010&#8230;<\/p>\n<p><a href=\"http:\/\/lignesauto.fr\/wp-content\/uploads\/2019\/01\/1981_Be-Bop.jpg\"><img loading=\"lazy\" decoding=\"async\" class=\"alignnone wp-image-7251 size-large\" src=\"http:\/\/lignesauto.fr\/wp-content\/uploads\/2019\/01\/1981_Be-Bop-1024x759.jpg\" alt=\"\" width=\"1024\" height=\"759\" srcset=\"https:\/\/lignesauto.fr\/wp-content\/uploads\/2019\/01\/1981_Be-Bop-1024x759.jpg 1024w, https:\/\/lignesauto.fr\/wp-content\/uploads\/2019\/01\/1981_Be-Bop-300x222.jpg 300w, https:\/\/lignesauto.fr\/wp-content\/uploads\/2019\/01\/1981_Be-Bop-768x570.jpg 768w, https:\/\/lignesauto.fr\/wp-content\/uploads\/2019\/01\/1981_Be-Bop-370x274.jpg 370w, https:\/\/lignesauto.fr\/wp-content\/uploads\/2019\/01\/1981_Be-Bop-1040x771.jpg 1040w\" sizes=\"(max-width: 1024px) 100vw, 1024px\" \/><\/a><\/p>\n<p>Be-Bop aura eu un mince m\u00e9rite : celui d&#8217;officialiser une appellation que la version (tr\u00e8s) courte du Kangoo allait adopter pour une d\u00e9clinaison &#8220;v\u00e9hicule particulier&#8221; (ci-dessous) qui rencontra un flop retentissant malgr\u00e9 des solutions de modularit\u00e9 in\u00e9dites&#8230; On ne gagne pas \u00e0 tous les coups.<\/p>\n<p><a href=\"http:\/\/lignesauto.fr\/wp-content\/uploads\/2019\/01\/LIGNESBEBOP01.jpg\"><img loading=\"lazy\" decoding=\"async\" class=\"alignnone size-medium wp-image-7470\" src=\"http:\/\/lignesauto.fr\/wp-content\/uploads\/2019\/01\/LIGNESBEBOP01-300x158.jpg\" alt=\"\" width=\"300\" height=\"158\" srcset=\"https:\/\/lignesauto.fr\/wp-content\/uploads\/2019\/01\/LIGNESBEBOP01-300x158.jpg 300w, https:\/\/lignesauto.fr\/wp-content\/uploads\/2019\/01\/LIGNESBEBOP01-370x194.jpg 370w, https:\/\/lignesauto.fr\/wp-content\/uploads\/2019\/01\/LIGNESBEBOP01.jpg 617w\" sizes=\"(max-width: 300px) 100vw, 300px\" \/><\/a><a href=\"http:\/\/lignesauto.fr\/wp-content\/uploads\/2019\/01\/LIGNESBEBOP02.jpg\"><img loading=\"lazy\" decoding=\"async\" class=\"alignnone size-medium wp-image-7471\" src=\"http:\/\/lignesauto.fr\/wp-content\/uploads\/2019\/01\/LIGNESBEBOP02-300x74.jpg\" alt=\"\" width=\"300\" height=\"74\" srcset=\"https:\/\/lignesauto.fr\/wp-content\/uploads\/2019\/01\/LIGNESBEBOP02-300x74.jpg 300w, https:\/\/lignesauto.fr\/wp-content\/uploads\/2019\/01\/LIGNESBEBOP02-768x189.jpg 768w, https:\/\/lignesauto.fr\/wp-content\/uploads\/2019\/01\/LIGNESBEBOP02-1024x252.jpg 1024w, https:\/\/lignesauto.fr\/wp-content\/uploads\/2019\/01\/LIGNESBEBOP02-370x91.jpg 370w, https:\/\/lignesauto.fr\/wp-content\/uploads\/2019\/01\/LIGNESBEBOP02-1040x256.jpg 1040w, https:\/\/lignesauto.fr\/wp-content\/uploads\/2019\/01\/LIGNESBEBOP02.jpg 1196w\" sizes=\"(max-width: 300px) 100vw, 300px\" \/><\/a><\/p>\n<p>&nbsp;<\/p>\n<p>&nbsp;<\/p>\n<h3><strong>Branch\u00e9e et tellement sport : la ZOE E.V. de 2009<\/strong><\/h3>\n<p><a href=\"http:\/\/lignesauto.fr\/wp-content\/uploads\/2019\/01\/9424_-Renault-Zoe-Z.E.-.jpg\"><img loading=\"lazy\" decoding=\"async\" class=\"alignnone wp-image-7255 size-large\" src=\"http:\/\/lignesauto.fr\/wp-content\/uploads\/2019\/01\/9424_-Renault-Zoe-Z.E.--1024x453.jpg\" alt=\"\" width=\"1024\" height=\"453\" srcset=\"https:\/\/lignesauto.fr\/wp-content\/uploads\/2019\/01\/9424_-Renault-Zoe-Z.E.--1024x453.jpg 1024w, https:\/\/lignesauto.fr\/wp-content\/uploads\/2019\/01\/9424_-Renault-Zoe-Z.E.--300x133.jpg 300w, https:\/\/lignesauto.fr\/wp-content\/uploads\/2019\/01\/9424_-Renault-Zoe-Z.E.--768x339.jpg 768w, https:\/\/lignesauto.fr\/wp-content\/uploads\/2019\/01\/9424_-Renault-Zoe-Z.E.--370x164.jpg 370w, https:\/\/lignesauto.fr\/wp-content\/uploads\/2019\/01\/9424_-Renault-Zoe-Z.E.--1040x460.jpg 1040w\" sizes=\"(max-width: 1024px) 100vw, 1024px\" \/><\/a><\/p>\n<p>Zoe Z.E. concept a \u00e9t\u00e9 d\u00e9voil\u00e9e en 2009 lors d&#8217;un salon de Francfort m\u00e9morable pour Renault puisque le constructeur annon\u00e7ait sa grande offensive du v\u00e9hicule 100% \u00e9lectrique alors que ses concurrents h\u00e9sitaient encore \u00e0 investir dans l&#8217;hybride, voire l&#8217;hybride rechargeable. Son appellation allait \u00eatre retenue pour la premi\u00e8re Renault 100% \u00e9lectrique et qui appara\u00eetra en 2012\u00a0sur une plate-forme uniquement d\u00e9velopp\u00e9e pour l&#8217;\u00e9lectrique, contrairement aux autres &#8220;Zero Emission&#8221; du constructeur \u00e0 l&#8217;\u00e9poque.<\/p>\n<p><a href=\"http:\/\/lignesauto.fr\/wp-content\/uploads\/2019\/01\/10487_Zoe-Z.E.-Concept.jpg\"><img loading=\"lazy\" decoding=\"async\" class=\"alignnone wp-image-7256 size-large\" src=\"http:\/\/lignesauto.fr\/wp-content\/uploads\/2019\/01\/10487_Zoe-Z.E.-Concept-1024x578.jpg\" alt=\"\" width=\"1024\" height=\"578\" srcset=\"https:\/\/lignesauto.fr\/wp-content\/uploads\/2019\/01\/10487_Zoe-Z.E.-Concept-1024x578.jpg 1024w, https:\/\/lignesauto.fr\/wp-content\/uploads\/2019\/01\/10487_Zoe-Z.E.-Concept-300x169.jpg 300w, https:\/\/lignesauto.fr\/wp-content\/uploads\/2019\/01\/10487_Zoe-Z.E.-Concept-768x434.jpg 768w, https:\/\/lignesauto.fr\/wp-content\/uploads\/2019\/01\/10487_Zoe-Z.E.-Concept-370x209.jpg 370w, https:\/\/lignesauto.fr\/wp-content\/uploads\/2019\/01\/10487_Zoe-Z.E.-Concept-1040x587.jpg 1040w\" sizes=\"(max-width: 1024px) 100vw, 1024px\" \/><\/a><\/p>\n<p>Ce concept-car innovait autant \u00e0 l&#8217;ext\u00e9rieur (inspiration 4CV du futur ?) qu&#8217;\u00e0 l&#8217;int\u00e9rieur inspir\u00e9 lui de l&#8217;univers des &#8220;Manga&#8221; japonais.\u00a0Les si\u00e8ges de cette Zoe Z.E. disposaient de dossiers fix\u00e9s&#8230; au pavillon donnant cette agr\u00e9able sensation de &#8220;flotter&#8221; au dessus des assises. Avec ses 4 m de longueur, Zoe Z.E. a certes donn\u00e9 naissance \u00e0 la Zo\u00e9 de s\u00e9rie mais sa silhouette de coup\u00e9 aurait sans doute fait un tabac dans la gamme Renault. Un coup\u00e9 Clio ? Pourquoi pas puisqu&#8217;une Renault 5 (ci-dessous) avait \u00e9t\u00e9 \u00e9tudi\u00e9 \u00e0 l&#8217;\u00e9poque de Robert Opron. Je vous parle d&#8217;un temps&#8230;<\/p>\n<p><a href=\"http:\/\/lignesauto.fr\/wp-content\/uploads\/2019\/01\/LIGNESR5COUPE.jpg\"><img loading=\"lazy\" decoding=\"async\" class=\"alignnone size-medium wp-image-7475\" src=\"http:\/\/lignesauto.fr\/wp-content\/uploads\/2019\/01\/LIGNESR5COUPE-300x150.jpg\" alt=\"\" width=\"300\" height=\"150\" srcset=\"https:\/\/lignesauto.fr\/wp-content\/uploads\/2019\/01\/LIGNESR5COUPE-300x150.jpg 300w, https:\/\/lignesauto.fr\/wp-content\/uploads\/2019\/01\/LIGNESR5COUPE-768x385.jpg 768w, https:\/\/lignesauto.fr\/wp-content\/uploads\/2019\/01\/LIGNESR5COUPE-1024x513.jpg 1024w, https:\/\/lignesauto.fr\/wp-content\/uploads\/2019\/01\/LIGNESR5COUPE-370x185.jpg 370w, https:\/\/lignesauto.fr\/wp-content\/uploads\/2019\/01\/LIGNESR5COUPE-1040x521.jpg 1040w, https:\/\/lignesauto.fr\/wp-content\/uploads\/2019\/01\/LIGNESR5COUPE.jpg 1417w\" sizes=\"(max-width: 300px) 100vw, 300px\" \/><\/a><\/p>\n<p>&nbsp;<\/p>\n<p>&nbsp;<\/p>\n<h3><strong>Des g\u00e8nes de Modus dans l&#8217;Ellipse de 2002<\/strong><\/h3>\n<p><a href=\"http:\/\/lignesauto.fr\/wp-content\/uploads\/2019\/01\/26.jpg\"><img loading=\"lazy\" decoding=\"async\" class=\"alignnone wp-image-7242 size-full\" src=\"http:\/\/lignesauto.fr\/wp-content\/uploads\/2019\/01\/26.jpg\" alt=\"\" width=\"840\" height=\"594\" srcset=\"https:\/\/lignesauto.fr\/wp-content\/uploads\/2019\/01\/26.jpg 840w, https:\/\/lignesauto.fr\/wp-content\/uploads\/2019\/01\/26-300x212.jpg 300w, https:\/\/lignesauto.fr\/wp-content\/uploads\/2019\/01\/26-768x543.jpg 768w, https:\/\/lignesauto.fr\/wp-content\/uploads\/2019\/01\/26-370x262.jpg 370w\" sizes=\"(max-width: 840px) 100vw, 840px\" \/><\/a><\/p>\n<p>Le concept Z13 pr\u00e9figurait la future Renault monospace du segment B qui deviendra la Modus. Mais cette derni\u00e8re, trop courte et au coffre riquiqui, fut second\u00e9e par une silhouette allong\u00e9e. Elle a quitt\u00e9 le catalogue lorsque la Captur de l&#8217;\u00e8re van den Acker est arriv\u00e9e. Le monospace du segment B \u00e9tait alors consid\u00e9r\u00e9 comme moribond et fut remplac\u00e9 par une silhouette cross over. Pourtant, l&#8217;Ellipse est int\u00e9ressante \u00e0 plus d&#8217;un titre.<\/p>\n<p><a href=\"http:\/\/lignesauto.fr\/wp-content\/uploads\/2019\/01\/27.jpg\"><img loading=\"lazy\" decoding=\"async\" class=\"alignnone wp-image-7243 size-full\" src=\"http:\/\/lignesauto.fr\/wp-content\/uploads\/2019\/01\/27.jpg\" alt=\"\" width=\"840\" height=\"594\" srcset=\"https:\/\/lignesauto.fr\/wp-content\/uploads\/2019\/01\/27.jpg 840w, https:\/\/lignesauto.fr\/wp-content\/uploads\/2019\/01\/27-300x212.jpg 300w, https:\/\/lignesauto.fr\/wp-content\/uploads\/2019\/01\/27-768x543.jpg 768w, https:\/\/lignesauto.fr\/wp-content\/uploads\/2019\/01\/27-370x262.jpg 370w\" sizes=\"(max-width: 840px) 100vw, 840px\" \/><\/a><\/p>\n<p>Voici dix-sept ans d\u00e9j\u00e0, elle ouvrait la voie au concept monovolume dans la sph\u00e8re des petites voitures. Apr\u00e8s l&#8217;Espace, le Sc\u00e9nic et la Twingo, Renault installait un concept \u00e0 mi-chemin entre ces deux derni\u00e8res. Rondouillarde, on pouvait dire que l&#8217;Ellipse (qui portait bien son nom) \u00e9tait issue du courant du bio-design ma\u00eetris\u00e9 par de franches lignes droites dans un univers de courbes. L&#8217;objet est plut\u00f4t lisse, comme un i-Pod n\u00e9 seulement un an auparavant. Technique et tr\u00e8s architectur\u00e9, le design adopte \u00e9galement l&#8217;arri\u00e8re caract\u00e9ristique des concept-cars Renault de cette veine et qui apparut en s\u00e9rie sur la M\u00e9gane 2 de 2002.<\/p>\n<p><a href=\"http:\/\/lignesauto.fr\/wp-content\/uploads\/2019\/01\/1278_Ellypse.jpg\"><img loading=\"lazy\" decoding=\"async\" class=\"alignnone wp-image-7247 size-large\" src=\"http:\/\/lignesauto.fr\/wp-content\/uploads\/2019\/01\/1278_Ellypse-1024x684.jpg\" alt=\"\" width=\"1024\" height=\"684\" srcset=\"https:\/\/lignesauto.fr\/wp-content\/uploads\/2019\/01\/1278_Ellypse-1024x684.jpg 1024w, https:\/\/lignesauto.fr\/wp-content\/uploads\/2019\/01\/1278_Ellypse-300x200.jpg 300w, https:\/\/lignesauto.fr\/wp-content\/uploads\/2019\/01\/1278_Ellypse-768x513.jpg 768w, https:\/\/lignesauto.fr\/wp-content\/uploads\/2019\/01\/1278_Ellypse-370x247.jpg 370w, https:\/\/lignesauto.fr\/wp-content\/uploads\/2019\/01\/1278_Ellypse-1040x695.jpg 1040w\" sizes=\"(max-width: 1024px) 100vw, 1024px\" \/><\/a><\/p>\n<p>L&#8217;habitacle d\u00e9pouill\u00e9 bien que moderne met en avant de nombreuses modularit\u00e9s. Le planche de l&#8217;habitacle prend une forme de vague et les si\u00e8ges peuvent s&#8217;incliner totalement pour offrir deux couchettes. L&#8217;Ellipse lance ainsi la &#8220;mode&#8221; des monospaces du segment B. Opel, Ford, Citro\u00ebn et tant d&#8217;autres suivront cette voie mais tous l&#8217;abandonneront au profit d&#8217;un concept m\u00e2tin\u00e9 de SUV&#8230;<\/p>\n<p>&nbsp;<\/p>\n<h3><strong>La Clio \u00e0 deux portes <em>r\u00e9tro<\/em> dont on a r\u00eav\u00e9e : Fiftie de 1996<\/strong><\/h3>\n<p><a href=\"http:\/\/lignesauto.fr\/wp-content\/uploads\/2019\/01\/304_Fiftie.jpg\"><img loading=\"lazy\" decoding=\"async\" class=\"alignnone wp-image-7245 size-large\" src=\"http:\/\/lignesauto.fr\/wp-content\/uploads\/2019\/01\/304_Fiftie-1024x678.jpg\" alt=\"\" width=\"1024\" height=\"678\" srcset=\"https:\/\/lignesauto.fr\/wp-content\/uploads\/2019\/01\/304_Fiftie-1024x678.jpg 1024w, https:\/\/lignesauto.fr\/wp-content\/uploads\/2019\/01\/304_Fiftie-300x199.jpg 300w, https:\/\/lignesauto.fr\/wp-content\/uploads\/2019\/01\/304_Fiftie-768x509.jpg 768w, https:\/\/lignesauto.fr\/wp-content\/uploads\/2019\/01\/304_Fiftie-370x245.jpg 370w, https:\/\/lignesauto.fr\/wp-content\/uploads\/2019\/01\/304_Fiftie-1040x689.jpg 1040w\" sizes=\"(max-width: 1024px) 100vw, 1024px\" \/><\/a><\/p>\n<p>Cela restera toujours un grand myst\u00e8re : pourquoi Renault n&#8217;a-t-il pas profiter de l&#8217;engouement des <em>revival<\/em> pour industrialiser sa Fiftie ?<br \/>\n\u00c9videmment, les investissements auraient \u00e9t\u00e9 sans doute cons\u00e9quent mais les solutions existaient pour transformer ce concept con\u00e7u sur la base d&#8217;un Spider Renault (\u00e0 moteur arri\u00e8re) et l&#8217;adapter \u00e0 la plateforme de la Clio. La Fiat 500 d&#8217;origine avait elle aussi son petit moteur \u00e0 l&#8217;arri\u00e8re mais la 500 <em>revival<\/em>\u00a0l&#8217;avait bien \u00e0 l&#8217;avant !<\/p>\n<p><a href=\"http:\/\/lignesauto.fr\/wp-content\/uploads\/2019\/01\/306_Fiftie.jpg\"><img loading=\"lazy\" decoding=\"async\" class=\"alignnone wp-image-7246 size-large\" src=\"http:\/\/lignesauto.fr\/wp-content\/uploads\/2019\/01\/306_Fiftie-1024x675.jpg\" alt=\"\" width=\"1024\" height=\"675\" srcset=\"https:\/\/lignesauto.fr\/wp-content\/uploads\/2019\/01\/306_Fiftie-1024x675.jpg 1024w, https:\/\/lignesauto.fr\/wp-content\/uploads\/2019\/01\/306_Fiftie-300x198.jpg 300w, https:\/\/lignesauto.fr\/wp-content\/uploads\/2019\/01\/306_Fiftie-768x506.jpg 768w, https:\/\/lignesauto.fr\/wp-content\/uploads\/2019\/01\/306_Fiftie-370x244.jpg 370w, https:\/\/lignesauto.fr\/wp-content\/uploads\/2019\/01\/306_Fiftie-1040x686.jpg 1040w\" sizes=\"(max-width: 1024px) 100vw, 1024px\" \/><\/a><\/p>\n<p>Bref, la Fiftie enfant\u00e9e par Beno\u00eet Jacob restera \u00e0 l&#8217;\u00e9tat de concept et ne deviendra jamais cette 4cv des temps modernes.<br \/>\nSon int\u00e9rieur en rotin avec une planche de bord d\u00e9pouill\u00e9e se caract\u00e9risait par ses deux colonnes de part et d&#8217;autre de l&#8217;habitacle et son instrumentation centrale tr\u00e8s vintage. Aujourd&#8217;hui, Laurens van Den Acker a rendu hommage non pas \u00e0 la 4cv mais \u00e0 la R5 Turbo de 1978-1980 avec la derni\u00e8re g\u00e9n\u00e9ration de Twingo. Mince consolation&#8230;<\/p>\n<h3><img loading=\"lazy\" decoding=\"async\" class=\"alignnone size-medium wp-image-4925\" src=\"http:\/\/lignesauto.fr\/wp-content\/uploads\/2018\/10\/LOGOArchives_BD-300x108.jpg\" alt=\"\" width=\"300\" height=\"108\" srcset=\"https:\/\/lignesauto.fr\/wp-content\/uploads\/2018\/10\/LOGOArchives_BD-300x108.jpg 300w, https:\/\/lignesauto.fr\/wp-content\/uploads\/2018\/10\/LOGOArchives_BD-768x276.jpg 768w, https:\/\/lignesauto.fr\/wp-content\/uploads\/2018\/10\/LOGOArchives_BD-1024x367.jpg 1024w, https:\/\/lignesauto.fr\/wp-content\/uploads\/2018\/10\/LOGOArchives_BD-370x133.jpg 370w, https:\/\/lignesauto.fr\/wp-content\/uploads\/2018\/10\/LOGOArchives_BD-1040x373.jpg 1040w, https:\/\/lignesauto.fr\/wp-content\/uploads\/2018\/10\/LOGOArchives_BD.jpg 1240w\" sizes=\"(max-width: 300px) 100vw, 300px\" \/><\/h3>\n","protected":false},"excerpt":{"rendered":"<p>La Clio V vient donc de se d\u00e9barrasser de son camouflage de prototype pour appara\u00eetre au grand jour. Quatre ans pour renouveler celle qui reste en t\u00eate des ventes fran\u00e7aises. Une cinqui\u00e8me g\u00e9n\u00e9ration qui n&#8217;est \u00e9videmment pas sans \u00e9voquer la pr\u00e9c\u00e9dente, premi\u00e8re de la g\u00e9n\u00e9ration &#8220;Laurens van den Acker&#8221; qui [&hellip;]<\/p>\n","protected":false},"author":1,"featured_media":7250,"comment_status":"open","ping_status":"open","sticky":false,"template":"","format":"standard","meta":{"footnotes":""},"categories":[1],"tags":[],"_links":{"self":[{"href":"https:\/\/lignesauto.fr\/index.php?rest_route=\/wp\/v2\/posts\/7238"}],"collection":[{"href":"https:\/\/lignesauto.fr\/index.php?rest_route=\/wp\/v2\/posts"}],"about":[{"href":"https:\/\/lignesauto.fr\/index.php?rest_route=\/wp\/v2\/types\/post"}],"author":[{"embeddable":true,"href":"https:\/\/lignesauto.fr\/index.php?rest_route=\/wp\/v2\/users\/1"}],"replies":[{"embeddable":true,"href":"https:\/\/lignesauto.fr\/index.php?rest_route=%2Fwp%2Fv2%2Fcomments&post=7238"}],"version-history":[{"count":29,"href":"https:\/\/lignesauto.fr\/index.php?rest_route=\/wp\/v2\/posts\/7238\/revisions"}],"predecessor-version":[{"id":7516,"href":"https:\/\/lignesauto.fr\/index.php?rest_route=\/wp\/v2\/posts\/7238\/revisions\/7516"}],"wp:featuredmedia":[{"embeddable":true,"href":"https:\/\/lignesauto.fr\/index.php?rest_route=\/wp\/v2\/media\/7250"}],"wp:attachment":[{"href":"https:\/\/lignesauto.fr\/index.php?rest_route=%2Fwp%2Fv2%2Fmedia&parent=7238"}],"wp:term":[{"taxonomy":"category","embeddable":true,"href":"https:\/\/lignesauto.fr\/index.php?rest_route=%2Fwp%2Fv2%2Fcategories&post=7238"},{"taxonomy":"post_tag","embeddable":true,"href":"https:\/\/lignesauto.fr\/index.php?rest_route=%2Fwp%2Fv2%2Ftags&post=7238"}],"curies":[{"name":"wp","href":"https:\/\/api.w.org\/{rel}","templated":true}]}}