{"id":7301,"date":"2019-01-28T10:00:30","date_gmt":"2019-01-28T09:00:30","guid":{"rendered":"http:\/\/lignesauto.fr\/?p=7301"},"modified":"2019-01-27T22:19:18","modified_gmt":"2019-01-27T21:19:18","slug":"nouvelle-clio-bienvenue-a-bord","status":"publish","type":"post","link":"https:\/\/lignesauto.fr\/?p=7301","title":{"rendered":"Nouvelle Renault Clio : bienvenue \u00e0 bord"},"content":{"rendered":"<p><a href=\"http:\/\/lignesauto.fr\/wp-content\/uploads\/2018\/10\/LOGOActus_BD.jpg\"><img loading=\"lazy\" decoding=\"async\" class=\"alignnone size-medium wp-image-4921\" src=\"http:\/\/lignesauto.fr\/wp-content\/uploads\/2018\/10\/LOGOActus_BD-300x108.jpg\" alt=\"\" width=\"300\" height=\"108\" srcset=\"https:\/\/lignesauto.fr\/wp-content\/uploads\/2018\/10\/LOGOActus_BD-300x108.jpg 300w, https:\/\/lignesauto.fr\/wp-content\/uploads\/2018\/10\/LOGOActus_BD-768x276.jpg 768w, https:\/\/lignesauto.fr\/wp-content\/uploads\/2018\/10\/LOGOActus_BD-1024x367.jpg 1024w, https:\/\/lignesauto.fr\/wp-content\/uploads\/2018\/10\/LOGOActus_BD-370x133.jpg 370w, https:\/\/lignesauto.fr\/wp-content\/uploads\/2018\/10\/LOGOActus_BD-1040x373.jpg 1040w, https:\/\/lignesauto.fr\/wp-content\/uploads\/2018\/10\/LOGOActus_BD.jpg 1240w\" sizes=\"(max-width: 300px) 100vw, 300px\" \/><\/a><\/p>\n<p><strong>La Renault Clio de la cinqui\u00e8me g\u00e9n\u00e9ration arrive !<\/strong><br \/>\nElle sera l&#8217;une des vedettes du salon de Gen\u00e8ve en mars aux c\u00f4t\u00e9s de sa rivale de toujours, la nouvelle Peugeot 208.<\/p>\n<p><a href=\"http:\/\/lignesauto.fr\/wp-content\/uploads\/2019\/01\/9-All-New-Renault-Clio-Interior-Project-Genesis.jpg\"><img loading=\"lazy\" decoding=\"async\" class=\"alignnone wp-image-7350 size-full\" src=\"http:\/\/lignesauto.fr\/wp-content\/uploads\/2019\/01\/9-All-New-Renault-Clio-Interior-Project-Genesis.jpg\" alt=\"\" width=\"992\" height=\"533\" srcset=\"https:\/\/lignesauto.fr\/wp-content\/uploads\/2019\/01\/9-All-New-Renault-Clio-Interior-Project-Genesis.jpg 992w, https:\/\/lignesauto.fr\/wp-content\/uploads\/2019\/01\/9-All-New-Renault-Clio-Interior-Project-Genesis-300x161.jpg 300w, https:\/\/lignesauto.fr\/wp-content\/uploads\/2019\/01\/9-All-New-Renault-Clio-Interior-Project-Genesis-768x413.jpg 768w, https:\/\/lignesauto.fr\/wp-content\/uploads\/2019\/01\/9-All-New-Renault-Clio-Interior-Project-Genesis-370x199.jpg 370w\" sizes=\"(max-width: 992px) 100vw, 992px\" \/><\/a><\/p>\n<p>Avant de nous faire d\u00e9couvrir demain matin sur ce site toutes les photos et vid\u00e9os de sa Clio 2019,\u00a0Renault nous plonge aujourd&#8217;hui \u00e0 bord de cette cinqui\u00e8me g\u00e9n\u00e9ration.<br \/>\nLe Directeur du Design Renault, Laurens van den Acker \u00a0&#8211; dont nous avons publi\u00e9 l&#8217;interview sur ce site : \u00a0<a href=\"http:\/\/lignesauto.fr\/?p=6880\">http:\/\/lignesauto.fr\/?p=6880<\/a>\u00a0&#8211; nous confirmait voici peu que la r\u00e9volution de cette cinqui\u00e8me g\u00e9n\u00e9ration de Clio, c&#8217;est qu&#8217;il n&#8217;y a pas de r\u00e9volution !\u00a0En ajoutant quand m\u00eame que le design int\u00e9rieur serait totalement revu.<br \/>\nIl est clair que face \u00e0 sa rivale Peugeot 208, son&#8221; i-cockpit&#8221; et sa qualit\u00e9 per\u00e7ue \u00e0 bord, Renault se devait de franchir un gap. Voil\u00e0 qui est fait.<br \/>\nAu &#8220;i-Cockpit&#8221; de Peugeot, Renault oppose son &#8220;Smart Cockpit&#8221;.\u00a0Petite <em>gu\u00e9guerre<\/em> des appellations avec d&#8217;un c\u00f4t\u00e9 l&#8217;aspect technologique, de l&#8217;autre un univers plus convivial. Mais ce ne sont que des mots.\u00a0Place aux r\u00e9v\u00e9lations : bienvenue \u00e0 bord !<\/p>\n<p><a href=\"http:\/\/lignesauto.fr\/wp-content\/uploads\/2019\/01\/3-All-New-Renault-Clio_Intens-3.jpg\"><img loading=\"lazy\" decoding=\"async\" class=\"alignnone wp-image-7345 size-full\" src=\"http:\/\/lignesauto.fr\/wp-content\/uploads\/2019\/01\/3-All-New-Renault-Clio_Intens-3.jpg\" alt=\"\" width=\"851\" height=\"523\" srcset=\"https:\/\/lignesauto.fr\/wp-content\/uploads\/2019\/01\/3-All-New-Renault-Clio_Intens-3.jpg 851w, https:\/\/lignesauto.fr\/wp-content\/uploads\/2019\/01\/3-All-New-Renault-Clio_Intens-3-300x184.jpg 300w, https:\/\/lignesauto.fr\/wp-content\/uploads\/2019\/01\/3-All-New-Renault-Clio_Intens-3-768x472.jpg 768w, https:\/\/lignesauto.fr\/wp-content\/uploads\/2019\/01\/3-All-New-Renault-Clio_Intens-3-370x227.jpg 370w\" sizes=\"(max-width: 851px) 100vw, 851px\" \/><\/a><\/p>\n<p>Pour monter \u00e0 bord de la nouvelle Clio, c&#8217;est ici :\u00a0<a href=\"https:\/\/www.youtube.com\/watch?v=Qe29kHZYvxM\">https:\/\/www.youtube.com\/watch?v=Qe29kHZYvxM<\/a><\/p>\n<p>La plateforme CMF-B de l&#8217;Alliance a redistribu\u00e9 les cartes en termes d&#8217;architecture des diff\u00e9rentes cha\u00eenes de traction ou de l&#8217;implantation des modules.<br \/>\nAinsi, la position de conduite semble avoir \u00e9t\u00e9 sensiblement am\u00e9lior\u00e9e. A bord, le dessin de ce nouveau &#8220;Smart Cockpit&#8221; adopte une casquette en forme de vague pour accentuer l\u2019impression de largeur de la voiture. La planche conforte cette impression en empi\u00e9tant, dans sa partie sup\u00e9rieure, sur les contre-portes.<\/p>\n<p><a href=\"http:\/\/lignesauto.fr\/wp-content\/uploads\/2019\/01\/2-All-New-Renault-Clio_Intens-2.jpg\"><img loading=\"lazy\" decoding=\"async\" class=\"alignnone wp-image-7344 size-full\" src=\"http:\/\/lignesauto.fr\/wp-content\/uploads\/2019\/01\/2-All-New-Renault-Clio_Intens-2.jpg\" alt=\"\" width=\"850\" height=\"567\" srcset=\"https:\/\/lignesauto.fr\/wp-content\/uploads\/2019\/01\/2-All-New-Renault-Clio_Intens-2.jpg 850w, https:\/\/lignesauto.fr\/wp-content\/uploads\/2019\/01\/2-All-New-Renault-Clio_Intens-2-300x200.jpg 300w, https:\/\/lignesauto.fr\/wp-content\/uploads\/2019\/01\/2-All-New-Renault-Clio_Intens-2-768x512.jpg 768w, https:\/\/lignesauto.fr\/wp-content\/uploads\/2019\/01\/2-All-New-Renault-Clio_Intens-2-370x247.jpg 370w\" sizes=\"(max-width: 850px) 100vw, 850px\" \/><\/a><\/p>\n<p>Avant m\u00eame d&#8217;\u00e9voquer le nouveau dessin et les nouveaux mat\u00e9riaux de cet habitacle, penchons-nous sur l&#8217;\u00e9cran implant\u00e9 en position centrale de la planche, plagiant un peu l&#8217;architecture d&#8217;une&#8230; Tesla. C&#8217;est d&#8217;apr\u00e8s Renault le plus grand de sa cat\u00e9gorie. <em>&#8220;Il sert une ergonomie r\u00e9solument moderne pour une exp\u00e9rience de conduite plus immersive&#8221;.\u00a0<\/em><\/p>\n<p><a href=\"http:\/\/lignesauto.fr\/wp-content\/uploads\/2019\/01\/6-All-New-Renault-Clio_RS-Line-1.jpg\"><img loading=\"lazy\" decoding=\"async\" class=\"alignnone wp-image-7348 size-full\" src=\"http:\/\/lignesauto.fr\/wp-content\/uploads\/2019\/01\/6-All-New-Renault-Clio_RS-Line-1.jpg\" alt=\"\" width=\"851\" height=\"624\" srcset=\"https:\/\/lignesauto.fr\/wp-content\/uploads\/2019\/01\/6-All-New-Renault-Clio_RS-Line-1.jpg 851w, https:\/\/lignesauto.fr\/wp-content\/uploads\/2019\/01\/6-All-New-Renault-Clio_RS-Line-1-300x220.jpg 300w, https:\/\/lignesauto.fr\/wp-content\/uploads\/2019\/01\/6-All-New-Renault-Clio_RS-Line-1-768x563.jpg 768w, https:\/\/lignesauto.fr\/wp-content\/uploads\/2019\/01\/6-All-New-Renault-Clio_RS-Line-1-370x271.jpg 370w\" sizes=\"(max-width: 851px) 100vw, 851px\" \/><\/a><\/p>\n<p>\u00c9l\u00e9ment fondateur du \u00ab\u00a0Smart Cockpit\u00a0\u00bb, cet \u00e9cran multim\u00e9dia est d&#8217;une taille tr\u00e8s g\u00e9n\u00e9reuse (9,3 pouces soit deux fois plus grand que la version 7 pouces) et devient du m\u00eame coup le plus grand jamais propos\u00e9 dans la gamme Renault qui pr\u00e9cise que <em>&#8220;cette tablette verticale l\u00e9g\u00e8rement courb\u00e9e, inspir\u00e9e de celle d\u2019Espace, agrandit visuellement la planche de bord et am\u00e9liore la lisibilit\u00e9 de son \u00e9cran. Orient\u00e9e vers le conducteur, elle propose avec son nouveau syst\u00e8me connect\u00e9 &#8220;EASY LINK&#8221; l\u2019ensemble des prestations multim\u00e9dia, de navigation et \u00ab\u00a0d\u2019infotainment\u00a0\u00bb, mais aussi les r\u00e9glages &#8220;MULTI-SENSE&#8221;, en toute simplicit\u00e9<\/em>.&#8221;<\/p>\n<p><a href=\"http:\/\/lignesauto.fr\/wp-content\/uploads\/2019\/01\/4-All-New-Renault-Clio_Intens-4.jpg\"><img loading=\"lazy\" decoding=\"async\" class=\"alignnone wp-image-7346 size-full\" src=\"http:\/\/lignesauto.fr\/wp-content\/uploads\/2019\/01\/4-All-New-Renault-Clio_Intens-4.jpg\" alt=\"\" width=\"851\" height=\"639\" srcset=\"https:\/\/lignesauto.fr\/wp-content\/uploads\/2019\/01\/4-All-New-Renault-Clio_Intens-4.jpg 851w, https:\/\/lignesauto.fr\/wp-content\/uploads\/2019\/01\/4-All-New-Renault-Clio_Intens-4-300x225.jpg 300w, https:\/\/lignesauto.fr\/wp-content\/uploads\/2019\/01\/4-All-New-Renault-Clio_Intens-4-768x577.jpg 768w, https:\/\/lignesauto.fr\/wp-content\/uploads\/2019\/01\/4-All-New-Renault-Clio_Intens-4-370x278.jpg 370w\" sizes=\"(max-width: 851px) 100vw, 851px\" \/><\/a><\/p>\n<p>Le &#8220;Smart Cockpit&#8221; de Renault n&#8217;est certes pas aussi novateur que le i-Cockpit de Peugeot en termes d&#8217;architecture (le combin\u00e9 d&#8217;instrumentation reste implant\u00e9 &#8220;derri\u00e8re&#8221; le volant et non &#8220;au-dessus&#8221;) mais les designers emmen\u00e9s par Laurens van den Acker ont quand m\u00eame retenu une belle id\u00e9e du concept Peugeot : des boutons de commandes \u00ab\u00a0piano\u00a0\u00bb \u00a0(ci-dessous) apparaissent et sont log\u00e9s juste en dessous la tablette.<\/p>\n<p><a href=\"http:\/\/lignesauto.fr\/wp-content\/uploads\/2019\/01\/DETAIL01.png\"><img loading=\"lazy\" decoding=\"async\" class=\"alignnone wp-image-7429 size-full\" src=\"http:\/\/lignesauto.fr\/wp-content\/uploads\/2019\/01\/DETAIL01.png\" alt=\"\" width=\"992\" height=\"793\" srcset=\"https:\/\/lignesauto.fr\/wp-content\/uploads\/2019\/01\/DETAIL01.png 992w, https:\/\/lignesauto.fr\/wp-content\/uploads\/2019\/01\/DETAIL01-300x240.png 300w, https:\/\/lignesauto.fr\/wp-content\/uploads\/2019\/01\/DETAIL01-768x614.png 768w, https:\/\/lignesauto.fr\/wp-content\/uploads\/2019\/01\/DETAIL01-370x296.png 370w\" sizes=\"(max-width: 992px) 100vw, 992px\" \/><\/a><\/p>\n<p>La Clio V int\u00e8gre un \u00e9cran num\u00e9rique en lieu et place des compteurs analogiques. Cette dalle TFT de 7 \u00e0 10 pouces peut \u00eatre personnalis\u00e9e d\u2019une fa\u00e7on tr\u00e8s intuitive.<br \/>\nLa version 10 pouces int\u00e9grera la navigation GPS \u00e0 son affichage. Avec ses deux \u00e9crans 9,3 et 10 pouces, la Clio proposera ainsi les plus grands \u00e9crans de sa cat\u00e9gorie.<\/p>\n<p><a href=\"http:\/\/lignesauto.fr\/wp-content\/uploads\/2019\/01\/ECRAN01.png\"><img loading=\"lazy\" decoding=\"async\" class=\"alignnone wp-image-7425 size-full\" src=\"http:\/\/lignesauto.fr\/wp-content\/uploads\/2019\/01\/ECRAN01.png\" alt=\"\" width=\"992\" height=\"613\" srcset=\"https:\/\/lignesauto.fr\/wp-content\/uploads\/2019\/01\/ECRAN01.png 992w, https:\/\/lignesauto.fr\/wp-content\/uploads\/2019\/01\/ECRAN01-300x185.png 300w, https:\/\/lignesauto.fr\/wp-content\/uploads\/2019\/01\/ECRAN01-768x475.png 768w, https:\/\/lignesauto.fr\/wp-content\/uploads\/2019\/01\/ECRAN01-370x229.png 370w\" sizes=\"(max-width: 992px) 100vw, 992px\" \/><\/a><\/p>\n<p><a href=\"http:\/\/lignesauto.fr\/wp-content\/uploads\/2019\/01\/ECRAN03.png\"><img loading=\"lazy\" decoding=\"async\" class=\"alignnone wp-image-7427 size-full\" src=\"http:\/\/lignesauto.fr\/wp-content\/uploads\/2019\/01\/ECRAN03.png\" alt=\"\" width=\"992\" height=\"559\" srcset=\"https:\/\/lignesauto.fr\/wp-content\/uploads\/2019\/01\/ECRAN03.png 992w, https:\/\/lignesauto.fr\/wp-content\/uploads\/2019\/01\/ECRAN03-300x169.png 300w, https:\/\/lignesauto.fr\/wp-content\/uploads\/2019\/01\/ECRAN03-768x433.png 768w, https:\/\/lignesauto.fr\/wp-content\/uploads\/2019\/01\/ECRAN03-370x208.png 370w\" sizes=\"(max-width: 992px) 100vw, 992px\" \/><\/a><\/p>\n<p><a href=\"http:\/\/lignesauto.fr\/wp-content\/uploads\/2019\/01\/ECRAN02.png\"><img loading=\"lazy\" decoding=\"async\" class=\"alignnone wp-image-7426 size-full\" src=\"http:\/\/lignesauto.fr\/wp-content\/uploads\/2019\/01\/ECRAN02.png\" alt=\"\" width=\"992\" height=\"603\" srcset=\"https:\/\/lignesauto.fr\/wp-content\/uploads\/2019\/01\/ECRAN02.png 992w, https:\/\/lignesauto.fr\/wp-content\/uploads\/2019\/01\/ECRAN02-300x182.png 300w, https:\/\/lignesauto.fr\/wp-content\/uploads\/2019\/01\/ECRAN02-768x467.png 768w, https:\/\/lignesauto.fr\/wp-content\/uploads\/2019\/01\/ECRAN02-370x225.png 370w\" sizes=\"(max-width: 992px) 100vw, 992px\" \/><\/a><\/p>\n<p>Cette petite vid\u00e9o vous montre les programmations d&#8217;affichages de la dalle num\u00e9rique log\u00e9e dans le bloc d&#8217;instrumentation :<br \/>\n<a href=\"https:\/\/www.youtube.com\/watch?v=S5SYrcVKhTU\">https:\/\/www.youtube.com\/watch?v=S5SYrcVKhTU<\/a><\/p>\n<p>Un effort tout particulier a \u00e9t\u00e9 effectu\u00e9 dans un domaine qui est amen\u00e9 \u00e0 prendre de plus en plus d&#8217;ampleur \u00e0 bord : l&#8217;\u00e9clairage d&#8217;ambiance.\u00a0Outre certains points de lumi\u00e8re &#8220;chaude&#8221; log\u00e9s dans les contre-portes, un discret filet lumineux se love sur le pourtour du levier de vitesses (ci-dessous).\u00a0Ce dernier est sensiblement sur\u00e9lev\u00e9 sur une console elle aussi rehauss\u00e9e pour une sensation de conduite plus sportive.<\/p>\n<p><a href=\"http:\/\/lignesauto.fr\/wp-content\/uploads\/2019\/01\/DETAIL02.png\"><img loading=\"lazy\" decoding=\"async\" class=\"alignnone wp-image-7430 size-large\" src=\"http:\/\/lignesauto.fr\/wp-content\/uploads\/2019\/01\/DETAIL02-855x1024.png\" alt=\"\" width=\"855\" height=\"1024\" srcset=\"https:\/\/lignesauto.fr\/wp-content\/uploads\/2019\/01\/DETAIL02-855x1024.png 855w, https:\/\/lignesauto.fr\/wp-content\/uploads\/2019\/01\/DETAIL02-251x300.png 251w, https:\/\/lignesauto.fr\/wp-content\/uploads\/2019\/01\/DETAIL02-768x920.png 768w, https:\/\/lignesauto.fr\/wp-content\/uploads\/2019\/01\/DETAIL02-370x443.png 370w, https:\/\/lignesauto.fr\/wp-content\/uploads\/2019\/01\/DETAIL02.png 992w\" sizes=\"(max-width: 855px) 100vw, 855px\" \/><\/a><\/p>\n<p>\u00c9videmment, il est possible de disposer d&#8217;une recharge de son smartphone par induction (ci-dessous).<\/p>\n<p><a href=\"http:\/\/lignesauto.fr\/wp-content\/uploads\/2019\/01\/5-All-New-Renault-Clio_Intens-5.jpg\"><img loading=\"lazy\" decoding=\"async\" class=\"alignnone wp-image-7347 size-full\" src=\"http:\/\/lignesauto.fr\/wp-content\/uploads\/2019\/01\/5-All-New-Renault-Clio_Intens-5.jpg\" alt=\"\" width=\"850\" height=\"567\" srcset=\"https:\/\/lignesauto.fr\/wp-content\/uploads\/2019\/01\/5-All-New-Renault-Clio_Intens-5.jpg 850w, https:\/\/lignesauto.fr\/wp-content\/uploads\/2019\/01\/5-All-New-Renault-Clio_Intens-5-300x200.jpg 300w, https:\/\/lignesauto.fr\/wp-content\/uploads\/2019\/01\/5-All-New-Renault-Clio_Intens-5-768x512.jpg 768w, https:\/\/lignesauto.fr\/wp-content\/uploads\/2019\/01\/5-All-New-Renault-Clio_Intens-5-370x247.jpg 370w\" sizes=\"(max-width: 850px) 100vw, 850px\" \/><\/a><\/p>\n<p>La nouvelle planche de bord (ci-dessous, le niveau INITIALE PARIS) est con\u00e7ue sur trois niveaux :<br \/>\n&#8211; en partie sup\u00e9rieure, la coiffe dispose d&#8217;un rev\u00eatement mouss\u00e9,<br \/>\n&#8211; en partie centrale, le bandeau gain\u00e9 est personnalisable,<br \/>\n&#8211; la zone inf\u00e9rieure est d\u00e9di\u00e9e aux \u00e9l\u00e9ments fonctionnels (comme la boite \u00e0 gants).<br \/>\nAstuce de designer : les a\u00e9rateurs ont un dessin horizontal afin d&#8217;am\u00e9liorer la perception de largeur de l&#8217;habitacle.<\/p>\n<p><strong>La signature INITIALE PARIS fait peau neuve :<\/strong><\/p>\n<p><a href=\"http:\/\/lignesauto.fr\/wp-content\/uploads\/2019\/01\/8-All-New-Renault-Clio_Initiale-Paris.jpg\"><img loading=\"lazy\" decoding=\"async\" class=\"alignnone wp-image-7349 size-full\" src=\"http:\/\/lignesauto.fr\/wp-content\/uploads\/2019\/01\/8-All-New-Renault-Clio_Initiale-Paris.jpg\" alt=\"\" width=\"851\" height=\"637\" srcset=\"https:\/\/lignesauto.fr\/wp-content\/uploads\/2019\/01\/8-All-New-Renault-Clio_Initiale-Paris.jpg 851w, https:\/\/lignesauto.fr\/wp-content\/uploads\/2019\/01\/8-All-New-Renault-Clio_Initiale-Paris-300x225.jpg 300w, https:\/\/lignesauto.fr\/wp-content\/uploads\/2019\/01\/8-All-New-Renault-Clio_Initiale-Paris-768x575.jpg 768w, https:\/\/lignesauto.fr\/wp-content\/uploads\/2019\/01\/8-All-New-Renault-Clio_Initiale-Paris-370x277.jpg 370w\" sizes=\"(max-width: 851px) 100vw, 851px\" \/><\/a><\/p>\n<p>La finition INITIALE PARIS typ\u00e9e haut de gamme est aujourd&#8217;hui disponible sur la grande majorit\u00e9 de la gamme : Captur, Sc\u00e9nic, Talisman, Koleos et Espace. Avec la cinqui\u00e8me g\u00e9n\u00e9ration de Clio, cette signature appara\u00eet avec une nouvelle orientation design.\u00a0A l\u2019ext\u00e9rieur, la Clio INITIALE PARIS se distinguera par des d\u00e9tails chrom\u00e9s qui habilleront les contours du vitrage, les protections inf\u00e9rieures de portes et la grille de calandre. Des badges INITIALE PARIS animeront la grille et l\u2019aile avant. L\u2019antenne &#8220;requin&#8221; et des jantes sp\u00e9cifiques de 17 pouces compl\u00e8teront cette finition.\u00a0A l\u2019int\u00e9rieur, deux ambiances seront propos\u00e9es : Noir et Gris Sable (ci-dessus) avec des si\u00e8ges en cuir matelass\u00e9 au design sp\u00e9cifique \u00e0 cette variante.<\/p>\n<p>&nbsp;<\/p>\n<p><strong>NE MANQUEZ PAS DEMAIN A 10h00 SUR VOTRE SITE LIGNES\/auto :\u00a0<\/strong><\/p>\n<ul>\n<li><strong>les<\/strong>\u00a0<strong>photos et vid\u00e9os de la nouvelle Clio<\/strong><\/li>\n<li><strong>notre analyse in\u00e9dite du style de la Clio V, point par point<\/strong><\/li>\n<li><strong>notre &#8216;post&#8217; magazine : &#8220;<em>Clio et ses s\u0153urs cach\u00e9es : les concept-cars (parfois) oubli\u00e9s<\/em>&#8220;<\/strong><\/li>\n<\/ul>\n<p><a href=\"http:\/\/lignesauto.fr\/wp-content\/uploads\/2019\/01\/1981_Be-Bop.jpg\"><img loading=\"lazy\" decoding=\"async\" class=\"alignnone wp-image-7251\" src=\"http:\/\/lignesauto.fr\/wp-content\/uploads\/2019\/01\/1981_Be-Bop-1024x759.jpg\" alt=\"\" width=\"850\" height=\"630\" srcset=\"https:\/\/lignesauto.fr\/wp-content\/uploads\/2019\/01\/1981_Be-Bop-1024x759.jpg 1024w, https:\/\/lignesauto.fr\/wp-content\/uploads\/2019\/01\/1981_Be-Bop-300x222.jpg 300w, https:\/\/lignesauto.fr\/wp-content\/uploads\/2019\/01\/1981_Be-Bop-768x570.jpg 768w, https:\/\/lignesauto.fr\/wp-content\/uploads\/2019\/01\/1981_Be-Bop-370x274.jpg 370w, https:\/\/lignesauto.fr\/wp-content\/uploads\/2019\/01\/1981_Be-Bop-1040x771.jpg 1040w\" sizes=\"(max-width: 850px) 100vw, 850px\" \/><\/a><\/p>\n<p>&nbsp;<\/p>\n<p><a href=\"http:\/\/lignesauto.fr\/wp-content\/uploads\/2018\/10\/LOGOActus_BD.jpg\"><img loading=\"lazy\" decoding=\"async\" class=\"alignnone size-medium wp-image-4921\" src=\"http:\/\/lignesauto.fr\/wp-content\/uploads\/2018\/10\/LOGOActus_BD-300x108.jpg\" alt=\"\" width=\"300\" height=\"108\" srcset=\"https:\/\/lignesauto.fr\/wp-content\/uploads\/2018\/10\/LOGOActus_BD-300x108.jpg 300w, https:\/\/lignesauto.fr\/wp-content\/uploads\/2018\/10\/LOGOActus_BD-768x276.jpg 768w, https:\/\/lignesauto.fr\/wp-content\/uploads\/2018\/10\/LOGOActus_BD-1024x367.jpg 1024w, https:\/\/lignesauto.fr\/wp-content\/uploads\/2018\/10\/LOGOActus_BD-370x133.jpg 370w, https:\/\/lignesauto.fr\/wp-content\/uploads\/2018\/10\/LOGOActus_BD-1040x373.jpg 1040w, https:\/\/lignesauto.fr\/wp-content\/uploads\/2018\/10\/LOGOActus_BD.jpg 1240w\" sizes=\"(max-width: 300px) 100vw, 300px\" \/><\/a><\/p>\n","protected":false},"excerpt":{"rendered":"<p>La Renault Clio de la cinqui\u00e8me g\u00e9n\u00e9ration arrive ! Elle sera l&#8217;une des vedettes du salon de Gen\u00e8ve en mars aux c\u00f4t\u00e9s de sa rivale de toujours, la nouvelle Peugeot 208. Avant de nous faire d\u00e9couvrir demain matin sur ce site toutes les photos et vid\u00e9os de sa Clio 2019,\u00a0Renault [&hellip;]<\/p>\n","protected":false},"author":1,"featured_media":7346,"comment_status":"open","ping_status":"open","sticky":false,"template":"","format":"standard","meta":{"footnotes":""},"categories":[1],"tags":[],"_links":{"self":[{"href":"https:\/\/lignesauto.fr\/index.php?rest_route=\/wp\/v2\/posts\/7301"}],"collection":[{"href":"https:\/\/lignesauto.fr\/index.php?rest_route=\/wp\/v2\/posts"}],"about":[{"href":"https:\/\/lignesauto.fr\/index.php?rest_route=\/wp\/v2\/types\/post"}],"author":[{"embeddable":true,"href":"https:\/\/lignesauto.fr\/index.php?rest_route=\/wp\/v2\/users\/1"}],"replies":[{"embeddable":true,"href":"https:\/\/lignesauto.fr\/index.php?rest_route=%2Fwp%2Fv2%2Fcomments&post=7301"}],"version-history":[{"count":45,"href":"https:\/\/lignesauto.fr\/index.php?rest_route=\/wp\/v2\/posts\/7301\/revisions"}],"predecessor-version":[{"id":7507,"href":"https:\/\/lignesauto.fr\/index.php?rest_route=\/wp\/v2\/posts\/7301\/revisions\/7507"}],"wp:featuredmedia":[{"embeddable":true,"href":"https:\/\/lignesauto.fr\/index.php?rest_route=\/wp\/v2\/media\/7346"}],"wp:attachment":[{"href":"https:\/\/lignesauto.fr\/index.php?rest_route=%2Fwp%2Fv2%2Fmedia&parent=7301"}],"wp:term":[{"taxonomy":"category","embeddable":true,"href":"https:\/\/lignesauto.fr\/index.php?rest_route=%2Fwp%2Fv2%2Fcategories&post=7301"},{"taxonomy":"post_tag","embeddable":true,"href":"https:\/\/lignesauto.fr\/index.php?rest_route=%2Fwp%2Fv2%2Ftags&post=7301"}],"curies":[{"name":"wp","href":"https:\/\/api.w.org\/{rel}","templated":true}]}}