{"id":7339,"date":"2019-01-29T10:00:04","date_gmt":"2019-01-29T09:00:04","guid":{"rendered":"http:\/\/lignesauto.fr\/?p=7339"},"modified":"2019-01-27T22:22:09","modified_gmt":"2019-01-27T21:22:09","slug":"nouvelle-clio-la-meme-en-different","status":"publish","type":"post","link":"https:\/\/lignesauto.fr\/?p=7339","title":{"rendered":"Nouvelle Clio : la m\u00eame en diff\u00e9rent !"},"content":{"rendered":"<p><a href=\"http:\/\/lignesauto.fr\/wp-content\/uploads\/2018\/10\/LOGOActus_BD.jpg\"><img loading=\"lazy\" decoding=\"async\" class=\"alignnone size-medium wp-image-4921\" src=\"http:\/\/lignesauto.fr\/wp-content\/uploads\/2018\/10\/LOGOActus_BD-300x108.jpg\" alt=\"\" width=\"300\" height=\"108\" srcset=\"https:\/\/lignesauto.fr\/wp-content\/uploads\/2018\/10\/LOGOActus_BD-300x108.jpg 300w, https:\/\/lignesauto.fr\/wp-content\/uploads\/2018\/10\/LOGOActus_BD-768x276.jpg 768w, https:\/\/lignesauto.fr\/wp-content\/uploads\/2018\/10\/LOGOActus_BD-1024x367.jpg 1024w, https:\/\/lignesauto.fr\/wp-content\/uploads\/2018\/10\/LOGOActus_BD-370x133.jpg 370w, https:\/\/lignesauto.fr\/wp-content\/uploads\/2018\/10\/LOGOActus_BD-1040x373.jpg 1040w, https:\/\/lignesauto.fr\/wp-content\/uploads\/2018\/10\/LOGOActus_BD.jpg 1240w\" sizes=\"(max-width: 300px) 100vw, 300px\" \/><\/a><\/p>\n<p><strong>La voici enfin cette cinqui\u00e8me g\u00e9n\u00e9ration de Clio !<\/strong><\/p>\n<p><a href=\"http:\/\/lignesauto.fr\/wp-content\/uploads\/2019\/01\/All-New-Renault-Clio_Intens-20.jpg\"><img loading=\"lazy\" decoding=\"async\" class=\"alignnone wp-image-7363 size-large\" src=\"http:\/\/lignesauto.fr\/wp-content\/uploads\/2019\/01\/All-New-Renault-Clio_Intens-20-1024x632.jpg\" alt=\"\" width=\"1024\" height=\"632\" srcset=\"https:\/\/lignesauto.fr\/wp-content\/uploads\/2019\/01\/All-New-Renault-Clio_Intens-20-1024x632.jpg 1024w, https:\/\/lignesauto.fr\/wp-content\/uploads\/2019\/01\/All-New-Renault-Clio_Intens-20-300x185.jpg 300w, https:\/\/lignesauto.fr\/wp-content\/uploads\/2019\/01\/All-New-Renault-Clio_Intens-20-768x474.jpg 768w, https:\/\/lignesauto.fr\/wp-content\/uploads\/2019\/01\/All-New-Renault-Clio_Intens-20-370x228.jpg 370w, https:\/\/lignesauto.fr\/wp-content\/uploads\/2019\/01\/All-New-Renault-Clio_Intens-20-1040x642.jpg 1040w, https:\/\/lignesauto.fr\/wp-content\/uploads\/2019\/01\/All-New-Renault-Clio_Intens-20.jpg 1134w\" sizes=\"(max-width: 1024px) 100vw, 1024px\" \/><\/a><\/p>\n<p>Voici la derni\u00e8re-n\u00e9e d&#8217;une saga qui est n\u00e9e en 1990 (Clio I) et qui a perdur\u00e9 depuis avec Clio 2 en 1998 (l&#8217;ann\u00e9e de l&#8217;arriv\u00e9e de sa grande rivale 206), Clio 3 en 2005, Clio 4 en 2012 et enfin ce nouvel opus qui frappe par son extr\u00eame ressemblance avec la g\u00e9n\u00e9ration pr\u00e9c\u00e9dente (voir le &#8216;post&#8217; suivant : &#8220;Clio V face \u00e0 Clio IV : l&#8217;analyse du style&#8221;).<br \/>\nRenault nous referait-il le coup de la Supercinq de 1984 face \u00e0 la R5 de 1972 : pratiquement la m\u00eame dehors, mais totalement diff\u00e9rente \u00e0 l&#8217;int\u00e9rieur !<\/p>\n<p><a href=\"http:\/\/lignesauto.fr\/wp-content\/uploads\/2019\/01\/All-New-Renault-Clio_Intens-12.jpg\"><img loading=\"lazy\" decoding=\"async\" class=\"alignnone wp-image-7360 size-full\" src=\"http:\/\/lignesauto.fr\/wp-content\/uploads\/2019\/01\/All-New-Renault-Clio_Intens-12.jpg\" alt=\"\" width=\"992\" height=\"451\" srcset=\"https:\/\/lignesauto.fr\/wp-content\/uploads\/2019\/01\/All-New-Renault-Clio_Intens-12.jpg 992w, https:\/\/lignesauto.fr\/wp-content\/uploads\/2019\/01\/All-New-Renault-Clio_Intens-12-300x136.jpg 300w, https:\/\/lignesauto.fr\/wp-content\/uploads\/2019\/01\/All-New-Renault-Clio_Intens-12-768x349.jpg 768w, https:\/\/lignesauto.fr\/wp-content\/uploads\/2019\/01\/All-New-Renault-Clio_Intens-12-370x168.jpg 370w\" sizes=\"(max-width: 992px) 100vw, 992px\" \/><\/a><\/p>\n<p>Cette nouvelle Clio repose effectivement sur une nouvelle plateforme. Concr\u00e8tement pour le design, ce nouveau soubassement permet de concevoir une voiture l\u00e9g\u00e8rement plus courte de 1,4 cm (!) mais plus habitable.<\/p>\n<p><a href=\"http:\/\/lignesauto.fr\/wp-content\/uploads\/2019\/01\/05.png\"><img loading=\"lazy\" decoding=\"async\" class=\"alignnone wp-image-7358 size-full\" src=\"http:\/\/lignesauto.fr\/wp-content\/uploads\/2019\/01\/05.png\" alt=\"\" width=\"992\" height=\"475\" srcset=\"https:\/\/lignesauto.fr\/wp-content\/uploads\/2019\/01\/05.png 992w, https:\/\/lignesauto.fr\/wp-content\/uploads\/2019\/01\/05-300x144.png 300w, https:\/\/lignesauto.fr\/wp-content\/uploads\/2019\/01\/05-768x368.png 768w, https:\/\/lignesauto.fr\/wp-content\/uploads\/2019\/01\/05-370x177.png 370w\" sizes=\"(max-width: 992px) 100vw, 992px\" \/><\/a><\/p>\n<p>La Clio embarque donc de nouveaux dessous pour tenter de conserver \u00e0 terme son statut de num\u00e9ro 1 fran\u00e7aise et de num\u00e9ro 2 en Europe. On devine donc que ce nouveau soubassement technique devait \u00eatre habill\u00e9 d&#8217;une carrosserie qui devait conserver les fondamentaux du pr\u00e9c\u00e9dent mod\u00e8le&#8230;<\/p>\n<p>Laurens van den Acker (voir son intervention com&#8217; ici :\u00a0<a href=\"https:\/\/www.youtube.com\/watch?v=tS_eoNzYPm8\">https:\/\/www.youtube.com\/watch?v=tS_eoNzYPm8<\/a>\u00a0) pr\u00e9cise logiquement que\u00a0<em>\u00ab la cinqui\u00e8me g\u00e9n\u00e9ration de Clio est tr\u00e8s importante pour nous car il s&#8217;agit du best-seller de son segment, de la deuxi\u00e8me voiture la plus vendue en Europe, toutes cat\u00e9gories confondues.&#8221;<\/em><\/p>\n<p>&nbsp;<\/p>\n<p><a href=\"http:\/\/lignesauto.fr\/wp-content\/uploads\/2019\/01\/02.png\"><img loading=\"lazy\" decoding=\"async\" class=\"alignnone wp-image-7355 size-full\" src=\"http:\/\/lignesauto.fr\/wp-content\/uploads\/2019\/01\/02.png\" alt=\"\" width=\"992\" height=\"561\" srcset=\"https:\/\/lignesauto.fr\/wp-content\/uploads\/2019\/01\/02.png 992w, https:\/\/lignesauto.fr\/wp-content\/uploads\/2019\/01\/02-300x170.png 300w, https:\/\/lignesauto.fr\/wp-content\/uploads\/2019\/01\/02-768x434.png 768w, https:\/\/lignesauto.fr\/wp-content\/uploads\/2019\/01\/02-370x209.png 370w\" sizes=\"(max-width: 992px) 100vw, 992px\" \/><\/a><\/p>\n<p>Cette nouvelle\u00a0plateforme CMF-B que la Clio V inaugure propose une nouvelle architecture \u00e9lectrique et \u00e9lectronique. Elle autorisera \u00e9galement la Clio V \u00e0 devenir\u00a0le premier v\u00e9hicule dot\u00e9 d&#8217;une motorisation hybride &#8216;E-Tech&#8217;. Elle est \u00e9galement compatible avec les technologies de conduite autonome. D\u2019ici 2022, Renault pr\u00e9cise qu&#8217;il commercialisera 15 mod\u00e8les dot\u00e9s de ces technologies de conduite autonome. Cette cinqui\u00e8me g\u00e9n\u00e9ration de Clio d\u00e9mocratisera ainsi sur un v\u00e9hicule citadin les assistances menant \u00e0 cette conduite &#8220;presque sans les mains&#8221; !<\/p>\n<p><em><a href=\"http:\/\/lignesauto.fr\/wp-content\/uploads\/2019\/01\/01.png\"><img loading=\"lazy\" decoding=\"async\" class=\"alignnone wp-image-7354 size-full\" src=\"http:\/\/lignesauto.fr\/wp-content\/uploads\/2019\/01\/01.png\" alt=\"\" width=\"992\" height=\"582\" srcset=\"https:\/\/lignesauto.fr\/wp-content\/uploads\/2019\/01\/01.png 992w, https:\/\/lignesauto.fr\/wp-content\/uploads\/2019\/01\/01-300x176.png 300w, https:\/\/lignesauto.fr\/wp-content\/uploads\/2019\/01\/01-768x451.png 768w, https:\/\/lignesauto.fr\/wp-content\/uploads\/2019\/01\/01-370x217.png 370w\" sizes=\"(max-width: 992px) 100vw, 992px\" \/><\/a><\/em><\/p>\n<p>Pour Laurens van den Acker, cette Clio V<em> &#8220;est une ic\u00f4ne, la derni\u00e8re-n\u00e9e de la saga Clio, qui reprend le meilleur des g\u00e9n\u00e9rations pr\u00e9c\u00e9dentes. Le design ext\u00e9rieur de Clio 4 a profond\u00e9ment s\u00e9duit nos clients, et continue encore aujourd\u2019hui de les s\u00e9duire. Nous avons donc pris le parti d\u2019en conserver les g\u00eanes tout en lui apportant plus de modernit\u00e9 et d\u2019\u00e9l\u00e9gance. A l&#8217;int\u00e9rieur, c&#8217;est une v\u00e9ritable r\u00e9volution, avec une am\u00e9lioration notable de la qualit\u00e9 per\u00e7ue, plus de sophistication et une forte pr\u00e9sence technologique. C&#8217;est la meilleure des Clio.\u00a0\u00bb<\/em> (voir notre &#8216;post&#8217; d&#8217;hier sur la r\u00e9v\u00e9lation de l&#8217;habitacle de cette nouvelle Clio)<\/p>\n<p><a href=\"http:\/\/lignesauto.fr\/wp-content\/uploads\/2019\/01\/All-New-Renault-Clio_Intens-7.jpg\"><img loading=\"lazy\" decoding=\"async\" class=\"alignnone wp-image-7359 size-large\" src=\"http:\/\/lignesauto.fr\/wp-content\/uploads\/2019\/01\/All-New-Renault-Clio_Intens-7-1024x632.jpg\" alt=\"\" width=\"1024\" height=\"632\" srcset=\"https:\/\/lignesauto.fr\/wp-content\/uploads\/2019\/01\/All-New-Renault-Clio_Intens-7-1024x632.jpg 1024w, https:\/\/lignesauto.fr\/wp-content\/uploads\/2019\/01\/All-New-Renault-Clio_Intens-7-300x185.jpg 300w, https:\/\/lignesauto.fr\/wp-content\/uploads\/2019\/01\/All-New-Renault-Clio_Intens-7-768x474.jpg 768w, https:\/\/lignesauto.fr\/wp-content\/uploads\/2019\/01\/All-New-Renault-Clio_Intens-7-370x228.jpg 370w, https:\/\/lignesauto.fr\/wp-content\/uploads\/2019\/01\/All-New-Renault-Clio_Intens-7-1040x641.jpg 1040w, https:\/\/lignesauto.fr\/wp-content\/uploads\/2019\/01\/All-New-Renault-Clio_Intens-7.jpg 1276w\" sizes=\"(max-width: 1024px) 100vw, 1024px\" \/><\/a><\/p>\n<p>La nouvelle Clio reprend le th\u00e8me esth\u00e9tique de la g\u00e9n\u00e9ration pr\u00e9c\u00e9dente. A l\u2019avant, la calandre s\u2019agrandit et le bouclier se dote d&#8217;une grille plus g\u00e9n\u00e9reuse. C\u00f4t\u00e9 dimensions, la hauteur abaiss\u00e9e de 3 cm am\u00e9liore l&#8217;a\u00e9rodynamique et surtout, l&#8217;aspect dynamique de l&#8217;ensemble. On note des d\u00e9tails plus raffin\u00e9s comme l&#8217;antenne requin ou\u00a0la ligne chrom\u00e9e autour du vitrage lat\u00e9ral et des \u00e9quipements high tech comme\u00a0les projecteurs 100% LED.<\/p>\n<p><a href=\"http:\/\/lignesauto.fr\/wp-content\/uploads\/2019\/01\/All-New-Renault-Clio_Intens-13.jpg\"><img loading=\"lazy\" decoding=\"async\" class=\"alignnone wp-image-7361 size-full\" src=\"http:\/\/lignesauto.fr\/wp-content\/uploads\/2019\/01\/All-New-Renault-Clio_Intens-13.jpg\" alt=\"\" width=\"851\" height=\"639\" srcset=\"https:\/\/lignesauto.fr\/wp-content\/uploads\/2019\/01\/All-New-Renault-Clio_Intens-13.jpg 851w, https:\/\/lignesauto.fr\/wp-content\/uploads\/2019\/01\/All-New-Renault-Clio_Intens-13-300x225.jpg 300w, https:\/\/lignesauto.fr\/wp-content\/uploads\/2019\/01\/All-New-Renault-Clio_Intens-13-768x577.jpg 768w, https:\/\/lignesauto.fr\/wp-content\/uploads\/2019\/01\/All-New-Renault-Clio_Intens-13-370x278.jpg 370w\" sizes=\"(max-width: 851px) 100vw, 851px\" \/><\/a><\/p>\n<p>Ces projecteurs avant reprennent la signature lumineuse en forme de C (C-Shape) qui caract\u00e9rise les mod\u00e8les Renault.<br \/>\nIls sont soulign\u00e9s par la trame en losange qui vient coiffer le feu et apporte ainsi une touche d\u2019\u00e9l\u00e9gance.<\/p>\n<p><a href=\"http:\/\/lignesauto.fr\/wp-content\/uploads\/2019\/01\/All-New-Renault-Clio_Intens-14.jpg\"><img loading=\"lazy\" decoding=\"async\" class=\"alignnone wp-image-7362 size-full\" src=\"http:\/\/lignesauto.fr\/wp-content\/uploads\/2019\/01\/All-New-Renault-Clio_Intens-14.jpg\" alt=\"\" width=\"851\" height=\"639\" srcset=\"https:\/\/lignesauto.fr\/wp-content\/uploads\/2019\/01\/All-New-Renault-Clio_Intens-14.jpg 851w, https:\/\/lignesauto.fr\/wp-content\/uploads\/2019\/01\/All-New-Renault-Clio_Intens-14-300x225.jpg 300w, https:\/\/lignesauto.fr\/wp-content\/uploads\/2019\/01\/All-New-Renault-Clio_Intens-14-768x577.jpg 768w, https:\/\/lignesauto.fr\/wp-content\/uploads\/2019\/01\/All-New-Renault-Clio_Intens-14-370x278.jpg 370w\" sizes=\"(max-width: 851px) 100vw, 851px\" \/><\/a><\/p>\n<p>Comme \u00e0 l\u2019avant, les feux arri\u00e8re adoptent la nouvelle signature lumineuse, avec, pr\u00e9cise le constructeur <em>&#8220;un effet de profondeur particuli\u00e8rement accentu\u00e9.\u00a0Un troisi\u00e8me feu stop plus long et plus fin se distingue sur le haut de la lunette arri\u00e8re.&#8221;<\/em><\/p>\n<p><a href=\"http:\/\/lignesauto.fr\/wp-content\/uploads\/2019\/01\/All-New-Renault-Clio_RS-Line-8.jpg\"><img loading=\"lazy\" decoding=\"async\" class=\"alignnone wp-image-7384 size-full\" src=\"http:\/\/lignesauto.fr\/wp-content\/uploads\/2019\/01\/All-New-Renault-Clio_RS-Line-8.jpg\" alt=\"\" width=\"851\" height=\"639\" srcset=\"https:\/\/lignesauto.fr\/wp-content\/uploads\/2019\/01\/All-New-Renault-Clio_RS-Line-8.jpg 851w, https:\/\/lignesauto.fr\/wp-content\/uploads\/2019\/01\/All-New-Renault-Clio_RS-Line-8-300x225.jpg 300w, https:\/\/lignesauto.fr\/wp-content\/uploads\/2019\/01\/All-New-Renault-Clio_RS-Line-8-768x577.jpg 768w, https:\/\/lignesauto.fr\/wp-content\/uploads\/2019\/01\/All-New-Renault-Clio_RS-Line-8-370x278.jpg 370w\" sizes=\"(max-width: 851px) 100vw, 851px\" \/><\/a><\/p>\n<p>L&#8217;aile avant de la Clio V est perfor\u00e9e d&#8217;une sortie d\u2019airs au niveau des passages de roues. Elle a comme fonction de limiter les perturbations a\u00e9rodynamiques et d&#8217;apporter en bonus un certain dynamisme au dessin vu en \u00e9l\u00e9vation. Pour approfondir l&#8217;\u00e9tude du style si conservateur de cette nouvelle Clio, lisez sur ce site notre &#8216;post&#8217; &#8220;Clio V face \u00e0 Clio IV : l&#8217;analyse du style&#8221; publi\u00e9 dans la foul\u00e9e&#8230;<\/p>\n<p><a href=\"http:\/\/lignesauto.fr\/wp-content\/uploads\/2019\/01\/All-New-Renault-Clio_Intens-21.jpg\"><img loading=\"lazy\" decoding=\"async\" class=\"alignnone wp-image-7364 size-full\" src=\"http:\/\/lignesauto.fr\/wp-content\/uploads\/2019\/01\/All-New-Renault-Clio_Intens-21.jpg\" alt=\"\" width=\"850\" height=\"599\" srcset=\"https:\/\/lignesauto.fr\/wp-content\/uploads\/2019\/01\/All-New-Renault-Clio_Intens-21.jpg 850w, https:\/\/lignesauto.fr\/wp-content\/uploads\/2019\/01\/All-New-Renault-Clio_Intens-21-300x211.jpg 300w, https:\/\/lignesauto.fr\/wp-content\/uploads\/2019\/01\/All-New-Renault-Clio_Intens-21-768x541.jpg 768w, https:\/\/lignesauto.fr\/wp-content\/uploads\/2019\/01\/All-New-Renault-Clio_Intens-21-370x261.jpg 370w\" sizes=\"(max-width: 850px) 100vw, 850px\" \/><\/a><\/p>\n<p>D\u00e9couvrez la nouvelle Clio 2019 en vid\u00e9o ici : \u00a0<a href=\"https:\/\/www.youtube.com\/watch?v=u5P6B5JLqjw\">https:\/\/www.youtube.com\/watch?v=u5P6B5JLqjw<\/a><\/p>\n<p><em><strong>A SUIVRE SUR CE SITE :<\/strong><\/em><\/p>\n<ul>\n<li><strong>notre analyse in\u00e9dite du style de la Clio V, point par point<\/strong><\/li>\n<li><strong>notre &#8216;post&#8217; magazine : &#8220;<em>Clio et ses s\u0153urs cach\u00e9es : les concept-cars (parfois) oubli\u00e9s<\/em>&#8220;<\/strong><\/li>\n<\/ul>\n<p><a href=\"http:\/\/lignesauto.fr\/wp-content\/uploads\/2018\/10\/LOGOActus_BD.jpg\"><img loading=\"lazy\" decoding=\"async\" class=\"alignnone size-medium wp-image-4921\" src=\"http:\/\/lignesauto.fr\/wp-content\/uploads\/2018\/10\/LOGOActus_BD-300x108.jpg\" alt=\"\" width=\"300\" height=\"108\" srcset=\"https:\/\/lignesauto.fr\/wp-content\/uploads\/2018\/10\/LOGOActus_BD-300x108.jpg 300w, https:\/\/lignesauto.fr\/wp-content\/uploads\/2018\/10\/LOGOActus_BD-768x276.jpg 768w, https:\/\/lignesauto.fr\/wp-content\/uploads\/2018\/10\/LOGOActus_BD-1024x367.jpg 1024w, https:\/\/lignesauto.fr\/wp-content\/uploads\/2018\/10\/LOGOActus_BD-370x133.jpg 370w, https:\/\/lignesauto.fr\/wp-content\/uploads\/2018\/10\/LOGOActus_BD-1040x373.jpg 1040w, https:\/\/lignesauto.fr\/wp-content\/uploads\/2018\/10\/LOGOActus_BD.jpg 1240w\" sizes=\"(max-width: 300px) 100vw, 300px\" \/><\/a><\/p>\n","protected":false},"excerpt":{"rendered":"<p>La voici enfin cette cinqui\u00e8me g\u00e9n\u00e9ration de Clio ! Voici la derni\u00e8re-n\u00e9e d&#8217;une saga qui est n\u00e9e en 1990 (Clio I) et qui a perdur\u00e9 depuis avec Clio 2 en 1998 (l&#8217;ann\u00e9e de l&#8217;arriv\u00e9e de sa grande rivale 206), Clio 3 en 2005, Clio 4 en 2012 et enfin ce [&hellip;]<\/p>\n","protected":false},"author":1,"featured_media":7359,"comment_status":"open","ping_status":"open","sticky":false,"template":"","format":"standard","meta":{"footnotes":""},"categories":[1],"tags":[],"_links":{"self":[{"href":"https:\/\/lignesauto.fr\/index.php?rest_route=\/wp\/v2\/posts\/7339"}],"collection":[{"href":"https:\/\/lignesauto.fr\/index.php?rest_route=\/wp\/v2\/posts"}],"about":[{"href":"https:\/\/lignesauto.fr\/index.php?rest_route=\/wp\/v2\/types\/post"}],"author":[{"embeddable":true,"href":"https:\/\/lignesauto.fr\/index.php?rest_route=\/wp\/v2\/users\/1"}],"replies":[{"embeddable":true,"href":"https:\/\/lignesauto.fr\/index.php?rest_route=%2Fwp%2Fv2%2Fcomments&post=7339"}],"version-history":[{"count":27,"href":"https:\/\/lignesauto.fr\/index.php?rest_route=\/wp\/v2\/posts\/7339\/revisions"}],"predecessor-version":[{"id":7509,"href":"https:\/\/lignesauto.fr\/index.php?rest_route=\/wp\/v2\/posts\/7339\/revisions\/7509"}],"wp:featuredmedia":[{"embeddable":true,"href":"https:\/\/lignesauto.fr\/index.php?rest_route=\/wp\/v2\/media\/7359"}],"wp:attachment":[{"href":"https:\/\/lignesauto.fr\/index.php?rest_route=%2Fwp%2Fv2%2Fmedia&parent=7339"}],"wp:term":[{"taxonomy":"category","embeddable":true,"href":"https:\/\/lignesauto.fr\/index.php?rest_route=%2Fwp%2Fv2%2Fcategories&post=7339"},{"taxonomy":"post_tag","embeddable":true,"href":"https:\/\/lignesauto.fr\/index.php?rest_route=%2Fwp%2Fv2%2Ftags&post=7339"}],"curies":[{"name":"wp","href":"https:\/\/api.w.org\/{rel}","templated":true}]}}