{"id":7388,"date":"2019-02-13T07:01:21","date_gmt":"2019-02-13T06:01:21","guid":{"rendered":"http:\/\/lignesauto.fr\/?p=7388"},"modified":"2019-02-13T08:44:28","modified_gmt":"2019-02-13T07:44:28","slug":"clio-iv-face-a-clio-v-cote-style","status":"publish","type":"post","link":"https:\/\/lignesauto.fr\/?p=7388","title":{"rendered":"Clio V face \u00e0 Clio IV :  l&#8217;analyse du style"},"content":{"rendered":"<p><a href=\"http:\/\/lignesauto.fr\/wp-content\/uploads\/2018\/10\/LOGOActus_BD.jpg\"><img loading=\"lazy\" decoding=\"async\" class=\"alignnone size-medium wp-image-4921\" src=\"http:\/\/lignesauto.fr\/wp-content\/uploads\/2018\/10\/LOGOActus_BD-300x108.jpg\" alt=\"\" width=\"300\" height=\"108\" srcset=\"https:\/\/lignesauto.fr\/wp-content\/uploads\/2018\/10\/LOGOActus_BD-300x108.jpg 300w, https:\/\/lignesauto.fr\/wp-content\/uploads\/2018\/10\/LOGOActus_BD-768x276.jpg 768w, https:\/\/lignesauto.fr\/wp-content\/uploads\/2018\/10\/LOGOActus_BD-1024x367.jpg 1024w, https:\/\/lignesauto.fr\/wp-content\/uploads\/2018\/10\/LOGOActus_BD-370x133.jpg 370w, https:\/\/lignesauto.fr\/wp-content\/uploads\/2018\/10\/LOGOActus_BD-1040x373.jpg 1040w, https:\/\/lignesauto.fr\/wp-content\/uploads\/2018\/10\/LOGOActus_BD.jpg 1240w\" sizes=\"(max-width: 300px) 100vw, 300px\" \/><\/a><\/p>\n<p><strong>La r\u00e9v\u00e9lation de la nouvelle Clio (voir &#8216;post&#8217; pr\u00e9c\u00e9dent), vous a sans doute pos\u00e9 question : <em>tout \u00e7a pour \u00e7a ?<\/em><\/strong><\/p>\n<p><a href=\"http:\/\/lignesauto.fr\/wp-content\/uploads\/2019\/01\/REVEAL.png\"><img loading=\"lazy\" decoding=\"async\" class=\"alignnone wp-image-7411 size-full\" src=\"http:\/\/lignesauto.fr\/wp-content\/uploads\/2019\/01\/REVEAL.png\" alt=\"\" width=\"992\" height=\"546\" srcset=\"https:\/\/lignesauto.fr\/wp-content\/uploads\/2019\/01\/REVEAL.png 992w, https:\/\/lignesauto.fr\/wp-content\/uploads\/2019\/01\/REVEAL-300x165.png 300w, https:\/\/lignesauto.fr\/wp-content\/uploads\/2019\/01\/REVEAL-768x423.png 768w, https:\/\/lignesauto.fr\/wp-content\/uploads\/2019\/01\/REVEAL-370x204.png 370w\" sizes=\"(max-width: 992px) 100vw, 992px\" \/><\/a><\/p>\n<p>Le maintien du th\u00e8me de style de la pr\u00e9c\u00e9dente g\u00e9n\u00e9ration est une \u00e9vidence, comme le soulignait Laurens van den Acker lors de notre entretien : <em>\u00ab\u00a0Avec cette nouvelle g\u00e9n\u00e9ration de Clio <\/em>(la Clio V, NDA)<em>, nous avons la chance de faire un peu comme les Allemands\u00a0: prendre un produit qui fonctionne plut\u00f4t bien et l\u2019am\u00e9liorer plus en profondeur, sans casser ses g\u00e8nes. La r\u00e9volution, c\u2019est qu\u2019on ne fait pas la r\u00e9volution\u00a0!\u00a0\u00bb<\/em><\/p>\n<p><a href=\"http:\/\/lignesauto.fr\/wp-content\/uploads\/2019\/01\/LVDA-LIGNES.png\"><img loading=\"lazy\" decoding=\"async\" class=\"alignnone wp-image-7410 size-full\" src=\"http:\/\/lignesauto.fr\/wp-content\/uploads\/2019\/01\/LVDA-LIGNES.png\" alt=\"\" width=\"992\" height=\"733\" srcset=\"https:\/\/lignesauto.fr\/wp-content\/uploads\/2019\/01\/LVDA-LIGNES.png 992w, https:\/\/lignesauto.fr\/wp-content\/uploads\/2019\/01\/LVDA-LIGNES-300x222.png 300w, https:\/\/lignesauto.fr\/wp-content\/uploads\/2019\/01\/LVDA-LIGNES-768x567.png 768w, https:\/\/lignesauto.fr\/wp-content\/uploads\/2019\/01\/LVDA-LIGNES-370x273.png 370w\" sizes=\"(max-width: 992px) 100vw, 992px\" \/><\/a><\/p>\n<p>Il est vrai qu&#8217;il faut \u00eatre pointu pour reconna\u00eetre d&#8217;un coup d&#8217;\u0153il la nouvelle g\u00e9n\u00e9ration de l&#8217;ancienne.<br \/>\nCette \u00e9volution du &#8220;pas-\u00e0-pas&#8221;, hier appliqu\u00e9e par les japonais et depuis toujours par les g\u00e9n\u00e9ralistes Allemands, est donc d\u00e9sormais l&#8217;apanage de la Clio.<br \/>\nOuvrez grands les yeux (et prenez une loupe&#8230;), LIGNES\/auto va vous d\u00e9montrer que cette Clio n&#8217;est pas une simple copie conforme de la pr\u00e9c\u00e9dente.<\/p>\n<p><a href=\"http:\/\/lignesauto.fr\/wp-content\/uploads\/2019\/01\/All-New-Renault-Clio_Intens-20.jpg\"><img loading=\"lazy\" decoding=\"async\" class=\"alignnone wp-image-7363 size-large\" src=\"http:\/\/lignesauto.fr\/wp-content\/uploads\/2019\/01\/All-New-Renault-Clio_Intens-20-1024x632.jpg\" alt=\"\" width=\"1024\" height=\"632\" srcset=\"https:\/\/lignesauto.fr\/wp-content\/uploads\/2019\/01\/All-New-Renault-Clio_Intens-20-1024x632.jpg 1024w, https:\/\/lignesauto.fr\/wp-content\/uploads\/2019\/01\/All-New-Renault-Clio_Intens-20-300x185.jpg 300w, https:\/\/lignesauto.fr\/wp-content\/uploads\/2019\/01\/All-New-Renault-Clio_Intens-20-768x474.jpg 768w, https:\/\/lignesauto.fr\/wp-content\/uploads\/2019\/01\/All-New-Renault-Clio_Intens-20-370x228.jpg 370w, https:\/\/lignesauto.fr\/wp-content\/uploads\/2019\/01\/All-New-Renault-Clio_Intens-20-1040x642.jpg 1040w, https:\/\/lignesauto.fr\/wp-content\/uploads\/2019\/01\/All-New-Renault-Clio_Intens-20.jpg 1134w\" sizes=\"(max-width: 1024px) 100vw, 1024px\" \/><\/a><\/p>\n<p><strong>Quand une Clio rencontre une autre Clio, elles se racontent des histoires de d\u00e9tails&#8230;<br \/>\nMais comme le diable, la qualit\u00e9 d&#8217;un design se niche aussi dans les d\u00e9tails.<\/strong><\/p>\n<p>Au niveau de son gabarit, la Clio a le m\u00e9rite d&#8217;\u00eatre (tr\u00e8s) l\u00e9g\u00e8rement plus courte (1,4 cm) mais surtout, plus basse de 3 cm que la Clio pr\u00e9c\u00e9dente.<br \/>\nEt c&#8217;est l\u00e0 un changement qui para\u00eet l\u00e9ger mais qui modifie des proportions comme vous pouvez l&#8217;apercevoir sur le montage ci-dessous :<\/p>\n<p>&#8211; la nouvelle venue semble plus \u00e9lanc\u00e9e. Elle est plus basse<\/p>\n<p>&#8211; ce dynamisme du volume est renforc\u00e9 par la ligne de ceinture de caisse d\u00e9limitant la surface t\u00f4l\u00e9e de la surface vitr\u00e9e : sur la Clio V, celle-ci est plus tendue et rectiligne<\/p>\n<p>&#8211; l&#8217;aile avant ne remonte plus sur le pied milieu (cela rendait complexe sur la Clio IV ce qu&#8217;on appelle le &#8220;n\u0153ud&#8221;, cette zone o\u00f9 convergent les lignes de l&#8217;aile, du capot, de la baie de pare-brise et du montant)<\/p>\n<p>&#8211; la ligne au sommet de l&#8217;aile avant est ainsi quasi horizontale et dans le prolongement de la ligne de ceinture de caisse.\u00a0L&#8217;effet de vague de la Clio IV a disparu pour un aspect plus solide et qualitatif<\/p>\n<p>&nbsp;<\/p>\n<p><a href=\"http:\/\/lignesauto.fr\/wp-content\/uploads\/2019\/01\/LIGNESREV03.png\"><img loading=\"lazy\" decoding=\"async\" class=\"alignnone wp-image-7367 size-full\" src=\"http:\/\/lignesauto.fr\/wp-content\/uploads\/2019\/01\/LIGNESREV03.png\" alt=\"\" width=\"992\" height=\"904\" srcset=\"https:\/\/lignesauto.fr\/wp-content\/uploads\/2019\/01\/LIGNESREV03.png 992w, https:\/\/lignesauto.fr\/wp-content\/uploads\/2019\/01\/LIGNESREV03-300x273.png 300w, https:\/\/lignesauto.fr\/wp-content\/uploads\/2019\/01\/LIGNESREV03-768x700.png 768w, https:\/\/lignesauto.fr\/wp-content\/uploads\/2019\/01\/LIGNESREV03-370x337.png 370w\" sizes=\"(max-width: 992px) 100vw, 992px\" \/><\/a><\/p>\n<p>&#8211; l&#8217;aile avant re\u00e7oit une petite extraction d&#8217;air qui s&#8217;habille d&#8217;un enjoliveur sur la ligne &#8220;RS&#8221;<\/p>\n<p>&#8211; sur la porti\u00e8re arri\u00e8re, la cassure de la ligne de caisse est plus douce, prenant naissance plus en avant de l&#8217;embouti de porti\u00e8re<\/p>\n<p>&#8211; sur le panneau de t\u00f4le, entre la porte arri\u00e8re et le volet de hayon, le petit &#8216;fenestron&#8217; (minuscule vitre qui ne servait \u00e0 rien puisqu&#8217;elle n&#8217;am\u00e9liorait pas la visibilit\u00e9 de 3\/4 AR) est supprim\u00e9 et l&#8217;endroit est d\u00e9sormais d\u00e9di\u00e9 \u00e0 la poign\u00e9e de porti\u00e8re<\/p>\n<p>&#8211; on rel\u00e8ve \u00e0 cet endroit un pli de t\u00f4le discret qui suit la forme de la poign\u00e9e et donne un aspect plus qualitatif et travaill\u00e9 du c\u00f4t\u00e9 de caisse. Evidemment, le jonc chrom\u00e9 ajoute \u00e0 cet aspect qualitatif<\/p>\n<p>&#8211; enfin, terminons cette comparaison en vue de profil (\u00e9l\u00e9vation) pour signaler l&#8217;all\u00e8gement des bas de caisse avec un simple jonc (badg\u00e9 du nom de la voiture) et non plus une \u00e9paisse baguette comme sur Clio IV. Mais le pli de caisse reprend la m\u00eame forme tout en \u00e9tant plus marqu\u00e9 et plus \u00e9l\u00e9gant<\/p>\n<p>&nbsp;<\/p>\n<p><a href=\"http:\/\/lignesauto.fr\/wp-content\/uploads\/2019\/01\/LIGNESREV01.png\"><img loading=\"lazy\" decoding=\"async\" class=\"alignnone wp-image-7365 size-full\" src=\"http:\/\/lignesauto.fr\/wp-content\/uploads\/2019\/01\/LIGNESREV01.png\" alt=\"\" width=\"992\" height=\"292\" srcset=\"https:\/\/lignesauto.fr\/wp-content\/uploads\/2019\/01\/LIGNESREV01.png 992w, https:\/\/lignesauto.fr\/wp-content\/uploads\/2019\/01\/LIGNESREV01-300x88.png 300w, https:\/\/lignesauto.fr\/wp-content\/uploads\/2019\/01\/LIGNESREV01-768x226.png 768w, https:\/\/lignesauto.fr\/wp-content\/uploads\/2019\/01\/LIGNESREV01-370x109.png 370w\" sizes=\"(max-width: 992px) 100vw, 992px\" \/><\/a><\/p>\n<p>Vue de 3\/4 avant, la principale diff\u00e9rence vient d&#8217;abord du dessin des optiques :<\/p>\n<p>&#8211; les leds de jour sont d\u00e9solidaris\u00e9es du bloc &#8216;phare&#8221; et empruntent donc l&#8217;identit\u00e9 Renault vue sur les r\u00e9centes productions (C-Shape)<\/p>\n<p>&#8211; le bloc phare est donc plus fin et rend le regard de la Clio V plus aff\u00fbt\u00e9 et moins pataud que celui de la Clio V<\/p>\n<p>&#8211; gr\u00e2ce \u00e0 ce changement, l&#8217;aile avant &#8211; sur sa partie sup\u00e9rieure &#8211; est plus longue (distance entre le phare et le montant de pare-brise) renfor\u00e7ant l&#8217;impression de solidit\u00e9<\/p>\n<p>&#8211; comme sur les r\u00e9centes Audi (!), le capot se muscle davantage avec de nouvelles nervures centrales<\/p>\n<p>&#8211; la partie noire de la calandre recevant l&#8217;\u00e9norme losange Renault prend de l&#8217;ampleur<\/p>\n<p>&nbsp;<\/p>\n<p><a href=\"http:\/\/lignesauto.fr\/wp-content\/uploads\/2019\/01\/LIGNESREV02.png\"><img loading=\"lazy\" decoding=\"async\" class=\"alignnone wp-image-7366 size-full\" src=\"http:\/\/lignesauto.fr\/wp-content\/uploads\/2019\/01\/LIGNESREV02.png\" alt=\"\" width=\"992\" height=\"319\" srcset=\"https:\/\/lignesauto.fr\/wp-content\/uploads\/2019\/01\/LIGNESREV02.png 992w, https:\/\/lignesauto.fr\/wp-content\/uploads\/2019\/01\/LIGNESREV02-300x96.png 300w, https:\/\/lignesauto.fr\/wp-content\/uploads\/2019\/01\/LIGNESREV02-768x247.png 768w, https:\/\/lignesauto.fr\/wp-content\/uploads\/2019\/01\/LIGNESREV02-370x119.png 370w\" sizes=\"(max-width: 992px) 100vw, 992px\" \/><\/a><\/p>\n<p>Vue de 3\/4 arri\u00e8re, les feux p\u00e9n\u00e8trent plus dans le hayon, donnant visuellement une sensation de voiture plus large, plus cossue.<\/p>\n<p>&#8211; les feux sont plus travaill\u00e9s, notamment avec le fil de lumi\u00e8re plus excentr\u00e9, l\u00e0 encore donnant cette impression de voiture plus large<\/p>\n<p>&#8211; petit d\u00e9tail du designer perfectionniste : la ligne de hayon qui coupe le feu AR remonte le long de la lunette et se raccorde \u00e0 celle du becquet. Sur la version pr\u00e9c\u00e9dente, cette ligne \u00e9tait plus tarabiscot\u00e9e et moins continue<\/p>\n<p>&#8211; on remarque \u00e0 nouveau le pli \u00e9l\u00e9gant sur le panneau de custode, autour de la poign\u00e9e de porti\u00e8re arri\u00e8re<\/p>\n<p>&#8211; enfin, si l&#8217;antenne reste plant\u00e9e comme une aiguille sur le pavillon, elle est plus courte et d&#8217;aspect plus costaud (antenne &#8220;requin&#8221;)<\/p>\n<p>Bref, la Clio est bien <em>&#8220;la m\u00eame mais en diff\u00e9rent&#8221;<\/em>.<br \/>\nCette &#8220;inspection&#8221; de la Clio V s&#8217;\u00e9tant d\u00e9roul\u00e9e uniquement sur photos, LIGNES\/auto reviendra sur cette nouveaut\u00e9 fran\u00e7aise en l&#8217;approchant cette fois pour de vrai.<br \/>\nCe sera chose faite pour le salon de Gen\u00e8ve.<\/p>\n<p>&nbsp;<\/p>\n<p><a href=\"http:\/\/lignesauto.fr\/wp-content\/uploads\/2018\/10\/LOGOActus_BD.jpg\"><img loading=\"lazy\" decoding=\"async\" class=\"alignnone size-medium wp-image-4921\" src=\"http:\/\/lignesauto.fr\/wp-content\/uploads\/2018\/10\/LOGOActus_BD-300x108.jpg\" alt=\"\" width=\"300\" height=\"108\" srcset=\"https:\/\/lignesauto.fr\/wp-content\/uploads\/2018\/10\/LOGOActus_BD-300x108.jpg 300w, https:\/\/lignesauto.fr\/wp-content\/uploads\/2018\/10\/LOGOActus_BD-768x276.jpg 768w, https:\/\/lignesauto.fr\/wp-content\/uploads\/2018\/10\/LOGOActus_BD-1024x367.jpg 1024w, https:\/\/lignesauto.fr\/wp-content\/uploads\/2018\/10\/LOGOActus_BD-370x133.jpg 370w, https:\/\/lignesauto.fr\/wp-content\/uploads\/2018\/10\/LOGOActus_BD-1040x373.jpg 1040w, https:\/\/lignesauto.fr\/wp-content\/uploads\/2018\/10\/LOGOActus_BD.jpg 1240w\" sizes=\"(max-width: 300px) 100vw, 300px\" \/><\/a><\/p>\n","protected":false},"excerpt":{"rendered":"<p>La r\u00e9v\u00e9lation de la nouvelle Clio (voir &#8216;post&#8217; pr\u00e9c\u00e9dent), vous a sans doute pos\u00e9 question : tout \u00e7a pour \u00e7a ? Le maintien du th\u00e8me de style de la pr\u00e9c\u00e9dente g\u00e9n\u00e9ration est une \u00e9vidence, comme le soulignait Laurens van den Acker lors de notre entretien : \u00ab\u00a0Avec cette nouvelle g\u00e9n\u00e9ration [&hellip;]<\/p>\n","protected":false},"author":1,"featured_media":7364,"comment_status":"open","ping_status":"open","sticky":false,"template":"","format":"standard","meta":{"footnotes":""},"categories":[1],"tags":[],"_links":{"self":[{"href":"https:\/\/lignesauto.fr\/index.php?rest_route=\/wp\/v2\/posts\/7388"}],"collection":[{"href":"https:\/\/lignesauto.fr\/index.php?rest_route=\/wp\/v2\/posts"}],"about":[{"href":"https:\/\/lignesauto.fr\/index.php?rest_route=\/wp\/v2\/types\/post"}],"author":[{"embeddable":true,"href":"https:\/\/lignesauto.fr\/index.php?rest_route=\/wp\/v2\/users\/1"}],"replies":[{"embeddable":true,"href":"https:\/\/lignesauto.fr\/index.php?rest_route=%2Fwp%2Fv2%2Fcomments&post=7388"}],"version-history":[{"count":25,"href":"https:\/\/lignesauto.fr\/index.php?rest_route=\/wp\/v2\/posts\/7388\/revisions"}],"predecessor-version":[{"id":7510,"href":"https:\/\/lignesauto.fr\/index.php?rest_route=\/wp\/v2\/posts\/7388\/revisions\/7510"}],"wp:featuredmedia":[{"embeddable":true,"href":"https:\/\/lignesauto.fr\/index.php?rest_route=\/wp\/v2\/media\/7364"}],"wp:attachment":[{"href":"https:\/\/lignesauto.fr\/index.php?rest_route=%2Fwp%2Fv2%2Fmedia&parent=7388"}],"wp:term":[{"taxonomy":"category","embeddable":true,"href":"https:\/\/lignesauto.fr\/index.php?rest_route=%2Fwp%2Fv2%2Fcategories&post=7388"},{"taxonomy":"post_tag","embeddable":true,"href":"https:\/\/lignesauto.fr\/index.php?rest_route=%2Fwp%2Fv2%2Ftags&post=7388"}],"curies":[{"name":"wp","href":"https:\/\/api.w.org\/{rel}","templated":true}]}}