{"id":7543,"date":"2019-01-30T08:45:18","date_gmt":"2019-01-30T07:45:18","guid":{"rendered":"http:\/\/lignesauto.fr\/?p=7543"},"modified":"2019-01-30T08:34:48","modified_gmt":"2019-01-30T07:34:48","slug":"a-portrait-of-db-making-of-de-la-voiture-hommage-a-david-bowie","status":"publish","type":"post","link":"https:\/\/lignesauto.fr\/?p=7543","title":{"rendered":"&#8220;A portrait of db&#8221; : making-of de la voiture hommage \u00e0 David Bowie"},"content":{"rendered":"<p><a href=\"http:\/\/lignesauto.fr\/wp-content\/uploads\/2018\/10\/LOGOActus_BD.jpg\"><img loading=\"lazy\" decoding=\"async\" class=\"alignnone size-medium wp-image-4921\" src=\"http:\/\/lignesauto.fr\/wp-content\/uploads\/2018\/10\/LOGOActus_BD-300x108.jpg\" alt=\"\" width=\"300\" height=\"108\" srcset=\"https:\/\/lignesauto.fr\/wp-content\/uploads\/2018\/10\/LOGOActus_BD-300x108.jpg 300w, https:\/\/lignesauto.fr\/wp-content\/uploads\/2018\/10\/LOGOActus_BD-768x276.jpg 768w, https:\/\/lignesauto.fr\/wp-content\/uploads\/2018\/10\/LOGOActus_BD-1024x367.jpg 1024w, https:\/\/lignesauto.fr\/wp-content\/uploads\/2018\/10\/LOGOActus_BD-370x133.jpg 370w, https:\/\/lignesauto.fr\/wp-content\/uploads\/2018\/10\/LOGOActus_BD-1040x373.jpg 1040w, https:\/\/lignesauto.fr\/wp-content\/uploads\/2018\/10\/LOGOActus_BD.jpg 1240w\" sizes=\"(max-width: 300px) 100vw, 300px\" \/><\/a><\/p>\n<p><strong>Voici le making-of de la fabrication de la maquette <em>&#8220;a portrait of db&#8221;<\/em> enfant\u00e9e par le designer Takumi Yamamoto et d\u00e9voil\u00e9 aujourd&#8217;hui au Festival International de\u00a0l&#8217;Automobile o\u00f9 vous pouvez d\u00e9sormais la d\u00e9couvrir <\/strong><a href=\"http:\/\/festivalautomobile.com\/#\">http:\/\/festivalautomobile.com\/#<\/a><\/p>\n<p>Ce reportage artistique est sign\u00e9\u00a0<span data-offset-key=\"es8oa-0-0\">Mathieu Boimare (<a href=\"https:\/\/www.behance.net\/boimare\">https:\/\/www.behance.net\/boimare<\/a>\u00a0 et\u00a0<a href=\"https:\/\/www.instagram.com\/mathieuboimare\/?utm_source=ig_profile_share&amp;igshid=1vamkim3klla8\">https:\/\/www.instagram.com\/mathieuboimare\/?utm_source=ig_profile_share&amp;igshid=1vamkim3klla8\u00a0<\/a>) et il est accompagn\u00e9 de l&#8217;interview de Cyrille Ancely (contact : en bas de ce post) publi\u00e9 sur ce site \u00e0 l&#8217;occasion de la r\u00e9v\u00e9lation du projet.<\/span><\/p>\n<p><a href=\"http:\/\/lignesauto.fr\/wp-content\/uploads\/2019\/01\/LIGNESDB09.jpg\"><img loading=\"lazy\" decoding=\"async\" class=\"alignnone wp-image-7552 size-large\" src=\"http:\/\/lignesauto.fr\/wp-content\/uploads\/2019\/01\/LIGNESDB09-1024x683.jpg\" alt=\"\" width=\"1024\" height=\"683\" srcset=\"https:\/\/lignesauto.fr\/wp-content\/uploads\/2019\/01\/LIGNESDB09-1024x683.jpg 1024w, https:\/\/lignesauto.fr\/wp-content\/uploads\/2019\/01\/LIGNESDB09-300x200.jpg 300w, https:\/\/lignesauto.fr\/wp-content\/uploads\/2019\/01\/LIGNESDB09-768x512.jpg 768w, https:\/\/lignesauto.fr\/wp-content\/uploads\/2019\/01\/LIGNESDB09-370x247.jpg 370w, https:\/\/lignesauto.fr\/wp-content\/uploads\/2019\/01\/LIGNESDB09-1040x694.jpg 1040w, https:\/\/lignesauto.fr\/wp-content\/uploads\/2019\/01\/LIGNESDB09.jpg 1378w\" sizes=\"(max-width: 1024px) 100vw, 1024px\" \/><\/a><\/p>\n<p>Takumi Yamamoto a voulu rendre un hommage tr\u00e8s particulier \u00e0 David Bowie (1947-2016) en cr\u00e9ant une sculpture automobile r\u00e9pondant sobrement au nom de &#8220;a portrait of db&#8221;.<br \/>\nSes nombreuses esquisses ont permis de d\u00e9finir les grandes lignes de son projet, mais pour lui faire franchir les fronti\u00e8res de l&#8217;objet \u00e9chelle 1, il a fallu de tr\u00e8s nombreux mois de travaux.<\/p>\n<p><a href=\"http:\/\/lignesauto.fr\/wp-content\/uploads\/2019\/01\/LIGNESDB16.jpg\"><img loading=\"lazy\" decoding=\"async\" class=\"alignnone wp-image-7557 size-large\" src=\"http:\/\/lignesauto.fr\/wp-content\/uploads\/2019\/01\/LIGNESDB16-1024x683.jpg\" alt=\"\" width=\"1024\" height=\"683\" srcset=\"https:\/\/lignesauto.fr\/wp-content\/uploads\/2019\/01\/LIGNESDB16-1024x683.jpg 1024w, https:\/\/lignesauto.fr\/wp-content\/uploads\/2019\/01\/LIGNESDB16-300x200.jpg 300w, https:\/\/lignesauto.fr\/wp-content\/uploads\/2019\/01\/LIGNESDB16-768x512.jpg 768w, https:\/\/lignesauto.fr\/wp-content\/uploads\/2019\/01\/LIGNESDB16-370x247.jpg 370w, https:\/\/lignesauto.fr\/wp-content\/uploads\/2019\/01\/LIGNESDB16-1040x694.jpg 1040w, https:\/\/lignesauto.fr\/wp-content\/uploads\/2019\/01\/LIGNESDB16.jpg 1378w\" sizes=\"(max-width: 1024px) 100vw, 1024px\" \/><\/a><\/p>\n<p>Premi\u00e8re \u00e9tape et non des moindres, la conception 3D de l&#8217;id\u00e9e de d\u00e9part. Donner aux id\u00e9es de Takumi du volume.<br \/>\nPour ce faire, le designer japonais s&#8217;est associ\u00e9 \u00e0 un fran\u00e7ais : Cyrille Ancely qui a lui aussi travaill\u00e9 pour le groupe PSA.<\/p>\n<p><a href=\"http:\/\/lignesauto.fr\/wp-content\/uploads\/2019\/01\/LIGNESDB05.jpg\"><img loading=\"lazy\" decoding=\"async\" class=\"alignnone wp-image-7549 size-large\" src=\"http:\/\/lignesauto.fr\/wp-content\/uploads\/2019\/01\/LIGNESDB05-1024x683.jpg\" alt=\"\" width=\"1024\" height=\"683\" srcset=\"https:\/\/lignesauto.fr\/wp-content\/uploads\/2019\/01\/LIGNESDB05-1024x683.jpg 1024w, https:\/\/lignesauto.fr\/wp-content\/uploads\/2019\/01\/LIGNESDB05-300x200.jpg 300w, https:\/\/lignesauto.fr\/wp-content\/uploads\/2019\/01\/LIGNESDB05-768x512.jpg 768w, https:\/\/lignesauto.fr\/wp-content\/uploads\/2019\/01\/LIGNESDB05-370x247.jpg 370w, https:\/\/lignesauto.fr\/wp-content\/uploads\/2019\/01\/LIGNESDB05-1040x694.jpg 1040w, https:\/\/lignesauto.fr\/wp-content\/uploads\/2019\/01\/LIGNESDB05.jpg 1378w\" sizes=\"(max-width: 1024px) 100vw, 1024px\" \/><\/a><\/p>\n<p><strong>C&#8217;est \u00e0 cette occasion que vous avez rencontr\u00e9 Takumi Yamamoto ?<\/strong><br \/>\n<em>&#8220;Pas tout \u00e0 fait&#8221;<\/em><em>\u00a0<\/em>nous dit Cyrille,\u00a0<em>&#8220;on s\u2019est crois\u00e9 quand il bossait sur le projet GTbyCitro\u00ebn mais on ne s\u2019est pas parl\u00e9 \u00e0 ce moment-l\u00e0 et on n\u2019a pas non plus travaill\u00e9 ensemble.\u00a0C&#8217;est plus tard, en 2016 que nous nous sommes vraiment\u00a0rencontr\u00e9s pour \u00e9voquer ce projet. Takumi avait besoin de quelqu\u2019un pour le transformer en 3D car il n\u2019avait pas cette comp\u00e9tence-l\u00e0.&#8221;<\/em><\/p>\n<p><em><a href=\"http:\/\/lignesauto.fr\/wp-content\/uploads\/2019\/01\/LIGNESDB01.jpg\"><img loading=\"lazy\" decoding=\"async\" class=\"alignnone wp-image-7545 size-large\" src=\"http:\/\/lignesauto.fr\/wp-content\/uploads\/2019\/01\/LIGNESDB01-1024x682.jpg\" alt=\"\" width=\"1024\" height=\"682\" srcset=\"https:\/\/lignesauto.fr\/wp-content\/uploads\/2019\/01\/LIGNESDB01-1024x682.jpg 1024w, https:\/\/lignesauto.fr\/wp-content\/uploads\/2019\/01\/LIGNESDB01-300x200.jpg 300w, https:\/\/lignesauto.fr\/wp-content\/uploads\/2019\/01\/LIGNESDB01-768x512.jpg 768w, https:\/\/lignesauto.fr\/wp-content\/uploads\/2019\/01\/LIGNESDB01-370x246.jpg 370w, https:\/\/lignesauto.fr\/wp-content\/uploads\/2019\/01\/LIGNESDB01-1040x693.jpg 1040w, https:\/\/lignesauto.fr\/wp-content\/uploads\/2019\/01\/LIGNESDB01.jpg 1378w\" sizes=\"(max-width: 1024px) 100vw, 1024px\" \/><\/a><\/em><\/p>\n<p><strong>Vous avez alors d\u00e9couvert la personnalit\u00e9 de Takumi !<\/strong><br \/>\n<em>&#8221;\u00a0Un cr\u00e9atif pur et dur et m\u00eame un type qui a du mal \u00e0 s\u2019arr\u00eater de cr\u00e9er\u00a0! J\u2019ai parfois \u00e9t\u00e9 oblig\u00e9 de le freiner car c\u2019est sans fin avec lui\u00a0! Il faut dire qu\u2019il ne cessait de r\u00e9p\u00e9ter que ce projet \u00e9tait celui de sa vie\u2026 Il a commenc\u00e9 \u00e0 le dessiner r\u00e9ellement deux jours seulement avant la mort de Bowie.\u00a0<\/em><em>On a attaqu\u00e9 la 3D de son projet alors que le design n\u2019\u00e9tait pas encore fig\u00e9. Il y avait \u00e9videmment toutes les id\u00e9es et c\u2019\u00e9tait tr\u00e8s int\u00e9ressant de vivre cette fa\u00e7on de cr\u00e9er. Il y avait d\u2019un c\u00f4t\u00e9 les grands th\u00e8mes du design et de l\u2019autre la concr\u00e9tisation en 3D.\u00a0<\/em><em>C\u2019est comme si au final ces deux personnes n\u2019en faisaient qu\u2019une\u00a0: d\u2019un c\u00f4t\u00e9 le cerveau et ses id\u00e9es et de l\u2019autre, les mains du sculpteur\u00a0!&#8221;<\/em><\/p>\n<p><em><a href=\"http:\/\/lignesauto.fr\/wp-content\/uploads\/2019\/01\/LIGNESDB02.jpg\"><img loading=\"lazy\" decoding=\"async\" class=\"alignnone wp-image-7546 size-large\" src=\"http:\/\/lignesauto.fr\/wp-content\/uploads\/2019\/01\/LIGNESDB02-683x1024.jpg\" alt=\"\" width=\"683\" height=\"1024\" srcset=\"https:\/\/lignesauto.fr\/wp-content\/uploads\/2019\/01\/LIGNESDB02-683x1024.jpg 683w, https:\/\/lignesauto.fr\/wp-content\/uploads\/2019\/01\/LIGNESDB02-200x300.jpg 200w, https:\/\/lignesauto.fr\/wp-content\/uploads\/2019\/01\/LIGNESDB02-768x1152.jpg 768w, https:\/\/lignesauto.fr\/wp-content\/uploads\/2019\/01\/LIGNESDB02-370x555.jpg 370w, https:\/\/lignesauto.fr\/wp-content\/uploads\/2019\/01\/LIGNESDB02-1040x1560.jpg 1040w, https:\/\/lignesauto.fr\/wp-content\/uploads\/2019\/01\/LIGNESDB02.jpg 1378w\" sizes=\"(max-width: 683px) 100vw, 683px\" \/><\/a><\/em><\/p>\n<p><strong>Le cerveau et les mains donnent donc naissance \u00e0 une \u00e9tonnante &#8220;voiture-sculpture&#8221;. Comment la d\u00e9finiriez-vous ?<\/strong><strong><br \/>\n<\/strong><em>&#8220;Des mots pour d\u00e9crire la voiture\u00a0? C\u2019est compliqu\u00e9 car il y en aurait beaucoup\u00a0!\u00a0En fait, ce n\u2019est pas une voiture. C\u2019est la concr\u00e9tisation de la vue d\u2019un artiste qui rend hommage en s\u2019appuyant sur son domaine d\u2019expression\u00a0: le design automobile. Pour un peintre, c\u2019est une peinture et pour Takumi, c\u2019est tout naturellement une voiture. On consid\u00e8re que c\u2019est une sculpture automobile plus qu\u2019une voiture.&#8221;<\/em><\/p>\n<p><em><a href=\"http:\/\/lignesauto.fr\/wp-content\/uploads\/2019\/01\/LIGNESDB03.jpg\"><img loading=\"lazy\" decoding=\"async\" class=\"alignnone wp-image-7547 size-large\" src=\"http:\/\/lignesauto.fr\/wp-content\/uploads\/2019\/01\/LIGNESDB03-1024x682.jpg\" alt=\"\" width=\"1024\" height=\"682\" srcset=\"https:\/\/lignesauto.fr\/wp-content\/uploads\/2019\/01\/LIGNESDB03-1024x682.jpg 1024w, https:\/\/lignesauto.fr\/wp-content\/uploads\/2019\/01\/LIGNESDB03-300x200.jpg 300w, https:\/\/lignesauto.fr\/wp-content\/uploads\/2019\/01\/LIGNESDB03-768x512.jpg 768w, https:\/\/lignesauto.fr\/wp-content\/uploads\/2019\/01\/LIGNESDB03-370x246.jpg 370w, https:\/\/lignesauto.fr\/wp-content\/uploads\/2019\/01\/LIGNESDB03-1040x693.jpg 1040w, https:\/\/lignesauto.fr\/wp-content\/uploads\/2019\/01\/LIGNESDB03.jpg 1378w\" sizes=\"(max-width: 1024px) 100vw, 1024px\" \/><\/a><\/em><\/p>\n<p><strong>Une sculpture \u00e0 la fois \u00e9lanc\u00e9e et aux volumes tourment\u00e9s&#8230;<\/strong><br \/>\n<em>&#8220;Les formes imagin\u00e9es par Takumi ne peuvent \u00eatre ex\u00e9cut\u00e9es qu\u2019en 3D. Elles sont tellement in\u00e9dites en automobile que la fabrication d\u2019un prototype avec les m\u00e9thodes classiques aurait demand\u00e9 un travail gigantesque, notamment au niveau des volumes qui vrillent sur eux m\u00eame\u2026\u00a0On a cherch\u00e9 la solution pendant pr\u00e8s d\u2019un an. On avait m\u00eame d\u00e9nich\u00e9 une soci\u00e9t\u00e9 qui disait pouvoir imprimer en 3D la sculpture en une seule pi\u00e8ce.\u00a0<\/em><em>Finalement, c\u2019est la soci\u00e9t\u00e9 Marie 3D \u00a0<\/em>(\u00a0<a href=\"https:\/\/www.marie3d.com\/\">https:\/\/www.marie3d.com<\/a>\u00a0)\u00a0<em>\u00e0 Sartrouville qui nous a offert la meilleure solution et les meilleures technologies pour le projet de Takumi. Elle dispose d\u2019une imprimante 3D de tr\u00e8s grand format<\/em><em>\u00a0<\/em>(<a href=\"https:\/\/massivit3d.com\/about\/\">https:\/\/massivit3d.com\/about\/<\/a>).\u00a0<em>Marie 3D s\u2019est m\u00eame transform\u00e9e en sponsor de l\u2019op\u00e9ration puisqu\u2019elle prend en charge l\u2019assemblage de la maquette et des blocs imprim\u00e9s en 3D. &#8220;<\/em><\/p>\n<p><em><a href=\"http:\/\/lignesauto.fr\/wp-content\/uploads\/2019\/01\/LIGNESDB07.jpg\"><img loading=\"lazy\" decoding=\"async\" class=\"alignnone wp-image-7550 size-large\" src=\"http:\/\/lignesauto.fr\/wp-content\/uploads\/2019\/01\/LIGNESDB07-1024x683.jpg\" alt=\"\" width=\"1024\" height=\"683\" srcset=\"https:\/\/lignesauto.fr\/wp-content\/uploads\/2019\/01\/LIGNESDB07-1024x683.jpg 1024w, https:\/\/lignesauto.fr\/wp-content\/uploads\/2019\/01\/LIGNESDB07-300x200.jpg 300w, https:\/\/lignesauto.fr\/wp-content\/uploads\/2019\/01\/LIGNESDB07-768x512.jpg 768w, https:\/\/lignesauto.fr\/wp-content\/uploads\/2019\/01\/LIGNESDB07-370x247.jpg 370w, https:\/\/lignesauto.fr\/wp-content\/uploads\/2019\/01\/LIGNESDB07-1040x694.jpg 1040w, https:\/\/lignesauto.fr\/wp-content\/uploads\/2019\/01\/LIGNESDB07.jpg 1378w\" sizes=\"(max-width: 1024px) 100vw, 1024px\" \/><\/a><\/em><\/p>\n<p><strong>Takumi Yamamoto a \u00e9voqu\u00e9 \u00e9galement le nom d&#8217;une autre partenaire : Chinatsu Matsumoto. Quel a \u00e9t\u00e9 son r\u00f4le dans le projet \u00ab\u00a0A portrait of db\u00a0\u00bb\u00a0?<\/strong><strong><br \/>\n<\/strong><em>&#8220;Elle est arriv\u00e9e avec une grande envie, celle d\u2019utiliser sur ce projet le design param\u00e9trique en le poussant \u00e0 son paroxysme. C\u2019\u00e9tait une volont\u00e9 de Takumi. En fait, l\u2019id\u00e9e \u00e9tait de g\u00e9n\u00e9rer des surfaces et des volumes non pas \u00e0 partir d\u2019un dessin mais \u00e0 partir d\u2019une\u2026 chanson\u00a0! Les variations de rythme et des paroles devaient \u00eatre capables d\u2019inventer ces volumes\u2026 Chinatsu est une sp\u00e9cialiste de ces logiciels <\/em>(CATIA xGenerative de Dassault Syst\u00e8mes par exemple: \u00a0<a href=\"https:\/\/www.youtube.com\/watch?v=ZtpalVl_-u0\">https:\/\/www.youtube.com\/watch?v=ZtpalVl_-u0<\/a>).\u00a0<em>On n\u2019a pas encore r\u00e9ussi \u00e0 trouver comment convertir la musique en un algorithme capable de g\u00e9n\u00e9rer des volumes mais on travaille dessus avec de solides partenaires\u00a0!&#8221;<\/em><\/p>\n<p><em><a href=\"http:\/\/lignesauto.fr\/wp-content\/uploads\/2019\/01\/LIGNESDB08.jpg\"><img loading=\"lazy\" decoding=\"async\" class=\"alignnone wp-image-7551 size-large\" src=\"http:\/\/lignesauto.fr\/wp-content\/uploads\/2019\/01\/LIGNESDB08-1024x683.jpg\" alt=\"\" width=\"1024\" height=\"683\" srcset=\"https:\/\/lignesauto.fr\/wp-content\/uploads\/2019\/01\/LIGNESDB08-1024x683.jpg 1024w, https:\/\/lignesauto.fr\/wp-content\/uploads\/2019\/01\/LIGNESDB08-300x200.jpg 300w, https:\/\/lignesauto.fr\/wp-content\/uploads\/2019\/01\/LIGNESDB08-768x512.jpg 768w, https:\/\/lignesauto.fr\/wp-content\/uploads\/2019\/01\/LIGNESDB08-370x247.jpg 370w, https:\/\/lignesauto.fr\/wp-content\/uploads\/2019\/01\/LIGNESDB08-1040x694.jpg 1040w, https:\/\/lignesauto.fr\/wp-content\/uploads\/2019\/01\/LIGNESDB08.jpg 1378w\" sizes=\"(max-width: 1024px) 100vw, 1024px\" \/><\/a><\/em><\/p>\n<p><strong>La voiture pr\u00e9sente en outre une particularit\u00e9 (mille particularit\u00e9s en fait\u2026), elle est totalement d\u00e9structur\u00e9e avec deux profils diff\u00e9rents. L\u2019un -c\u00f4t\u00e9 passager- est constitu\u00e9 de volumes \u00e9lanc\u00e9s qui forment une cape se d\u00e9ployant de l\u2019avant en d\u00e9bordant largement \u00e0 l\u2019arri\u00e8re, l\u2019autre -c\u00f4t\u00e9 conducteur- est plus atypique avec des\u2026 cristaux\u00a0! (ci-dessus)<\/strong><strong><br \/>\n<\/strong><em>&#8220;La volont\u00e9 de Takumi \u00e9tait effectivement d\u2019implanter des cristaux sur le flanc gauche. C\u2019\u00e9tait un v\u00e9ritable casse-t\u00eate \u00e0 num\u00e9riser. Shimada avait commenc\u00e9 \u00e0 travailler ce th\u00e8me, on les a m\u00eame dispos\u00e9s nous-m\u00eame \u00e0 un moment mais c\u2019\u00e9tait trop compliqu\u00e9, pas naturel. Alors on a choisi un algorithme pour les disposer de fa\u00e7on plus al\u00e9atoire et plus esth\u00e9tique.&#8221;<\/em><\/p>\n<p><em><a href=\"http:\/\/lignesauto.fr\/wp-content\/uploads\/2019\/01\/LIGNESDB12.jpg\"><img loading=\"lazy\" decoding=\"async\" class=\"alignnone wp-image-7553 size-large\" src=\"http:\/\/lignesauto.fr\/wp-content\/uploads\/2019\/01\/LIGNESDB12-682x1024.jpg\" alt=\"\" width=\"682\" height=\"1024\" srcset=\"https:\/\/lignesauto.fr\/wp-content\/uploads\/2019\/01\/LIGNESDB12-682x1024.jpg 682w, https:\/\/lignesauto.fr\/wp-content\/uploads\/2019\/01\/LIGNESDB12-200x300.jpg 200w, https:\/\/lignesauto.fr\/wp-content\/uploads\/2019\/01\/LIGNESDB12-768x1152.jpg 768w, https:\/\/lignesauto.fr\/wp-content\/uploads\/2019\/01\/LIGNESDB12-370x555.jpg 370w, https:\/\/lignesauto.fr\/wp-content\/uploads\/2019\/01\/LIGNESDB12-1040x1560.jpg 1040w, https:\/\/lignesauto.fr\/wp-content\/uploads\/2019\/01\/LIGNESDB12.jpg 1181w\" sizes=\"(max-width: 682px) 100vw, 682px\" \/><\/a><\/em><\/p>\n<p><strong>Quel a \u00e9t\u00e9 le r\u00f4le d\u2019Alexandre Larnac<\/strong><strong>qui a rejoint ce projet\u00a0?<\/strong><strong><br \/>\n<\/strong><em>&#8220;On peut simplifier en disant que le travail de cr\u00e9ation pur et dur, en 2D et en 3D, a \u00e9t\u00e9 r\u00e9alis\u00e9 par Takumi et moi-m\u00eame. Ce furent des \u00e9changes incessants entre le Japon et la France, parfois des journ\u00e9es de 16 heures\u2026 Alors \u00e0 un moment, on s\u2019est dit avec Takumi que nous aurions besoin de belles images pour promouvoir ce projet. Alex est alors arriv\u00e9 pour la r\u00e9alisation de ces images professionnelles et\u2026 sublimes\u00a0! Comme moi, il est plut\u00f4t b\u00e9n\u00e9vole sur ce projet car nous sommes avant tout trois passionn\u00e9s\u00a0!&#8221;<\/em><\/p>\n<p><em><a href=\"http:\/\/lignesauto.fr\/wp-content\/uploads\/2019\/01\/LIGNESDB13.jpg\"><img loading=\"lazy\" decoding=\"async\" class=\"alignnone wp-image-7554 size-large\" src=\"http:\/\/lignesauto.fr\/wp-content\/uploads\/2019\/01\/LIGNESDB13-1024x683.jpg\" alt=\"\" width=\"1024\" height=\"683\" srcset=\"https:\/\/lignesauto.fr\/wp-content\/uploads\/2019\/01\/LIGNESDB13-1024x683.jpg 1024w, https:\/\/lignesauto.fr\/wp-content\/uploads\/2019\/01\/LIGNESDB13-300x200.jpg 300w, https:\/\/lignesauto.fr\/wp-content\/uploads\/2019\/01\/LIGNESDB13-768x512.jpg 768w, https:\/\/lignesauto.fr\/wp-content\/uploads\/2019\/01\/LIGNESDB13-370x247.jpg 370w, https:\/\/lignesauto.fr\/wp-content\/uploads\/2019\/01\/LIGNESDB13-1040x694.jpg 1040w, https:\/\/lignesauto.fr\/wp-content\/uploads\/2019\/01\/LIGNESDB13.jpg 1378w\" sizes=\"(max-width: 1024px) 100vw, 1024px\" \/><\/a><\/em><\/p>\n<p><strong>Sachant que le salon est organis\u00e9 \u00e0 la fin de ce mois jusqu\u2019au tout d\u00e9but f\u00e9vrier, \u00eates-vous en panique au niveau des d\u00e9lais\u00a0?<\/strong><strong><br \/>\n<\/strong><em>&#8220;Non, pas du tout car la maquette est dans les temps, voire en avance d\u2019une semaine\u00a0! Le gros du travail restant se porterait plut\u00f4t sur les r\u00e9glages du video mapping\u00a0: au Festival International de l\u2019Automobile de fin janvier, notre maquette sera peinte en blanc et on projettera des images sur le volume, notamment des dessins de David Bowie r\u00e9alis\u00e9s par Takumi. On travaille dur actuellement sur ce vid\u00e9o-mapping !&#8221;<\/em><\/p>\n<p><em><a href=\"http:\/\/lignesauto.fr\/wp-content\/uploads\/2019\/01\/LIGNESDB14.jpg\"><img loading=\"lazy\" decoding=\"async\" class=\"alignnone wp-image-7555 size-large\" src=\"http:\/\/lignesauto.fr\/wp-content\/uploads\/2019\/01\/LIGNESDB14-1024x683.jpg\" alt=\"\" width=\"1024\" height=\"683\" srcset=\"https:\/\/lignesauto.fr\/wp-content\/uploads\/2019\/01\/LIGNESDB14-1024x683.jpg 1024w, https:\/\/lignesauto.fr\/wp-content\/uploads\/2019\/01\/LIGNESDB14-300x200.jpg 300w, https:\/\/lignesauto.fr\/wp-content\/uploads\/2019\/01\/LIGNESDB14-768x512.jpg 768w, https:\/\/lignesauto.fr\/wp-content\/uploads\/2019\/01\/LIGNESDB14-370x247.jpg 370w, https:\/\/lignesauto.fr\/wp-content\/uploads\/2019\/01\/LIGNESDB14-1040x694.jpg 1040w, https:\/\/lignesauto.fr\/wp-content\/uploads\/2019\/01\/LIGNESDB14.jpg 1378w\" sizes=\"(max-width: 1024px) 100vw, 1024px\" \/><\/a><\/em><\/p>\n<p>C&#8217;est aujourd&#8217;hui, au Festival International de l\u2019Automobile que vous pourrez juger de la qualit\u00e9 du travail ex\u00e9cut\u00e9 par cette micro-\u00e9quipe de professionnels.<\/p>\n<p><a href=\"http:\/\/lignesauto.fr\/wp-content\/uploads\/2019\/01\/LIGNESDB15.jpg\"><img loading=\"lazy\" decoding=\"async\" class=\"alignnone wp-image-7556 size-large\" src=\"http:\/\/lignesauto.fr\/wp-content\/uploads\/2019\/01\/LIGNESDB15-683x1024.jpg\" alt=\"\" width=\"683\" height=\"1024\" srcset=\"https:\/\/lignesauto.fr\/wp-content\/uploads\/2019\/01\/LIGNESDB15-683x1024.jpg 683w, https:\/\/lignesauto.fr\/wp-content\/uploads\/2019\/01\/LIGNESDB15-200x300.jpg 200w, https:\/\/lignesauto.fr\/wp-content\/uploads\/2019\/01\/LIGNESDB15-768x1152.jpg 768w, https:\/\/lignesauto.fr\/wp-content\/uploads\/2019\/01\/LIGNESDB15-370x555.jpg 370w, https:\/\/lignesauto.fr\/wp-content\/uploads\/2019\/01\/LIGNESDB15-1040x1560.jpg 1040w, https:\/\/lignesauto.fr\/wp-content\/uploads\/2019\/01\/LIGNESDB15.jpg 1378w\" sizes=\"(max-width: 683px) 100vw, 683px\" \/><\/a><\/p>\n<h3><strong>Ceux qui ont rendu possible l&#8217;impossible<\/strong><\/h3>\n<p><em>De gauche \u00e0 droite:<\/em><br \/>\n<strong>Takumi Yamamoto<\/strong>, designer du projet &#8220;a portrait of db&#8221;, passionn\u00e9 par David Bowie depuis son enfance et qui a eu l&#8217;envie de lui rendre hommage voici&#8230; 20 ans. Son r\u00eave a enfin abouti&#8230;<br \/>\n<strong>Alexandre Larnac<\/strong> qui a rejoint le team pour faire vivre en illustrations 3D la voiture avant m\u00eame sa naissance&#8230;<br \/>\n<strong>Cyrille Ancely<\/strong> qui, lui aussi orf\u00e8vre de la 3D, a permis de transformer les r\u00eaves de Takumi en r\u00e9alit\u00e9 num\u00e9rique.<\/p>\n<p><a href=\"http:\/\/lignesauto.fr\/wp-content\/uploads\/2019\/01\/LIGNESDB21.jpg\"><img loading=\"lazy\" decoding=\"async\" class=\"alignnone wp-image-7561 size-large\" src=\"http:\/\/lignesauto.fr\/wp-content\/uploads\/2019\/01\/LIGNESDB21-683x1024.jpg\" alt=\"\" width=\"683\" height=\"1024\" srcset=\"https:\/\/lignesauto.fr\/wp-content\/uploads\/2019\/01\/LIGNESDB21-683x1024.jpg 683w, https:\/\/lignesauto.fr\/wp-content\/uploads\/2019\/01\/LIGNESDB21-200x300.jpg 200w, https:\/\/lignesauto.fr\/wp-content\/uploads\/2019\/01\/LIGNESDB21-768x1152.jpg 768w, https:\/\/lignesauto.fr\/wp-content\/uploads\/2019\/01\/LIGNESDB21-370x555.jpg 370w, https:\/\/lignesauto.fr\/wp-content\/uploads\/2019\/01\/LIGNESDB21-1040x1560.jpg 1040w, https:\/\/lignesauto.fr\/wp-content\/uploads\/2019\/01\/LIGNESDB21.jpg 1378w\" sizes=\"(max-width: 683px) 100vw, 683px\" \/><\/a><\/p>\n<div><strong>Retrouvez Takumi Yamamoto :<\/strong><\/div>\n<div>&#8211;\u00a0<a href=\"http:\/\/takumiyamamoto.com\">http:\/\/takumiyamamoto.com<\/a><\/div>\n<div><\/div>\n<div><strong>Retrouvez Alexandre Larnac :<\/strong><br \/>\n&#8211; CG Artiste : <a href=\"https:\/\/www.alexandrelarnac.com\">https:\/\/www.alexandrelarnac.com<\/a><\/div>\n<div><\/div>\n<div><strong>Retrouvez Cyrille Ancely :<\/strong><br \/>\n-Page fb <em>pro<\/em>: @ancelydesign &#8211; \u00a0<a href=\"https:\/\/www.facebook.com\/ancelydesign\/\">https:\/\/www.facebook.com\/ancelydesign\/<\/a><\/div>\n<div>-Behance :\u00a0<a href=\"https:\/\/www.behance.net\/cyrilleancely\">https:\/\/www.behance.net\/cyrilleancely<\/a><\/div>\n<div>-Instagram : @aportraitofdb &#8211;\u00a0<a href=\"https:\/\/www.instagram.com\/cyrilleancely\/\">https:\/\/www.instagram.com\/cyrilleancely\/<\/a><\/div>\n<p>Ajoutons \u00e0 cette petite \u00e9quipe, tout le staff de Marie 3D qui a permit la naissance de cette sculpture automobile gr\u00e2ce \u00e0 l&#8217;impression num\u00e9rique.<br \/>\nUn tour de force qui d\u00e9montre les comp\u00e9tences de chacun.<\/p>\n<p><a href=\"http:\/\/lignesauto.fr\/wp-content\/uploads\/2018\/10\/LOGOActus_BD.jpg\"><img loading=\"lazy\" decoding=\"async\" class=\"alignnone size-medium wp-image-4921\" src=\"http:\/\/lignesauto.fr\/wp-content\/uploads\/2018\/10\/LOGOActus_BD-300x108.jpg\" alt=\"\" width=\"300\" height=\"108\" srcset=\"https:\/\/lignesauto.fr\/wp-content\/uploads\/2018\/10\/LOGOActus_BD-300x108.jpg 300w, https:\/\/lignesauto.fr\/wp-content\/uploads\/2018\/10\/LOGOActus_BD-768x276.jpg 768w, https:\/\/lignesauto.fr\/wp-content\/uploads\/2018\/10\/LOGOActus_BD-1024x367.jpg 1024w, https:\/\/lignesauto.fr\/wp-content\/uploads\/2018\/10\/LOGOActus_BD-370x133.jpg 370w, https:\/\/lignesauto.fr\/wp-content\/uploads\/2018\/10\/LOGOActus_BD-1040x373.jpg 1040w, https:\/\/lignesauto.fr\/wp-content\/uploads\/2018\/10\/LOGOActus_BD.jpg 1240w\" sizes=\"(max-width: 300px) 100vw, 300px\" \/><\/a><\/p>\n","protected":false},"excerpt":{"rendered":"<p>Voici le making-of de la fabrication de la maquette &#8220;a portrait of db&#8221; enfant\u00e9e par le designer Takumi Yamamoto et d\u00e9voil\u00e9 aujourd&#8217;hui au Festival International de\u00a0l&#8217;Automobile o\u00f9 vous pouvez d\u00e9sormais la d\u00e9couvrir http:\/\/festivalautomobile.com\/# Ce reportage artistique est sign\u00e9\u00a0Mathieu Boimare (https:\/\/www.behance.net\/boimare\u00a0 et\u00a0https:\/\/www.instagram.com\/mathieuboimare\/?utm_source=ig_profile_share&amp;igshid=1vamkim3klla8\u00a0) et il est accompagn\u00e9 de l&#8217;interview de Cyrille Ancely [&hellip;]<\/p>\n","protected":false},"author":1,"featured_media":7548,"comment_status":"open","ping_status":"open","sticky":false,"template":"","format":"standard","meta":{"footnotes":""},"categories":[1],"tags":[],"_links":{"self":[{"href":"https:\/\/lignesauto.fr\/index.php?rest_route=\/wp\/v2\/posts\/7543"}],"collection":[{"href":"https:\/\/lignesauto.fr\/index.php?rest_route=\/wp\/v2\/posts"}],"about":[{"href":"https:\/\/lignesauto.fr\/index.php?rest_route=\/wp\/v2\/types\/post"}],"author":[{"embeddable":true,"href":"https:\/\/lignesauto.fr\/index.php?rest_route=\/wp\/v2\/users\/1"}],"replies":[{"embeddable":true,"href":"https:\/\/lignesauto.fr\/index.php?rest_route=%2Fwp%2Fv2%2Fcomments&post=7543"}],"version-history":[{"count":17,"href":"https:\/\/lignesauto.fr\/index.php?rest_route=\/wp\/v2\/posts\/7543\/revisions"}],"predecessor-version":[{"id":7581,"href":"https:\/\/lignesauto.fr\/index.php?rest_route=\/wp\/v2\/posts\/7543\/revisions\/7581"}],"wp:featuredmedia":[{"embeddable":true,"href":"https:\/\/lignesauto.fr\/index.php?rest_route=\/wp\/v2\/media\/7548"}],"wp:attachment":[{"href":"https:\/\/lignesauto.fr\/index.php?rest_route=%2Fwp%2Fv2%2Fmedia&parent=7543"}],"wp:term":[{"taxonomy":"category","embeddable":true,"href":"https:\/\/lignesauto.fr\/index.php?rest_route=%2Fwp%2Fv2%2Fcategories&post=7543"},{"taxonomy":"post_tag","embeddable":true,"href":"https:\/\/lignesauto.fr\/index.php?rest_route=%2Fwp%2Fv2%2Ftags&post=7543"}],"curies":[{"name":"wp","href":"https:\/\/api.w.org\/{rel}","templated":true}]}}