{"id":7620,"date":"2019-02-15T13:39:20","date_gmt":"2019-02-15T12:39:20","guid":{"rendered":"http:\/\/lignesauto.fr\/?p=7620"},"modified":"2019-02-16T08:30:14","modified_gmt":"2019-02-16T07:30:14","slug":"le-retour-du-buggy-volkswagen-electrique-bien-sur","status":"publish","type":"post","link":"https:\/\/lignesauto.fr\/?p=7620","title":{"rendered":"Le retour du buggy Volkswagen. Electrique bien s\u00fbr !"},"content":{"rendered":"<p><a href=\"http:\/\/lignesauto.fr\/wp-content\/uploads\/2018\/10\/LOGOActus_BD.jpg\"><img loading=\"lazy\" decoding=\"async\" class=\"alignnone size-medium wp-image-4921\" src=\"http:\/\/lignesauto.fr\/wp-content\/uploads\/2018\/10\/LOGOActus_BD-300x108.jpg\" alt=\"\" width=\"300\" height=\"108\" srcset=\"https:\/\/lignesauto.fr\/wp-content\/uploads\/2018\/10\/LOGOActus_BD-300x108.jpg 300w, https:\/\/lignesauto.fr\/wp-content\/uploads\/2018\/10\/LOGOActus_BD-768x276.jpg 768w, https:\/\/lignesauto.fr\/wp-content\/uploads\/2018\/10\/LOGOActus_BD-1024x367.jpg 1024w, https:\/\/lignesauto.fr\/wp-content\/uploads\/2018\/10\/LOGOActus_BD-370x133.jpg 370w, https:\/\/lignesauto.fr\/wp-content\/uploads\/2018\/10\/LOGOActus_BD-1040x373.jpg 1040w, https:\/\/lignesauto.fr\/wp-content\/uploads\/2018\/10\/LOGOActus_BD.jpg 1240w\" sizes=\"(max-width: 300px) 100vw, 300px\" \/><\/a><\/p>\n<p>Voil\u00e0 un concept pas si souvent (re)visit\u00e9.<br \/>\nVolkswagen est indirectement \u00e0 l&#8217;origine de celui du &#8220;buggy&#8221;, cet engin reposant sur un ch\u00e2ssis de Coccinelle coiff\u00e9 d&#8217;une caisse l\u00e9g\u00e8re en mat\u00e9riaux composites.<\/p>\n<p><a href=\"http:\/\/lignesauto.fr\/wp-content\/uploads\/2019\/01\/BUGGY2019.jpg\"><img loading=\"lazy\" decoding=\"async\" class=\"alignnone wp-image-7621 size-large\" src=\"http:\/\/lignesauto.fr\/wp-content\/uploads\/2019\/01\/BUGGY2019-1024x540.jpg\" alt=\"\" width=\"1024\" height=\"540\" srcset=\"https:\/\/lignesauto.fr\/wp-content\/uploads\/2019\/01\/BUGGY2019-1024x540.jpg 1024w, https:\/\/lignesauto.fr\/wp-content\/uploads\/2019\/01\/BUGGY2019-300x158.jpg 300w, https:\/\/lignesauto.fr\/wp-content\/uploads\/2019\/01\/BUGGY2019-768x405.jpg 768w, https:\/\/lignesauto.fr\/wp-content\/uploads\/2019\/01\/BUGGY2019-370x195.jpg 370w, https:\/\/lignesauto.fr\/wp-content\/uploads\/2019\/01\/BUGGY2019-1040x548.jpg 1040w, https:\/\/lignesauto.fr\/wp-content\/uploads\/2019\/01\/BUGGY2019.jpg 1417w\" sizes=\"(max-width: 1024px) 100vw, 1024px\" \/><\/a><\/p>\n<p>Plusieurs concept-cars sign\u00e9s par le constructeur Allemand (voir plus bas) ont \u00e9maill\u00e9 l&#8217;histoire r\u00e9cente de la marque.<br \/>\nAu prochain salon de Gen\u00e8ve, Volkswagen r\u00e9v\u00e8lera une nouvelle vision du Buggy (ci-dessus), cette fois 100% \u00e9lectrique gr\u00e2ce \u00e0 la plateforme MEB (ci-dessous).<br \/>\nCette derni\u00e8re existe notamment avec une architecture simpliste d&#8217;un seul moteur EV sur le train arri\u00e8re, respectant ainsi les fondamentaux du concept buggy initial !<\/p>\n<p><a href=\"http:\/\/lignesauto.fr\/wp-content\/uploads\/2019\/01\/DB2018AU02246_large.jpg\"><img loading=\"lazy\" decoding=\"async\" class=\"alignnone wp-image-7635 size-large\" src=\"http:\/\/lignesauto.fr\/wp-content\/uploads\/2019\/01\/DB2018AU02246_large-1024x576.jpg\" alt=\"\" width=\"1024\" height=\"576\" srcset=\"https:\/\/lignesauto.fr\/wp-content\/uploads\/2019\/01\/DB2018AU02246_large-1024x576.jpg 1024w, https:\/\/lignesauto.fr\/wp-content\/uploads\/2019\/01\/DB2018AU02246_large-300x169.jpg 300w, https:\/\/lignesauto.fr\/wp-content\/uploads\/2019\/01\/DB2018AU02246_large-768x432.jpg 768w, https:\/\/lignesauto.fr\/wp-content\/uploads\/2019\/01\/DB2018AU02246_large-370x208.jpg 370w, https:\/\/lignesauto.fr\/wp-content\/uploads\/2019\/01\/DB2018AU02246_large-1040x585.jpg 1040w, https:\/\/lignesauto.fr\/wp-content\/uploads\/2019\/01\/DB2018AU02246_large.jpg 1417w\" sizes=\"(max-width: 1024px) 100vw, 1024px\" \/><\/a><\/p>\n<p>&nbsp;<\/p>\n<h3><\/h3>\n<h3><strong>BONUS : les pr\u00e9c\u00e9dentes tentatives de Volkswagen<\/strong><\/h3>\n<p><strong>Le concept Vario 1 de 1991<\/strong><\/p>\n<p><a href=\"http:\/\/lignesauto.fr\/wp-content\/uploads\/2019\/01\/LIGNESBUGGYVARIO1.jpg\"><img loading=\"lazy\" decoding=\"async\" class=\"alignnone wp-image-7625 size-large\" src=\"http:\/\/lignesauto.fr\/wp-content\/uploads\/2019\/01\/LIGNESBUGGYVARIO1-1024x633.jpg\" alt=\"\" width=\"1024\" height=\"633\" srcset=\"https:\/\/lignesauto.fr\/wp-content\/uploads\/2019\/01\/LIGNESBUGGYVARIO1-1024x633.jpg 1024w, https:\/\/lignesauto.fr\/wp-content\/uploads\/2019\/01\/LIGNESBUGGYVARIO1-300x185.jpg 300w, https:\/\/lignesauto.fr\/wp-content\/uploads\/2019\/01\/LIGNESBUGGYVARIO1-768x475.jpg 768w, https:\/\/lignesauto.fr\/wp-content\/uploads\/2019\/01\/LIGNESBUGGYVARIO1-370x229.jpg 370w, https:\/\/lignesauto.fr\/wp-content\/uploads\/2019\/01\/LIGNESBUGGYVARIO1-1040x643.jpg 1040w, https:\/\/lignesauto.fr\/wp-content\/uploads\/2019\/01\/LIGNESBUGGYVARIO1.jpg 1417w\" sizes=\"(max-width: 1024px) 100vw, 1024px\" \/><\/a><\/p>\n<p>Alors qu&#8217;en 1991 Volkswagen propose encore la deuxi\u00e8me g\u00e9n\u00e9ration de sa Golf (la huiti\u00e8me arrive cette ann\u00e9e !), les propositions de d\u00e9riv\u00e9s tournent plut\u00f4t vers les silhouettes GTI, pris\u00e9es \u00e0 l&#8217;\u00e9poque. Mais cette version totalement d\u00e9couverte avec son pare-brise abaiss\u00e9 et sa sellerie folklorique entrait dans un programme d&#8217;une voiture aux carrosseries interchangeables.<\/p>\n<p>&nbsp;<\/p>\n<p><strong>L&#8217;\u00e9tude d&#8217;une Golf &#8220;de plage&#8221; (date non pr\u00e9cis\u00e9e)<\/strong><\/p>\n<p><a href=\"http:\/\/lignesauto.fr\/wp-content\/uploads\/2019\/01\/LIGNESGOLFBUGGY.jpg\"><img loading=\"lazy\" decoding=\"async\" class=\"alignnone wp-image-7626 size-large\" src=\"http:\/\/lignesauto.fr\/wp-content\/uploads\/2019\/01\/LIGNESGOLFBUGGY-1024x683.jpg\" alt=\"\" width=\"1024\" height=\"683\" srcset=\"https:\/\/lignesauto.fr\/wp-content\/uploads\/2019\/01\/LIGNESGOLFBUGGY-1024x683.jpg 1024w, https:\/\/lignesauto.fr\/wp-content\/uploads\/2019\/01\/LIGNESGOLFBUGGY-300x200.jpg 300w, https:\/\/lignesauto.fr\/wp-content\/uploads\/2019\/01\/LIGNESGOLFBUGGY-768x512.jpg 768w, https:\/\/lignesauto.fr\/wp-content\/uploads\/2019\/01\/LIGNESGOLFBUGGY-370x247.jpg 370w, https:\/\/lignesauto.fr\/wp-content\/uploads\/2019\/01\/LIGNESGOLFBUGGY-1040x694.jpg 1040w, https:\/\/lignesauto.fr\/wp-content\/uploads\/2019\/01\/LIGNESGOLFBUGGY.jpg 1417w\" sizes=\"(max-width: 1024px) 100vw, 1024px\" \/><\/a><\/p>\n<p>Dans cette r\u00e9serve o\u00f9 de nombreux d\u00e9riv\u00e9s de Golf jamais produits sont expos\u00e9s (notamment une Golf \u00e0 portes coulissantes&#8230;), on remarque cette version en tenue de plage. Mais ici le pare-brise reste celui de la berline qui elle, a \u00e9t\u00e9 largement tron\u00e7onn\u00e9e.<\/p>\n<p><strong><br \/>\nLe concept T de 2004<\/strong><\/p>\n<p><a href=\"http:\/\/lignesauto.fr\/wp-content\/uploads\/2019\/01\/LIGNESBUGGYT.jpg\"><img loading=\"lazy\" decoding=\"async\" class=\"alignnone wp-image-7623 size-large\" src=\"http:\/\/lignesauto.fr\/wp-content\/uploads\/2019\/01\/LIGNESBUGGYT-1024x681.jpg\" alt=\"\" width=\"1024\" height=\"681\" srcset=\"https:\/\/lignesauto.fr\/wp-content\/uploads\/2019\/01\/LIGNESBUGGYT-1024x681.jpg 1024w, https:\/\/lignesauto.fr\/wp-content\/uploads\/2019\/01\/LIGNESBUGGYT-300x200.jpg 300w, https:\/\/lignesauto.fr\/wp-content\/uploads\/2019\/01\/LIGNESBUGGYT-768x511.jpg 768w, https:\/\/lignesauto.fr\/wp-content\/uploads\/2019\/01\/LIGNESBUGGYT-370x246.jpg 370w, https:\/\/lignesauto.fr\/wp-content\/uploads\/2019\/01\/LIGNESBUGGYT-1040x692.jpg 1040w, https:\/\/lignesauto.fr\/wp-content\/uploads\/2019\/01\/LIGNESBUGGYT.jpg 1417w\" sizes=\"(max-width: 1024px) 100vw, 1024px\" \/><\/a><br \/>\nL&#8217;alliance de la sportivit\u00e9 et du buggy se d\u00e9voile en 2004 sous les traits d&#8217;un concept-car, le projet &#8220;T&#8221;.<br \/>\nC&#8217;est une des premi\u00e8res approches de Volkswagen sur le terrain des &#8220;coup\u00e9 SUV&#8221;, un march\u00e9 qui se d\u00e9veloppera \u00e0 la fin des ann\u00e9es 2000&#8230;<\/p>\n<p>&nbsp;<\/p>\n<p><strong>Le concept Buggy Up de 2011<\/strong><\/p>\n<p><a href=\"http:\/\/lignesauto.fr\/wp-content\/uploads\/2019\/01\/LIGNESBUGGYUP.jpg\"><img loading=\"lazy\" decoding=\"async\" class=\"alignnone wp-image-7624 size-large\" src=\"http:\/\/lignesauto.fr\/wp-content\/uploads\/2019\/01\/LIGNESBUGGYUP-1024x679.jpg\" alt=\"\" width=\"1024\" height=\"679\" srcset=\"https:\/\/lignesauto.fr\/wp-content\/uploads\/2019\/01\/LIGNESBUGGYUP-1024x679.jpg 1024w, https:\/\/lignesauto.fr\/wp-content\/uploads\/2019\/01\/LIGNESBUGGYUP-300x199.jpg 300w, https:\/\/lignesauto.fr\/wp-content\/uploads\/2019\/01\/LIGNESBUGGYUP-768x509.jpg 768w, https:\/\/lignesauto.fr\/wp-content\/uploads\/2019\/01\/LIGNESBUGGYUP-370x245.jpg 370w, https:\/\/lignesauto.fr\/wp-content\/uploads\/2019\/01\/LIGNESBUGGYUP-1040x689.jpg 1040w, https:\/\/lignesauto.fr\/wp-content\/uploads\/2019\/01\/LIGNESBUGGYUP.jpg 1417w\" sizes=\"(max-width: 1024px) 100vw, 1024px\" \/><\/a><br \/>\nLa petite Up a \u00e9t\u00e9 d\u00e9riv\u00e9e en de multiples variantes et Volkswagen ne pouvait rester insensible au concept du buggy qu&#8217;il a initi\u00e9 dans les ann\u00e9es 1960.<br \/>\nC&#8217;est sans doute de ce concept que le prochain <em>buggy-e<\/em> de Volkswagen s&#8217;inspirera le plus.<\/p>\n<p><a href=\"http:\/\/lignesauto.fr\/wp-content\/uploads\/2018\/10\/LOGOActus_BD.jpg\"><img loading=\"lazy\" decoding=\"async\" class=\"alignnone size-medium wp-image-4921\" src=\"http:\/\/lignesauto.fr\/wp-content\/uploads\/2018\/10\/LOGOActus_BD-300x108.jpg\" alt=\"\" width=\"300\" height=\"108\" srcset=\"https:\/\/lignesauto.fr\/wp-content\/uploads\/2018\/10\/LOGOActus_BD-300x108.jpg 300w, https:\/\/lignesauto.fr\/wp-content\/uploads\/2018\/10\/LOGOActus_BD-768x276.jpg 768w, https:\/\/lignesauto.fr\/wp-content\/uploads\/2018\/10\/LOGOActus_BD-1024x367.jpg 1024w, https:\/\/lignesauto.fr\/wp-content\/uploads\/2018\/10\/LOGOActus_BD-370x133.jpg 370w, https:\/\/lignesauto.fr\/wp-content\/uploads\/2018\/10\/LOGOActus_BD-1040x373.jpg 1040w, https:\/\/lignesauto.fr\/wp-content\/uploads\/2018\/10\/LOGOActus_BD.jpg 1240w\" sizes=\"(max-width: 300px) 100vw, 300px\" \/><\/a><\/p>\n","protected":false},"excerpt":{"rendered":"<p>Voil\u00e0 un concept pas si souvent (re)visit\u00e9. Volkswagen est indirectement \u00e0 l&#8217;origine de celui du &#8220;buggy&#8221;, cet engin reposant sur un ch\u00e2ssis de Coccinelle coiff\u00e9 d&#8217;une caisse l\u00e9g\u00e8re en mat\u00e9riaux composites. Plusieurs concept-cars sign\u00e9s par le constructeur Allemand (voir plus bas) ont \u00e9maill\u00e9 l&#8217;histoire r\u00e9cente de la marque. Au prochain [&hellip;]<\/p>\n","protected":false},"author":1,"featured_media":7622,"comment_status":"open","ping_status":"open","sticky":false,"template":"","format":"standard","meta":{"footnotes":""},"categories":[1],"tags":[],"_links":{"self":[{"href":"https:\/\/lignesauto.fr\/index.php?rest_route=\/wp\/v2\/posts\/7620"}],"collection":[{"href":"https:\/\/lignesauto.fr\/index.php?rest_route=\/wp\/v2\/posts"}],"about":[{"href":"https:\/\/lignesauto.fr\/index.php?rest_route=\/wp\/v2\/types\/post"}],"author":[{"embeddable":true,"href":"https:\/\/lignesauto.fr\/index.php?rest_route=\/wp\/v2\/users\/1"}],"replies":[{"embeddable":true,"href":"https:\/\/lignesauto.fr\/index.php?rest_route=%2Fwp%2Fv2%2Fcomments&post=7620"}],"version-history":[{"count":9,"href":"https:\/\/lignesauto.fr\/index.php?rest_route=\/wp\/v2\/posts\/7620\/revisions"}],"predecessor-version":[{"id":7638,"href":"https:\/\/lignesauto.fr\/index.php?rest_route=\/wp\/v2\/posts\/7620\/revisions\/7638"}],"wp:featuredmedia":[{"embeddable":true,"href":"https:\/\/lignesauto.fr\/index.php?rest_route=\/wp\/v2\/media\/7622"}],"wp:attachment":[{"href":"https:\/\/lignesauto.fr\/index.php?rest_route=%2Fwp%2Fv2%2Fmedia&parent=7620"}],"wp:term":[{"taxonomy":"category","embeddable":true,"href":"https:\/\/lignesauto.fr\/index.php?rest_route=%2Fwp%2Fv2%2Fcategories&post=7620"},{"taxonomy":"post_tag","embeddable":true,"href":"https:\/\/lignesauto.fr\/index.php?rest_route=%2Fwp%2Fv2%2Ftags&post=7620"}],"curies":[{"name":"wp","href":"https:\/\/api.w.org\/{rel}","templated":true}]}}