{"id":7742,"date":"2019-02-06T22:38:26","date_gmt":"2019-02-06T21:38:26","guid":{"rendered":"http:\/\/lignesauto.fr\/?p=7742"},"modified":"2019-02-06T23:23:46","modified_gmt":"2019-02-06T22:23:46","slug":"retromobile-vu-par-lignes-auto-partie-1","status":"publish","type":"post","link":"https:\/\/lignesauto.fr\/?p=7742","title":{"rendered":"R\u00e9tromobile vu par LIGNES\/auto (partie 1)"},"content":{"rendered":"<p><a href=\"http:\/\/lignesauto.fr\/wp-content\/uploads\/2018\/10\/LOGOActus_BD.jpg\"><img loading=\"lazy\" decoding=\"async\" class=\"alignnone size-medium wp-image-4921\" src=\"http:\/\/lignesauto.fr\/wp-content\/uploads\/2018\/10\/LOGOActus_BD-300x108.jpg\" alt=\"\" width=\"300\" height=\"108\" srcset=\"https:\/\/lignesauto.fr\/wp-content\/uploads\/2018\/10\/LOGOActus_BD-300x108.jpg 300w, https:\/\/lignesauto.fr\/wp-content\/uploads\/2018\/10\/LOGOActus_BD-768x276.jpg 768w, https:\/\/lignesauto.fr\/wp-content\/uploads\/2018\/10\/LOGOActus_BD-1024x367.jpg 1024w, https:\/\/lignesauto.fr\/wp-content\/uploads\/2018\/10\/LOGOActus_BD-370x133.jpg 370w, https:\/\/lignesauto.fr\/wp-content\/uploads\/2018\/10\/LOGOActus_BD-1040x373.jpg 1040w, https:\/\/lignesauto.fr\/wp-content\/uploads\/2018\/10\/LOGOActus_BD.jpg 1240w\" sizes=\"(max-width: 300px) 100vw, 300px\" \/><\/a><\/p>\n<p>Vous le savez d\u00e9sormais, LIGNES\/auto ne fait rien comme tout le monde&#8230;<br \/>\nVoici un regard diff\u00e9rent en trois parties sur quelques voitures, objets ou \u00e9quipements que LIGNES\/auto consid\u00e8re comme des p\u00e9pites.<br \/>\nUne s\u00e9lection subjective, assum\u00e9e et n\u00e9anmoins pleine d&#8217;enseignements.<\/p>\n<p><em>Belle visite \ud83d\ude42<\/em><\/p>\n<p>&nbsp;<\/p>\n<p><strong>LA GUERRE<\/strong><\/p>\n<p><a href=\"http:\/\/lignesauto.fr\/wp-content\/uploads\/2019\/02\/17.jpg\"><img loading=\"lazy\" decoding=\"async\" class=\"alignnone wp-image-7767 size-large\" src=\"http:\/\/lignesauto.fr\/wp-content\/uploads\/2019\/02\/17-1024x576.jpg\" alt=\"\" width=\"1024\" height=\"576\" srcset=\"https:\/\/lignesauto.fr\/wp-content\/uploads\/2019\/02\/17-1024x576.jpg 1024w, https:\/\/lignesauto.fr\/wp-content\/uploads\/2019\/02\/17-300x169.jpg 300w, https:\/\/lignesauto.fr\/wp-content\/uploads\/2019\/02\/17-768x432.jpg 768w, https:\/\/lignesauto.fr\/wp-content\/uploads\/2019\/02\/17-370x208.jpg 370w, https:\/\/lignesauto.fr\/wp-content\/uploads\/2019\/02\/17-1040x585.jpg 1040w, https:\/\/lignesauto.fr\/wp-content\/uploads\/2019\/02\/17.jpg 1276w\" sizes=\"(max-width: 1024px) 100vw, 1024px\" \/><\/a><\/p>\n<p>Cette Alfa Romeo 8C 2900B Touring Berlinetta est la star de la vente d&#8217;Artcurial qui aura lieu le 8 f\u00e9vrier. Si l&#8217;Alfa Romeo 8C 2900 fut produite \u00e0 moins de 50 exemplaires, la d\u00e9clinaison Berlinetta ne le fut qu&#8217;\u00e0 5 unit\u00e9s et voici donc la seconde produite, rest\u00e9e 40 ans dans la m\u00eame famille. Estimation : entre 16 et 22 millions d&#8217;euros. Cette Alfa Romeo \u00e9tait avant-guerre la plus rapide des voitures de l&#8217;\u00e9poque mais 1939 condamna la belle Rouge. L&#8217;Europe allait h\u00e9las elle aussi rougir. De la couleur du sang&#8230;<\/p>\n<p>&nbsp;<\/p>\n<p><strong>LA PLAGE<\/strong><\/p>\n<p><a href=\"http:\/\/lignesauto.fr\/wp-content\/uploads\/2019\/02\/19.jpg\"><img loading=\"lazy\" decoding=\"async\" class=\"alignnone wp-image-7766 size-large\" src=\"http:\/\/lignesauto.fr\/wp-content\/uploads\/2019\/02\/19-1024x681.jpg\" alt=\"\" width=\"1024\" height=\"681\" srcset=\"https:\/\/lignesauto.fr\/wp-content\/uploads\/2019\/02\/19-1024x681.jpg 1024w, https:\/\/lignesauto.fr\/wp-content\/uploads\/2019\/02\/19-300x199.jpg 300w, https:\/\/lignesauto.fr\/wp-content\/uploads\/2019\/02\/19-768x510.jpg 768w, https:\/\/lignesauto.fr\/wp-content\/uploads\/2019\/02\/19-370x246.jpg 370w, https:\/\/lignesauto.fr\/wp-content\/uploads\/2019\/02\/19-1040x691.jpg 1040w, https:\/\/lignesauto.fr\/wp-content\/uploads\/2019\/02\/19.jpg 1276w\" sizes=\"(max-width: 1024px) 100vw, 1024px\" \/><\/a><\/p>\n<p>Cette 4CV Rio aux airs de voiture de plage est une vraie rivale de la Fiat 500 (ou 600) du m\u00eame acabit. Une petite cinquantaine d&#8217;exemplaires a \u00e9t\u00e9 produite et, c\u00f4t\u00e9 tarif, on se m\u00e9lange un peu les pinceaux. Affich\u00e9e plus de&#8230; 220 000 euros sur le stand d&#8217;Artcurial, elle se rattrapait heureusement sur le catalogue avec un prix oscillant entre 45 et 65 000 euros. Quand m\u00eame !<\/p>\n<p>&nbsp;<\/p>\n<p><strong>LA FRANCE<\/strong><\/p>\n<p><a href=\"http:\/\/lignesauto.fr\/wp-content\/uploads\/2019\/02\/20.jpg\"><img loading=\"lazy\" decoding=\"async\" class=\"alignnone wp-image-7765 size-large\" src=\"http:\/\/lignesauto.fr\/wp-content\/uploads\/2019\/02\/20-1024x576.jpg\" alt=\"\" width=\"1024\" height=\"576\" srcset=\"https:\/\/lignesauto.fr\/wp-content\/uploads\/2019\/02\/20-1024x576.jpg 1024w, https:\/\/lignesauto.fr\/wp-content\/uploads\/2019\/02\/20-300x169.jpg 300w, https:\/\/lignesauto.fr\/wp-content\/uploads\/2019\/02\/20-768x432.jpg 768w, https:\/\/lignesauto.fr\/wp-content\/uploads\/2019\/02\/20-370x208.jpg 370w, https:\/\/lignesauto.fr\/wp-content\/uploads\/2019\/02\/20-1040x585.jpg 1040w, https:\/\/lignesauto.fr\/wp-content\/uploads\/2019\/02\/20.jpg 1276w\" sizes=\"(max-width: 1024px) 100vw, 1024px\" \/><\/a><\/p>\n<p>Cocorico ! Voici la voiture avec laquelle Maurice Trintignant a gagn\u00e9 son premier Grand Prix. Cette belle et douce fran\u00e7aise, d\u00e9sirable en tous points est estim\u00e9e \u00e0 un tarif de 4 \u00e0 4,5 millions d&#8217;euros.<\/p>\n<p>&nbsp;<\/p>\n<p><strong>LA FRANCE EN MORCEAUX<\/strong><\/p>\n<p><a href=\"http:\/\/lignesauto.fr\/wp-content\/uploads\/2019\/02\/23.jpg\"><img loading=\"lazy\" decoding=\"async\" class=\"alignnone wp-image-7762 size-large\" src=\"http:\/\/lignesauto.fr\/wp-content\/uploads\/2019\/02\/23-576x1024.jpg\" alt=\"\" width=\"576\" height=\"1024\" srcset=\"https:\/\/lignesauto.fr\/wp-content\/uploads\/2019\/02\/23-576x1024.jpg 576w, https:\/\/lignesauto.fr\/wp-content\/uploads\/2019\/02\/23-169x300.jpg 169w, https:\/\/lignesauto.fr\/wp-content\/uploads\/2019\/02\/23-768x1365.jpg 768w, https:\/\/lignesauto.fr\/wp-content\/uploads\/2019\/02\/23-370x658.jpg 370w, https:\/\/lignesauto.fr\/wp-content\/uploads\/2019\/02\/23-1040x1849.jpg 1040w, https:\/\/lignesauto.fr\/wp-content\/uploads\/2019\/02\/23.jpg 1276w\" sizes=\"(max-width: 576px) 100vw, 576px\" \/><\/a><\/p>\n<p>Les Bugatti sont une nouvelle fois nombreuses \u00e0 R\u00e9tromobile mais il est d\u00e9sormais possible d&#8217;en acqu\u00e9rir en&#8230; morceaux. Pas totalement restaur\u00e9e, pas totalement compl\u00e8te ou pas totalement r\u00e9f\u00e9renc\u00e9e, la Bugatti est un animal surprenant qui \u00e9veille le doute, l&#8217;envie et ne supporte aucune faiblesse dans la connaissance des <em>pedigree<\/em> de chacun des exemplaires de la race. Alors pour les n\u00e9ophytes, il suffit de regarder, d&#8217;observer, d&#8217;imaginer le bruit du maillet sur l&#8217;aluminium, celui de la fusion des mat\u00e9riaux pour couler les carters et toucher ce volant en bois que de grands ou d&#8217;anonymes <em>gentlemen drivers<\/em> ont touch\u00e9 voici d\u00e9sormais plus de 80 ans&#8230;<\/p>\n<p>&nbsp;<\/p>\n<p><strong>L&#8217;ODEUR<\/strong><\/p>\n<p><a href=\"http:\/\/lignesauto.fr\/wp-content\/uploads\/2019\/02\/24.jpg\"><img loading=\"lazy\" decoding=\"async\" class=\"alignnone wp-image-7761 size-large\" src=\"http:\/\/lignesauto.fr\/wp-content\/uploads\/2019\/02\/24-576x1024.jpg\" alt=\"\" width=\"576\" height=\"1024\" srcset=\"https:\/\/lignesauto.fr\/wp-content\/uploads\/2019\/02\/24-576x1024.jpg 576w, https:\/\/lignesauto.fr\/wp-content\/uploads\/2019\/02\/24-169x300.jpg 169w, https:\/\/lignesauto.fr\/wp-content\/uploads\/2019\/02\/24-768x1365.jpg 768w, https:\/\/lignesauto.fr\/wp-content\/uploads\/2019\/02\/24-370x658.jpg 370w, https:\/\/lignesauto.fr\/wp-content\/uploads\/2019\/02\/24-1040x1849.jpg 1040w, https:\/\/lignesauto.fr\/wp-content\/uploads\/2019\/02\/24.jpg 1276w\" sizes=\"(max-width: 576px) 100vw, 576px\" \/><\/a><\/p>\n<p>Il y a le bruit mais aussi l&#8217;odeur. J&#8217;ai eu la chance lorsque j&#8217;\u00e9tais m\u00f4me, de monter \u00e0 bord d&#8217;une Alpine A110. Ce ne sont ni les performances, ni le bruit, ni la position du si\u00e8ge au ras du sol qui \u00e9merveill\u00e8rent le gamin que j&#8217;\u00e9tais, mais l&#8217;odeur. La colle, les mat\u00e9riaux composites de l&#8217;\u00e9poque, tout concourrait \u00e0 me rendre malade -comme passager- avec ces virages et courbes qui me sautaient \u00e0 la figure et la clope que tonton tenait \u00e0 bout de doigts. On a le droit d&#8217;\u00eatre malade en voiture quand on est m\u00f4me, m\u00eame en Alpine ! Aujourd&#8217;hui, cette odeur cote entre 70 000 et 100 000 euros.<\/p>\n<p>&nbsp;<\/p>\n<p><strong>LA CLOPE AU BEC<\/strong><\/p>\n<p><a href=\"http:\/\/lignesauto.fr\/wp-content\/uploads\/2019\/02\/21.jpg\"><img loading=\"lazy\" decoding=\"async\" class=\"alignnone wp-image-7764 size-large\" src=\"http:\/\/lignesauto.fr\/wp-content\/uploads\/2019\/02\/21-1024x571.jpg\" alt=\"\" width=\"1024\" height=\"571\" srcset=\"https:\/\/lignesauto.fr\/wp-content\/uploads\/2019\/02\/21-1024x571.jpg 1024w, https:\/\/lignesauto.fr\/wp-content\/uploads\/2019\/02\/21-300x167.jpg 300w, https:\/\/lignesauto.fr\/wp-content\/uploads\/2019\/02\/21-768x429.jpg 768w, https:\/\/lignesauto.fr\/wp-content\/uploads\/2019\/02\/21-370x206.jpg 370w, https:\/\/lignesauto.fr\/wp-content\/uploads\/2019\/02\/21-1040x580.jpg 1040w, https:\/\/lignesauto.fr\/wp-content\/uploads\/2019\/02\/21.jpg 1276w\" sizes=\"(max-width: 1024px) 100vw, 1024px\" \/><\/a><\/p>\n<p>La clope, Guy Ligier l&#8217;avait \u00e9galement souvent au bec et les Gitanes d&#8217;alors affichaient leur logo \u00e9crit dans une police si <em>seventies<\/em>. Elles \u00e9taient belles les premi\u00e8res Ligier sponsoris\u00e9es par la SEITA ! Celle-ci \u00e0 perdu son \u00e9norme prise d&#8217;air en 1977 pour des raisons de r\u00e9glementation. La belle Gitane dansante a alors disparu de cette chemin\u00e9e alimentant en air le V12 Matra &#8211; hurlant &#8211; de la F1 fran\u00e7aise. Il semblerait que la Gitane \u00e9tait un chat noir car les Ligier gagn\u00e8rent apr\u00e8s son \u00e9viction, notamment les deux premiers GP de la saison 1979 !<\/p>\n<p>&nbsp;<\/p>\n<p><strong>LE GRAND BLOND A LA CHAUSSURE LOURDE<\/strong><\/p>\n<p><a href=\"http:\/\/lignesauto.fr\/wp-content\/uploads\/2019\/02\/4.jpg\"><img loading=\"lazy\" decoding=\"async\" class=\"alignnone wp-image-7746 size-large\" src=\"http:\/\/lignesauto.fr\/wp-content\/uploads\/2019\/02\/4-1024x829.jpg\" alt=\"\" width=\"1024\" height=\"829\" srcset=\"https:\/\/lignesauto.fr\/wp-content\/uploads\/2019\/02\/4-1024x829.jpg 1024w, https:\/\/lignesauto.fr\/wp-content\/uploads\/2019\/02\/4-300x243.jpg 300w, https:\/\/lignesauto.fr\/wp-content\/uploads\/2019\/02\/4-768x622.jpg 768w, https:\/\/lignesauto.fr\/wp-content\/uploads\/2019\/02\/4-370x300.jpg 370w, https:\/\/lignesauto.fr\/wp-content\/uploads\/2019\/02\/4-1040x842.jpg 1040w, https:\/\/lignesauto.fr\/wp-content\/uploads\/2019\/02\/4.jpg 1276w\" sizes=\"(max-width: 1024px) 100vw, 1024px\" \/><\/a><\/p>\n<p>Belle ann\u00e9e que cette ann\u00e9e 1979 car apr\u00e8s un d\u00e9but de saison fabuleux aux couleurs des Ligier victorieuses, ce fut au tour de Renault avec son V6 biturbo cette fois (apr\u00e8s le gros turbo des ann\u00e9es pr\u00e9c\u00e9dentes) de remporter son premier Grand Prix, en France qui plus est, avec le grand Jean-Pierre Jabouille au guidon ! J&#8217;avais 18 ans, tout juste le permis et avec ma R5 &#8220;prix et le levier de vitesses au plancher&#8221;, je m&#8217;\u00e9tais rendu sur le circuit de Dijon Prenois o\u00f9 eut lieu le triomphe de la F1 fran\u00e7aise. \u00c7a marque&#8230;<\/p>\n<p>&nbsp;<\/p>\n<p><strong>SUPRISE<\/strong><\/p>\n<p><a href=\"http:\/\/lignesauto.fr\/wp-content\/uploads\/2019\/02\/8.jpg\"><img loading=\"lazy\" decoding=\"async\" class=\"alignnone wp-image-7750 size-large\" src=\"http:\/\/lignesauto.fr\/wp-content\/uploads\/2019\/02\/8-1024x752.jpg\" alt=\"\" width=\"1024\" height=\"752\" srcset=\"https:\/\/lignesauto.fr\/wp-content\/uploads\/2019\/02\/8-1024x752.jpg 1024w, https:\/\/lignesauto.fr\/wp-content\/uploads\/2019\/02\/8-300x220.jpg 300w, https:\/\/lignesauto.fr\/wp-content\/uploads\/2019\/02\/8-768x564.jpg 768w, https:\/\/lignesauto.fr\/wp-content\/uploads\/2019\/02\/8-370x272.jpg 370w, https:\/\/lignesauto.fr\/wp-content\/uploads\/2019\/02\/8-1040x764.jpg 1040w, https:\/\/lignesauto.fr\/wp-content\/uploads\/2019\/02\/8.jpg 1276w\" sizes=\"(max-width: 1024px) 100vw, 1024px\" \/><\/a><\/p>\n<p>Un an plus t\u00f4t, \u00e0 l&#8217;occasion du salon de l&#8217;auto de Paris, Renault d\u00e9voile une maquette de la R5 Turbo. C&#8217;est une immense surprise m\u00eame s&#8217;il faudra attendre deux ans pour voir le projet aboutir \u00e0 une voiture de (petite) s\u00e9rie. C&#8217;est le designer fran\u00e7ais Marc Deschamps, alors chez Renault, qui \u0153uvra en partie sur ce projet avec une maquette r\u00e9alis\u00e9e et suivie par ses soins au coeur m\u00eame de la <em>carrozzeria<\/em> Bertone. Le combin\u00e9 d&#8217;instrumentation disposait d&#8217;aiguilles branch\u00e9es sur les virages : elles penchaient \u00e0 droite dans les courbes \u00e0 gauche. Et inversement. La qualit\u00e9 n&#8217;\u00e9tait pas le ma\u00eetre mot de la production fran\u00e7aise dans les ann\u00e9es 1980&#8230; Quant au volant avec ses branches en &#8220;L&#8221;, il suscita la ris\u00e9e des essayeurs de l&#8217;\u00e9poque. Mais quel engin, quel engin !<\/p>\n<p>&nbsp;<\/p>\n<p><strong>FAST AND FURIOUS<\/strong><\/p>\n<p><a href=\"http:\/\/lignesauto.fr\/wp-content\/uploads\/2019\/02\/16.jpg\"><img loading=\"lazy\" decoding=\"async\" class=\"alignnone wp-image-7758 size-large\" src=\"http:\/\/lignesauto.fr\/wp-content\/uploads\/2019\/02\/16-576x1024.jpg\" alt=\"\" width=\"576\" height=\"1024\" srcset=\"https:\/\/lignesauto.fr\/wp-content\/uploads\/2019\/02\/16-576x1024.jpg 576w, https:\/\/lignesauto.fr\/wp-content\/uploads\/2019\/02\/16-169x300.jpg 169w, https:\/\/lignesauto.fr\/wp-content\/uploads\/2019\/02\/16-768x1365.jpg 768w, https:\/\/lignesauto.fr\/wp-content\/uploads\/2019\/02\/16-370x658.jpg 370w, https:\/\/lignesauto.fr\/wp-content\/uploads\/2019\/02\/16-1040x1849.jpg 1040w, https:\/\/lignesauto.fr\/wp-content\/uploads\/2019\/02\/16.jpg 1276w\" sizes=\"(max-width: 576px) 100vw, 576px\" \/><\/a><\/p>\n<p>Helmut Marko et Gijs van Lennep remportent les 24 Heures du Mans 1971 au volant de cette Porsche mythique, la 917 K. Ils pr\u00e9c\u00e8dent une autre 917 de deux tours alors que la premi\u00e8re Ferrari &#8211; sur le podium &#8211; est humili\u00e9 \u00e0 31 tours de la n\u00b022. Cette derni\u00e8re gagne la course \u00e0 la vitesse moyenne ahurissante de 222 km\/h&#8230; Il n&#8217;y avait pas de chicane dans la ligne droite des Hunaudi\u00e8res et il fallait de grosses &#8220;<em>cojones<\/em>&#8221; pour tenir 24 Heures \u00e0 cette vitesse&#8230;<\/p>\n<p><strong>A SUIVRE :<\/strong><em><strong> RETROMOBILE VU PAR LIGNES\/auto (PARTIE 2)<\/strong><\/em><\/p>\n<p>&nbsp;<\/p>\n<p><a href=\"http:\/\/lignesauto.fr\/wp-content\/uploads\/2018\/10\/LOGOActus_BD.jpg\"><img loading=\"lazy\" decoding=\"async\" class=\"alignnone size-medium wp-image-4921\" src=\"http:\/\/lignesauto.fr\/wp-content\/uploads\/2018\/10\/LOGOActus_BD-300x108.jpg\" alt=\"\" width=\"300\" height=\"108\" srcset=\"https:\/\/lignesauto.fr\/wp-content\/uploads\/2018\/10\/LOGOActus_BD-300x108.jpg 300w, https:\/\/lignesauto.fr\/wp-content\/uploads\/2018\/10\/LOGOActus_BD-768x276.jpg 768w, https:\/\/lignesauto.fr\/wp-content\/uploads\/2018\/10\/LOGOActus_BD-1024x367.jpg 1024w, https:\/\/lignesauto.fr\/wp-content\/uploads\/2018\/10\/LOGOActus_BD-370x133.jpg 370w, https:\/\/lignesauto.fr\/wp-content\/uploads\/2018\/10\/LOGOActus_BD-1040x373.jpg 1040w, https:\/\/lignesauto.fr\/wp-content\/uploads\/2018\/10\/LOGOActus_BD.jpg 1240w\" sizes=\"(max-width: 300px) 100vw, 300px\" \/><\/a><\/p>\n<p>&nbsp;<\/p>\n<p>&nbsp;<\/p>\n","protected":false},"excerpt":{"rendered":"<p>Vous le savez d\u00e9sormais, LIGNES\/auto ne fait rien comme tout le monde&#8230; Voici un regard diff\u00e9rent en trois parties sur quelques voitures, objets ou \u00e9quipements que LIGNES\/auto consid\u00e8re comme des p\u00e9pites. Une s\u00e9lection subjective, assum\u00e9e et n\u00e9anmoins pleine d&#8217;enseignements. Belle visite \ud83d\ude42 &nbsp; LA GUERRE Cette Alfa Romeo 8C 2900B [&hellip;]<\/p>\n","protected":false},"author":1,"featured_media":7743,"comment_status":"open","ping_status":"open","sticky":false,"template":"","format":"standard","meta":{"footnotes":""},"categories":[1],"tags":[],"_links":{"self":[{"href":"https:\/\/lignesauto.fr\/index.php?rest_route=\/wp\/v2\/posts\/7742"}],"collection":[{"href":"https:\/\/lignesauto.fr\/index.php?rest_route=\/wp\/v2\/posts"}],"about":[{"href":"https:\/\/lignesauto.fr\/index.php?rest_route=\/wp\/v2\/types\/post"}],"author":[{"embeddable":true,"href":"https:\/\/lignesauto.fr\/index.php?rest_route=\/wp\/v2\/users\/1"}],"replies":[{"embeddable":true,"href":"https:\/\/lignesauto.fr\/index.php?rest_route=%2Fwp%2Fv2%2Fcomments&post=7742"}],"version-history":[{"count":26,"href":"https:\/\/lignesauto.fr\/index.php?rest_route=\/wp\/v2\/posts\/7742\/revisions"}],"predecessor-version":[{"id":7810,"href":"https:\/\/lignesauto.fr\/index.php?rest_route=\/wp\/v2\/posts\/7742\/revisions\/7810"}],"wp:featuredmedia":[{"embeddable":true,"href":"https:\/\/lignesauto.fr\/index.php?rest_route=\/wp\/v2\/media\/7743"}],"wp:attachment":[{"href":"https:\/\/lignesauto.fr\/index.php?rest_route=%2Fwp%2Fv2%2Fmedia&parent=7742"}],"wp:term":[{"taxonomy":"category","embeddable":true,"href":"https:\/\/lignesauto.fr\/index.php?rest_route=%2Fwp%2Fv2%2Fcategories&post=7742"},{"taxonomy":"post_tag","embeddable":true,"href":"https:\/\/lignesauto.fr\/index.php?rest_route=%2Fwp%2Fv2%2Ftags&post=7742"}],"curies":[{"name":"wp","href":"https:\/\/api.w.org\/{rel}","templated":true}]}}