{"id":7769,"date":"2019-02-07T09:19:27","date_gmt":"2019-02-07T08:19:27","guid":{"rendered":"http:\/\/lignesauto.fr\/?p=7769"},"modified":"2019-02-07T09:19:27","modified_gmt":"2019-02-07T08:19:27","slug":"retromobile-vu-par-lignes-auto-partie-2","status":"publish","type":"post","link":"https:\/\/lignesauto.fr\/?p=7769","title":{"rendered":"R\u00e9tromobile vu par LIGNES\/auto (partie 2)"},"content":{"rendered":"<p><a href=\"http:\/\/lignesauto.fr\/wp-content\/uploads\/2018\/10\/LOGOActus_BD.jpg\"><img loading=\"lazy\" decoding=\"async\" class=\"alignnone size-medium wp-image-4921\" src=\"http:\/\/lignesauto.fr\/wp-content\/uploads\/2018\/10\/LOGOActus_BD-300x108.jpg\" alt=\"\" width=\"300\" height=\"108\" srcset=\"https:\/\/lignesauto.fr\/wp-content\/uploads\/2018\/10\/LOGOActus_BD-300x108.jpg 300w, https:\/\/lignesauto.fr\/wp-content\/uploads\/2018\/10\/LOGOActus_BD-768x276.jpg 768w, https:\/\/lignesauto.fr\/wp-content\/uploads\/2018\/10\/LOGOActus_BD-1024x367.jpg 1024w, https:\/\/lignesauto.fr\/wp-content\/uploads\/2018\/10\/LOGOActus_BD-370x133.jpg 370w, https:\/\/lignesauto.fr\/wp-content\/uploads\/2018\/10\/LOGOActus_BD-1040x373.jpg 1040w, https:\/\/lignesauto.fr\/wp-content\/uploads\/2018\/10\/LOGOActus_BD.jpg 1240w\" sizes=\"(max-width: 300px) 100vw, 300px\" \/><\/a><\/p>\n<p><strong>R\u00e9tromobile : seconde partie<\/strong><\/p>\n<p>Vous le savez d\u00e9sormais, LIGNES\/auto ne fait rien comme tout le monde&#8230;<br \/>\nVoici un regard diff\u00e9rent en trois parties sur quelques voitures, objets ou \u00e9quipements que LIGNES\/auto consid\u00e8re comme des p\u00e9pites.<br \/>\nUne s\u00e9lection subjective, assum\u00e9e et n\u00e9anmoins pleine d&#8217;enseignements.<\/p>\n<p><em>Belle visite \ud83d\ude42<\/em><\/p>\n<p>&nbsp;<\/p>\n<p><strong>BAC A SABLE<\/strong><\/p>\n<p><a href=\"http:\/\/lignesauto.fr\/wp-content\/uploads\/2019\/02\/25.jpg\"><img loading=\"lazy\" decoding=\"async\" class=\"alignnone wp-image-7760 size-large\" src=\"http:\/\/lignesauto.fr\/wp-content\/uploads\/2019\/02\/25-576x1024.jpg\" alt=\"\" width=\"576\" height=\"1024\" srcset=\"https:\/\/lignesauto.fr\/wp-content\/uploads\/2019\/02\/25-576x1024.jpg 576w, https:\/\/lignesauto.fr\/wp-content\/uploads\/2019\/02\/25-169x300.jpg 169w, https:\/\/lignesauto.fr\/wp-content\/uploads\/2019\/02\/25-768x1365.jpg 768w, https:\/\/lignesauto.fr\/wp-content\/uploads\/2019\/02\/25-370x658.jpg 370w, https:\/\/lignesauto.fr\/wp-content\/uploads\/2019\/02\/25-1040x1849.jpg 1040w, https:\/\/lignesauto.fr\/wp-content\/uploads\/2019\/02\/25.jpg 1276w\" sizes=\"(max-width: 576px) 100vw, 576px\" \/><\/a><\/p>\n<p>Berliet a invent\u00e9 un gros jouet de 50 tonnes pour aller jouer dans le d\u00e9sert Saharien ! Le T100 est pr\u00e9sent au c\u0153ur du b\u00e2timent 1 de R\u00e9tromobile et il est la grande (\u00e9norme m\u00eame) star du salon. 5 m\u00e8tres de hauteur, 5 m\u00e8tres de largeur, 15 m\u00e8tres de longueur, tout est dit. Surtout \u00e0 la vue de la photo ci-dessus o\u00f9 l&#8217;on comprend que l&#8217;\u00e9norme pare-chocs arrive \u00e0 la hauteur de la t\u00eate d&#8217;un humain ! Cet engin est pass\u00e9 sur les routes de ma Bourgogne natale pour arriver jusqu&#8217;\u00e0 Paris. Des automobilistes sont m\u00eame venus le voir passer, telle une attraction que l&#8217;on n&#8217;est pas pr\u00eat de revoir&#8230; L&#8217;exemplaire expos\u00e9 est le T100 N\u00b01, extrait avec pr\u00e9cautions de la <em>Fondation Marius Berliet<\/em>. Le 2e exemplaire est rest\u00e9 en Alg\u00e9rie, sur le site d&#8217;Hassi Messaoud.<\/p>\n<p><a href=\"http:\/\/lignesauto.fr\/wp-content\/uploads\/2019\/02\/le-t100-de-profil-n-b_article_l_retromobile_fre-4064843.jpg\"><img loading=\"lazy\" decoding=\"async\" class=\"alignnone wp-image-7807 size-full\" src=\"http:\/\/lignesauto.fr\/wp-content\/uploads\/2019\/02\/le-t100-de-profil-n-b_article_l_retromobile_fre-4064843.jpg\" alt=\"\" width=\"900\" height=\"506\" srcset=\"https:\/\/lignesauto.fr\/wp-content\/uploads\/2019\/02\/le-t100-de-profil-n-b_article_l_retromobile_fre-4064843.jpg 900w, https:\/\/lignesauto.fr\/wp-content\/uploads\/2019\/02\/le-t100-de-profil-n-b_article_l_retromobile_fre-4064843-300x169.jpg 300w, https:\/\/lignesauto.fr\/wp-content\/uploads\/2019\/02\/le-t100-de-profil-n-b_article_l_retromobile_fre-4064843-768x432.jpg 768w, https:\/\/lignesauto.fr\/wp-content\/uploads\/2019\/02\/le-t100-de-profil-n-b_article_l_retromobile_fre-4064843-370x208.jpg 370w\" sizes=\"(max-width: 900px) 100vw, 900px\" \/><\/a><\/p>\n<p>&nbsp;<\/p>\n<p><strong>MINI-TRACTION<\/strong><\/p>\n<p><a href=\"http:\/\/lignesauto.fr\/wp-content\/uploads\/2019\/02\/12.jpg\"><img loading=\"lazy\" decoding=\"async\" class=\"alignnone wp-image-7754 size-large\" src=\"http:\/\/lignesauto.fr\/wp-content\/uploads\/2019\/02\/12-1024x576.jpg\" alt=\"\" width=\"1024\" height=\"576\" srcset=\"https:\/\/lignesauto.fr\/wp-content\/uploads\/2019\/02\/12-1024x576.jpg 1024w, https:\/\/lignesauto.fr\/wp-content\/uploads\/2019\/02\/12-300x169.jpg 300w, https:\/\/lignesauto.fr\/wp-content\/uploads\/2019\/02\/12-768x432.jpg 768w, https:\/\/lignesauto.fr\/wp-content\/uploads\/2019\/02\/12-370x208.jpg 370w, https:\/\/lignesauto.fr\/wp-content\/uploads\/2019\/02\/12-1040x585.jpg 1040w, https:\/\/lignesauto.fr\/wp-content\/uploads\/2019\/02\/12.jpg 1276w\" sizes=\"(max-width: 1024px) 100vw, 1024px\" \/><\/a><br \/>\nLe troisi\u00e8me volet de ce compte-rendu tr\u00e8s personnel du salon R\u00e9tromobile fera \u00e9tat du centenaire de la marque Citro\u00ebn, \u00e9videmment. Mais ici, \u00e0 LIGNES\/auto, nous n&#8217;aimons pas que les maquettes de style en Clay ou en polystyr\u00e8ne. Baign\u00e9s dans une adolescence faite de Tamiya et autres Heller, nous avons alors vir\u00e9s de bord pour d\u00e9couvrir le monde passionnant de la miniature au 1\/43e (les petites Norev, Solido et autres&#8230;). C&#8217;est le vendeur des Renault de mon paternel qui, dans les ann\u00e9es 1970, a port\u00e9 \u00e0 son paroxysme ma passion pour l&#8217;automobile. J&#8217;\u00e9tais fier du haut de mes 13 ans de lui d\u00e9voiler ma collection d&#8217;une dizaine de Solido. Lui avait&#8230; 4000 miniatures !\u00a0Quel plaisir de d\u00e9tailler tous les ans \u00e0 R\u00e9tromobile chaque petit diorama, long d&#8217;une quinzaine de centim\u00e8tres, pr\u00e9sents un peu partout sur les stands des vendeurs et collectionneurs&#8230;<\/p>\n<p>&nbsp;<\/p>\n<p><strong>A QUATRE DANS LA DS<\/strong><\/p>\n<p><a href=\"http:\/\/lignesauto.fr\/wp-content\/uploads\/2019\/02\/11.jpg\"><img loading=\"lazy\" decoding=\"async\" class=\"alignnone wp-image-7753 size-large\" src=\"http:\/\/lignesauto.fr\/wp-content\/uploads\/2019\/02\/11-587x1024.jpg\" alt=\"\" width=\"587\" height=\"1024\" srcset=\"https:\/\/lignesauto.fr\/wp-content\/uploads\/2019\/02\/11-587x1024.jpg 587w, https:\/\/lignesauto.fr\/wp-content\/uploads\/2019\/02\/11-172x300.jpg 172w, https:\/\/lignesauto.fr\/wp-content\/uploads\/2019\/02\/11-768x1340.jpg 768w, https:\/\/lignesauto.fr\/wp-content\/uploads\/2019\/02\/11-370x645.jpg 370w, https:\/\/lignesauto.fr\/wp-content\/uploads\/2019\/02\/11-1040x1814.jpg 1040w, https:\/\/lignesauto.fr\/wp-content\/uploads\/2019\/02\/11.jpg 1276w\" sizes=\"(max-width: 587px) 100vw, 587px\" \/><\/a><\/p>\n<p>Attention, c&#8217;est du lourd : puisqu&#8217;on s&#8217;amuse, nous avons rep\u00e9r\u00e9 cette DS de man\u00e8ge \u00e0 quatre places, quatre volants (bon sang, on est loin de la voiture autonome !) avec malicieusement d\u00e9pos\u00e9 \u00e0 l&#8217;arri\u00e8re, ce sympathique avertissement : <em>&#8220;danger, haute tension&#8221;<\/em>. Une vision pr\u00e9monitoire de la voiture \u00e9lectrique de demain ? En attendant, je suis parti pour un tour gratuit&#8230;<\/p>\n<p>&nbsp;<\/p>\n<p><strong>HOMMAGE A WM<\/strong><\/p>\n<p><a href=\"http:\/\/lignesauto.fr\/wp-content\/uploads\/2019\/02\/2.jpg\"><img loading=\"lazy\" decoding=\"async\" class=\"alignnone wp-image-7744 size-large\" src=\"http:\/\/lignesauto.fr\/wp-content\/uploads\/2019\/02\/2-727x1024.jpg\" alt=\"\" width=\"727\" height=\"1024\" srcset=\"https:\/\/lignesauto.fr\/wp-content\/uploads\/2019\/02\/2-727x1024.jpg 727w, https:\/\/lignesauto.fr\/wp-content\/uploads\/2019\/02\/2-213x300.jpg 213w, https:\/\/lignesauto.fr\/wp-content\/uploads\/2019\/02\/2-768x1082.jpg 768w, https:\/\/lignesauto.fr\/wp-content\/uploads\/2019\/02\/2-370x521.jpg 370w, https:\/\/lignesauto.fr\/wp-content\/uploads\/2019\/02\/2-1040x1465.jpg 1040w, https:\/\/lignesauto.fr\/wp-content\/uploads\/2019\/02\/2.jpg 1276w\" sizes=\"(max-width: 727px) 100vw, 727px\" \/><\/a><\/p>\n<p>L&#8217;\u00e9quipe de Youngtimer a rendu un hommage indirect \u00e0 G\u00e9rard Welter en exposant deux WM sur leur stand. Il y a notamment celle qui a battu le record de vitesse au Mans avec 407 km\/h, record qui n&#8217;est pas pr\u00e8s de tomber puisque depuis, des chicanes ont bris\u00e9 la ligne droite des Hunaudi\u00e8res pour \u00e9videntes raisons de s\u00e9curit\u00e9.\u00a0Pour m\u00e9moire, voici le PDF d&#8217;un sujet r\u00e9alis\u00e9 par l&#8217;excellent Alain Pernot dans le mensuel Sport-auto en fin d&#8217;ann\u00e9e derni\u00e8re :<br \/>\n<a href=\"http:\/\/lignesauto.fr\/wp-content\/uploads\/2019\/02\/Capture-d\u2019\u00e9cran-2019-02-07-\u00e0-09.08.26.png\"><img loading=\"lazy\" decoding=\"async\" class=\"alignnone size-medium wp-image-7819\" src=\"http:\/\/lignesauto.fr\/wp-content\/uploads\/2019\/02\/Capture-d\u2019\u00e9cran-2019-02-07-\u00e0-09.08.26-300x189.png\" alt=\"\" width=\"300\" height=\"189\" srcset=\"https:\/\/lignesauto.fr\/wp-content\/uploads\/2019\/02\/Capture-d\u2019\u00e9cran-2019-02-07-\u00e0-09.08.26-300x189.png 300w, https:\/\/lignesauto.fr\/wp-content\/uploads\/2019\/02\/Capture-d\u2019\u00e9cran-2019-02-07-\u00e0-09.08.26-768x485.png 768w, https:\/\/lignesauto.fr\/wp-content\/uploads\/2019\/02\/Capture-d\u2019\u00e9cran-2019-02-07-\u00e0-09.08.26-370x233.png 370w, https:\/\/lignesauto.fr\/wp-content\/uploads\/2019\/02\/Capture-d\u2019\u00e9cran-2019-02-07-\u00e0-09.08.26.png 992w\" sizes=\"(max-width: 300px) 100vw, 300px\" \/><\/a><br \/>\n<strong>A t\u00e9l\u00e9charger ici :\u00a0<a href=\"http:\/\/lignesauto.fr\/wp-content\/uploads\/2019\/02\/0681-Studio-WM-P88.pdf\">0681-Studio WM P88<\/a>\u00a0<\/strong><\/p>\n<p>&nbsp;<\/p>\n<p><strong>J&#8217;AI DIX ANS&#8230;<\/strong><\/p>\n<p><a href=\"http:\/\/lignesauto.fr\/wp-content\/uploads\/2019\/02\/9.jpg\"><img loading=\"lazy\" decoding=\"async\" class=\"alignnone wp-image-7751 size-large\" src=\"http:\/\/lignesauto.fr\/wp-content\/uploads\/2019\/02\/9-576x1024.jpg\" alt=\"\" width=\"576\" height=\"1024\" srcset=\"https:\/\/lignesauto.fr\/wp-content\/uploads\/2019\/02\/9-576x1024.jpg 576w, https:\/\/lignesauto.fr\/wp-content\/uploads\/2019\/02\/9-169x300.jpg 169w, https:\/\/lignesauto.fr\/wp-content\/uploads\/2019\/02\/9-768x1365.jpg 768w, https:\/\/lignesauto.fr\/wp-content\/uploads\/2019\/02\/9-370x658.jpg 370w, https:\/\/lignesauto.fr\/wp-content\/uploads\/2019\/02\/9-1040x1849.jpg 1040w, https:\/\/lignesauto.fr\/wp-content\/uploads\/2019\/02\/9.jpg 1276w\" sizes=\"(max-width: 576px) 100vw, 576px\" \/><\/a><\/p>\n<p>Lorsqu&#8217;on \u00e9tait fana de F1 dans les ann\u00e9es 70\/80, il n&#8217;y avait pas \u00e9norm\u00e9ment d&#8217;occasions de vivre sa passion : c&#8217;\u00e9tait au choix l&#8217;oreille coll\u00e9e \u00e0 la radio avec RMC ou la lecture de la s\u00e9rie Michel Vaillant avec le &#8220;p\u00e8re&#8221; de cette BD, Jean Graton aux commandes. Revoir cet original <em>&#8220;les jeunes loups&#8221;<\/em> joliment mis en exergue sur le stand des &#8220;arts trips Michel Vaillant&#8221; (voir leur site ici\u00a0<a href=\"https:\/\/michelvaillantartstrips.com\">https:\/\/michelvaillantartstrips.com<\/a>\u00a0) r\u00e9veille le mini-pilote que j&#8217;ambitionnais d&#8217;\u00eatre \u00e0 15 ans. Mais j&#8217;\u00e9tais malade en Alpine (voir &#8216;post&#8217; pr\u00e9c\u00e9dent) alors c&#8217;\u00e9tait foutu&#8230;<\/p>\n<p>&nbsp;<\/p>\n<p><strong>CASQUER POUR DES CASQUES<\/strong><\/p>\n<p><a href=\"http:\/\/lignesauto.fr\/wp-content\/uploads\/2019\/02\/13.jpg\"><img loading=\"lazy\" decoding=\"async\" class=\"alignnone wp-image-7755 size-large\" src=\"http:\/\/lignesauto.fr\/wp-content\/uploads\/2019\/02\/13-1024x576.jpg\" alt=\"\" width=\"1024\" height=\"576\" srcset=\"https:\/\/lignesauto.fr\/wp-content\/uploads\/2019\/02\/13-1024x576.jpg 1024w, https:\/\/lignesauto.fr\/wp-content\/uploads\/2019\/02\/13-300x169.jpg 300w, https:\/\/lignesauto.fr\/wp-content\/uploads\/2019\/02\/13-768x432.jpg 768w, https:\/\/lignesauto.fr\/wp-content\/uploads\/2019\/02\/13-370x208.jpg 370w, https:\/\/lignesauto.fr\/wp-content\/uploads\/2019\/02\/13-1040x585.jpg 1040w, https:\/\/lignesauto.fr\/wp-content\/uploads\/2019\/02\/13.jpg 1276w\" sizes=\"(max-width: 1024px) 100vw, 1024px\" \/><\/a><\/p>\n<p>La vente &#8220;Vibration&#8221; d&#8217;Artcurial aura lieu le 10 f\u00e9vrier \u00e0 10h30 \u00e0 R\u00e9tromobile. De nombreux casques de pilotes et leurs combinaisons, mais \u00e9galement quelques volants de monoplaces seront mis \u00e0 l&#8217;encan dans leur \u00e9tat, c&#8217;est \u00e0 dire avec les stigmates d&#8217;essais ou de courses. Dans leur jus, ces casques ont des valeurs qui varient \u00e9norm\u00e9ment selon leur \u00e9tat mais surtout, leur <em>pedigree. <\/em>Pour un casque de Damon Hill, les ench\u00e8res d\u00e9buteraient \u00e0 8 000 euros, pour une combinaison Mercedes de Lewis Hamilton, comptez au minimum 10 000 euros&#8230;<\/p>\n<p>&nbsp;<\/p>\n<p><strong>Jusqu&#8217;\u00e0 100 000 EUROS&#8230;<\/strong><\/p>\n<p><a href=\"http:\/\/lignesauto.fr\/wp-content\/uploads\/2019\/02\/3855_10640914_3.jpg\"><img loading=\"lazy\" decoding=\"async\" class=\"alignnone wp-image-7812 size-large\" src=\"http:\/\/lignesauto.fr\/wp-content\/uploads\/2019\/02\/3855_10640914_3-1024x683.jpg\" alt=\"\" width=\"1024\" height=\"683\" srcset=\"https:\/\/lignesauto.fr\/wp-content\/uploads\/2019\/02\/3855_10640914_3-1024x683.jpg 1024w, https:\/\/lignesauto.fr\/wp-content\/uploads\/2019\/02\/3855_10640914_3-300x200.jpg 300w, https:\/\/lignesauto.fr\/wp-content\/uploads\/2019\/02\/3855_10640914_3-768x512.jpg 768w, https:\/\/lignesauto.fr\/wp-content\/uploads\/2019\/02\/3855_10640914_3-370x247.jpg 370w, https:\/\/lignesauto.fr\/wp-content\/uploads\/2019\/02\/3855_10640914_3-1040x694.jpg 1040w\" sizes=\"(max-width: 1024px) 100vw, 1024px\" \/><\/a><\/p>\n<p>&nbsp;<\/p>\n<p>Parmi les lots de la vente &#8220;Vibration&#8221; d&#8217;Artcurial, on note la pr\u00e9sence d&#8217;une douzaine de casques de Michael Schumacher dont le plus co\u00fbteux est illustr\u00e9 ici avec une estimation de base comprise entre 50 000 et 100 000 euros. Il s&#8217;agit d&#8217;un casque de la saison 2000 comme l&#8217;explique Artcurial :\u00a0<em>&#8220;surnomm\u00e9 &#8221; le crocodile &#8220;, il s&#8217;agit du tout premier casque Schuberth du pilote qui auparavant utilisait des produits de marque Bell. Bien qu&#8217;il arbore une couleur int\u00e9gralement rouge Ferrari, il ne sera utilis\u00e9 que durant les tests inter saison par Schumacher afin d&#8217;\u00e9valuer son avantage en terme d&#8217;a\u00e9rodynamique. Finalement ce casque ne sera pas approuv\u00e9, devenant l&#8217;un des casques les plus rares de l&#8217;histoire de la F1. Au-del\u00e0 du design unique, seul mod\u00e8le connu \u00e0 ce jour, il est estampill\u00e9 du num\u00e9ro T-MS 001-00 qui t\u00e9moigne de son originalit\u00e9 de premier de la s\u00e9rie des casques Schuberth d\u00e9velopp\u00e9s pour le pilote allemand.&#8221;<\/em><\/p>\n<p>&nbsp;<\/p>\n<p><strong>A SUIVRE :<\/strong><em><strong> RETROMOBILE VU PAR LIGNES\/auto (PARTIE 3)<\/strong><\/em><\/p>\n<p><a href=\"http:\/\/lignesauto.fr\/wp-content\/uploads\/2018\/10\/LOGOActus_BD.jpg\"><img loading=\"lazy\" decoding=\"async\" class=\"alignnone size-medium wp-image-4921\" src=\"http:\/\/lignesauto.fr\/wp-content\/uploads\/2018\/10\/LOGOActus_BD-300x108.jpg\" alt=\"\" width=\"300\" height=\"108\" srcset=\"https:\/\/lignesauto.fr\/wp-content\/uploads\/2018\/10\/LOGOActus_BD-300x108.jpg 300w, https:\/\/lignesauto.fr\/wp-content\/uploads\/2018\/10\/LOGOActus_BD-768x276.jpg 768w, https:\/\/lignesauto.fr\/wp-content\/uploads\/2018\/10\/LOGOActus_BD-1024x367.jpg 1024w, https:\/\/lignesauto.fr\/wp-content\/uploads\/2018\/10\/LOGOActus_BD-370x133.jpg 370w, https:\/\/lignesauto.fr\/wp-content\/uploads\/2018\/10\/LOGOActus_BD-1040x373.jpg 1040w, https:\/\/lignesauto.fr\/wp-content\/uploads\/2018\/10\/LOGOActus_BD.jpg 1240w\" sizes=\"(max-width: 300px) 100vw, 300px\" \/><\/a><\/p>\n","protected":false},"excerpt":{"rendered":"<p>R\u00e9tromobile : seconde partie Vous le savez d\u00e9sormais, LIGNES\/auto ne fait rien comme tout le monde&#8230; Voici un regard diff\u00e9rent en trois parties sur quelques voitures, objets ou \u00e9quipements que LIGNES\/auto consid\u00e8re comme des p\u00e9pites. Une s\u00e9lection subjective, assum\u00e9e et n\u00e9anmoins pleine d&#8217;enseignements. Belle visite \ud83d\ude42 &nbsp; BAC A SABLE [&hellip;]<\/p>\n","protected":false},"author":1,"featured_media":7807,"comment_status":"open","ping_status":"open","sticky":false,"template":"","format":"standard","meta":{"footnotes":""},"categories":[1],"tags":[],"_links":{"self":[{"href":"https:\/\/lignesauto.fr\/index.php?rest_route=\/wp\/v2\/posts\/7769"}],"collection":[{"href":"https:\/\/lignesauto.fr\/index.php?rest_route=\/wp\/v2\/posts"}],"about":[{"href":"https:\/\/lignesauto.fr\/index.php?rest_route=\/wp\/v2\/types\/post"}],"author":[{"embeddable":true,"href":"https:\/\/lignesauto.fr\/index.php?rest_route=\/wp\/v2\/users\/1"}],"replies":[{"embeddable":true,"href":"https:\/\/lignesauto.fr\/index.php?rest_route=%2Fwp%2Fv2%2Fcomments&post=7769"}],"version-history":[{"count":21,"href":"https:\/\/lignesauto.fr\/index.php?rest_route=\/wp\/v2\/posts\/7769\/revisions"}],"predecessor-version":[{"id":7827,"href":"https:\/\/lignesauto.fr\/index.php?rest_route=\/wp\/v2\/posts\/7769\/revisions\/7827"}],"wp:featuredmedia":[{"embeddable":true,"href":"https:\/\/lignesauto.fr\/index.php?rest_route=\/wp\/v2\/media\/7807"}],"wp:attachment":[{"href":"https:\/\/lignesauto.fr\/index.php?rest_route=%2Fwp%2Fv2%2Fmedia&parent=7769"}],"wp:term":[{"taxonomy":"category","embeddable":true,"href":"https:\/\/lignesauto.fr\/index.php?rest_route=%2Fwp%2Fv2%2Fcategories&post=7769"},{"taxonomy":"post_tag","embeddable":true,"href":"https:\/\/lignesauto.fr\/index.php?rest_route=%2Fwp%2Fv2%2Ftags&post=7769"}],"curies":[{"name":"wp","href":"https:\/\/api.w.org\/{rel}","templated":true}]}}