{"id":8096,"date":"2019-02-25T04:02:48","date_gmt":"2019-02-25T03:02:48","guid":{"rendered":"http:\/\/lignesauto.fr\/?p=8096"},"modified":"2019-02-24T21:35:11","modified_gmt":"2019-02-24T20:35:11","slug":"duel-clio-208-cote-design","status":"publish","type":"post","link":"https:\/\/lignesauto.fr\/?p=8096","title":{"rendered":"Duel &#8220;Clio &#8211; 208&#8221; c\u00f4t\u00e9 design"},"content":{"rendered":"<p><a href=\"http:\/\/lignesauto.fr\/wp-content\/uploads\/2018\/10\/LOGOActus_BD.jpg\"><img loading=\"lazy\" decoding=\"async\" class=\"alignnone size-medium wp-image-4921\" src=\"http:\/\/lignesauto.fr\/wp-content\/uploads\/2018\/10\/LOGOActus_BD-300x108.jpg\" alt=\"\" width=\"300\" height=\"108\" srcset=\"https:\/\/lignesauto.fr\/wp-content\/uploads\/2018\/10\/LOGOActus_BD-300x108.jpg 300w, https:\/\/lignesauto.fr\/wp-content\/uploads\/2018\/10\/LOGOActus_BD-768x276.jpg 768w, https:\/\/lignesauto.fr\/wp-content\/uploads\/2018\/10\/LOGOActus_BD-1024x367.jpg 1024w, https:\/\/lignesauto.fr\/wp-content\/uploads\/2018\/10\/LOGOActus_BD-370x133.jpg 370w, https:\/\/lignesauto.fr\/wp-content\/uploads\/2018\/10\/LOGOActus_BD-1040x373.jpg 1040w, https:\/\/lignesauto.fr\/wp-content\/uploads\/2018\/10\/LOGOActus_BD.jpg 1240w\" sizes=\"(max-width: 300px) 100vw, 300px\" \/><\/a><\/p>\n<p>Les deux stars du salon de Gen\u00e8ve confrontent leur style sur LIGNES\/auto.<br \/>\n<em>(*) surfez plut\u00f4t sur le grand \u00e9cran de votre ordi&#8217; pour plus de confort pour ce post \ud83d\ude42<\/em><\/p>\n<p>&nbsp;<\/p>\n<p><strong>DESIGN\u00a0<\/strong><strong>EXT\u00c9RIEUR<\/strong><\/p>\n<p>&nbsp;<\/p>\n<p><strong>FACE<\/strong><\/p>\n<p><a href=\"http:\/\/lignesauto.fr\/wp-content\/uploads\/2019\/02\/LIGNES1000.png\"><img loading=\"lazy\" decoding=\"async\" class=\"alignnone wp-image-8100 size-large\" src=\"http:\/\/lignesauto.fr\/wp-content\/uploads\/2019\/02\/LIGNES1000-1024x399.png\" alt=\"\" width=\"1024\" height=\"399\" srcset=\"https:\/\/lignesauto.fr\/wp-content\/uploads\/2019\/02\/LIGNES1000-1024x399.png 1024w, https:\/\/lignesauto.fr\/wp-content\/uploads\/2019\/02\/LIGNES1000-300x117.png 300w, https:\/\/lignesauto.fr\/wp-content\/uploads\/2019\/02\/LIGNES1000-768x299.png 768w, https:\/\/lignesauto.fr\/wp-content\/uploads\/2019\/02\/LIGNES1000-370x144.png 370w, https:\/\/lignesauto.fr\/wp-content\/uploads\/2019\/02\/LIGNES1000-1040x405.png 1040w, https:\/\/lignesauto.fr\/wp-content\/uploads\/2019\/02\/LIGNES1000.png 1134w\" sizes=\"(max-width: 1024px) 100vw, 1024px\" \/><\/a><\/p>\n<p>Le travail des faces avant des deux bellig\u00e9rantes diff\u00e8re sensiblement :<br \/>\n&#8211; C\u00f4t\u00e9 calandre tout d&#8217;abord avec une entr\u00e9e d&#8217;air gigantesque (en partie factice \u00e9videmment) sur la Peugeot, y compris sur cette version &#8220;e-208&#8221; 100% \u00e9lectrique.<br \/>\n&#8211; Le dessin des optiques des deux voitures semble quasi identique. Renault a n\u00e9anmoins pu int\u00e9grer ses propres &#8220;crocs&#8221; \u00e0 l&#8217;optique car ces derni\u00e8res sont identiques sur toute la gamme ne n\u00e9cessitant qu&#8217;une r\u00e9f\u00e9rence, contrairement \u00e0 la Peugeot qui offre les optiques \u00e0 trois griffes lumineuses sur les deux niveaux sup\u00e9rieurs seulement.<br \/>\n&#8211; Sur la Peugeot, on note sous la calandre une entr\u00e9e d&#8217;air au dessin caract\u00e9ristique qui \u00e9tait apparu avec la phase 2 du coup\u00e9 RCZ !<br \/>\n&#8211; Comme sur la 508, l&#8217;appellation &#8220;208&#8221; fait son apparition sur le capot en r\u00e9f\u00e9rence aux Peugeot des ann\u00e9es 1960.<br \/>\n&#8211; Les r\u00e9troviseurs sont implant\u00e9s diff\u00e9remment, sur la t\u00f4le de porti\u00e8re chez Renault, sur le fenestron de vitre sur la 208. Question d&#8217;a\u00e9rodynamique ?<\/p>\n<p>&nbsp;<\/p>\n<p>&nbsp;<\/p>\n<p><strong>3\/4 AVANT<br \/>\n<\/strong><a href=\"http:\/\/lignesauto.fr\/wp-content\/uploads\/2019\/02\/LIGNES1003.png\"><img loading=\"lazy\" decoding=\"async\" class=\"alignnone wp-image-8103 size-large\" src=\"http:\/\/lignesauto.fr\/wp-content\/uploads\/2019\/02\/LIGNES1003-1024x297.png\" alt=\"\" width=\"1024\" height=\"297\" srcset=\"https:\/\/lignesauto.fr\/wp-content\/uploads\/2019\/02\/LIGNES1003-1024x297.png 1024w, https:\/\/lignesauto.fr\/wp-content\/uploads\/2019\/02\/LIGNES1003-300x87.png 300w, https:\/\/lignesauto.fr\/wp-content\/uploads\/2019\/02\/LIGNES1003-768x223.png 768w, https:\/\/lignesauto.fr\/wp-content\/uploads\/2019\/02\/LIGNES1003-370x107.png 370w, https:\/\/lignesauto.fr\/wp-content\/uploads\/2019\/02\/LIGNES1003-1040x302.png 1040w, https:\/\/lignesauto.fr\/wp-content\/uploads\/2019\/02\/LIGNES1003.png 1417w\" sizes=\"(max-width: 1024px) 100vw, 1024px\" \/><\/a><\/p>\n<p>&nbsp;<\/p>\n<p>De 3\/4 avant, les deux voitures diffusent une sensation \u00e9galement bien diff\u00e9rente.<br \/>\n&#8211; Plus agressive et sportive sur la Peugeot, plus camp\u00e9e tout en \u00e9tant plus f\u00e9roce que sur la premi\u00e8re g\u00e9n\u00e9ration pour la Clio.<br \/>\n&#8211; Le model\u00e9 du capot est strictement oppos\u00e9 sur les deux v\u00e9hicules. Renault creuse le centre du capot et sculpte un rebond sur les extr\u00e9mit\u00e9s alors que Peugeot joue avec les creux et les pleins et adopte au centre du capot un volume rehauss\u00e9 qui semble cacher un gros moteur !<br \/>\n&#8211; Le bouclier de la Peugeot int\u00e8gre la calandre et remonte jusqu&#8217;au capot moteur. Cela impose une ma\u00eetrise des jeux, capitale pour la qualit\u00e9 per\u00e7ue, \u00e0 la jonction &#8216;bouclier-capot&#8217;. Sur la Renault, le capot moteur &#8220;tombe&#8221; sur la calandre en la recouvrant l\u00e9g\u00e8rement et\u00a0ne se soucie donc pas de ces jeux. Fut\u00e9.<\/p>\n<p>&nbsp;<\/p>\n<p>&nbsp;<\/p>\n<p><strong>PROFIL<br \/>\n<\/strong><a href=\"http:\/\/lignesauto.fr\/wp-content\/uploads\/2019\/02\/LIGNES1004.png\"><img loading=\"lazy\" decoding=\"async\" class=\"alignnone wp-image-8104 size-large\" src=\"http:\/\/lignesauto.fr\/wp-content\/uploads\/2019\/02\/LIGNES1004-1024x264.png\" alt=\"\" width=\"1024\" height=\"264\" srcset=\"https:\/\/lignesauto.fr\/wp-content\/uploads\/2019\/02\/LIGNES1004-1024x264.png 1024w, https:\/\/lignesauto.fr\/wp-content\/uploads\/2019\/02\/LIGNES1004-300x77.png 300w, https:\/\/lignesauto.fr\/wp-content\/uploads\/2019\/02\/LIGNES1004-768x198.png 768w, https:\/\/lignesauto.fr\/wp-content\/uploads\/2019\/02\/LIGNES1004-370x96.png 370w, https:\/\/lignesauto.fr\/wp-content\/uploads\/2019\/02\/LIGNES1004-1040x269.png 1040w, https:\/\/lignesauto.fr\/wp-content\/uploads\/2019\/02\/LIGNES1004.png 1417w\" sizes=\"(max-width: 1024px) 100vw, 1024px\" \/><\/a><\/p>\n<p>Les deux v\u00e9hicules reposent sur deux th\u00e8mes diff\u00e9rents :<br \/>\n&#8211; Dynamisme discret pour la Clio, sportivit\u00e9 affirm\u00e9e pour la Peugeot avec son c\u00f4t\u00e9 &#8220;boule de nerfs&#8221;.<br \/>\n&#8211; La Clio semble limiter les lignes, courbes, creux ou d\u00e9velopp\u00e9s sur ses flancs. Elle est plus &#8220;sage&#8221; que la Peugeot.<br \/>\n&#8211; La ceinture de caisse entre vitrage et t\u00f4le semble plus \u00e9lanc\u00e9e sur la Clio, un dynamisme que la Peugeot transmet plut\u00f4t par son volume g\u00e9n\u00e9ral et un hayon plus inclin\u00e9.<br \/>\n&#8211; La 208 offre une surface vitr\u00e9e l\u00e9g\u00e8rement sup\u00e9rieure, notamment au rang 2.<br \/>\n&#8211; Le panneau de custode de la 208 conserve un creux dans l&#8217;embouti pour y loger les appellations de finitions GT Line ou &#8220;e&#8221; pour l&#8217;\u00e9lectrique. Un clin d&#8217;oeil \u00e0 la 205.<\/p>\n<p>&nbsp;<\/p>\n<p>&nbsp;<\/p>\n<p><strong>3\/4 ARRIERE<br \/>\n<\/strong><a href=\"http:\/\/lignesauto.fr\/wp-content\/uploads\/2019\/02\/LIGNES1001.png\"><img loading=\"lazy\" decoding=\"async\" class=\"alignnone wp-image-8101 size-large\" src=\"http:\/\/lignesauto.fr\/wp-content\/uploads\/2019\/02\/LIGNES1001-1024x307.png\" alt=\"\" width=\"1024\" height=\"307\" srcset=\"https:\/\/lignesauto.fr\/wp-content\/uploads\/2019\/02\/LIGNES1001-1024x307.png 1024w, https:\/\/lignesauto.fr\/wp-content\/uploads\/2019\/02\/LIGNES1001-300x90.png 300w, https:\/\/lignesauto.fr\/wp-content\/uploads\/2019\/02\/LIGNES1001-768x230.png 768w, https:\/\/lignesauto.fr\/wp-content\/uploads\/2019\/02\/LIGNES1001-370x111.png 370w, https:\/\/lignesauto.fr\/wp-content\/uploads\/2019\/02\/LIGNES1001-1040x312.png 1040w, https:\/\/lignesauto.fr\/wp-content\/uploads\/2019\/02\/LIGNES1001.png 1134w\" sizes=\"(max-width: 1024px) 100vw, 1024px\" \/><\/a><\/p>\n<p>Astuce pour la Peugeot qui adopte sur les niveaux 4 et 5 (GT Line et GT) des passages de roues agr\u00e9ment\u00e9s d\u2019\u00e9largisseurs d\u2019ailes noir laqu\u00e9.<br \/>\n&#8211; Visuellement, cette astuce sugg\u00e8re une monte pneumatiques plus g\u00e9n\u00e9reuse.<br \/>\n&#8211; A noter que par souci de rationalisation, la trappe de carburant prend la dimension d&#8217;une trappe de recharge \u00e9lectrique, plus g\u00e9n\u00e9reuse en taille.<br \/>\n&#8211; Pas de poign\u00e9es affleurantes pour la 208, r\u00e9serv\u00e9es \u00e0 la DS3 Crossback et pas non plus de poign\u00e9es arri\u00e8re cach\u00e9e comme sur la Clio.<\/p>\n<p>&nbsp;<\/p>\n<p>&nbsp;<\/p>\n<p><strong>PLEIN ARRIERE<br \/>\n<\/strong><a href=\"http:\/\/lignesauto.fr\/wp-content\/uploads\/2019\/02\/LIGNES1002.png\"><img loading=\"lazy\" decoding=\"async\" class=\"alignnone wp-image-8102 size-large\" src=\"http:\/\/lignesauto.fr\/wp-content\/uploads\/2019\/02\/LIGNES1002-1024x435.png\" alt=\"\" width=\"1024\" height=\"435\" srcset=\"https:\/\/lignesauto.fr\/wp-content\/uploads\/2019\/02\/LIGNES1002-1024x435.png 1024w, https:\/\/lignesauto.fr\/wp-content\/uploads\/2019\/02\/LIGNES1002-300x128.png 300w, https:\/\/lignesauto.fr\/wp-content\/uploads\/2019\/02\/LIGNES1002-768x326.png 768w, https:\/\/lignesauto.fr\/wp-content\/uploads\/2019\/02\/LIGNES1002-370x157.png 370w, https:\/\/lignesauto.fr\/wp-content\/uploads\/2019\/02\/LIGNES1002-1040x442.png 1040w, https:\/\/lignesauto.fr\/wp-content\/uploads\/2019\/02\/LIGNES1002.png 1134w\" sizes=\"(max-width: 1024px) 100vw, 1024px\" \/><\/a><\/p>\n<p>L&#8217;implantation des feux est diff\u00e9rente :<br \/>\n&#8211; Le bandeau noir caract\u00e9ristique des nouvelles Peugeot depuis 3008 est situ\u00e9 plus haut que les feux de la Clio<br \/>\n&#8211; Les deux voitures disposent d&#8217;antenne &#8220;requin&#8221;<br \/>\n&#8211; Le model\u00e9 du bas du hayon de la 208 est r\u00e9alis\u00e9 en creux conf\u00e9rant un ensemble plus sculpt\u00e9 que sur la Clio, plus sobre. Ce dessin est d&#8217;ailleurs la premi\u00e8re partie de la voiture qui a \u00e9t\u00e9 gel\u00e9e assez vite en style.<br \/>\n&#8211; Le diffuseur de la Peugeot est plus g\u00e9n\u00e9reux et remonte assez haut sur le bouclier, confirmant un style plus sportif.<br \/>\n&#8211; Peugeot force son identit\u00e9 en ajoutant au logo, le nom de la marque dans le bandeau et, bien s\u00fbr, celui de la finition du mod\u00e8le. La Clio se contente du (gros) logo et du nom, centr\u00e9s sur le hayon : plus de discr\u00e9tion mais peut-\u00eatre plus de facilit\u00e9 de &#8220;lecture&#8221;.<\/p>\n<p>&nbsp;<\/p>\n<p><a href=\"http:\/\/lignesauto.fr\/wp-content\/uploads\/2018\/10\/LOGOActus_BD.jpg\"><img loading=\"lazy\" decoding=\"async\" class=\"alignnone size-medium wp-image-4921\" src=\"http:\/\/lignesauto.fr\/wp-content\/uploads\/2018\/10\/LOGOActus_BD-300x108.jpg\" alt=\"\" width=\"300\" height=\"108\" srcset=\"https:\/\/lignesauto.fr\/wp-content\/uploads\/2018\/10\/LOGOActus_BD-300x108.jpg 300w, https:\/\/lignesauto.fr\/wp-content\/uploads\/2018\/10\/LOGOActus_BD-768x276.jpg 768w, https:\/\/lignesauto.fr\/wp-content\/uploads\/2018\/10\/LOGOActus_BD-1024x367.jpg 1024w, https:\/\/lignesauto.fr\/wp-content\/uploads\/2018\/10\/LOGOActus_BD-370x133.jpg 370w, https:\/\/lignesauto.fr\/wp-content\/uploads\/2018\/10\/LOGOActus_BD-1040x373.jpg 1040w, https:\/\/lignesauto.fr\/wp-content\/uploads\/2018\/10\/LOGOActus_BD.jpg 1240w\" sizes=\"(max-width: 300px) 100vw, 300px\" \/><\/a><\/p>\n<p>&nbsp;<\/p>\n<p><strong>DESIGN INTERIEUR<\/strong><\/p>\n<p>Pour profiter pleinement d&#8217;une confrontation des deux habitacles des nouvelles fran\u00e7aises, il nous faudra attendre le salon de Gen\u00e8ve.<br \/>\nSi la Renault a effectu\u00e9 un bon de g\u00e9ant en termes de dessin et de qualit\u00e9 des mat\u00e9riaux, la Peugeot, elle, a opt\u00e9 pour un int\u00e9rieur plus futuriste et technologique.<\/p>\n<p>&#8211; L&#8217;architecture diff\u00e8re de l&#8217;une \u00e0 l&#8217;autre avec un combin\u00e9 \u00e0 l&#8217;implantation classique sur la Clio et le i-Cockpit 3D sur la Peugeot<br \/>\n&#8211; La console est trait\u00e9e diff\u00e9remment avec une rehausse sur la Clio amenant le levier de vitesses \u00e0 port\u00e9e de paume et une console plus sportive et inclin\u00e9e sur la 208 qui b\u00e9n\u00e9ficie sur certaines de ses motorisations de la bo\u00eete automatique \u00e0 8 rapports.<\/p>\n<p><a href=\"http:\/\/lignesauto.fr\/wp-content\/uploads\/2019\/02\/LIGNESA1.png\"><img loading=\"lazy\" decoding=\"async\" class=\"alignnone wp-image-8163 size-large\" src=\"http:\/\/lignesauto.fr\/wp-content\/uploads\/2019\/02\/LIGNESA1-1024x327.png\" alt=\"\" width=\"1024\" height=\"327\" srcset=\"https:\/\/lignesauto.fr\/wp-content\/uploads\/2019\/02\/LIGNESA1-1024x327.png 1024w, https:\/\/lignesauto.fr\/wp-content\/uploads\/2019\/02\/LIGNESA1-300x96.png 300w, https:\/\/lignesauto.fr\/wp-content\/uploads\/2019\/02\/LIGNESA1-768x245.png 768w, https:\/\/lignesauto.fr\/wp-content\/uploads\/2019\/02\/LIGNESA1-370x118.png 370w, https:\/\/lignesauto.fr\/wp-content\/uploads\/2019\/02\/LIGNESA1-1040x332.png 1040w, https:\/\/lignesauto.fr\/wp-content\/uploads\/2019\/02\/LIGNESA1.png 1134w\" sizes=\"(max-width: 1024px) 100vw, 1024px\" \/><\/a><\/p>\n<p>&#8211; L&#8217;\u00e9cran de la Renault est implant\u00e9e verticalement, comme sur le reste de la gamme. Sur la Peugeot, il se pr\u00e9sente de fa\u00e7on classique, horizontalement.<br \/>\n&#8211; Renault a produit un effort cons\u00e9quent sur les mat\u00e9riaux et finitions, rejoignant ainsi le cercle des &#8220;B2&#8221; r\u00e9cemment pr\u00e9sent\u00e9es.<br \/>\n&#8211; La 208 reprend le th\u00e8me \u00e0 deux niveaux de la planche de bord de la 508. Quelques mat\u00e9riaux proviennent \u00e9galement de la grande Peugeot.<\/p>\n<p><a href=\"http:\/\/lignesauto.fr\/wp-content\/uploads\/2019\/02\/LIGNESA2.png\"><img loading=\"lazy\" decoding=\"async\" class=\"alignnone wp-image-8164 size-large\" src=\"http:\/\/lignesauto.fr\/wp-content\/uploads\/2019\/02\/LIGNESA2-1024x366.png\" alt=\"\" width=\"1024\" height=\"366\" srcset=\"https:\/\/lignesauto.fr\/wp-content\/uploads\/2019\/02\/LIGNESA2-1024x366.png 1024w, https:\/\/lignesauto.fr\/wp-content\/uploads\/2019\/02\/LIGNESA2-300x107.png 300w, https:\/\/lignesauto.fr\/wp-content\/uploads\/2019\/02\/LIGNESA2-768x274.png 768w, https:\/\/lignesauto.fr\/wp-content\/uploads\/2019\/02\/LIGNESA2-370x132.png 370w, https:\/\/lignesauto.fr\/wp-content\/uploads\/2019\/02\/LIGNESA2-1040x371.png 1040w, https:\/\/lignesauto.fr\/wp-content\/uploads\/2019\/02\/LIGNESA2.png 1134w\" sizes=\"(max-width: 1024px) 100vw, 1024px\" \/><\/a><\/p>\n<p>&#8211; Renault propose une personnalisation touchant les m\u00e9daillons de porti\u00e8res et, comme la Peugeot, implante quelques fils de lumi\u00e8re d&#8217;ambiance.<br \/>\n&#8211; A noter que la Clio a chip\u00e9 \u00e0 Peugeot les touches de commandes type &#8220;piano&#8221; pour les proposer sur sa nouvelle Clio. La 208 en dispose \u00e9galement.<\/p>\n<p><a href=\"http:\/\/lignesauto.fr\/wp-content\/uploads\/2019\/02\/LIGNESA3.png\"><img loading=\"lazy\" decoding=\"async\" class=\"alignnone wp-image-8165 size-large\" src=\"http:\/\/lignesauto.fr\/wp-content\/uploads\/2019\/02\/LIGNESA3-1024x330.png\" alt=\"\" width=\"1024\" height=\"330\" srcset=\"https:\/\/lignesauto.fr\/wp-content\/uploads\/2019\/02\/LIGNESA3-1024x330.png 1024w, https:\/\/lignesauto.fr\/wp-content\/uploads\/2019\/02\/LIGNESA3-300x97.png 300w, https:\/\/lignesauto.fr\/wp-content\/uploads\/2019\/02\/LIGNESA3-768x247.png 768w, https:\/\/lignesauto.fr\/wp-content\/uploads\/2019\/02\/LIGNESA3-370x119.png 370w, https:\/\/lignesauto.fr\/wp-content\/uploads\/2019\/02\/LIGNESA3-1040x335.png 1040w, https:\/\/lignesauto.fr\/wp-content\/uploads\/2019\/02\/LIGNESA3.png 1134w\" sizes=\"(max-width: 1024px) 100vw, 1024px\" \/><\/a><\/p>\n<p><a href=\"http:\/\/lignesauto.fr\/wp-content\/uploads\/2018\/10\/LOGOActus_BD.jpg\"><img loading=\"lazy\" decoding=\"async\" class=\"alignnone size-medium wp-image-4921\" src=\"http:\/\/lignesauto.fr\/wp-content\/uploads\/2018\/10\/LOGOActus_BD-300x108.jpg\" alt=\"\" width=\"300\" height=\"108\" srcset=\"https:\/\/lignesauto.fr\/wp-content\/uploads\/2018\/10\/LOGOActus_BD-300x108.jpg 300w, https:\/\/lignesauto.fr\/wp-content\/uploads\/2018\/10\/LOGOActus_BD-768x276.jpg 768w, https:\/\/lignesauto.fr\/wp-content\/uploads\/2018\/10\/LOGOActus_BD-1024x367.jpg 1024w, https:\/\/lignesauto.fr\/wp-content\/uploads\/2018\/10\/LOGOActus_BD-370x133.jpg 370w, https:\/\/lignesauto.fr\/wp-content\/uploads\/2018\/10\/LOGOActus_BD-1040x373.jpg 1040w, https:\/\/lignesauto.fr\/wp-content\/uploads\/2018\/10\/LOGOActus_BD.jpg 1240w\" sizes=\"(max-width: 300px) 100vw, 300px\" \/><\/a><\/p>\n<p>&nbsp;<\/p>\n","protected":false},"excerpt":{"rendered":"<p>Les deux stars du salon de Gen\u00e8ve confrontent leur style sur LIGNES\/auto. (*) surfez plut\u00f4t sur le grand \u00e9cran de votre ordi&#8217; pour plus de confort pour ce post \ud83d\ude42 &nbsp; DESIGN\u00a0EXT\u00c9RIEUR &nbsp; FACE Le travail des faces avant des deux bellig\u00e9rantes diff\u00e8re sensiblement : &#8211; C\u00f4t\u00e9 calandre tout d&#8217;abord [&hellip;]<\/p>\n","protected":false},"author":1,"featured_media":8105,"comment_status":"open","ping_status":"open","sticky":false,"template":"","format":"standard","meta":{"footnotes":""},"categories":[1],"tags":[],"_links":{"self":[{"href":"https:\/\/lignesauto.fr\/index.php?rest_route=\/wp\/v2\/posts\/8096"}],"collection":[{"href":"https:\/\/lignesauto.fr\/index.php?rest_route=\/wp\/v2\/posts"}],"about":[{"href":"https:\/\/lignesauto.fr\/index.php?rest_route=\/wp\/v2\/types\/post"}],"author":[{"embeddable":true,"href":"https:\/\/lignesauto.fr\/index.php?rest_route=\/wp\/v2\/users\/1"}],"replies":[{"embeddable":true,"href":"https:\/\/lignesauto.fr\/index.php?rest_route=%2Fwp%2Fv2%2Fcomments&post=8096"}],"version-history":[{"count":40,"href":"https:\/\/lignesauto.fr\/index.php?rest_route=\/wp\/v2\/posts\/8096\/revisions"}],"predecessor-version":[{"id":8248,"href":"https:\/\/lignesauto.fr\/index.php?rest_route=\/wp\/v2\/posts\/8096\/revisions\/8248"}],"wp:featuredmedia":[{"embeddable":true,"href":"https:\/\/lignesauto.fr\/index.php?rest_route=\/wp\/v2\/media\/8105"}],"wp:attachment":[{"href":"https:\/\/lignesauto.fr\/index.php?rest_route=%2Fwp%2Fv2%2Fmedia&parent=8096"}],"wp:term":[{"taxonomy":"category","embeddable":true,"href":"https:\/\/lignesauto.fr\/index.php?rest_route=%2Fwp%2Fv2%2Fcategories&post=8096"},{"taxonomy":"post_tag","embeddable":true,"href":"https:\/\/lignesauto.fr\/index.php?rest_route=%2Fwp%2Fv2%2Ftags&post=8096"}],"curies":[{"name":"wp","href":"https:\/\/api.w.org\/{rel}","templated":true}]}}