{"id":8368,"date":"2019-03-04T07:04:01","date_gmt":"2019-03-04T06:04:01","guid":{"rendered":"http:\/\/lignesauto.fr\/?p=8368"},"modified":"2019-03-03T18:43:20","modified_gmt":"2019-03-03T17:43:20","slug":"polestar-2-des-ambitions-qui-prennent-formes","status":"publish","type":"post","link":"https:\/\/lignesauto.fr\/?p=8368","title":{"rendered":"Polestar 2 : des ambitions qui prennent forme(s) _ FRENCH AND ENGLISH VERSION"},"content":{"rendered":"<p><a href=\"http:\/\/lignesauto.fr\/wp-content\/uploads\/2018\/10\/LOGOActus_BD.jpg\"><img loading=\"lazy\" decoding=\"async\" class=\"alignnone size-medium wp-image-4921\" src=\"http:\/\/lignesauto.fr\/wp-content\/uploads\/2018\/10\/LOGOActus_BD-300x108.jpg\" alt=\"\" width=\"300\" height=\"108\" srcset=\"https:\/\/lignesauto.fr\/wp-content\/uploads\/2018\/10\/LOGOActus_BD-300x108.jpg 300w, https:\/\/lignesauto.fr\/wp-content\/uploads\/2018\/10\/LOGOActus_BD-768x276.jpg 768w, https:\/\/lignesauto.fr\/wp-content\/uploads\/2018\/10\/LOGOActus_BD-1024x367.jpg 1024w, https:\/\/lignesauto.fr\/wp-content\/uploads\/2018\/10\/LOGOActus_BD-370x133.jpg 370w, https:\/\/lignesauto.fr\/wp-content\/uploads\/2018\/10\/LOGOActus_BD-1040x373.jpg 1040w, https:\/\/lignesauto.fr\/wp-content\/uploads\/2018\/10\/LOGOActus_BD.jpg 1240w\" sizes=\"(max-width: 300px) 100vw, 300px\" \/><\/a><\/p>\n<h3><em><strong>English translation at the end of the post<\/strong><\/em><\/h3>\n<p><strong>Pour compl\u00e9ter votre connaissance de Polestar, lisez notre &#8216;post&#8217; : \u00a0\u00a0<a href=\"http:\/\/lignesauto.fr\/?p=2465\">http:\/\/lignesauto.fr\/?p=2465<\/a><\/strong><\/p>\n<p><a href=\"http:\/\/lignesauto.fr\/wp-content\/uploads\/2019\/02\/LIGNESP2_02.jpg\"><img loading=\"lazy\" decoding=\"async\" class=\"alignnone wp-image-8371 size-large\" src=\"http:\/\/lignesauto.fr\/wp-content\/uploads\/2019\/02\/LIGNESP2_02-1024x576.jpg\" alt=\"\" width=\"1024\" height=\"576\" srcset=\"https:\/\/lignesauto.fr\/wp-content\/uploads\/2019\/02\/LIGNESP2_02-1024x576.jpg 1024w, https:\/\/lignesauto.fr\/wp-content\/uploads\/2019\/02\/LIGNESP2_02-300x169.jpg 300w, https:\/\/lignesauto.fr\/wp-content\/uploads\/2019\/02\/LIGNESP2_02-768x432.jpg 768w, https:\/\/lignesauto.fr\/wp-content\/uploads\/2019\/02\/LIGNESP2_02-370x208.jpg 370w, https:\/\/lignesauto.fr\/wp-content\/uploads\/2019\/02\/LIGNESP2_02-1040x585.jpg 1040w, https:\/\/lignesauto.fr\/wp-content\/uploads\/2019\/02\/LIGNESP2_02.jpg 1920w\" sizes=\"(max-width: 1024px) 100vw, 1024px\" \/><\/a><\/p>\n<p>Alors que la Polestar 1, coup\u00e9 100% \u00e9lectrique n&#8217;est pas encore sur la route, la Polestar 2 d\u00e9barque sur la moquette du salon de Gen\u00e8ve. Avec dix centim\u00e8tres de moins qu&#8217;une BMW S\u00e9rie 3 (3,60 m contre 3,70 m), la nouvelle Polestar 2 annonce la couleur : elle veut s&#8217;attaquer au c\u0153ur du march\u00e9 de la berline Premium 5 places mais avec son ADN : voiture 100% \u00e9lectrique, vision ultime de l&#8217;objet design proposant connectivit\u00e9 et technologie de pointe.<br \/>\nMais c&#8217;est pourtant un autre mod\u00e8le qu&#8217;elle a en ligne de mire : la r\u00e9cente Tesla Model 3&#8230;<\/p>\n<p><a href=\"http:\/\/lignesauto.fr\/wp-content\/uploads\/2019\/02\/LIGNESP2_01.jpg\"><img loading=\"lazy\" decoding=\"async\" class=\"alignnone wp-image-8370 size-large\" src=\"http:\/\/lignesauto.fr\/wp-content\/uploads\/2019\/02\/LIGNESP2_01-1024x576.jpg\" alt=\"\" width=\"1024\" height=\"576\" srcset=\"https:\/\/lignesauto.fr\/wp-content\/uploads\/2019\/02\/LIGNESP2_01-1024x576.jpg 1024w, https:\/\/lignesauto.fr\/wp-content\/uploads\/2019\/02\/LIGNESP2_01-300x169.jpg 300w, https:\/\/lignesauto.fr\/wp-content\/uploads\/2019\/02\/LIGNESP2_01-768x432.jpg 768w, https:\/\/lignesauto.fr\/wp-content\/uploads\/2019\/02\/LIGNESP2_01-370x208.jpg 370w, https:\/\/lignesauto.fr\/wp-content\/uploads\/2019\/02\/LIGNESP2_01-1040x585.jpg 1040w, https:\/\/lignesauto.fr\/wp-content\/uploads\/2019\/02\/LIGNESP2_01.jpg 1920w\" sizes=\"(max-width: 1024px) 100vw, 1024px\" \/><\/a><\/p>\n<p>La Polestar 2 sera lanc\u00e9e en 2020 sur la plateforme Volvo CMA (Volvo XC40) qui est dans ce cas dans sa d\u00e9finition 100% \u00e9lectrique avec deux moteurs \u00e9lectriques pour une puissance cumul\u00e9e de 402 ch (300 kW) et b\u00e9n\u00e9ficiant d&#8217;un couple de 660 Nm. Sa batterie de 78 kWh offrira une autonomie de 500 km !<\/p>\n<p><a href=\"http:\/\/lignesauto.fr\/wp-content\/uploads\/2019\/02\/LIGNESP2_08.png\"><img loading=\"lazy\" decoding=\"async\" class=\"alignnone wp-image-8376 size-large\" src=\"http:\/\/lignesauto.fr\/wp-content\/uploads\/2019\/02\/LIGNESP2_08-1024x332.png\" alt=\"\" width=\"1024\" height=\"332\" srcset=\"https:\/\/lignesauto.fr\/wp-content\/uploads\/2019\/02\/LIGNESP2_08-1024x332.png 1024w, https:\/\/lignesauto.fr\/wp-content\/uploads\/2019\/02\/LIGNESP2_08-300x97.png 300w, https:\/\/lignesauto.fr\/wp-content\/uploads\/2019\/02\/LIGNESP2_08-768x249.png 768w, https:\/\/lignesauto.fr\/wp-content\/uploads\/2019\/02\/LIGNESP2_08-370x120.png 370w, https:\/\/lignesauto.fr\/wp-content\/uploads\/2019\/02\/LIGNESP2_08-1040x338.png 1040w\" sizes=\"(max-width: 1024px) 100vw, 1024px\" \/><\/a><a href=\"http:\/\/lignesauto.fr\/wp-content\/uploads\/2019\/02\/LIGNESP2_05.png\"><img loading=\"lazy\" decoding=\"async\" class=\"alignnone wp-image-8373 size-large\" src=\"http:\/\/lignesauto.fr\/wp-content\/uploads\/2019\/02\/LIGNESP2_05-1024x550.png\" alt=\"\" width=\"1024\" height=\"550\" srcset=\"https:\/\/lignesauto.fr\/wp-content\/uploads\/2019\/02\/LIGNESP2_05-1024x550.png 1024w, https:\/\/lignesauto.fr\/wp-content\/uploads\/2019\/02\/LIGNESP2_05-300x161.png 300w, https:\/\/lignesauto.fr\/wp-content\/uploads\/2019\/02\/LIGNESP2_05-768x413.png 768w, https:\/\/lignesauto.fr\/wp-content\/uploads\/2019\/02\/LIGNESP2_05-370x199.png 370w, https:\/\/lignesauto.fr\/wp-content\/uploads\/2019\/02\/LIGNESP2_05-1040x559.png 1040w\" sizes=\"(max-width: 1024px) 100vw, 1024px\" \/><\/a><\/p>\n<p>A bord, la Polestar 2 d\u00e9voilera une grande innovation avec le syst\u00e8me d&#8217;infotainment Android dont l&#8217;IHM passe par un \u00e9cran de 11 pouces. Gr\u00e2ce \u00e0 ce syst\u00e8me, vous pourrez b\u00e9n\u00e9ficier \u00e0 bord de toutes vos applications et des services Google sans oublier bien s\u00fbr tout ce qui touche aux fonctions de la voiture.<\/p>\n<p><a href=\"http:\/\/lignesauto.fr\/wp-content\/uploads\/2019\/02\/LIGNESP2_06.jpg\"><img loading=\"lazy\" decoding=\"async\" class=\"alignnone wp-image-8374 size-large\" src=\"http:\/\/lignesauto.fr\/wp-content\/uploads\/2019\/02\/LIGNESP2_06-1024x576.jpg\" alt=\"\" width=\"1024\" height=\"576\" srcset=\"https:\/\/lignesauto.fr\/wp-content\/uploads\/2019\/02\/LIGNESP2_06-1024x576.jpg 1024w, https:\/\/lignesauto.fr\/wp-content\/uploads\/2019\/02\/LIGNESP2_06-300x169.jpg 300w, https:\/\/lignesauto.fr\/wp-content\/uploads\/2019\/02\/LIGNESP2_06-768x432.jpg 768w, https:\/\/lignesauto.fr\/wp-content\/uploads\/2019\/02\/LIGNESP2_06-370x208.jpg 370w, https:\/\/lignesauto.fr\/wp-content\/uploads\/2019\/02\/LIGNESP2_06-1040x585.jpg 1040w, https:\/\/lignesauto.fr\/wp-content\/uploads\/2019\/02\/LIGNESP2_06.jpg 1920w\" sizes=\"(max-width: 1024px) 100vw, 1024px\" \/><\/a><\/p>\n<p>En compl\u00e9tant sa gamme d&#8217;un deuxi\u00e8me mod\u00e8le bien plus accessible, Polestar confirme qu&#8217;elle devient la marque 100% \u00e9lectrique Premium de Volvo. La Polestar 2 devrait \u00eatre commercialis\u00e9e \u00e0 un tarif qui devrait se situer l\u00e9g\u00e8rement en dessous de la barre des 40 000 euros. Toutefois, comme tous les constructeurs le font d\u00e9sormais, les premi\u00e8res productions seront d\u00e9di\u00e9es \u00e0 une version de lancement qui devrait s&#8217;approcher des 60 000 euros ! Ces tarifs ne tiennent pas compte des diff\u00e9rentes aides gouvernementales.<\/p>\n<p><a href=\"http:\/\/lignesauto.fr\/wp-content\/uploads\/2019\/02\/LIGNESP2_04.jpg\"><img loading=\"lazy\" decoding=\"async\" class=\"alignnone wp-image-8372 size-large\" src=\"http:\/\/lignesauto.fr\/wp-content\/uploads\/2019\/02\/LIGNESP2_04-1024x576.jpg\" alt=\"\" width=\"1024\" height=\"576\" srcset=\"https:\/\/lignesauto.fr\/wp-content\/uploads\/2019\/02\/LIGNESP2_04-1024x576.jpg 1024w, https:\/\/lignesauto.fr\/wp-content\/uploads\/2019\/02\/LIGNESP2_04-300x169.jpg 300w, https:\/\/lignesauto.fr\/wp-content\/uploads\/2019\/02\/LIGNESP2_04-768x432.jpg 768w, https:\/\/lignesauto.fr\/wp-content\/uploads\/2019\/02\/LIGNESP2_04-370x208.jpg 370w, https:\/\/lignesauto.fr\/wp-content\/uploads\/2019\/02\/LIGNESP2_04-1040x585.jpg 1040w, https:\/\/lignesauto.fr\/wp-content\/uploads\/2019\/02\/LIGNESP2_04.jpg 1920w\" sizes=\"(max-width: 1024px) 100vw, 1024px\" \/><\/a><\/p>\n<p>Comme pour le coup\u00e9 Polestar 1, la berline sera distribu\u00e9e uniquement par le biais d&#8217;internet. Pas de concession physique mais un site d\u00e9di\u00e9.<br \/>\nLa production commencera dans la nouvelle usine chinoise au printemps 2020 pour une commercialisation prioritairement sur les march\u00e9s Am\u00e9ricains, Chinois, Canadien ou&#8230; Allemand.<\/p>\n<p>&nbsp;<\/p>\n<p><strong>CARACTERISTIQUES TECHNIQUES ET DIMENSIONS<\/strong><\/p>\n<p><a href=\"http:\/\/lignesauto.fr\/wp-content\/uploads\/2019\/02\/Capture-d\u2019\u00e9cran-2019-02-27-\u00e0-14.28.00.png\"><img loading=\"lazy\" decoding=\"async\" class=\"alignnone wp-image-8377 size-large\" src=\"http:\/\/lignesauto.fr\/wp-content\/uploads\/2019\/02\/Capture-d\u2019\u00e9cran-2019-02-27-\u00e0-14.28.00-1024x296.png\" alt=\"\" width=\"1024\" height=\"296\" srcset=\"https:\/\/lignesauto.fr\/wp-content\/uploads\/2019\/02\/Capture-d\u2019\u00e9cran-2019-02-27-\u00e0-14.28.00-1024x296.png 1024w, https:\/\/lignesauto.fr\/wp-content\/uploads\/2019\/02\/Capture-d\u2019\u00e9cran-2019-02-27-\u00e0-14.28.00-300x87.png 300w, https:\/\/lignesauto.fr\/wp-content\/uploads\/2019\/02\/Capture-d\u2019\u00e9cran-2019-02-27-\u00e0-14.28.00-768x222.png 768w, https:\/\/lignesauto.fr\/wp-content\/uploads\/2019\/02\/Capture-d\u2019\u00e9cran-2019-02-27-\u00e0-14.28.00-370x107.png 370w, https:\/\/lignesauto.fr\/wp-content\/uploads\/2019\/02\/Capture-d\u2019\u00e9cran-2019-02-27-\u00e0-14.28.00-1040x300.png 1040w\" sizes=\"(max-width: 1024px) 100vw, 1024px\" \/><\/a><\/p>\n<p><a href=\"http:\/\/lignesauto.fr\/wp-content\/uploads\/2019\/02\/Capture-d\u2019\u00e9cran-2019-02-27-\u00e0-14.28.14.png\"><img loading=\"lazy\" decoding=\"async\" class=\"alignnone wp-image-8378 size-large\" src=\"http:\/\/lignesauto.fr\/wp-content\/uploads\/2019\/02\/Capture-d\u2019\u00e9cran-2019-02-27-\u00e0-14.28.14-1024x394.png\" alt=\"\" width=\"1024\" height=\"394\" srcset=\"https:\/\/lignesauto.fr\/wp-content\/uploads\/2019\/02\/Capture-d\u2019\u00e9cran-2019-02-27-\u00e0-14.28.14-1024x394.png 1024w, https:\/\/lignesauto.fr\/wp-content\/uploads\/2019\/02\/Capture-d\u2019\u00e9cran-2019-02-27-\u00e0-14.28.14-300x115.png 300w, https:\/\/lignesauto.fr\/wp-content\/uploads\/2019\/02\/Capture-d\u2019\u00e9cran-2019-02-27-\u00e0-14.28.14-768x295.png 768w, https:\/\/lignesauto.fr\/wp-content\/uploads\/2019\/02\/Capture-d\u2019\u00e9cran-2019-02-27-\u00e0-14.28.14-370x142.png 370w, https:\/\/lignesauto.fr\/wp-content\/uploads\/2019\/02\/Capture-d\u2019\u00e9cran-2019-02-27-\u00e0-14.28.14-1040x400.png 1040w\" sizes=\"(max-width: 1024px) 100vw, 1024px\" \/><\/a><\/p>\n<p><strong>ENGLISH : <\/strong><\/p>\n<p>To complete your knowledge of Polestar, read our &#8216;post&#8217;:\u00a0<a href=\"http:\/\/lignesauto.fr\/?p=2465\">http:\/\/lignesauto.fr\/?p=2465<\/a><\/p>\n<p>While the Polestar 1, a 100% electric coup\u00e9, is not yet on the road, the Polestar 2 is landing on the carpet of the Geneva Motor Show. With ten centimetres less than a BMW 3 Series (3.60 m against 3.70 m), the new Polestar 2 announces the color : it wants to attack the heart of the 5-seater Premium sedan market but with its DNA: 100% electric car, ultimate vision of the design object offering connectivity and advanced technology.<br \/>\nBut it is however another model that she has in mind: the recent Tesla Model 3&#8230;.<\/p>\n<p>The Polestar 2 will be launched in 2020 on the Volvo CMA platform (Volvo XC40), which is in this case in its 100% electric definition with two electric motors for a cumulative power of 402 hp (300 kW) and 660 Nm of torque. Its 78 kWh battery will provide a range of 500 km !<\/p>\n<p>On board, the Polestar 2 will unveil a major innovation with the Android infotainment system, whose HMI uses an 11-inch screen. Thanks to this system, you will be able to enjoy all your applications and Google services on board, without forgetting of course everything related to the car&#8217;s functions.<\/p>\n<p>By completing its range with a much more accessible second model, Polestar confirms that it is becoming Volvo&#8217;s 100% electric Premium brand. The Polestar 2 is expected to be marketed at a price that is expected to be slightly below the 40,000 euros. However, as all manufacturers are now doing, the first productions will be dedicated to a launch version that should approach 60,000 euros ! These rates do not take into account the various government subsidies.<\/p>\n<p>As with the Polestar 1 coupe, the sedan will only be distributed via the Internet. No physical concession but a dedicated site.<br \/>\nProduction will start in the new Chinese plant in spring 2020 for priority marketing in the American, Chinese, Canadian or European markets. German.<\/p>\n<p>&nbsp;<\/p>\n<p><a href=\"http:\/\/lignesauto.fr\/wp-content\/uploads\/2018\/10\/LOGOActus_BD.jpg\"><img loading=\"lazy\" decoding=\"async\" class=\"alignnone size-medium wp-image-4921\" src=\"http:\/\/lignesauto.fr\/wp-content\/uploads\/2018\/10\/LOGOActus_BD-300x108.jpg\" alt=\"\" width=\"300\" height=\"108\" srcset=\"https:\/\/lignesauto.fr\/wp-content\/uploads\/2018\/10\/LOGOActus_BD-300x108.jpg 300w, https:\/\/lignesauto.fr\/wp-content\/uploads\/2018\/10\/LOGOActus_BD-768x276.jpg 768w, https:\/\/lignesauto.fr\/wp-content\/uploads\/2018\/10\/LOGOActus_BD-1024x367.jpg 1024w, https:\/\/lignesauto.fr\/wp-content\/uploads\/2018\/10\/LOGOActus_BD-370x133.jpg 370w, https:\/\/lignesauto.fr\/wp-content\/uploads\/2018\/10\/LOGOActus_BD-1040x373.jpg 1040w, https:\/\/lignesauto.fr\/wp-content\/uploads\/2018\/10\/LOGOActus_BD.jpg 1240w\" sizes=\"(max-width: 300px) 100vw, 300px\" \/><\/a><\/p>\n","protected":false},"excerpt":{"rendered":"<p>English translation at the end of the post Pour compl\u00e9ter votre connaissance de Polestar, lisez notre &#8216;post&#8217; : \u00a0\u00a0http:\/\/lignesauto.fr\/?p=2465 Alors que la Polestar 1, coup\u00e9 100% \u00e9lectrique n&#8217;est pas encore sur la route, la Polestar 2 d\u00e9barque sur la moquette du salon de Gen\u00e8ve. Avec dix centim\u00e8tres de moins qu&#8217;une [&hellip;]<\/p>\n","protected":false},"author":1,"featured_media":8375,"comment_status":"open","ping_status":"open","sticky":false,"template":"","format":"standard","meta":{"footnotes":""},"categories":[1],"tags":[],"_links":{"self":[{"href":"https:\/\/lignesauto.fr\/index.php?rest_route=\/wp\/v2\/posts\/8368"}],"collection":[{"href":"https:\/\/lignesauto.fr\/index.php?rest_route=\/wp\/v2\/posts"}],"about":[{"href":"https:\/\/lignesauto.fr\/index.php?rest_route=\/wp\/v2\/types\/post"}],"author":[{"embeddable":true,"href":"https:\/\/lignesauto.fr\/index.php?rest_route=\/wp\/v2\/users\/1"}],"replies":[{"embeddable":true,"href":"https:\/\/lignesauto.fr\/index.php?rest_route=%2Fwp%2Fv2%2Fcomments&post=8368"}],"version-history":[{"count":12,"href":"https:\/\/lignesauto.fr\/index.php?rest_route=\/wp\/v2\/posts\/8368\/revisions"}],"predecessor-version":[{"id":8393,"href":"https:\/\/lignesauto.fr\/index.php?rest_route=\/wp\/v2\/posts\/8368\/revisions\/8393"}],"wp:featuredmedia":[{"embeddable":true,"href":"https:\/\/lignesauto.fr\/index.php?rest_route=\/wp\/v2\/media\/8375"}],"wp:attachment":[{"href":"https:\/\/lignesauto.fr\/index.php?rest_route=%2Fwp%2Fv2%2Fmedia&parent=8368"}],"wp:term":[{"taxonomy":"category","embeddable":true,"href":"https:\/\/lignesauto.fr\/index.php?rest_route=%2Fwp%2Fv2%2Fcategories&post=8368"},{"taxonomy":"post_tag","embeddable":true,"href":"https:\/\/lignesauto.fr\/index.php?rest_route=%2Fwp%2Fv2%2Ftags&post=8368"}],"curies":[{"name":"wp","href":"https:\/\/api.w.org\/{rel}","templated":true}]}}