{"id":8421,"date":"2019-03-04T08:15:59","date_gmt":"2019-03-04T07:15:59","guid":{"rendered":"http:\/\/lignesauto.fr\/?p=8421"},"modified":"2019-03-04T07:51:50","modified_gmt":"2019-03-04T06:51:50","slug":"geneve-2019-labecedaire-des-news-du-salon-de-a-a-h","status":"publish","type":"post","link":"https:\/\/lignesauto.fr\/?p=8421","title":{"rendered":"GENEVE 2019 : l&#8217;ab\u00e9c\u00e9daire des news du salon de A \u00e0 H"},"content":{"rendered":"<p><a href=\"http:\/\/lignesauto.fr\/wp-content\/uploads\/2018\/10\/LOGOActus_BD.jpg\"><img loading=\"lazy\" decoding=\"async\" class=\"alignnone size-medium wp-image-4921\" src=\"http:\/\/lignesauto.fr\/wp-content\/uploads\/2018\/10\/LOGOActus_BD-300x108.jpg\" alt=\"\" width=\"300\" height=\"108\" srcset=\"https:\/\/lignesauto.fr\/wp-content\/uploads\/2018\/10\/LOGOActus_BD-300x108.jpg 300w, https:\/\/lignesauto.fr\/wp-content\/uploads\/2018\/10\/LOGOActus_BD-768x276.jpg 768w, https:\/\/lignesauto.fr\/wp-content\/uploads\/2018\/10\/LOGOActus_BD-1024x367.jpg 1024w, https:\/\/lignesauto.fr\/wp-content\/uploads\/2018\/10\/LOGOActus_BD-370x133.jpg 370w, https:\/\/lignesauto.fr\/wp-content\/uploads\/2018\/10\/LOGOActus_BD-1040x373.jpg 1040w, https:\/\/lignesauto.fr\/wp-content\/uploads\/2018\/10\/LOGOActus_BD.jpg 1240w\" sizes=\"(max-width: 300px) 100vw, 300px\" \/><\/a><\/p>\n<p>&nbsp;<\/p>\n<p><strong>A, comme Autonome<br \/>\n<\/strong><em><strong>BMW et Mercedes mari\u00e9s pour la voiture autonome<\/strong><\/em><\/p>\n<p><a href=\"http:\/\/lignesauto.fr\/wp-content\/uploads\/2019\/02\/19C0149_01.jpg\"><img loading=\"lazy\" decoding=\"async\" class=\"alignnone wp-image-8424 size-large\" src=\"http:\/\/lignesauto.fr\/wp-content\/uploads\/2019\/02\/19C0149_01-1024x575.jpg\" alt=\"\" width=\"1024\" height=\"575\" srcset=\"https:\/\/lignesauto.fr\/wp-content\/uploads\/2019\/02\/19C0149_01-1024x575.jpg 1024w, https:\/\/lignesauto.fr\/wp-content\/uploads\/2019\/02\/19C0149_01-300x168.jpg 300w, https:\/\/lignesauto.fr\/wp-content\/uploads\/2019\/02\/19C0149_01-768x431.jpg 768w, https:\/\/lignesauto.fr\/wp-content\/uploads\/2019\/02\/19C0149_01-370x208.jpg 370w, https:\/\/lignesauto.fr\/wp-content\/uploads\/2019\/02\/19C0149_01-1040x583.jpg 1040w, https:\/\/lignesauto.fr\/wp-content\/uploads\/2019\/02\/19C0149_01.jpg 1417w\" sizes=\"(max-width: 1024px) 100vw, 1024px\" \/><\/a><\/p>\n<p>Il s&#8217;agit d&#8217;une coop\u00e9ration strat\u00e9gique \u00e0 long terme qui concerne tout d&#8217;abord la\u00a0prochaine g\u00e9n\u00e9ration de technologies pour les syst\u00e8mes d&#8217;aide \u00e0 la conduite et la conduite hautement automatis\u00e9e sur les autoroutes (SAE niveau 3 et niveau 4).<br \/>\nCette derni\u00e8re sera pr\u00eate \u00e0 \u00eatre commercialis\u00e9e au milieu des ann\u00e9es 2020.<br \/>\nMercedes et BMW vont mettre en place une strat\u00e9gie coh\u00e9rente de plateforme \u00e9volutive et une mise en commun de l&#8217;expertise des deux constructeurs.<br \/>\n<em>Objectif<\/em> : une plate-forme flexible et des cycles d&#8217;innovation plus courts.<\/p>\n<p>A voir, le &#8220;post&#8221; du\u00a0Dr Michael Hafner, responsable des technologies de la conduite automatis\u00e9e au sein de l&#8217;unit\u00e9 de recherche et d\u00e9veloppement de Mercedes-Benz Cars : \u00a0<a href=\"https:\/\/blog.daimler.com\/en\/2019\/02\/28\/mercedes-bmw-automated-driving-joint-venture-cooperation\/\">https:\/\/blog.daimler.com\/en\/2019\/02\/28\/mercedes-bmw-automated-driving-joint-venture-cooperation\/<\/a><\/p>\n<p>&nbsp;<\/p>\n<p><strong>B comme Bombe hybride<\/strong><br \/>\n<em><strong>Peugeot Sport pour le plaisir en hybride<\/strong><\/em><\/p>\n<p><a href=\"http:\/\/lignesauto.fr\/wp-content\/uploads\/2019\/03\/LIGNES50801.png\"><img loading=\"lazy\" decoding=\"async\" class=\"alignnone wp-image-8517\" src=\"http:\/\/lignesauto.fr\/wp-content\/uploads\/2019\/03\/LIGNES50801.png\" alt=\"\" width=\"1024\" height=\"428\" srcset=\"https:\/\/lignesauto.fr\/wp-content\/uploads\/2019\/03\/LIGNES50801.png 992w, https:\/\/lignesauto.fr\/wp-content\/uploads\/2019\/03\/LIGNES50801-300x126.png 300w, https:\/\/lignesauto.fr\/wp-content\/uploads\/2019\/03\/LIGNES50801-768x321.png 768w, https:\/\/lignesauto.fr\/wp-content\/uploads\/2019\/03\/LIGNES50801-370x155.png 370w\" sizes=\"(max-width: 1024px) 100vw, 1024px\" \/><\/a><\/p>\n<p>Peugeot l&#8217;avait annonc\u00e9 en octobre 2018 : la future &#8220;ligne&#8221; de produits hybrides ou 100% \u00e9lectriques n&#8217;allait pas \u00eatre synonyme d&#8217;ennui. Pour preuve ce premier concept r\u00e9alis\u00e9 sur la base de la nouvelle 508 dot\u00e9e d&#8217;un moteur thermique\u00a0PureTech de 200 ch recevant l&#8217;aide d&#8217;un moteur EV de 110ch et d&#8217;un autre moteur EV de 200 ch\u00a0implant\u00e9 sur le train arri\u00e8re assurant du m\u00eame coup la transmission int\u00e9grale.<\/p>\n<p><a href=\"http:\/\/lignesauto.fr\/wp-content\/uploads\/2019\/03\/LIGNES50802.jpg\"><img loading=\"lazy\" decoding=\"async\" class=\"alignnone wp-image-8518 size-large\" src=\"http:\/\/lignesauto.fr\/wp-content\/uploads\/2019\/03\/LIGNES50802-1024x682.jpg\" alt=\"\" width=\"1024\" height=\"682\" srcset=\"https:\/\/lignesauto.fr\/wp-content\/uploads\/2019\/03\/LIGNES50802-1024x682.jpg 1024w, https:\/\/lignesauto.fr\/wp-content\/uploads\/2019\/03\/LIGNES50802-300x200.jpg 300w, https:\/\/lignesauto.fr\/wp-content\/uploads\/2019\/03\/LIGNES50802-768x512.jpg 768w, https:\/\/lignesauto.fr\/wp-content\/uploads\/2019\/03\/LIGNES50802-370x246.jpg 370w, https:\/\/lignesauto.fr\/wp-content\/uploads\/2019\/03\/LIGNES50802-1040x693.jpg 1040w, https:\/\/lignesauto.fr\/wp-content\/uploads\/2019\/03\/LIGNES50802.jpg 1276w\" sizes=\"(max-width: 1024px) 100vw, 1024px\" \/><\/a><\/p>\n<div class=\"page\" title=\"Page 3\">\n<div class=\"section\">\n<div class=\"layoutArea\">\n<div class=\"column\">\n<p>Bruno FAMIN le directeur de PEUGEOT SPORT affirme que <em>\u00ab nous allons d\u00e9velopper la ligne la plus sportive que nous n\u2019ayons jamais eue chez Peugeot ! Nous en r\u00eavions. L&#8217;\u00e9lectrification nous permet d\u00e9sormais de la faire. \u00bb<\/em><br \/>\n<em>Objectif<\/em> : commercialiser une gamme de produit hybrides ou \u00e9lectriques qui <em>&#8220;associe intensit\u00e9 et efficience&#8221;.<\/em><\/p>\n<p>Pour ce concept 508, les performances sont :<br \/>\n&#8211; 0 \u00e0 100km\/h : 4.3 s<br \/>\n&#8211; 1000m DA : 23.2 s<br \/>\n&#8211; \u00a0Vitesse maximale : 250 km\/h<\/p>\n<\/div>\n<\/div>\n<\/div>\n<\/div>\n<p>&nbsp;<\/p>\n<p><strong>C comme Centenaire<\/strong><br \/>\n<em><strong>Citro\u00ebn Ami One zappe les \u00e9tapes<\/strong><\/em><\/p>\n<p>&nbsp;<\/p>\n<p><a href=\"http:\/\/lignesauto.fr\/wp-content\/uploads\/2019\/02\/LIGNESDEF105.png\"><img loading=\"lazy\" decoding=\"async\" class=\"alignnone wp-image-7961 size-large\" src=\"http:\/\/lignesauto.fr\/wp-content\/uploads\/2019\/02\/LIGNESDEF105-1024x782.png\" alt=\"\" width=\"1024\" height=\"782\" srcset=\"https:\/\/lignesauto.fr\/wp-content\/uploads\/2019\/02\/LIGNESDEF105-1024x782.png 1024w, https:\/\/lignesauto.fr\/wp-content\/uploads\/2019\/02\/LIGNESDEF105-300x229.png 300w, https:\/\/lignesauto.fr\/wp-content\/uploads\/2019\/02\/LIGNESDEF105-768x586.png 768w, https:\/\/lignesauto.fr\/wp-content\/uploads\/2019\/02\/LIGNESDEF105-370x283.png 370w, https:\/\/lignesauto.fr\/wp-content\/uploads\/2019\/02\/LIGNESDEF105-1040x794.png 1040w, https:\/\/lignesauto.fr\/wp-content\/uploads\/2019\/02\/LIGNESDEF105.png 1417w\" sizes=\"(max-width: 1024px) 100vw, 1024px\" \/><\/a><\/p>\n<p>Ce petit bout d&#8217;orange m\u00e9canique \u00e9lectrique ne mesure que 2,50 m de longueur et il est possible de le conduire sans permis, de le louer pour une dur\u00e9e \u00e0 votre choix.<br \/>\nLa Citro\u00ebn Ami One vous demande juste d&#8217;\u00eatre connect\u00e9 \u00e0 une application pour \u00eatre \u00e0 vous. Votre Smartphone la transforme alors en voiture personnelle pr\u00eate \u00e0 vous emmener au bout&#8230; de la ville avec ses 100 km d&#8217;autonomie.<br \/>\nSa conception s&#8217;est pass\u00e9e du stade de la maquette Clay \u00e0 \u00e9chelle 1, se satisfaisant de la conception 3D et de deux &#8220;masses&#8221; en polystyr\u00e8ne pour jauger les volumes.<\/p>\n<p><strong>Retrouvez-l\u00e0 ici :\u00a0<\/strong><\/p>\n<blockquote class=\"wp-embedded-content\" data-secret=\"UBpvbMyAge\"><p><a href=\"https:\/\/lignesauto.fr\/?p=7893\">Citro\u00ebn AMI ONE : quand la Deuche couche avec votre Smartphone ! (1\/5)<\/a><\/p><\/blockquote>\n<p><iframe class=\"wp-embedded-content\" sandbox=\"allow-scripts\" security=\"restricted\" style=\"position: absolute; clip: rect(1px, 1px, 1px, 1px);\" title=\"&#8220;Citro\u00ebn AMI ONE : quand la Deuche couche avec votre Smartphone ! (1\/5)&#8221; &#8212; LIGNES\/auto\" src=\"https:\/\/lignesauto.fr\/?p=7893&#038;embed=true#?secret=V1JNMw6cEO#?secret=UBpvbMyAge\" data-secret=\"UBpvbMyAge\" width=\"600\" height=\"338\" frameborder=\"0\" marginwidth=\"0\" marginheight=\"0\" scrolling=\"no\"><\/iframe><\/p>\n<blockquote class=\"wp-embedded-content\" data-secret=\"VntBUjGoa4\"><p><a href=\"https:\/\/lignesauto.fr\/?p=7915\">Citro\u00ebn AMI ONE vue par son designer ext\u00e9rieur (2\/5)<\/a><\/p><\/blockquote>\n<p><iframe class=\"wp-embedded-content\" sandbox=\"allow-scripts\" security=\"restricted\" style=\"position: absolute; clip: rect(1px, 1px, 1px, 1px);\" title=\"&#8220;Citro\u00ebn AMI ONE vue par son designer ext\u00e9rieur (2\/5)&#8221; &#8212; LIGNES\/auto\" src=\"https:\/\/lignesauto.fr\/?p=7915&#038;embed=true#?secret=zVGjZEVD9b#?secret=VntBUjGoa4\" data-secret=\"VntBUjGoa4\" width=\"600\" height=\"338\" frameborder=\"0\" marginwidth=\"0\" marginheight=\"0\" scrolling=\"no\"><\/iframe><\/p>\n<blockquote class=\"wp-embedded-content\" data-secret=\"WedOFtlNBq\"><p><a href=\"https:\/\/lignesauto.fr\/?p=7906\">Bienvenue \u00e0 bord de la Citro\u00ebn AMI ONE (3\/5)<\/a><\/p><\/blockquote>\n<p><iframe class=\"wp-embedded-content\" sandbox=\"allow-scripts\" security=\"restricted\" style=\"position: absolute; clip: rect(1px, 1px, 1px, 1px);\" title=\"&#8220;Bienvenue \u00e0 bord de la Citro\u00ebn AMI ONE (3\/5)&#8221; &#8212; LIGNES\/auto\" src=\"https:\/\/lignesauto.fr\/?p=7906&#038;embed=true#?secret=TOb3bvXanH#?secret=WedOFtlNBq\" data-secret=\"WedOFtlNBq\" width=\"600\" height=\"338\" frameborder=\"0\" marginwidth=\"0\" marginheight=\"0\" scrolling=\"no\"><\/iframe><\/p>\n<p>&nbsp;<\/p>\n<p><strong>D comme Duel<\/strong><br \/>\n<em><strong>Peugeot 208 &#8211; Renault Clio<\/strong><\/em><\/p>\n<p>&nbsp;<\/p>\n<p>&nbsp;<\/p>\n<p><a href=\"http:\/\/lignesauto.fr\/wp-content\/uploads\/2019\/02\/LIGNES1003.png\"><img loading=\"lazy\" decoding=\"async\" class=\"alignnone wp-image-8103 size-large\" src=\"http:\/\/lignesauto.fr\/wp-content\/uploads\/2019\/02\/LIGNES1003-1024x297.png\" alt=\"\" width=\"1024\" height=\"297\" srcset=\"https:\/\/lignesauto.fr\/wp-content\/uploads\/2019\/02\/LIGNES1003-1024x297.png 1024w, https:\/\/lignesauto.fr\/wp-content\/uploads\/2019\/02\/LIGNES1003-300x87.png 300w, https:\/\/lignesauto.fr\/wp-content\/uploads\/2019\/02\/LIGNES1003-768x223.png 768w, https:\/\/lignesauto.fr\/wp-content\/uploads\/2019\/02\/LIGNES1003-370x107.png 370w, https:\/\/lignesauto.fr\/wp-content\/uploads\/2019\/02\/LIGNES1003-1040x302.png 1040w, https:\/\/lignesauto.fr\/wp-content\/uploads\/2019\/02\/LIGNES1003.png 1417w\" sizes=\"(max-width: 1024px) 100vw, 1024px\" \/><\/a><\/p>\n<p><strong>Retrouver le &#8220;duel&#8221; stylistique des deux fran\u00e7aises r\u00e9v\u00e9l\u00e9es \u00e0 Gen\u00e8ve :<\/strong><\/p>\n<blockquote class=\"wp-embedded-content\" data-secret=\"zV4dzpstiZ\"><p><a href=\"https:\/\/lignesauto.fr\/?p=8096\">Duel &#8220;Clio &#8211; 208&#8221; c\u00f4t\u00e9 design<\/a><\/p><\/blockquote>\n<p><iframe class=\"wp-embedded-content\" sandbox=\"allow-scripts\" security=\"restricted\" style=\"position: absolute; clip: rect(1px, 1px, 1px, 1px);\" title=\"&#8220;Duel &#8220;Clio &#8211; 208&#8221; c\u00f4t\u00e9 design&#8221; &#8212; LIGNES\/auto\" src=\"https:\/\/lignesauto.fr\/?p=8096&#038;embed=true#?secret=eLnP4lqR1F#?secret=zV4dzpstiZ\" data-secret=\"zV4dzpstiZ\" width=\"600\" height=\"338\" frameborder=\"0\" marginwidth=\"0\" marginheight=\"0\" scrolling=\"no\"><\/iframe><\/p>\n<p>&nbsp;<\/p>\n<p>&nbsp;<\/p>\n<p><strong>Red\u00e9couvrez \u00a0la 208 sur notre site :<\/strong><\/p>\n<blockquote class=\"wp-embedded-content\" data-secret=\"e552IgrjU1\"><p><a href=\"https:\/\/lignesauto.fr\/?p=8069\">Les designers Peugeot racontent la nouvelle 208 &#8211; FRENCH AND ENGLISH VERSION<\/a><\/p><\/blockquote>\n<p><iframe class=\"wp-embedded-content\" sandbox=\"allow-scripts\" security=\"restricted\" style=\"position: absolute; clip: rect(1px, 1px, 1px, 1px);\" title=\"&#8220;Les designers Peugeot racontent la nouvelle 208 &#8211; FRENCH AND ENGLISH VERSION&#8221; &#8212; LIGNES\/auto\" src=\"https:\/\/lignesauto.fr\/?p=8069&#038;embed=true#?secret=hfhKCo1aHf#?secret=e552IgrjU1\" data-secret=\"e552IgrjU1\" width=\"600\" height=\"338\" frameborder=\"0\" marginwidth=\"0\" marginheight=\"0\" scrolling=\"no\"><\/iframe><\/p>\n<blockquote class=\"wp-embedded-content\" data-secret=\"SoCzgFczfN\"><p><a href=\"https:\/\/lignesauto.fr\/?p=8092\">LIGNES\/auto \u00e0 bord de la nouvelle Peugeot 208 &#8211; FRENCH AND ENGLISH VERSION<\/a><\/p><\/blockquote>\n<p><iframe class=\"wp-embedded-content\" sandbox=\"allow-scripts\" security=\"restricted\" style=\"position: absolute; clip: rect(1px, 1px, 1px, 1px);\" title=\"&#8220;LIGNES\/auto \u00e0 bord de la nouvelle Peugeot 208 &#8211; FRENCH AND ENGLISH VERSION&#8221; &#8212; LIGNES\/auto\" src=\"https:\/\/lignesauto.fr\/?p=8092&#038;embed=true#?secret=iQZzy10s6n#?secret=SoCzgFczfN\" data-secret=\"SoCzgFczfN\" width=\"600\" height=\"338\" frameborder=\"0\" marginwidth=\"0\" marginheight=\"0\" scrolling=\"no\"><\/iframe><\/p>\n<p>http:\/\/lignesauto.fr\/?p=7264<\/p>\n<p>&nbsp;<\/p>\n<p>&nbsp;<\/p>\n<p><strong>Red\u00e9couvrez la Clio sur notre site :<\/strong><\/p>\n<blockquote class=\"wp-embedded-content\" data-secret=\"dk27KuWUb7\"><p><a href=\"https:\/\/lignesauto.fr\/?p=7339\">Nouvelle Clio : la m\u00eame en diff\u00e9rent !<\/a><\/p><\/blockquote>\n<p><iframe class=\"wp-embedded-content\" sandbox=\"allow-scripts\" security=\"restricted\" style=\"position: absolute; clip: rect(1px, 1px, 1px, 1px);\" title=\"&#8220;Nouvelle Clio : la m\u00eame en diff\u00e9rent !&#8221; &#8212; LIGNES\/auto\" src=\"https:\/\/lignesauto.fr\/?p=7339&#038;embed=true#?secret=A1Q5lFdNav#?secret=dk27KuWUb7\" data-secret=\"dk27KuWUb7\" width=\"600\" height=\"338\" frameborder=\"0\" marginwidth=\"0\" marginheight=\"0\" scrolling=\"no\"><\/iframe><\/p>\n<blockquote class=\"wp-embedded-content\" data-secret=\"O8iRxj0kyb\"><p><a href=\"https:\/\/lignesauto.fr\/?p=7301\">Nouvelle Renault Clio : bienvenue \u00e0 bord<\/a><\/p><\/blockquote>\n<p><iframe class=\"wp-embedded-content\" sandbox=\"allow-scripts\" security=\"restricted\" style=\"position: absolute; clip: rect(1px, 1px, 1px, 1px);\" title=\"&#8220;Nouvelle Renault Clio : bienvenue \u00e0 bord&#8221; &#8212; LIGNES\/auto\" src=\"https:\/\/lignesauto.fr\/?p=7301&#038;embed=true#?secret=DXmdvmBR09#?secret=O8iRxj0kyb\" data-secret=\"O8iRxj0kyb\" width=\"600\" height=\"338\" frameborder=\"0\" marginwidth=\"0\" marginheight=\"0\" scrolling=\"no\"><\/iframe><\/p>\n<blockquote class=\"wp-embedded-content\" data-secret=\"AtksjtKqJU\"><p><a href=\"https:\/\/lignesauto.fr\/?p=7388\">Clio V face \u00e0 Clio IV :  l&#8217;analyse du style<\/a><\/p><\/blockquote>\n<p><iframe class=\"wp-embedded-content\" sandbox=\"allow-scripts\" security=\"restricted\" style=\"position: absolute; clip: rect(1px, 1px, 1px, 1px);\" title=\"&#8220;Clio V face \u00e0 Clio IV :  l&#8217;analyse du style&#8221; &#8212; LIGNES\/auto\" src=\"https:\/\/lignesauto.fr\/?p=7388&#038;embed=true#?secret=OiZ1HRy6EN#?secret=AtksjtKqJU\" data-secret=\"AtksjtKqJU\" width=\"600\" height=\"338\" frameborder=\"0\" marginwidth=\"0\" marginheight=\"0\" scrolling=\"no\"><\/iframe><\/p>\n<p>&nbsp;<\/p>\n<p><strong>D<\/strong><strong>, comme DaVinci<br \/>\n<\/strong><em><strong>Audi donc !<\/strong><\/em><\/p>\n<p><a href=\"http:\/\/lignesauto.fr\/wp-content\/uploads\/2019\/03\/LIGNESDA01.jpg\"><img loading=\"lazy\" decoding=\"async\" class=\"alignnone wp-image-8524 size-large\" src=\"http:\/\/lignesauto.fr\/wp-content\/uploads\/2019\/03\/LIGNESDA01-1024x678.jpg\" alt=\"\" width=\"1024\" height=\"678\" srcset=\"https:\/\/lignesauto.fr\/wp-content\/uploads\/2019\/03\/LIGNESDA01-1024x678.jpg 1024w, https:\/\/lignesauto.fr\/wp-content\/uploads\/2019\/03\/LIGNESDA01-300x199.jpg 300w, https:\/\/lignesauto.fr\/wp-content\/uploads\/2019\/03\/LIGNESDA01-768x509.jpg 768w, https:\/\/lignesauto.fr\/wp-content\/uploads\/2019\/03\/LIGNESDA01-370x245.jpg 370w, https:\/\/lignesauto.fr\/wp-content\/uploads\/2019\/03\/LIGNESDA01-1040x689.jpg 1040w, https:\/\/lignesauto.fr\/wp-content\/uploads\/2019\/03\/LIGNESDA01.jpg 1350w\" sizes=\"(max-width: 1024px) 100vw, 1024px\" \/><\/a><\/p>\n<p>Le nouveau concept-car d&#8217;Italdesign a l&#8217;\u00e9l\u00e9gance d&#8217;une Audi A7 mais ses deux portes \u00e0 ouverture en aile de mouette le classe dans la cat\u00e9gorie des purs coup\u00e9s ! C&#8217;est une sorte d&#8217;Audi A7 m\u00e2tin\u00e9e d&#8217;un peu d&#8217;agressivit\u00e9. Baptis\u00e9 <em>DaVinci<\/em>, le concept s&#8217;appuie sur ses hanches muscl\u00e9es et son gigantesque diffuseur pour affirmer son statut d&#8217;\u00e9l\u00e9gance et de sportivit\u00e9. Comme sur le concept BMW i-Next, la sellerie \u00e0 bord cache des commandes tactiles, ce qui semble \u00eatre une voie de recherche pour l&#8217;avenir des habitacles de voitures autonomes.<\/p>\n<p><a href=\"http:\/\/lignesauto.fr\/wp-content\/uploads\/2019\/03\/LIGNESDA02.jpg\"><img loading=\"lazy\" decoding=\"async\" class=\"alignnone wp-image-8525 size-large\" src=\"http:\/\/lignesauto.fr\/wp-content\/uploads\/2019\/03\/LIGNESDA02-1024x678.jpg\" alt=\"\" width=\"1024\" height=\"678\" srcset=\"https:\/\/lignesauto.fr\/wp-content\/uploads\/2019\/03\/LIGNESDA02-1024x678.jpg 1024w, https:\/\/lignesauto.fr\/wp-content\/uploads\/2019\/03\/LIGNESDA02-300x199.jpg 300w, https:\/\/lignesauto.fr\/wp-content\/uploads\/2019\/03\/LIGNESDA02-768x509.jpg 768w, https:\/\/lignesauto.fr\/wp-content\/uploads\/2019\/03\/LIGNESDA02-370x245.jpg 370w, https:\/\/lignesauto.fr\/wp-content\/uploads\/2019\/03\/LIGNESDA02-1040x689.jpg 1040w, https:\/\/lignesauto.fr\/wp-content\/uploads\/2019\/03\/LIGNESDA02.jpg 1350w\" sizes=\"(max-width: 1024px) 100vw, 1024px\" \/><\/a><\/p>\n<p>Appartenant au groupe Volkswagen et plus pr\u00e9cis\u00e9ment d\u00e9pendant d&#8217;Audi, Italdesign pourrait tout \u00e0 fait proposer cette silhouette en interne mais rien ne l&#8217;emp\u00eache de &#8220;sortir&#8221; de sa zone de confort et des marques du groupe.<\/p>\n<p><a href=\"http:\/\/lignesauto.fr\/wp-content\/uploads\/2019\/03\/LIGNESDA03.jpg\"><img loading=\"lazy\" decoding=\"async\" class=\"alignnone wp-image-8526 size-large\" src=\"http:\/\/lignesauto.fr\/wp-content\/uploads\/2019\/03\/LIGNESDA03-1024x678.jpg\" alt=\"\" width=\"1024\" height=\"678\" srcset=\"https:\/\/lignesauto.fr\/wp-content\/uploads\/2019\/03\/LIGNESDA03-1024x678.jpg 1024w, https:\/\/lignesauto.fr\/wp-content\/uploads\/2019\/03\/LIGNESDA03-300x199.jpg 300w, https:\/\/lignesauto.fr\/wp-content\/uploads\/2019\/03\/LIGNESDA03-768x509.jpg 768w, https:\/\/lignesauto.fr\/wp-content\/uploads\/2019\/03\/LIGNESDA03-370x245.jpg 370w, https:\/\/lignesauto.fr\/wp-content\/uploads\/2019\/03\/LIGNESDA03-1040x689.jpg 1040w, https:\/\/lignesauto.fr\/wp-content\/uploads\/2019\/03\/LIGNESDA03.jpg 1350w\" sizes=\"(max-width: 1024px) 100vw, 1024px\" \/><\/a><\/p>\n<p>&nbsp;<\/p>\n<p>&nbsp;<\/p>\n<p><strong>E, comme Electrique<br \/>\n<\/strong><em><strong>La prochaine Porsche Macan sera 100% \u00e9lectrique<\/strong><\/em><\/p>\n<p><a href=\"http:\/\/lignesauto.fr\/wp-content\/uploads\/2019\/02\/Capture-d\u2019\u00e9cran-2019-02-28-\u00e0-19.08.54.png\"><img loading=\"lazy\" decoding=\"async\" class=\"alignnone wp-image-8429\" src=\"http:\/\/lignesauto.fr\/wp-content\/uploads\/2019\/02\/Capture-d\u2019\u00e9cran-2019-02-28-\u00e0-19.08.54.png\" alt=\"\" width=\"1024\" height=\"476\" srcset=\"https:\/\/lignesauto.fr\/wp-content\/uploads\/2019\/02\/Capture-d\u2019\u00e9cran-2019-02-28-\u00e0-19.08.54.png 992w, https:\/\/lignesauto.fr\/wp-content\/uploads\/2019\/02\/Capture-d\u2019\u00e9cran-2019-02-28-\u00e0-19.08.54-300x139.png 300w, https:\/\/lignesauto.fr\/wp-content\/uploads\/2019\/02\/Capture-d\u2019\u00e9cran-2019-02-28-\u00e0-19.08.54-768x357.png 768w, https:\/\/lignesauto.fr\/wp-content\/uploads\/2019\/02\/Capture-d\u2019\u00e9cran-2019-02-28-\u00e0-19.08.54-370x172.png 370w\" sizes=\"(max-width: 1024px) 100vw, 1024px\" \/><\/a><\/p>\n<p>La prochaine g\u00e9n\u00e9ration de la Porsche Macan sera \u00e9lectrique, ainsi en a d\u00e9cid\u00e9 le &#8220;Conseil de surveillance de Porsche&#8221;.\u00a0Il s&#8217;agira donc du premier SUV tout \u00e9lectrique compact de la marque et il devrait \u00eatre produit au d\u00e9but des ann\u00e9es 2020 (2020 ou 2021). Ce d\u00e9veloppement repr\u00e9sente une extension de la gamme Porsche dans le domaine de l&#8217;\u00e9lectromobilit\u00e9 : la Taycan &#8211; la premi\u00e8re voiture de sport purement \u00e9lectrique de Porsche &#8211; sera lanc\u00e9e sur le march\u00e9 fin 2019, suivie peu apr\u00e8s par son d\u00e9riv\u00e9, la Taycan Cross Turismo et donc du Macan EV.\u00a0La d\u00e9cision de fabriquer la prochaine g\u00e9n\u00e9ration du Macan sur le site de Leipzig a \u00e9t\u00e9 prise d\u00e8s le d\u00e9but du mois de juillet de l&#8217;ann\u00e9e derni\u00e8re.<\/p>\n<p>Oliver Blume, Pr\u00e9sident du Directoire de Porsche AG explique que <em>&#8220;d&#8217;ici 2022, nous investirons plus de six milliards d&#8217;euros dans la mobilit\u00e9 \u00e9lectrique et, d&#8217;ici 2025, 50 % des nouveaux v\u00e9hicules Porsche pourraient \u00eatre \u00e9quip\u00e9s d&#8217;un syst\u00e8me de propulsion \u00e9lectrique. Au cours des dix prochaines ann\u00e9es, nous nous concentrerons n\u00e9anmoins sur un mix de propulsion compos\u00e9 de moteurs \u00e0 essence encore plus optimis\u00e9s, de mod\u00e8les hybrides rechargeables et de voitures de sport \u00e0 propulsion purement \u00e9lectrique. Notre objectif est de jouer un r\u00f4le de pionnier dans le domaine de la technologie et c&#8217;est la raison pour laquelle nous continuerons d&#8217;aligner l&#8217;entreprise sur la mobilit\u00e9 du futur.&#8221;<\/em><\/p>\n<p>&nbsp;<\/p>\n<p><strong>F comme Ferrari<\/strong><br \/>\n<em><strong>F8 Tributo : l&#8217;anti-McLaren 720S<\/strong><\/em><\/p>\n<p><a href=\"http:\/\/lignesauto.fr\/wp-content\/uploads\/2019\/03\/LIGNESF801.jpg\"><img loading=\"lazy\" decoding=\"async\" class=\"alignnone wp-image-8469 size-large\" src=\"http:\/\/lignesauto.fr\/wp-content\/uploads\/2019\/03\/LIGNESF801-1024x480.jpg\" alt=\"\" width=\"1024\" height=\"480\" srcset=\"https:\/\/lignesauto.fr\/wp-content\/uploads\/2019\/03\/LIGNESF801-1024x480.jpg 1024w, https:\/\/lignesauto.fr\/wp-content\/uploads\/2019\/03\/LIGNESF801-300x141.jpg 300w, https:\/\/lignesauto.fr\/wp-content\/uploads\/2019\/03\/LIGNESF801-768x360.jpg 768w, https:\/\/lignesauto.fr\/wp-content\/uploads\/2019\/03\/LIGNESF801-370x173.jpg 370w, https:\/\/lignesauto.fr\/wp-content\/uploads\/2019\/03\/LIGNESF801-1040x488.jpg 1040w, https:\/\/lignesauto.fr\/wp-content\/uploads\/2019\/03\/LIGNESF801.jpg 1920w\" sizes=\"(max-width: 1024px) 100vw, 1024px\" \/><\/a><\/p>\n<p>La gamme Ferrari est constitu\u00e9e de mod\u00e8les uniques mais il en est un qui commence \u00e0 avoir une sacr\u00e9e descendance : la 458 Italia qui a enfant\u00e9 depuis sa naissance d&#8217;autres berlinettes toujours plus \u00e9volu\u00e9es. Voici la F8 Tributo qui prend la suite de la 488 GTB apparue voici quatre ans d\u00e9j\u00e0. La F8 Tributo d\u00e9livre 720 ch. Comme une certaine McLaren 720S qui affiche par ailleurs sensiblement les m\u00eames performances (340 km\/h, 2.9 secondes de 0 \u00e0 100 km\/h) !<\/p>\n<p><a href=\"http:\/\/lignesauto.fr\/wp-content\/uploads\/2019\/03\/LIGNESF802.jpg\"><img loading=\"lazy\" decoding=\"async\" class=\"alignnone wp-image-8470 size-large\" src=\"http:\/\/lignesauto.fr\/wp-content\/uploads\/2019\/03\/LIGNESF802-1024x480.jpg\" alt=\"\" width=\"1024\" height=\"480\" srcset=\"https:\/\/lignesauto.fr\/wp-content\/uploads\/2019\/03\/LIGNESF802-1024x480.jpg 1024w, https:\/\/lignesauto.fr\/wp-content\/uploads\/2019\/03\/LIGNESF802-300x141.jpg 300w, https:\/\/lignesauto.fr\/wp-content\/uploads\/2019\/03\/LIGNESF802-768x360.jpg 768w, https:\/\/lignesauto.fr\/wp-content\/uploads\/2019\/03\/LIGNESF802-370x173.jpg 370w, https:\/\/lignesauto.fr\/wp-content\/uploads\/2019\/03\/LIGNESF802-1040x488.jpg 1040w, https:\/\/lignesauto.fr\/wp-content\/uploads\/2019\/03\/LIGNESF802.jpg 1920w\" sizes=\"(max-width: 1024px) 100vw, 1024px\" \/><\/a><br \/>\nSon style d\u00fb au bureau de design interne alterne les clins d&#8217;\u0153il \u00e0 la 488 GTB mais aussi \u00e0 la grande 812 Superfast et m\u00eame \u00e0 la&#8230; F40 avec sa lunette arri\u00e8re \u00e0 persiennes !<br \/>\nA bord, la F8 Tributo dispose d&#8217;une nouvelle IHM et un remodelage complet de l&#8217;habitacle par rapport \u00e0 la 488 GTB<\/p>\n<p>&nbsp;<\/p>\n<p>&nbsp;<\/p>\n<p><strong>G comme GFG<\/strong><br \/>\n<em><strong>Giugiaro n&#8217;abdique pas !<\/strong><\/em><\/p>\n<p><a href=\"http:\/\/lignesauto.fr\/wp-content\/uploads\/2019\/03\/LIGNESGFG.jpg\"><img loading=\"lazy\" decoding=\"async\" class=\"alignnone wp-image-8451 size-large\" src=\"http:\/\/lignesauto.fr\/wp-content\/uploads\/2019\/03\/LIGNESGFG-1024x683.jpg\" alt=\"\" width=\"1024\" height=\"683\" srcset=\"https:\/\/lignesauto.fr\/wp-content\/uploads\/2019\/03\/LIGNESGFG-1024x683.jpg 1024w, https:\/\/lignesauto.fr\/wp-content\/uploads\/2019\/03\/LIGNESGFG-300x200.jpg 300w, https:\/\/lignesauto.fr\/wp-content\/uploads\/2019\/03\/LIGNESGFG-768x512.jpg 768w, https:\/\/lignesauto.fr\/wp-content\/uploads\/2019\/03\/LIGNESGFG-370x247.jpg 370w, https:\/\/lignesauto.fr\/wp-content\/uploads\/2019\/03\/LIGNESGFG-1040x693.jpg 1040w, https:\/\/lignesauto.fr\/wp-content\/uploads\/2019\/03\/LIGNESGFG.jpg 1920w\" sizes=\"(max-width: 1024px) 100vw, 1024px\" \/><\/a><\/p>\n<p>GFG Style dont le nom reprend ceux de Giorgetto et Fabrizio Giugiaro profitera du Salon de l&#8217;auto de Gen\u00e8ve pour pr\u00e9senter son nouveau concept consid\u00e9r\u00e9 comme un &#8220;hyper-SUV \u00e9lectrique&#8221;. Il repose sur une plateforme en aluminium coiff\u00e9e d&#8217;une carrosserie en fibre de carbone. Plus d&#8217;infos apr\u00e8s la conf\u00e9rence de presse&#8230;<\/p>\n<p>&nbsp;<\/p>\n<p>&nbsp;<\/p>\n<p><strong>H comme Honda<\/strong><br \/>\n<strong><i>La petite\u00a0Star du Salon !<\/i><\/strong><\/p>\n<p><a href=\"http:\/\/lignesauto.fr\/wp-content\/uploads\/2019\/03\/LIGNESHONDA.jpg\"><img loading=\"lazy\" decoding=\"async\" class=\"alignnone wp-image-8473 size-large\" src=\"http:\/\/lignesauto.fr\/wp-content\/uploads\/2019\/03\/LIGNESHONDA-1024x682.jpg\" alt=\"\" width=\"1024\" height=\"682\" srcset=\"https:\/\/lignesauto.fr\/wp-content\/uploads\/2019\/03\/LIGNESHONDA.jpg 1024w, https:\/\/lignesauto.fr\/wp-content\/uploads\/2019\/03\/LIGNESHONDA-300x200.jpg 300w, https:\/\/lignesauto.fr\/wp-content\/uploads\/2019\/03\/LIGNESHONDA-768x512.jpg 768w, https:\/\/lignesauto.fr\/wp-content\/uploads\/2019\/03\/LIGNESHONDA-370x246.jpg 370w\" sizes=\"(max-width: 1024px) 100vw, 1024px\" \/><\/a><\/p>\n<p>Elle va devenir l&#8217;une des stars du salon de Gen\u00e8ve : la petite berline \u00e9lectrique de Honda, d\u00e9riv\u00e9e du concept-car Urban EV vu en 2017, arrive dans une version tr\u00e8s aboutie, assez g\u00e9n\u00e9reuse en taille et bourr\u00e9e de technologie en termes d&#8217;IHM et d&#8217;\u00e9quipements.<\/p>\n<p><a href=\"http:\/\/lignesauto.fr\/wp-content\/uploads\/2019\/03\/LIGNESHONDA01.jpg\"><img loading=\"lazy\" decoding=\"async\" class=\"alignnone wp-image-8474 size-large\" src=\"http:\/\/lignesauto.fr\/wp-content\/uploads\/2019\/03\/LIGNESHONDA01-1024x683.jpg\" alt=\"\" width=\"1024\" height=\"683\" srcset=\"https:\/\/lignesauto.fr\/wp-content\/uploads\/2019\/03\/LIGNESHONDA01.jpg 1024w, https:\/\/lignesauto.fr\/wp-content\/uploads\/2019\/03\/LIGNESHONDA01-300x200.jpg 300w, https:\/\/lignesauto.fr\/wp-content\/uploads\/2019\/03\/LIGNESHONDA01-768x512.jpg 768w, https:\/\/lignesauto.fr\/wp-content\/uploads\/2019\/03\/LIGNESHONDA01-370x247.jpg 370w\" sizes=\"(max-width: 1024px) 100vw, 1024px\" \/><\/a><\/p>\n<p>Quelle bouille sympathique ! Mais les diff\u00e9rences sont nombreuses entre le concept et la potentielle berline de s\u00e9rie : les poign\u00e9es de portes arri\u00e8re sont cach\u00e9es, les portes avant Sont plus \u00e9troites et les feux arri\u00e8re &#8220;carr\u00e9s&#8221; c\u00e8dent la place \u00e0 des feux ronds faisant \u00e9cho au dessin des phares. Des cam\u00e9ras remplacent les r\u00e9troviseurs alors que la recharge s&#8217;effectue en soulevant la g\u00e9n\u00e9reuse ouverture noire implant\u00e9e sur le capot avant. La petite Honda est annonc\u00e9e avec une autonomie de 200 km. Son moteur \u00e9lectrique est implant\u00e9 sur l&#8217;essieu arri\u00e8re.<\/p>\n<p><a href=\"http:\/\/lignesauto.fr\/wp-content\/uploads\/2019\/03\/LIGNESHONDA02.jpg\"><img loading=\"lazy\" decoding=\"async\" class=\"alignnone wp-image-8475 size-large\" src=\"http:\/\/lignesauto.fr\/wp-content\/uploads\/2019\/03\/LIGNESHONDA02-1024x768.jpg\" alt=\"\" width=\"1024\" height=\"768\" srcset=\"https:\/\/lignesauto.fr\/wp-content\/uploads\/2019\/03\/LIGNESHONDA02.jpg 1024w, https:\/\/lignesauto.fr\/wp-content\/uploads\/2019\/03\/LIGNESHONDA02-300x225.jpg 300w, https:\/\/lignesauto.fr\/wp-content\/uploads\/2019\/03\/LIGNESHONDA02-768x576.jpg 768w, https:\/\/lignesauto.fr\/wp-content\/uploads\/2019\/03\/LIGNESHONDA02-370x278.jpg 370w\" sizes=\"(max-width: 1024px) 100vw, 1024px\" \/><\/a><\/p>\n<p>&nbsp;<\/p>\n<p>&nbsp;<\/p>\n<p><strong>H comme Hypercar<\/strong><br \/>\n<em><strong>Aston Martin 003 et Hispano Suiza<\/strong><\/em><\/p>\n<p><a href=\"http:\/\/lignesauto.fr\/wp-content\/uploads\/2019\/02\/Capture-d\u2019\u00e9cran-2019-02-28-\u00e0-19.22.35.png\"><img loading=\"lazy\" decoding=\"async\" class=\"alignnone wp-image-8437 size-large\" src=\"http:\/\/lignesauto.fr\/wp-content\/uploads\/2019\/02\/Capture-d\u2019\u00e9cran-2019-02-28-\u00e0-19.22.35-1024x555.png\" alt=\"\" width=\"1024\" height=\"555\" srcset=\"https:\/\/lignesauto.fr\/wp-content\/uploads\/2019\/02\/Capture-d\u2019\u00e9cran-2019-02-28-\u00e0-19.22.35-1024x555.png 1024w, https:\/\/lignesauto.fr\/wp-content\/uploads\/2019\/02\/Capture-d\u2019\u00e9cran-2019-02-28-\u00e0-19.22.35-300x163.png 300w, https:\/\/lignesauto.fr\/wp-content\/uploads\/2019\/02\/Capture-d\u2019\u00e9cran-2019-02-28-\u00e0-19.22.35-768x417.png 768w, https:\/\/lignesauto.fr\/wp-content\/uploads\/2019\/02\/Capture-d\u2019\u00e9cran-2019-02-28-\u00e0-19.22.35-370x201.png 370w, https:\/\/lignesauto.fr\/wp-content\/uploads\/2019\/02\/Capture-d\u2019\u00e9cran-2019-02-28-\u00e0-19.22.35-1040x564.png 1040w, https:\/\/lignesauto.fr\/wp-content\/uploads\/2019\/02\/Capture-d\u2019\u00e9cran-2019-02-28-\u00e0-19.22.35.png 1134w\" sizes=\"(max-width: 1024px) 100vw, 1024px\" \/><\/a><\/p>\n<p>Sous le nom de Projet&#8217;003, Aston Martin a annonc\u00e9 son troisi\u00e8me v\u00e9hicule &#8220;hypercar&#8221; apr\u00e8s les Aston Martin Valkyrie et Valkyrie AMR Pro. Il devrait arriver\u00a0sur le march\u00e9 \u00e0 la fin de 2021. La production sera strictement limit\u00e9e \u00e0 500 exemplaires. Plus compacte que les deux pr\u00e9c\u00e9dentes &#8220;hypercar&#8221;, la 003 offrira quelques attentions pour une utilisation plus quotidienne comme un coffre \u00e0 bagages (!) et sera homologu\u00e9e sur la majorit\u00e9 des march\u00e9s mondiaux.<br \/>\nAndy Palmer, le pr\u00e9sident, a d\u00e9clar\u00e9 que : <em>&#8220;nous avons toujours voulu que l&#8217;Aston Martin Valkyrie soit un projet unique dans la vie, mais il \u00e9tait aussi vital pour nous que Valkyrie cr\u00e9e un h\u00e9ritage : une descendance directe qui \u00e9tablirait \u00e9galement de nouveaux standards dans son propre secteur du march\u00e9 des hypercars, cr\u00e9ant une lign\u00e9e de machines de production hautement sp\u00e9cialis\u00e9es et limit\u00e9es qui peuvent exister parall\u00e8lement aux mod\u00e8les Aston Martin fabriqu\u00e9s en s\u00e9rie. Je suis ravi d&#8217;annoncer que cette voiture est le Projet&#8217;003&#8242;.&#8221;<\/em><\/p>\n<p>&nbsp;<\/p>\n<p>De son c\u00f4t\u00e9,\u00a0Hispano Suiza d\u00e9voile \u00e0 Gen\u00e8ve la Carmen, une hypercar \u00e9lectrique de 4,70 m\u00e8tres avec un peu plus de 1000 ch chevaux sous le capot gr\u00e2ce \u00e0 deux moteurs \u00e9lectriques (un pour chaque train) pour une puissance combin\u00e9e de 1005 ch pr\u00e9cis\u00e9ment. Hispano Suiza annonce un 0 \u00e0 100 en moins de 3 secondes et une vitesse limit\u00e9e \u00e0 250\u00a0km\/h.\u00a0La coque est en carbone ne p\u00e8se que 194 kg, pour un poids total de la voiture de 1690 kg, batteries incluses. Hispano Suiza annonce 400\u00a0km d&#8217;autonomie. L&#8217;ensemble devrait co\u00fbter\u00a01,5\u00a0million d&#8217;euros, hors taxes&#8230;<\/p>\n<p><a href=\"http:\/\/lignesauto.fr\/wp-content\/uploads\/2019\/03\/LIGNESHISPANO01.jpg\"><img loading=\"lazy\" decoding=\"async\" class=\"alignnone wp-image-8521 size-large\" src=\"http:\/\/lignesauto.fr\/wp-content\/uploads\/2019\/03\/LIGNESHISPANO01-1024x555.jpg\" alt=\"\" width=\"1024\" height=\"555\" srcset=\"https:\/\/lignesauto.fr\/wp-content\/uploads\/2019\/03\/LIGNESHISPANO01-1024x555.jpg 1024w, https:\/\/lignesauto.fr\/wp-content\/uploads\/2019\/03\/LIGNESHISPANO01-300x163.jpg 300w, https:\/\/lignesauto.fr\/wp-content\/uploads\/2019\/03\/LIGNESHISPANO01-768x416.jpg 768w, https:\/\/lignesauto.fr\/wp-content\/uploads\/2019\/03\/LIGNESHISPANO01-370x200.jpg 370w, https:\/\/lignesauto.fr\/wp-content\/uploads\/2019\/03\/LIGNESHISPANO01-1040x563.jpg 1040w, https:\/\/lignesauto.fr\/wp-content\/uploads\/2019\/03\/LIGNESHISPANO01.jpg 1920w\" sizes=\"(max-width: 1024px) 100vw, 1024px\" \/><\/a><\/p>\n<p><a href=\"http:\/\/lignesauto.fr\/wp-content\/uploads\/2019\/03\/LIGNESHISPANO02.jpg\"><img loading=\"lazy\" decoding=\"async\" class=\"alignnone wp-image-8522 size-full\" src=\"http:\/\/lignesauto.fr\/wp-content\/uploads\/2019\/03\/LIGNESHISPANO02.jpg\" alt=\"\" width=\"705\" height=\"467\" srcset=\"https:\/\/lignesauto.fr\/wp-content\/uploads\/2019\/03\/LIGNESHISPANO02.jpg 705w, https:\/\/lignesauto.fr\/wp-content\/uploads\/2019\/03\/LIGNESHISPANO02-300x199.jpg 300w, https:\/\/lignesauto.fr\/wp-content\/uploads\/2019\/03\/LIGNESHISPANO02-370x245.jpg 370w\" sizes=\"(max-width: 705px) 100vw, 705px\" \/><\/a><\/p>\n<p>&nbsp;<\/p>\n<p><strong>A SUIVRE :<br \/>\n&#8211; L&#8217;ab\u00e9c\u00e9daire des news de I \u00e0 Q<br \/>\n&#8211;\u00a0L&#8217;ab\u00e9c\u00e9daire des news de R \u00e0 Z<\/strong><\/p>\n<p><a href=\"http:\/\/lignesauto.fr\/wp-content\/uploads\/2018\/10\/LOGOActus_BD.jpg\"><img loading=\"lazy\" decoding=\"async\" class=\"alignnone size-medium wp-image-4921\" src=\"http:\/\/lignesauto.fr\/wp-content\/uploads\/2018\/10\/LOGOActus_BD-300x108.jpg\" alt=\"\" width=\"300\" height=\"108\" srcset=\"https:\/\/lignesauto.fr\/wp-content\/uploads\/2018\/10\/LOGOActus_BD-300x108.jpg 300w, https:\/\/lignesauto.fr\/wp-content\/uploads\/2018\/10\/LOGOActus_BD-768x276.jpg 768w, https:\/\/lignesauto.fr\/wp-content\/uploads\/2018\/10\/LOGOActus_BD-1024x367.jpg 1024w, https:\/\/lignesauto.fr\/wp-content\/uploads\/2018\/10\/LOGOActus_BD-370x133.jpg 370w, https:\/\/lignesauto.fr\/wp-content\/uploads\/2018\/10\/LOGOActus_BD-1040x373.jpg 1040w, https:\/\/lignesauto.fr\/wp-content\/uploads\/2018\/10\/LOGOActus_BD.jpg 1240w\" sizes=\"(max-width: 300px) 100vw, 300px\" \/><\/a><\/p>\n","protected":false},"excerpt":{"rendered":"<p>&nbsp; A, comme Autonome BMW et Mercedes mari\u00e9s pour la voiture autonome Il s&#8217;agit d&#8217;une coop\u00e9ration strat\u00e9gique \u00e0 long terme qui concerne tout d&#8217;abord la\u00a0prochaine g\u00e9n\u00e9ration de technologies pour les syst\u00e8mes d&#8217;aide \u00e0 la conduite et la conduite hautement automatis\u00e9e sur les autoroutes (SAE niveau 3 et niveau 4). Cette [&hellip;]<\/p>\n","protected":false},"author":1,"featured_media":8424,"comment_status":"open","ping_status":"open","sticky":false,"template":"","format":"standard","meta":{"footnotes":""},"categories":[1],"tags":[],"_links":{"self":[{"href":"https:\/\/lignesauto.fr\/index.php?rest_route=\/wp\/v2\/posts\/8421"}],"collection":[{"href":"https:\/\/lignesauto.fr\/index.php?rest_route=\/wp\/v2\/posts"}],"about":[{"href":"https:\/\/lignesauto.fr\/index.php?rest_route=\/wp\/v2\/types\/post"}],"author":[{"embeddable":true,"href":"https:\/\/lignesauto.fr\/index.php?rest_route=\/wp\/v2\/users\/1"}],"replies":[{"embeddable":true,"href":"https:\/\/lignesauto.fr\/index.php?rest_route=%2Fwp%2Fv2%2Fcomments&post=8421"}],"version-history":[{"count":56,"href":"https:\/\/lignesauto.fr\/index.php?rest_route=\/wp\/v2\/posts\/8421\/revisions"}],"predecessor-version":[{"id":8561,"href":"https:\/\/lignesauto.fr\/index.php?rest_route=\/wp\/v2\/posts\/8421\/revisions\/8561"}],"wp:featuredmedia":[{"embeddable":true,"href":"https:\/\/lignesauto.fr\/index.php?rest_route=\/wp\/v2\/media\/8424"}],"wp:attachment":[{"href":"https:\/\/lignesauto.fr\/index.php?rest_route=%2Fwp%2Fv2%2Fmedia&parent=8421"}],"wp:term":[{"taxonomy":"category","embeddable":true,"href":"https:\/\/lignesauto.fr\/index.php?rest_route=%2Fwp%2Fv2%2Fcategories&post=8421"},{"taxonomy":"post_tag","embeddable":true,"href":"https:\/\/lignesauto.fr\/index.php?rest_route=%2Fwp%2Fv2%2Ftags&post=8421"}],"curies":[{"name":"wp","href":"https:\/\/api.w.org\/{rel}","templated":true}]}}