{"id":8456,"date":"2019-03-04T08:20:33","date_gmt":"2019-03-04T07:20:33","guid":{"rendered":"http:\/\/lignesauto.fr\/?p=8456"},"modified":"2019-03-04T07:54:32","modified_gmt":"2019-03-04T06:54:32","slug":"geneve-2019-labecedaire-des-news-de-i-a-q","status":"publish","type":"post","link":"https:\/\/lignesauto.fr\/?p=8456","title":{"rendered":"GENEVE 2019 : l&#8217;ab\u00e9c\u00e9daire des news du salon de I \u00e0 Q"},"content":{"rendered":"<p><a href=\"http:\/\/lignesauto.fr\/wp-content\/uploads\/2018\/10\/LOGOActus_BD.jpg\"><img loading=\"lazy\" decoding=\"async\" class=\"alignnone size-medium wp-image-4921\" src=\"http:\/\/lignesauto.fr\/wp-content\/uploads\/2018\/10\/LOGOActus_BD-300x108.jpg\" alt=\"\" width=\"300\" height=\"108\" srcset=\"https:\/\/lignesauto.fr\/wp-content\/uploads\/2018\/10\/LOGOActus_BD-300x108.jpg 300w, https:\/\/lignesauto.fr\/wp-content\/uploads\/2018\/10\/LOGOActus_BD-768x276.jpg 768w, https:\/\/lignesauto.fr\/wp-content\/uploads\/2018\/10\/LOGOActus_BD-1024x367.jpg 1024w, https:\/\/lignesauto.fr\/wp-content\/uploads\/2018\/10\/LOGOActus_BD-370x133.jpg 370w, https:\/\/lignesauto.fr\/wp-content\/uploads\/2018\/10\/LOGOActus_BD-1040x373.jpg 1040w, https:\/\/lignesauto.fr\/wp-content\/uploads\/2018\/10\/LOGOActus_BD.jpg 1240w\" sizes=\"(max-width: 300px) 100vw, 300px\" \/><\/a><\/p>\n<p>&nbsp;<\/p>\n<p><strong>I comme\u00a0<\/strong><b>Inconnue<br \/>\n<\/b><strong><em>La Bentley du centenaire<\/em><\/strong><\/p>\n<p><a href=\"http:\/\/lignesauto.fr\/wp-content\/uploads\/2019\/03\/Capture-d\u2019\u00e9cran-2019-03-01-\u00e0-19.14.19.png\"><img loading=\"lazy\" decoding=\"async\" class=\"alignnone wp-image-8491 size-large\" src=\"http:\/\/lignesauto.fr\/wp-content\/uploads\/2019\/03\/Capture-d\u2019\u00e9cran-2019-03-01-\u00e0-19.14.19-1024x654.png\" alt=\"\" width=\"1024\" height=\"654\" srcset=\"https:\/\/lignesauto.fr\/wp-content\/uploads\/2019\/03\/Capture-d\u2019\u00e9cran-2019-03-01-\u00e0-19.14.19-1024x654.png 1024w, https:\/\/lignesauto.fr\/wp-content\/uploads\/2019\/03\/Capture-d\u2019\u00e9cran-2019-03-01-\u00e0-19.14.19-300x192.png 300w, https:\/\/lignesauto.fr\/wp-content\/uploads\/2019\/03\/Capture-d\u2019\u00e9cran-2019-03-01-\u00e0-19.14.19-768x491.png 768w, https:\/\/lignesauto.fr\/wp-content\/uploads\/2019\/03\/Capture-d\u2019\u00e9cran-2019-03-01-\u00e0-19.14.19-370x236.png 370w, https:\/\/lignesauto.fr\/wp-content\/uploads\/2019\/03\/Capture-d\u2019\u00e9cran-2019-03-01-\u00e0-19.14.19-1040x664.png 1040w, https:\/\/lignesauto.fr\/wp-content\/uploads\/2019\/03\/Capture-d\u2019\u00e9cran-2019-03-01-\u00e0-19.14.19.png 1276w\" sizes=\"(max-width: 1024px) 100vw, 1024px\" \/><\/a><\/p>\n<p>2019 est\u00a0\u00e9galement l&#8217;ann\u00e9e du centenaire pour Bentley. Une vid\u00e9o a \u00e9t\u00e9 diffus\u00e9e par le constructeur rattach\u00e9 au groupe Volkswagen, pour annoncer un \u00e9v\u00e9nement de taille : le mod\u00e8le &#8220;9&#8221; se parera sans doute d&#8217;une esth\u00e9tique qui l\u00e9gitimera le label ail\u00e9 en s&#8217;inspirant d&#8217;un mod\u00e8le\u00a0embl\u00e9matique des d\u00e9buts de Bentley en comp\u00e9tition . Les Bentley recevront par ailleurs en cette ann\u00e9e du centenaire\u00a0des badges dor\u00e9s, des seuils de porte avec l&#8217;inscription &#8221; 1919-2019 &#8220;, des coutures dor\u00e9es contrast\u00e9es pour l&#8217;habitacle et l&#8217;option d&#8217;une peinture sp\u00e9ciale &#8220;<em>Bentley Centenary Gold<\/em>&#8221; qui a \u00e9t\u00e9 <em>&#8220;sp\u00e9cialement con\u00e7ue pour briller et r\u00e9fl\u00e9chir la lumi\u00e8re comme des bijoux &#8220;. <\/em>Si cela vous dit&#8230;<\/p>\n<p>&nbsp;<\/p>\n<p><strong>K comme Kia<\/strong><br \/>\n<em><strong>21 \u00e9crans \u00e0 bord, pas moins !<\/strong><\/em><\/p>\n<p><em><strong><a href=\"http:\/\/lignesauto.fr\/wp-content\/uploads\/2019\/03\/LIGNESKIA02.jpg\"><img loading=\"lazy\" decoding=\"async\" class=\"alignnone wp-image-8452 size-large\" src=\"http:\/\/lignesauto.fr\/wp-content\/uploads\/2019\/03\/LIGNESKIA02-1024x580.jpg\" alt=\"\" width=\"1024\" height=\"580\" srcset=\"https:\/\/lignesauto.fr\/wp-content\/uploads\/2019\/03\/LIGNESKIA02-1024x580.jpg 1024w, https:\/\/lignesauto.fr\/wp-content\/uploads\/2019\/03\/LIGNESKIA02-300x170.jpg 300w, https:\/\/lignesauto.fr\/wp-content\/uploads\/2019\/03\/LIGNESKIA02-768x435.jpg 768w, https:\/\/lignesauto.fr\/wp-content\/uploads\/2019\/03\/LIGNESKIA02-370x210.jpg 370w, https:\/\/lignesauto.fr\/wp-content\/uploads\/2019\/03\/LIGNESKIA02-1040x589.jpg 1040w, https:\/\/lignesauto.fr\/wp-content\/uploads\/2019\/03\/LIGNESKIA02.jpg 1906w\" sizes=\"(max-width: 1024px) 100vw, 1024px\" \/><\/a><\/strong><\/em><\/p>\n<p>Le concept-car d&#8217;une voiture \u00e9lectrique sur le stand Kia n&#8217;\u00e9tonnera pas par sa cha\u00eene de traction mais par sa planche de bord qui ne comporte pas moins de 21 \u00e9crans !! L&#8217;intention est de railler\u00a0l&#8217;obsession actuelle des constructeurs qui implantent de plus en plus d&#8217;\u00e9crans \u00e0 bord, et des \u00e9crans de plus en plus grands&#8230; Le &#8220;teaser&#8221; publi\u00e9 par Kia illustre la fa\u00e7on dont ces \u00e9crans sont distribu\u00e9s sur la planche de bord au c\u0153ur d&#8217;un habitacle assez d\u00e9pouill\u00e9.<\/p>\n<p><em><strong><a href=\"http:\/\/lignesauto.fr\/wp-content\/uploads\/2019\/03\/LIGNESKIA03.jpg\"><img loading=\"lazy\" decoding=\"async\" class=\"alignnone wp-image-8453 size-large\" src=\"http:\/\/lignesauto.fr\/wp-content\/uploads\/2019\/03\/LIGNESKIA03-1024x580.jpg\" alt=\"\" width=\"1024\" height=\"580\" srcset=\"https:\/\/lignesauto.fr\/wp-content\/uploads\/2019\/03\/LIGNESKIA03-1024x580.jpg 1024w, https:\/\/lignesauto.fr\/wp-content\/uploads\/2019\/03\/LIGNESKIA03-300x170.jpg 300w, https:\/\/lignesauto.fr\/wp-content\/uploads\/2019\/03\/LIGNESKIA03-768x435.jpg 768w, https:\/\/lignesauto.fr\/wp-content\/uploads\/2019\/03\/LIGNESKIA03-370x210.jpg 370w, https:\/\/lignesauto.fr\/wp-content\/uploads\/2019\/03\/LIGNESKIA03-1040x589.jpg 1040w, https:\/\/lignesauto.fr\/wp-content\/uploads\/2019\/03\/LIGNESKIA03.jpg 1906w\" sizes=\"(max-width: 1024px) 100vw, 1024px\" \/><\/a>\u00a0<\/strong><\/em><\/p>\n<p>Sans doute faudra-t-il aussi retenir la nouvelle signature lumineuse des optiques avant, ou encore l&#8217;immense pare-brise qui se prolonge sur le pavillon, comme une certaine Renault VelSatis, concept-car du centenaire Renault de 1998. Cette \u00e9tude Kia est sign\u00e9e de l&#8217;\u00e9quipe Kia implant\u00e9e \u00e0 Francfort et dirig\u00e9e par Gr\u00e9gory Guillaume.<\/p>\n<p>&nbsp;<\/p>\n<p><strong>L comme Lagonda<br \/>\n<em>Un SUV en 2021<\/em><\/strong><\/p>\n<p><a href=\"http:\/\/lignesauto.fr\/wp-content\/uploads\/2019\/03\/LIGNESASTON.jpg\"><img loading=\"lazy\" decoding=\"async\" class=\"alignnone wp-image-8478 size-large\" src=\"http:\/\/lignesauto.fr\/wp-content\/uploads\/2019\/03\/LIGNESASTON-1024x724.jpg\" alt=\"\" width=\"1024\" height=\"724\" srcset=\"https:\/\/lignesauto.fr\/wp-content\/uploads\/2019\/03\/LIGNESASTON-1024x724.jpg 1024w, https:\/\/lignesauto.fr\/wp-content\/uploads\/2019\/03\/LIGNESASTON-300x212.jpg 300w, https:\/\/lignesauto.fr\/wp-content\/uploads\/2019\/03\/LIGNESASTON-768x543.jpg 768w, https:\/\/lignesauto.fr\/wp-content\/uploads\/2019\/03\/LIGNESASTON-370x262.jpg 370w, https:\/\/lignesauto.fr\/wp-content\/uploads\/2019\/03\/LIGNESASTON-1040x735.jpg 1040w\" sizes=\"(max-width: 1024px) 100vw, 1024px\" \/><\/a><\/p>\n<p>Lagonda, la marque prestigieuse d&#8217;Aston Martin, d\u00e9voilera son tout nouveau concept &#8220;All-Terrain Concept &#8220;. Un an apr\u00e8s la pr\u00e9sentation du concept-car\u00a0Lagonda Vision Concept, Aston Martin pr\u00e9cise que ce &#8220;All-Terrain Concept&#8221; qui en est d\u00e9riv\u00e9 sera le premier mod\u00e8le mis en production par la nouvelle marque Lagonda en 2021.\u00a0Le &#8220;All-Terrain Concept&#8221; accompagnera sur le stand une nouvelle Vantage, une DB11 AMR et une DBS Superleggera.<br \/>\nAndy Palmer, pr\u00e9sident et directeur g\u00e9n\u00e9ral d&#8217;Aston Martin Lagonda nous pr\u00e9cise que <em>&#8220;le Lagonda All-Terrain Concept offre des indices explicites sur ce qui sera le premier mod\u00e8le Lagonda \u00e0 entrer en production et d\u00e9montre encore une fois comment la cha\u00eene de traction z\u00e9ro \u00e9mission nous permet de cr\u00e9er des voitures spectaculaires qui vont red\u00e9finir radicalement leurs secteurs du march\u00e9. &#8220;<\/em><\/p>\n<p>&nbsp;<\/p>\n<p><strong>M comme miniatures<\/strong><br \/>\n<em><strong>Miniatures Citro\u00ebn du centenaire<\/strong><\/em><\/p>\n<p><a href=\"http:\/\/lignesauto.fr\/wp-content\/uploads\/2019\/03\/1.jpg\"><img loading=\"lazy\" decoding=\"async\" class=\"alignnone wp-image-8443 size-full\" src=\"http:\/\/lignesauto.fr\/wp-content\/uploads\/2019\/03\/1.jpg\" alt=\"\" width=\"992\" height=\"992\" srcset=\"https:\/\/lignesauto.fr\/wp-content\/uploads\/2019\/03\/1.jpg 992w, https:\/\/lignesauto.fr\/wp-content\/uploads\/2019\/03\/1-150x150.jpg 150w, https:\/\/lignesauto.fr\/wp-content\/uploads\/2019\/03\/1-300x300.jpg 300w, https:\/\/lignesauto.fr\/wp-content\/uploads\/2019\/03\/1-768x768.jpg 768w, https:\/\/lignesauto.fr\/wp-content\/uploads\/2019\/03\/1-370x370.jpg 370w\" sizes=\"(max-width: 992px) 100vw, 992px\" \/><\/a><\/p>\n<p><a href=\"http:\/\/lignesauto.fr\/wp-content\/uploads\/2019\/03\/2.jpg\"><img loading=\"lazy\" decoding=\"async\" class=\"alignnone wp-image-8444 size-full\" src=\"http:\/\/lignesauto.fr\/wp-content\/uploads\/2019\/03\/2.jpg\" alt=\"\" width=\"992\" height=\"992\" srcset=\"https:\/\/lignesauto.fr\/wp-content\/uploads\/2019\/03\/2.jpg 992w, https:\/\/lignesauto.fr\/wp-content\/uploads\/2019\/03\/2-150x150.jpg 150w, https:\/\/lignesauto.fr\/wp-content\/uploads\/2019\/03\/2-300x300.jpg 300w, https:\/\/lignesauto.fr\/wp-content\/uploads\/2019\/03\/2-768x768.jpg 768w, https:\/\/lignesauto.fr\/wp-content\/uploads\/2019\/03\/2-370x370.jpg 370w\" sizes=\"(max-width: 992px) 100vw, 992px\" \/><\/a><\/p>\n<p>Des miniatures Citro\u00ebn \u00e0 l&#8217;\u00e9chelle du 3 <em>inches<\/em>, soit 1\/64e (c&#8217;est petit&#8230;) sont regroup\u00e9es dans des coffrets vendus par la marque \u00e0 l&#8217;occasion de son centenaire.<br \/>\nCe qu&#8217;il est int\u00e9ressant de noter, c&#8217;est que la DS a sa place dans ces coffrets, m\u00eame s&#8217;il s&#8217;agit seulement de la version de 1968 avec la proue restyl\u00e9e.<\/p>\n<p>&nbsp;<\/p>\n<p>&nbsp;<\/p>\n<p><strong>O comme Opel<\/strong><br \/>\n<em><strong>Comme d&#8217;autres, absente&#8230;<\/strong><\/em><\/p>\n<p>Opel sera absent du Salon de Gen\u00e8ve et pourtant, la petite Corsa 2019 devait y \u00eatre d\u00e9voil\u00e9e. Mais depuis la reprise par le groupe PSA, la petite Opel a chang\u00e9 ses dessous, emprunt\u00e9 sa plateforme aux DS3 Crossback et nouvelle Peugeot 208 et sa pr\u00e9sentation a donc \u00e9t\u00e9 d\u00e9cal\u00e9e \u00e0 Francfort en septembre prochain, voire Gen\u00e8ve 2020. Bref, Opel n&#8217;est pas \u00e0 Gen\u00e8ve mais il n&#8217;est pas le seul puisque l&#8217;on compte parmi les absents : Hyundai, Infiniti, Volvo, Ford, Mazda&#8230;<\/p>\n<p>&nbsp;<\/p>\n<p>&nbsp;<\/p>\n<p><strong>P comme Pi\u00ebch<br \/>\nLe fils prend la suite du p\u00e8re<\/strong><\/p>\n<p><a href=\"http:\/\/lignesauto.fr\/wp-content\/uploads\/2019\/03\/LIGNES03.jpg\"><img loading=\"lazy\" decoding=\"async\" class=\"alignnone wp-image-8440 size-large\" src=\"http:\/\/lignesauto.fr\/wp-content\/uploads\/2019\/03\/LIGNES03-1024x575.jpg\" alt=\"\" width=\"1024\" height=\"575\" srcset=\"https:\/\/lignesauto.fr\/wp-content\/uploads\/2019\/03\/LIGNES03-1024x575.jpg 1024w, https:\/\/lignesauto.fr\/wp-content\/uploads\/2019\/03\/LIGNES03-300x168.jpg 300w, https:\/\/lignesauto.fr\/wp-content\/uploads\/2019\/03\/LIGNES03-768x431.jpg 768w, https:\/\/lignesauto.fr\/wp-content\/uploads\/2019\/03\/LIGNES03-370x208.jpg 370w, https:\/\/lignesauto.fr\/wp-content\/uploads\/2019\/03\/LIGNES03-1040x584.jpg 1040w, https:\/\/lignesauto.fr\/wp-content\/uploads\/2019\/03\/LIGNES03.jpg 1562w\" sizes=\"(max-width: 1024px) 100vw, 1024px\" \/><\/a><\/p>\n<p>Dans la\u00a0famille Pi\u00ebch, je voudrais le fils !<br \/>\nVoici que ce dernier s&#8217;appr\u00eate \u00e0 pr\u00e9senter le premier mod\u00e8le con\u00e7u sous son propre label. La marque Pi\u00ebch na\u00eetra donc\u00a0officiellement \u00e0 l&#8217;occasion du salon de Gen\u00e8ve 2019. Une date \u00e0 retenir.<\/p>\n<p><a href=\"http:\/\/lignesauto.fr\/wp-content\/uploads\/2019\/03\/LIGNESPIECH02.jpg\"><img loading=\"lazy\" decoding=\"async\" class=\"alignnone wp-image-8441 size-large\" src=\"http:\/\/lignesauto.fr\/wp-content\/uploads\/2019\/03\/LIGNESPIECH02-1024x575.jpg\" alt=\"\" width=\"1024\" height=\"575\" srcset=\"https:\/\/lignesauto.fr\/wp-content\/uploads\/2019\/03\/LIGNESPIECH02-1024x575.jpg 1024w, https:\/\/lignesauto.fr\/wp-content\/uploads\/2019\/03\/LIGNESPIECH02-300x168.jpg 300w, https:\/\/lignesauto.fr\/wp-content\/uploads\/2019\/03\/LIGNESPIECH02-768x431.jpg 768w, https:\/\/lignesauto.fr\/wp-content\/uploads\/2019\/03\/LIGNESPIECH02-370x208.jpg 370w, https:\/\/lignesauto.fr\/wp-content\/uploads\/2019\/03\/LIGNESPIECH02-1040x584.jpg 1040w, https:\/\/lignesauto.fr\/wp-content\/uploads\/2019\/03\/LIGNESPIECH02.jpg 1562w\" sizes=\"(max-width: 1024px) 100vw, 1024px\" \/><\/a><\/p>\n<p>Ce mod\u00e8le &#8211; un coup\u00e9 au style vintage qui regroupe l&#8217;\u00e2me de bien des constructeurs &#8211; est connu sous le nom de <em>Mark Zero Concept<\/em>. Il s&#8217;agit d&#8217;une voiture de sport enti\u00e8rement \u00e9lectrique. Pi\u00ebch affirme que son concept <em>Mark Zero<\/em> aura une autonomie d&#8217;environ 500 km et un poids de 1800 kg.\u00a0A noter que, comme Porsche en son temps, le mod\u00e8le fera appel au refroidissement par air pour ses&#8230; batteries.\u00a0Pi\u00ebch pr\u00e9voit construire divers mod\u00e8les, dont une berline quatre places et un SUV, sur la plate-forme de cette <em>Mark Zero<\/em>.<\/p>\n<p><a href=\"http:\/\/lignesauto.fr\/wp-content\/uploads\/2019\/03\/LIGNESPIECH01.jpg\"><img loading=\"lazy\" decoding=\"async\" class=\"alignnone wp-image-8442 size-large\" src=\"http:\/\/lignesauto.fr\/wp-content\/uploads\/2019\/03\/LIGNESPIECH01-1024x577.jpg\" alt=\"\" width=\"1024\" height=\"577\" srcset=\"https:\/\/lignesauto.fr\/wp-content\/uploads\/2019\/03\/LIGNESPIECH01-1024x577.jpg 1024w, https:\/\/lignesauto.fr\/wp-content\/uploads\/2019\/03\/LIGNESPIECH01-300x169.jpg 300w, https:\/\/lignesauto.fr\/wp-content\/uploads\/2019\/03\/LIGNESPIECH01-768x433.jpg 768w, https:\/\/lignesauto.fr\/wp-content\/uploads\/2019\/03\/LIGNESPIECH01-370x208.jpg 370w, https:\/\/lignesauto.fr\/wp-content\/uploads\/2019\/03\/LIGNESPIECH01-1040x586.jpg 1040w, https:\/\/lignesauto.fr\/wp-content\/uploads\/2019\/03\/LIGNESPIECH01.jpg 1564w\" sizes=\"(max-width: 1024px) 100vw, 1024px\" \/><\/a><\/p>\n<p>&nbsp;<\/p>\n<p>&nbsp;<\/p>\n<p><strong>Q comme Q4 e-tron<br \/>\n<\/strong><em><strong>Changement de strat\u00e9gie ?<\/strong><\/em><\/p>\n<p><a href=\"http:\/\/lignesauto.fr\/wp-content\/uploads\/2019\/03\/LIGNESAUDI01.jpg\"><img loading=\"lazy\" decoding=\"async\" class=\"alignnone wp-image-8445 size-large\" src=\"http:\/\/lignesauto.fr\/wp-content\/uploads\/2019\/03\/LIGNESAUDI01-1024x576.jpg\" alt=\"\" width=\"1024\" height=\"576\" srcset=\"https:\/\/lignesauto.fr\/wp-content\/uploads\/2019\/03\/LIGNESAUDI01-1024x576.jpg 1024w, https:\/\/lignesauto.fr\/wp-content\/uploads\/2019\/03\/LIGNESAUDI01-300x169.jpg 300w, https:\/\/lignesauto.fr\/wp-content\/uploads\/2019\/03\/LIGNESAUDI01-768x432.jpg 768w, https:\/\/lignesauto.fr\/wp-content\/uploads\/2019\/03\/LIGNESAUDI01-370x208.jpg 370w, https:\/\/lignesauto.fr\/wp-content\/uploads\/2019\/03\/LIGNESAUDI01-1040x585.jpg 1040w, https:\/\/lignesauto.fr\/wp-content\/uploads\/2019\/03\/LIGNESAUDI01.jpg 1959w\" sizes=\"(max-width: 1024px) 100vw, 1024px\" \/><\/a><\/p>\n<p>Avec le concept-car Q4 e-tron, Audi poursuit le d\u00e9veloppement de sa gamme de mod\u00e8les 100% \u00e9lectriques apr\u00e8s l&#8217;e-tron, l&#8217;e-tron Sportback et le coup\u00e9 e-tron GT.<br \/>\nVoici donc tout naturellement un SUV 100% \u00e9lectrique de taille plus compacte que l&#8217;e-tron avec une appellation Q4 qui laisse entendre qu&#8217;il n&#8217;y aurait pas de Q4 thermique.<\/p>\n<p><a href=\"http:\/\/lignesauto.fr\/wp-content\/uploads\/2019\/03\/LIGNESAUDI02.jpg\"><img loading=\"lazy\" decoding=\"async\" class=\"alignnone wp-image-8446 size-large\" src=\"http:\/\/lignesauto.fr\/wp-content\/uploads\/2019\/03\/LIGNESAUDI02-1024x576.jpg\" alt=\"\" width=\"1024\" height=\"576\" srcset=\"https:\/\/lignesauto.fr\/wp-content\/uploads\/2019\/03\/LIGNESAUDI02-1024x576.jpg 1024w, https:\/\/lignesauto.fr\/wp-content\/uploads\/2019\/03\/LIGNESAUDI02-300x169.jpg 300w, https:\/\/lignesauto.fr\/wp-content\/uploads\/2019\/03\/LIGNESAUDI02-768x432.jpg 768w, https:\/\/lignesauto.fr\/wp-content\/uploads\/2019\/03\/LIGNESAUDI02-370x208.jpg 370w, https:\/\/lignesauto.fr\/wp-content\/uploads\/2019\/03\/LIGNESAUDI02-1040x585.jpg 1040w, https:\/\/lignesauto.fr\/wp-content\/uploads\/2019\/03\/LIGNESAUDI02.jpg 1959w\" sizes=\"(max-width: 1024px) 100vw, 1024px\" \/><\/a><\/p>\n<p>Il semblerait donc que le constructeur m\u00eale d\u00e9sormais ses mod\u00e8les d\u00e9di\u00e9s \u00e0 la gamme e-tron avec ceux de la gamme classique&#8230;\u00a0L&#8217;Audi Q4 e-tron sera commercialis\u00e9e au printemps 2021.<\/p>\n<p>&nbsp;<\/p>\n<p><strong>A SUIVRE : L&#8217;ab\u00e9c\u00e9daire des news de R \u00e0 Z<\/strong><\/p>\n<p><a href=\"http:\/\/lignesauto.fr\/wp-content\/uploads\/2018\/10\/LOGOActus_BD.jpg\"><img loading=\"lazy\" decoding=\"async\" class=\"alignnone size-medium wp-image-4921\" src=\"http:\/\/lignesauto.fr\/wp-content\/uploads\/2018\/10\/LOGOActus_BD-300x108.jpg\" alt=\"\" width=\"300\" height=\"108\" srcset=\"https:\/\/lignesauto.fr\/wp-content\/uploads\/2018\/10\/LOGOActus_BD-300x108.jpg 300w, https:\/\/lignesauto.fr\/wp-content\/uploads\/2018\/10\/LOGOActus_BD-768x276.jpg 768w, https:\/\/lignesauto.fr\/wp-content\/uploads\/2018\/10\/LOGOActus_BD-1024x367.jpg 1024w, https:\/\/lignesauto.fr\/wp-content\/uploads\/2018\/10\/LOGOActus_BD-370x133.jpg 370w, https:\/\/lignesauto.fr\/wp-content\/uploads\/2018\/10\/LOGOActus_BD-1040x373.jpg 1040w, https:\/\/lignesauto.fr\/wp-content\/uploads\/2018\/10\/LOGOActus_BD.jpg 1240w\" sizes=\"(max-width: 300px) 100vw, 300px\" \/><\/a><\/p>\n<p>&nbsp;<\/p>\n","protected":false},"excerpt":{"rendered":"<p>&nbsp; I comme\u00a0Inconnue La Bentley du centenaire 2019 est\u00a0\u00e9galement l&#8217;ann\u00e9e du centenaire pour Bentley. Une vid\u00e9o a \u00e9t\u00e9 diffus\u00e9e par le constructeur rattach\u00e9 au groupe Volkswagen, pour annoncer un \u00e9v\u00e9nement de taille : le mod\u00e8le &#8220;9&#8221; se parera sans doute d&#8217;une esth\u00e9tique qui l\u00e9gitimera le label ail\u00e9 en s&#8217;inspirant d&#8217;un [&hellip;]<\/p>\n","protected":false},"author":1,"featured_media":8442,"comment_status":"open","ping_status":"open","sticky":false,"template":"","format":"standard","meta":{"footnotes":""},"categories":[1],"tags":[],"_links":{"self":[{"href":"https:\/\/lignesauto.fr\/index.php?rest_route=\/wp\/v2\/posts\/8456"}],"collection":[{"href":"https:\/\/lignesauto.fr\/index.php?rest_route=\/wp\/v2\/posts"}],"about":[{"href":"https:\/\/lignesauto.fr\/index.php?rest_route=\/wp\/v2\/types\/post"}],"author":[{"embeddable":true,"href":"https:\/\/lignesauto.fr\/index.php?rest_route=\/wp\/v2\/users\/1"}],"replies":[{"embeddable":true,"href":"https:\/\/lignesauto.fr\/index.php?rest_route=%2Fwp%2Fv2%2Fcomments&post=8456"}],"version-history":[{"count":22,"href":"https:\/\/lignesauto.fr\/index.php?rest_route=\/wp\/v2\/posts\/8456\/revisions"}],"predecessor-version":[{"id":8578,"href":"https:\/\/lignesauto.fr\/index.php?rest_route=\/wp\/v2\/posts\/8456\/revisions\/8578"}],"wp:featuredmedia":[{"embeddable":true,"href":"https:\/\/lignesauto.fr\/index.php?rest_route=\/wp\/v2\/media\/8442"}],"wp:attachment":[{"href":"https:\/\/lignesauto.fr\/index.php?rest_route=%2Fwp%2Fv2%2Fmedia&parent=8456"}],"wp:term":[{"taxonomy":"category","embeddable":true,"href":"https:\/\/lignesauto.fr\/index.php?rest_route=%2Fwp%2Fv2%2Fcategories&post=8456"},{"taxonomy":"post_tag","embeddable":true,"href":"https:\/\/lignesauto.fr\/index.php?rest_route=%2Fwp%2Fv2%2Ftags&post=8456"}],"curies":[{"name":"wp","href":"https:\/\/api.w.org\/{rel}","templated":true}]}}