{"id":8458,"date":"2019-03-04T08:30:13","date_gmt":"2019-03-04T07:30:13","guid":{"rendered":"http:\/\/lignesauto.fr\/?p=8458"},"modified":"2019-03-04T07:54:00","modified_gmt":"2019-03-04T06:54:00","slug":"geneve-2019-labecedaire-des-news-de-r-a-v","status":"publish","type":"post","link":"https:\/\/lignesauto.fr\/?p=8458","title":{"rendered":"GENEVE 2019 : l&#8217;ab\u00e9c\u00e9daire des news du salon de R \u00e0 V"},"content":{"rendered":"<p><a href=\"http:\/\/lignesauto.fr\/wp-content\/uploads\/2018\/10\/LOGOActus_BD.jpg\"><img loading=\"lazy\" decoding=\"async\" class=\"alignnone size-medium wp-image-4921\" src=\"http:\/\/lignesauto.fr\/wp-content\/uploads\/2018\/10\/LOGOActus_BD-300x108.jpg\" alt=\"\" width=\"300\" height=\"108\" srcset=\"https:\/\/lignesauto.fr\/wp-content\/uploads\/2018\/10\/LOGOActus_BD-300x108.jpg 300w, https:\/\/lignesauto.fr\/wp-content\/uploads\/2018\/10\/LOGOActus_BD-768x276.jpg 768w, https:\/\/lignesauto.fr\/wp-content\/uploads\/2018\/10\/LOGOActus_BD-1024x367.jpg 1024w, https:\/\/lignesauto.fr\/wp-content\/uploads\/2018\/10\/LOGOActus_BD-370x133.jpg 370w, https:\/\/lignesauto.fr\/wp-content\/uploads\/2018\/10\/LOGOActus_BD-1040x373.jpg 1040w, https:\/\/lignesauto.fr\/wp-content\/uploads\/2018\/10\/LOGOActus_BD.jpg 1240w\" sizes=\"(max-width: 300px) 100vw, 300px\" \/><\/a><\/p>\n<p>&nbsp;<\/p>\n<p><strong>R comme R\u00e9cup\u00e9ration<br \/>\n<\/strong><em><strong>La VW I.D. version Seat<\/strong><\/em><\/p>\n<p><a href=\"http:\/\/lignesauto.fr\/wp-content\/uploads\/2019\/03\/LIGNESSEAT01.jpg\"><img loading=\"lazy\" decoding=\"async\" class=\"alignnone wp-image-8530 size-large\" src=\"http:\/\/lignesauto.fr\/wp-content\/uploads\/2019\/03\/LIGNESSEAT01-1024x683.jpg\" alt=\"\" width=\"1024\" height=\"683\" srcset=\"https:\/\/lignesauto.fr\/wp-content\/uploads\/2019\/03\/LIGNESSEAT01-1024x683.jpg 1024w, https:\/\/lignesauto.fr\/wp-content\/uploads\/2019\/03\/LIGNESSEAT01-300x200.jpg 300w, https:\/\/lignesauto.fr\/wp-content\/uploads\/2019\/03\/LIGNESSEAT01-768x512.jpg 768w, https:\/\/lignesauto.fr\/wp-content\/uploads\/2019\/03\/LIGNESSEAT01-370x247.jpg 370w, https:\/\/lignesauto.fr\/wp-content\/uploads\/2019\/03\/LIGNESSEAT01-1040x693.jpg 1040w, https:\/\/lignesauto.fr\/wp-content\/uploads\/2019\/03\/LIGNESSEAT01.jpg 1920w\" sizes=\"(max-width: 1024px) 100vw, 1024px\" \/><\/a><\/p>\n<p>Seat, la marque du groupe Volkswagen, va b\u00e9n\u00e9ficier elle aussi de la plateforme MEB 100% \u00e9lectrique du groupe. Et, comme Skoda, Seat va profiter de ce soubassement d&#8217;ores et d\u00e9j\u00e0 annonc\u00e9 en production pour la fin de cette ann\u00e9e (avec la Volkswagen I.D.) et proposera sa propre version de la berline compacte \u00e9lectrique de demain. Ce projet s&#8217;appelle\u00a0El Born. Il diff\u00e8rera de la Leon de s\u00e9rie et sera commercialis\u00e9 apr\u00e8s la Volkswagen, au c\u0153ur de l&#8217;ann\u00e9e prochaine, avec une autonomie annonc\u00e9e \u00e0 420 km.\u00a0Cette El Born peut \u00eatre recharg\u00e9e \u00e0 80 % en 3\/4 d&#8217;heure. Le moteur \u00e9lectrique d\u00e9veloppe 204 ch. Au niveau de son architecture, elle reprend le principe de l&#8217;I.D. de VW avec un large fenestron entre le pare-brise et les portes avant.<\/p>\n<p><a href=\"http:\/\/lignesauto.fr\/wp-content\/uploads\/2019\/03\/LIGNESSEAT02.jpg\"><img loading=\"lazy\" decoding=\"async\" class=\"alignnone wp-image-8531 size-large\" src=\"http:\/\/lignesauto.fr\/wp-content\/uploads\/2019\/03\/LIGNESSEAT02-1024x683.jpg\" alt=\"\" width=\"1024\" height=\"683\" srcset=\"https:\/\/lignesauto.fr\/wp-content\/uploads\/2019\/03\/LIGNESSEAT02-1024x683.jpg 1024w, https:\/\/lignesauto.fr\/wp-content\/uploads\/2019\/03\/LIGNESSEAT02-300x200.jpg 300w, https:\/\/lignesauto.fr\/wp-content\/uploads\/2019\/03\/LIGNESSEAT02-768x512.jpg 768w, https:\/\/lignesauto.fr\/wp-content\/uploads\/2019\/03\/LIGNESSEAT02-370x247.jpg 370w, https:\/\/lignesauto.fr\/wp-content\/uploads\/2019\/03\/LIGNESSEAT02-1040x693.jpg 1040w, https:\/\/lignesauto.fr\/wp-content\/uploads\/2019\/03\/LIGNESSEAT02.jpg 1920w\" sizes=\"(max-width: 1024px) 100vw, 1024px\" \/><\/a><\/p>\n<p>&nbsp;<\/p>\n<p><a href=\"http:\/\/lignesauto.fr\/wp-content\/uploads\/2019\/03\/LIGNESSEAT04.jpg\"><img loading=\"lazy\" decoding=\"async\" class=\"alignnone wp-image-8532 size-large\" src=\"http:\/\/lignesauto.fr\/wp-content\/uploads\/2019\/03\/LIGNESSEAT04-1024x607.jpg\" alt=\"\" width=\"1024\" height=\"607\" srcset=\"https:\/\/lignesauto.fr\/wp-content\/uploads\/2019\/03\/LIGNESSEAT04-1024x607.jpg 1024w, https:\/\/lignesauto.fr\/wp-content\/uploads\/2019\/03\/LIGNESSEAT04-300x178.jpg 300w, https:\/\/lignesauto.fr\/wp-content\/uploads\/2019\/03\/LIGNESSEAT04-768x455.jpg 768w, https:\/\/lignesauto.fr\/wp-content\/uploads\/2019\/03\/LIGNESSEAT04-370x219.jpg 370w, https:\/\/lignesauto.fr\/wp-content\/uploads\/2019\/03\/LIGNESSEAT04-1040x616.jpg 1040w, https:\/\/lignesauto.fr\/wp-content\/uploads\/2019\/03\/LIGNESSEAT04.jpg 1920w\" sizes=\"(max-width: 1024px) 100vw, 1024px\" \/><\/a><\/p>\n<p>&nbsp;<\/p>\n<p>&nbsp;<\/p>\n<p><strong>S comme Smart<br \/>\n<\/strong><strong><em>Court Forease, court&#8230;<\/em><\/strong><\/p>\n<p><a href=\"http:\/\/lignesauto.fr\/wp-content\/uploads\/2019\/03\/LIGNESMART03.jpg\"><img loading=\"lazy\" decoding=\"async\" class=\"alignnone wp-image-8482 size-large\" src=\"http:\/\/lignesauto.fr\/wp-content\/uploads\/2019\/03\/LIGNESMART03-1024x576.jpg\" alt=\"\" width=\"1024\" height=\"576\" srcset=\"https:\/\/lignesauto.fr\/wp-content\/uploads\/2019\/03\/LIGNESMART03-1024x576.jpg 1024w, https:\/\/lignesauto.fr\/wp-content\/uploads\/2019\/03\/LIGNESMART03-300x169.jpg 300w, https:\/\/lignesauto.fr\/wp-content\/uploads\/2019\/03\/LIGNESMART03-768x432.jpg 768w, https:\/\/lignesauto.fr\/wp-content\/uploads\/2019\/03\/LIGNESMART03-370x208.jpg 370w, https:\/\/lignesauto.fr\/wp-content\/uploads\/2019\/03\/LIGNESMART03-1040x585.jpg 1040w, https:\/\/lignesauto.fr\/wp-content\/uploads\/2019\/03\/LIGNESMART03.jpg 2000w\" sizes=\"(max-width: 1024px) 100vw, 1024px\" \/><\/a><\/p>\n<p><a href=\"http:\/\/lignesauto.fr\/wp-content\/uploads\/2019\/03\/LIGNESSMART01.jpg\"><img loading=\"lazy\" decoding=\"async\" class=\"alignnone wp-image-8483 size-large\" src=\"http:\/\/lignesauto.fr\/wp-content\/uploads\/2019\/03\/LIGNESSMART01-1024x576.jpg\" alt=\"\" width=\"1024\" height=\"576\" srcset=\"https:\/\/lignesauto.fr\/wp-content\/uploads\/2019\/03\/LIGNESSMART01-1024x576.jpg 1024w, https:\/\/lignesauto.fr\/wp-content\/uploads\/2019\/03\/LIGNESSMART01-300x169.jpg 300w, https:\/\/lignesauto.fr\/wp-content\/uploads\/2019\/03\/LIGNESSMART01-768x432.jpg 768w, https:\/\/lignesauto.fr\/wp-content\/uploads\/2019\/03\/LIGNESSMART01-370x208.jpg 370w, https:\/\/lignesauto.fr\/wp-content\/uploads\/2019\/03\/LIGNESSMART01-1040x585.jpg 1040w, https:\/\/lignesauto.fr\/wp-content\/uploads\/2019\/03\/LIGNESSMART01.jpg 2000w\" sizes=\"(max-width: 1024px) 100vw, 1024px\" \/><\/a><\/p>\n<p>La Smart Forease+ est un tout petit concept-car d\u00e9riv\u00e9 du prototype de salon de 2018, la Forease.<br \/>\nLa Forease+, c&#8217;est une Smart Forease typ\u00e9e &#8220;Speedster&#8221; dot\u00e9e d&#8217;un toit en toile de couleur vive &#8211; un orange frais &#8211; qui s&#8217;\u00e9tend jusqu&#8217;au coffre moteur. Comme tout Speedster qui se respecte, la Smart adopte un pare-brise abaiss\u00e9 et abandonne ses vitres lat\u00e9rales. On note aussi que les ailes ont pris du volume. Smart a offert \u00e0 l&#8217;habitacle de son Speedster un\u00a0cuir Nappa noir et toute une gamme d&#8217;autres mat\u00e9riaux de qualit\u00e9.\u00a0La Smart Forease+ est bas\u00e9e sur la Smart ForTwo Cabrio \u00e9lectrique aujourd&#8217;hui au catalogue.<\/p>\n<p>&nbsp;<\/p>\n<p><strong>T comme Twingo<br \/>\n<\/strong><em><strong>Une Twingo \u00e0 11 400 euros<\/strong><\/em><\/p>\n<p><a href=\"http:\/\/lignesauto.fr\/wp-content\/uploads\/2019\/02\/Capture-d\u2019\u00e9cran-2019-02-28-\u00e0-19.17.24.png\"><img loading=\"lazy\" decoding=\"async\" class=\"alignnone wp-image-8434 size-large\" src=\"http:\/\/lignesauto.fr\/wp-content\/uploads\/2019\/02\/Capture-d\u2019\u00e9cran-2019-02-28-\u00e0-19.17.24-1024x535.png\" alt=\"\" width=\"1024\" height=\"535\" srcset=\"https:\/\/lignesauto.fr\/wp-content\/uploads\/2019\/02\/Capture-d\u2019\u00e9cran-2019-02-28-\u00e0-19.17.24-1024x535.png 1024w, https:\/\/lignesauto.fr\/wp-content\/uploads\/2019\/02\/Capture-d\u2019\u00e9cran-2019-02-28-\u00e0-19.17.24-300x157.png 300w, https:\/\/lignesauto.fr\/wp-content\/uploads\/2019\/02\/Capture-d\u2019\u00e9cran-2019-02-28-\u00e0-19.17.24-768x401.png 768w, https:\/\/lignesauto.fr\/wp-content\/uploads\/2019\/02\/Capture-d\u2019\u00e9cran-2019-02-28-\u00e0-19.17.24-370x193.png 370w, https:\/\/lignesauto.fr\/wp-content\/uploads\/2019\/02\/Capture-d\u2019\u00e9cran-2019-02-28-\u00e0-19.17.24-1040x544.png 1040w, https:\/\/lignesauto.fr\/wp-content\/uploads\/2019\/02\/Capture-d\u2019\u00e9cran-2019-02-28-\u00e0-19.17.24.png 1276w\" sizes=\"(max-width: 1024px) 100vw, 1024px\" \/><\/a><\/p>\n<p>Petite aussi et fraichement restyl\u00e9e, la Twingo propose une s\u00e9rie &#8220;Le Coq Sportif &#8221; qui vous co\u00fbtera entre 15 700 et 17 700 euros. Mais la petite sait, comme les autres, proposer des versions qui ne se vendent pas forc\u00e9ment mais qui font entrer le client dans la concession ou le poussent \u00e0 surfer sur le net et les configurateurs. Voici donc le tarif plancher de la nouvelle Twingo restyl\u00e9e : 11 400 euros.\u00a0Plus raffin\u00e9e tout en conservant son c\u00f4t\u00e9 fun et agile, la Twingo 2019 offre \u00e9galement de nouvelles options de personnalisation.<\/p>\n<p>&nbsp;<\/p>\n<p>&nbsp;<\/p>\n<p><strong>V comme Vision<br \/>\n<\/strong><em><strong>Skoda coupe la Vision de VW<\/strong><\/em><\/p>\n<p><a href=\"http:\/\/lignesauto.fr\/wp-content\/uploads\/2019\/02\/vision-iv-exterior-sketch-2.jpg\"><img loading=\"lazy\" decoding=\"async\" class=\"alignnone wp-image-8432 size-large\" src=\"http:\/\/lignesauto.fr\/wp-content\/uploads\/2019\/02\/vision-iv-exterior-sketch-2-1024x570.jpg\" alt=\"\" width=\"1024\" height=\"570\" srcset=\"https:\/\/lignesauto.fr\/wp-content\/uploads\/2019\/02\/vision-iv-exterior-sketch-2-1024x570.jpg 1024w, https:\/\/lignesauto.fr\/wp-content\/uploads\/2019\/02\/vision-iv-exterior-sketch-2-300x167.jpg 300w, https:\/\/lignesauto.fr\/wp-content\/uploads\/2019\/02\/vision-iv-exterior-sketch-2-768x428.jpg 768w, https:\/\/lignesauto.fr\/wp-content\/uploads\/2019\/02\/vision-iv-exterior-sketch-2-370x206.jpg 370w, https:\/\/lignesauto.fr\/wp-content\/uploads\/2019\/02\/vision-iv-exterior-sketch-2-1040x579.jpg 1040w, https:\/\/lignesauto.fr\/wp-content\/uploads\/2019\/02\/vision-iv-exterior-sketch-2.jpg 1417w\" sizes=\"(max-width: 1024px) 100vw, 1024px\" \/><\/a><\/p>\n<p>Le concept-car Vision iV qui est d\u00e9voil\u00e9 \u00e0 Gen\u00e8ve d\u00e9montrera lui aussi que l&#8217;e-mobilit\u00e9 au sein du groupe VW touche toutes les marques. C&#8217;est qu&#8217;il va falloir rentabiliser les deux plateformes d\u00e9di\u00e9es aux v\u00e9hicules \u00e9lectriques. La plateforme MEB est l&#8217;une d&#8217;elles et c&#8217;est sur celle-ci que repose cette \u00e9tude Vision iV d&#8217;un coup\u00e9 quatre portes tout \u00e9lectrique aux lignes plut\u00f4t dynamiques.\u00a0Skoda annonce en m\u00eame temps que ce concept, sa volont\u00e9 de pr\u00e9senter &#8220;<em>plus de dix mod\u00e8les \u00e9lectrifi\u00e9s d&#8217;ici fin 2022<\/em>&#8221; et que le premier produit 100% \u00e9lectrique\u00a0arrivera d\u00e8s l&#8217;ann\u00e9e prochaine. Un peu apr\u00e8s ceux de Volkswagen bien s\u00fbr&#8230;<\/p>\n<p>&nbsp;<\/p>\n<p><strong>V comme Volkswagen<\/strong><br \/>\n<em><strong>Un buggy sabl\u00e9 et silencieux<\/strong><\/em><\/p>\n<p>Voil\u00e0 un concept pas si souvent (re)visit\u00e9.\u00a0Volkswagen est indirectement \u00e0 l&#8217;origine de celui du &#8220;buggy&#8221;, cet engin reposant sur un ch\u00e2ssis de Coccinelle coiff\u00e9 d&#8217;une caisse l\u00e9g\u00e8re en mat\u00e9riaux composites.<\/p>\n<p><a href=\"http:\/\/lignesauto.fr\/wp-content\/uploads\/2019\/01\/BUGGY2019.jpg\"><img loading=\"lazy\" decoding=\"async\" class=\"alignnone wp-image-7621 size-large\" src=\"http:\/\/lignesauto.fr\/wp-content\/uploads\/2019\/01\/BUGGY2019-1024x540.jpg\" alt=\"\" width=\"1024\" height=\"540\" srcset=\"https:\/\/lignesauto.fr\/wp-content\/uploads\/2019\/01\/BUGGY2019-1024x540.jpg 1024w, https:\/\/lignesauto.fr\/wp-content\/uploads\/2019\/01\/BUGGY2019-300x158.jpg 300w, https:\/\/lignesauto.fr\/wp-content\/uploads\/2019\/01\/BUGGY2019-768x405.jpg 768w, https:\/\/lignesauto.fr\/wp-content\/uploads\/2019\/01\/BUGGY2019-370x195.jpg 370w, https:\/\/lignesauto.fr\/wp-content\/uploads\/2019\/01\/BUGGY2019-1040x548.jpg 1040w, https:\/\/lignesauto.fr\/wp-content\/uploads\/2019\/01\/BUGGY2019.jpg 1417w\" sizes=\"(max-width: 1024px) 100vw, 1024px\" \/><\/a><\/p>\n<p>Plusieurs concept-cars sign\u00e9s par le constructeur Allemand (voir plus bas) ont \u00e9maill\u00e9 l&#8217;histoire r\u00e9cente de la marque.<br \/>\nAu prochain salon de Gen\u00e8ve, Volkswagen r\u00e9v\u00e8lera une nouvelle vision du Buggy (ci-dessus), cette fois 100% \u00e9lectrique gr\u00e2ce \u00e0 la plateforme MEB (ci-dessous).<br \/>\nCette derni\u00e8re existe notamment avec une architecture simpliste d&#8217;un seul moteur EV sur le train arri\u00e8re, respectant ainsi les fondamentaux du concept buggy initial !<\/p>\n<p><a href=\"http:\/\/lignesauto.fr\/wp-content\/uploads\/2019\/01\/DB2018AU02246_large.jpg\"><img loading=\"lazy\" decoding=\"async\" class=\"alignnone wp-image-7635 size-large\" src=\"http:\/\/lignesauto.fr\/wp-content\/uploads\/2019\/01\/DB2018AU02246_large-1024x576.jpg\" alt=\"\" width=\"1024\" height=\"576\" srcset=\"https:\/\/lignesauto.fr\/wp-content\/uploads\/2019\/01\/DB2018AU02246_large-1024x576.jpg 1024w, https:\/\/lignesauto.fr\/wp-content\/uploads\/2019\/01\/DB2018AU02246_large-300x169.jpg 300w, https:\/\/lignesauto.fr\/wp-content\/uploads\/2019\/01\/DB2018AU02246_large-768x432.jpg 768w, https:\/\/lignesauto.fr\/wp-content\/uploads\/2019\/01\/DB2018AU02246_large-370x208.jpg 370w, https:\/\/lignesauto.fr\/wp-content\/uploads\/2019\/01\/DB2018AU02246_large-1040x585.jpg 1040w, https:\/\/lignesauto.fr\/wp-content\/uploads\/2019\/01\/DB2018AU02246_large.jpg 1417w\" sizes=\"(max-width: 1024px) 100vw, 1024px\" \/><\/a><\/p>\n<h3><strong>BONUS : les pr\u00e9c\u00e9dentes tentatives de Volkswagen<\/strong><\/h3>\n<p><strong>Le concept Vario 1 de 1991<\/strong><\/p>\n<p><a href=\"http:\/\/lignesauto.fr\/wp-content\/uploads\/2019\/01\/LIGNESBUGGYVARIO1.jpg\"><img loading=\"lazy\" decoding=\"async\" class=\"alignnone wp-image-7625 size-large\" src=\"http:\/\/lignesauto.fr\/wp-content\/uploads\/2019\/01\/LIGNESBUGGYVARIO1-1024x633.jpg\" alt=\"\" width=\"1024\" height=\"633\" srcset=\"https:\/\/lignesauto.fr\/wp-content\/uploads\/2019\/01\/LIGNESBUGGYVARIO1-1024x633.jpg 1024w, https:\/\/lignesauto.fr\/wp-content\/uploads\/2019\/01\/LIGNESBUGGYVARIO1-300x185.jpg 300w, https:\/\/lignesauto.fr\/wp-content\/uploads\/2019\/01\/LIGNESBUGGYVARIO1-768x475.jpg 768w, https:\/\/lignesauto.fr\/wp-content\/uploads\/2019\/01\/LIGNESBUGGYVARIO1-370x229.jpg 370w, https:\/\/lignesauto.fr\/wp-content\/uploads\/2019\/01\/LIGNESBUGGYVARIO1-1040x643.jpg 1040w, https:\/\/lignesauto.fr\/wp-content\/uploads\/2019\/01\/LIGNESBUGGYVARIO1.jpg 1417w\" sizes=\"(max-width: 1024px) 100vw, 1024px\" \/><\/a><\/p>\n<p>Alors qu&#8217;en 1991 Volkswagen propose encore la deuxi\u00e8me g\u00e9n\u00e9ration de sa Golf (la huiti\u00e8me arrive cette ann\u00e9e !), les propositions de d\u00e9riv\u00e9s tournent plut\u00f4t vers les silhouettes GTI, pris\u00e9es \u00e0 l&#8217;\u00e9poque. Mais cette version totalement d\u00e9couverte avec son pare-brise abaiss\u00e9 et sa sellerie folklorique entrait dans un programme d&#8217;une voiture aux carrosseries interchangeables.<\/p>\n<p><strong>L&#8217;\u00e9tude d&#8217;une Golf &#8220;de plage&#8221; (date non pr\u00e9cis\u00e9e)<\/strong><\/p>\n<p><a href=\"http:\/\/lignesauto.fr\/wp-content\/uploads\/2019\/01\/LIGNESGOLFBUGGY.jpg\"><img loading=\"lazy\" decoding=\"async\" class=\"alignnone wp-image-7626 size-large\" src=\"http:\/\/lignesauto.fr\/wp-content\/uploads\/2019\/01\/LIGNESGOLFBUGGY-1024x683.jpg\" alt=\"\" width=\"1024\" height=\"683\" srcset=\"https:\/\/lignesauto.fr\/wp-content\/uploads\/2019\/01\/LIGNESGOLFBUGGY-1024x683.jpg 1024w, https:\/\/lignesauto.fr\/wp-content\/uploads\/2019\/01\/LIGNESGOLFBUGGY-300x200.jpg 300w, https:\/\/lignesauto.fr\/wp-content\/uploads\/2019\/01\/LIGNESGOLFBUGGY-768x512.jpg 768w, https:\/\/lignesauto.fr\/wp-content\/uploads\/2019\/01\/LIGNESGOLFBUGGY-370x247.jpg 370w, https:\/\/lignesauto.fr\/wp-content\/uploads\/2019\/01\/LIGNESGOLFBUGGY-1040x694.jpg 1040w, https:\/\/lignesauto.fr\/wp-content\/uploads\/2019\/01\/LIGNESGOLFBUGGY.jpg 1417w\" sizes=\"(max-width: 1024px) 100vw, 1024px\" \/><\/a><\/p>\n<p>Dans cette r\u00e9serve o\u00f9 de nombreux d\u00e9riv\u00e9s de Golf jamais produits sont expos\u00e9s (notamment une Golf \u00e0 portes coulissantes&#8230;), on remarque cette version en tenue de plage. Mais ici le pare-brise reste celui de la berline qui elle, a \u00e9t\u00e9 largement tron\u00e7onn\u00e9e.<\/p>\n<p><strong>Le concept T de 2004<\/strong><\/p>\n<p><a href=\"http:\/\/lignesauto.fr\/wp-content\/uploads\/2019\/01\/LIGNESBUGGYT.jpg\"><img loading=\"lazy\" decoding=\"async\" class=\"alignnone wp-image-7623 size-large\" src=\"http:\/\/lignesauto.fr\/wp-content\/uploads\/2019\/01\/LIGNESBUGGYT-1024x681.jpg\" alt=\"\" width=\"1024\" height=\"681\" srcset=\"https:\/\/lignesauto.fr\/wp-content\/uploads\/2019\/01\/LIGNESBUGGYT-1024x681.jpg 1024w, https:\/\/lignesauto.fr\/wp-content\/uploads\/2019\/01\/LIGNESBUGGYT-300x200.jpg 300w, https:\/\/lignesauto.fr\/wp-content\/uploads\/2019\/01\/LIGNESBUGGYT-768x511.jpg 768w, https:\/\/lignesauto.fr\/wp-content\/uploads\/2019\/01\/LIGNESBUGGYT-370x246.jpg 370w, https:\/\/lignesauto.fr\/wp-content\/uploads\/2019\/01\/LIGNESBUGGYT-1040x692.jpg 1040w, https:\/\/lignesauto.fr\/wp-content\/uploads\/2019\/01\/LIGNESBUGGYT.jpg 1417w\" sizes=\"(max-width: 1024px) 100vw, 1024px\" \/><\/a><br \/>\nL&#8217;alliance de la sportivit\u00e9 et du buggy se d\u00e9voile en 2004 sous les traits d&#8217;un concept-car, le projet &#8220;T&#8221;.<br \/>\nC&#8217;est une des premi\u00e8res approches de Volkswagen sur le terrain des &#8220;coup\u00e9 SUV&#8221;, un march\u00e9 qui se d\u00e9veloppera \u00e0 la fin des ann\u00e9es 2000&#8230;<\/p>\n<p><strong>Le concept Buggy Up de 2011<\/strong><\/p>\n<p><a href=\"http:\/\/lignesauto.fr\/wp-content\/uploads\/2019\/01\/LIGNESBUGGYUP.jpg\"><img loading=\"lazy\" decoding=\"async\" class=\"alignnone wp-image-7624 size-large\" src=\"http:\/\/lignesauto.fr\/wp-content\/uploads\/2019\/01\/LIGNESBUGGYUP-1024x679.jpg\" alt=\"\" width=\"1024\" height=\"679\" srcset=\"https:\/\/lignesauto.fr\/wp-content\/uploads\/2019\/01\/LIGNESBUGGYUP-1024x679.jpg 1024w, https:\/\/lignesauto.fr\/wp-content\/uploads\/2019\/01\/LIGNESBUGGYUP-300x199.jpg 300w, https:\/\/lignesauto.fr\/wp-content\/uploads\/2019\/01\/LIGNESBUGGYUP-768x509.jpg 768w, https:\/\/lignesauto.fr\/wp-content\/uploads\/2019\/01\/LIGNESBUGGYUP-370x245.jpg 370w, https:\/\/lignesauto.fr\/wp-content\/uploads\/2019\/01\/LIGNESBUGGYUP-1040x689.jpg 1040w, https:\/\/lignesauto.fr\/wp-content\/uploads\/2019\/01\/LIGNESBUGGYUP.jpg 1417w\" sizes=\"(max-width: 1024px) 100vw, 1024px\" \/><\/a><br \/>\nLa petite Up a \u00e9t\u00e9 d\u00e9riv\u00e9e en de multiples variantes et Volkswagen ne pouvait rester insensible au concept du buggy qu&#8217;il a initi\u00e9 dans les ann\u00e9es 1960.<br \/>\nC&#8217;est sans doute de ce concept que le prochain <em>buggy-e<\/em> de Volkswagen s&#8217;inspirera le plus.<\/p>\n<p>&nbsp;<\/p>\n<p><a href=\"http:\/\/lignesauto.fr\/wp-content\/uploads\/2018\/10\/LOGOActus_BD.jpg\"><img loading=\"lazy\" decoding=\"async\" class=\"alignnone size-medium wp-image-4921\" src=\"http:\/\/lignesauto.fr\/wp-content\/uploads\/2018\/10\/LOGOActus_BD-300x108.jpg\" alt=\"\" width=\"300\" height=\"108\" srcset=\"https:\/\/lignesauto.fr\/wp-content\/uploads\/2018\/10\/LOGOActus_BD-300x108.jpg 300w, https:\/\/lignesauto.fr\/wp-content\/uploads\/2018\/10\/LOGOActus_BD-768x276.jpg 768w, https:\/\/lignesauto.fr\/wp-content\/uploads\/2018\/10\/LOGOActus_BD-1024x367.jpg 1024w, https:\/\/lignesauto.fr\/wp-content\/uploads\/2018\/10\/LOGOActus_BD-370x133.jpg 370w, https:\/\/lignesauto.fr\/wp-content\/uploads\/2018\/10\/LOGOActus_BD-1040x373.jpg 1040w, https:\/\/lignesauto.fr\/wp-content\/uploads\/2018\/10\/LOGOActus_BD.jpg 1240w\" sizes=\"(max-width: 300px) 100vw, 300px\" \/><\/a><\/p>\n","protected":false},"excerpt":{"rendered":"<p>&nbsp; R comme R\u00e9cup\u00e9ration La VW I.D. version Seat Seat, la marque du groupe Volkswagen, va b\u00e9n\u00e9ficier elle aussi de la plateforme MEB 100% \u00e9lectrique du groupe. Et, comme Skoda, Seat va profiter de ce soubassement d&#8217;ores et d\u00e9j\u00e0 annonc\u00e9 en production pour la fin de cette ann\u00e9e (avec la [&hellip;]<\/p>\n","protected":false},"author":1,"featured_media":8484,"comment_status":"open","ping_status":"open","sticky":false,"template":"","format":"standard","meta":{"footnotes":""},"categories":[1],"tags":[],"_links":{"self":[{"href":"https:\/\/lignesauto.fr\/index.php?rest_route=\/wp\/v2\/posts\/8458"}],"collection":[{"href":"https:\/\/lignesauto.fr\/index.php?rest_route=\/wp\/v2\/posts"}],"about":[{"href":"https:\/\/lignesauto.fr\/index.php?rest_route=\/wp\/v2\/types\/post"}],"author":[{"embeddable":true,"href":"https:\/\/lignesauto.fr\/index.php?rest_route=\/wp\/v2\/users\/1"}],"replies":[{"embeddable":true,"href":"https:\/\/lignesauto.fr\/index.php?rest_route=%2Fwp%2Fv2%2Fcomments&post=8458"}],"version-history":[{"count":19,"href":"https:\/\/lignesauto.fr\/index.php?rest_route=\/wp\/v2\/posts\/8458\/revisions"}],"predecessor-version":[{"id":8573,"href":"https:\/\/lignesauto.fr\/index.php?rest_route=\/wp\/v2\/posts\/8458\/revisions\/8573"}],"wp:featuredmedia":[{"embeddable":true,"href":"https:\/\/lignesauto.fr\/index.php?rest_route=\/wp\/v2\/media\/8484"}],"wp:attachment":[{"href":"https:\/\/lignesauto.fr\/index.php?rest_route=%2Fwp%2Fv2%2Fmedia&parent=8458"}],"wp:term":[{"taxonomy":"category","embeddable":true,"href":"https:\/\/lignesauto.fr\/index.php?rest_route=%2Fwp%2Fv2%2Fcategories&post=8458"},{"taxonomy":"post_tag","embeddable":true,"href":"https:\/\/lignesauto.fr\/index.php?rest_route=%2Fwp%2Fv2%2Ftags&post=8458"}],"curies":[{"name":"wp","href":"https:\/\/api.w.org\/{rel}","templated":true}]}}