{"id":8493,"date":"2019-03-02T15:55:27","date_gmt":"2019-03-02T14:55:27","guid":{"rendered":"http:\/\/lignesauto.fr\/?p=8493"},"modified":"2019-03-02T16:08:09","modified_gmt":"2019-03-02T15:08:09","slug":"geneve-2019-paroles-de-battista","status":"publish","type":"post","link":"https:\/\/lignesauto.fr\/?p=8493","title":{"rendered":"GENEVE 2019 : paroles de Battista&#8230;"},"content":{"rendered":"<p><a href=\"http:\/\/lignesauto.fr\/wp-content\/uploads\/2018\/10\/LOGOActus_BD.jpg\"><img loading=\"lazy\" decoding=\"async\" class=\"alignnone size-medium wp-image-4921\" src=\"http:\/\/lignesauto.fr\/wp-content\/uploads\/2018\/10\/LOGOActus_BD-300x108.jpg\" alt=\"\" width=\"300\" height=\"108\" srcset=\"https:\/\/lignesauto.fr\/wp-content\/uploads\/2018\/10\/LOGOActus_BD-300x108.jpg 300w, https:\/\/lignesauto.fr\/wp-content\/uploads\/2018\/10\/LOGOActus_BD-768x276.jpg 768w, https:\/\/lignesauto.fr\/wp-content\/uploads\/2018\/10\/LOGOActus_BD-1024x367.jpg 1024w, https:\/\/lignesauto.fr\/wp-content\/uploads\/2018\/10\/LOGOActus_BD-370x133.jpg 370w, https:\/\/lignesauto.fr\/wp-content\/uploads\/2018\/10\/LOGOActus_BD-1040x373.jpg 1040w, https:\/\/lignesauto.fr\/wp-content\/uploads\/2018\/10\/LOGOActus_BD.jpg 1240w\" sizes=\"(max-width: 300px) 100vw, 300px\" \/><\/a><\/p>\n<p><a href=\"http:\/\/lignesauto.fr\/wp-content\/uploads\/2019\/03\/47685647_1798752150236413_59191293653286912_o.jpg\"><img loading=\"lazy\" decoding=\"async\" class=\"alignnone wp-image-8500\" src=\"http:\/\/lignesauto.fr\/wp-content\/uploads\/2019\/03\/47685647_1798752150236413_59191293653286912_o-1024x670.jpg\" alt=\"\" width=\"960\" height=\"628\" srcset=\"https:\/\/lignesauto.fr\/wp-content\/uploads\/2019\/03\/47685647_1798752150236413_59191293653286912_o-1024x670.jpg 1024w, https:\/\/lignesauto.fr\/wp-content\/uploads\/2019\/03\/47685647_1798752150236413_59191293653286912_o-300x196.jpg 300w, https:\/\/lignesauto.fr\/wp-content\/uploads\/2019\/03\/47685647_1798752150236413_59191293653286912_o-768x502.jpg 768w, https:\/\/lignesauto.fr\/wp-content\/uploads\/2019\/03\/47685647_1798752150236413_59191293653286912_o-370x242.jpg 370w, https:\/\/lignesauto.fr\/wp-content\/uploads\/2019\/03\/47685647_1798752150236413_59191293653286912_o-1040x680.jpg 1040w, https:\/\/lignesauto.fr\/wp-content\/uploads\/2019\/03\/47685647_1798752150236413_59191293653286912_o.jpg 1790w\" sizes=\"(max-width: 960px) 100vw, 960px\" \/><\/a><\/p>\n<p><strong>En attendant de la d\u00e9couvrir \u00e0 Gen\u00e8ve&#8230;<\/strong><\/p>\n<p><a href=\"http:\/\/lignesauto.fr\/wp-content\/uploads\/2019\/03\/53164990_1911930488918578_3941668800969048064_n.jpg\"><img loading=\"lazy\" decoding=\"async\" class=\"alignnone wp-image-8494 size-full\" src=\"http:\/\/lignesauto.fr\/wp-content\/uploads\/2019\/03\/53164990_1911930488918578_3941668800969048064_n.jpg\" alt=\"\" width=\"960\" height=\"696\" srcset=\"https:\/\/lignesauto.fr\/wp-content\/uploads\/2019\/03\/53164990_1911930488918578_3941668800969048064_n.jpg 960w, https:\/\/lignesauto.fr\/wp-content\/uploads\/2019\/03\/53164990_1911930488918578_3941668800969048064_n-300x218.jpg 300w, https:\/\/lignesauto.fr\/wp-content\/uploads\/2019\/03\/53164990_1911930488918578_3941668800969048064_n-768x557.jpg 768w, https:\/\/lignesauto.fr\/wp-content\/uploads\/2019\/03\/53164990_1911930488918578_3941668800969048064_n-370x268.jpg 370w\" sizes=\"(max-width: 960px) 100vw, 960px\" \/><\/a><\/p>\n<p>&#8220;Vous me demandez ce que signifie le style italien.<br \/>\nC&#8217;est le sens des proportions, la simplicit\u00e9 et l&#8217;harmonie des lignes, de sorte qu&#8217;apr\u00e8s un temps consid\u00e9rable, il y a encore quelque chose de plus vivant qu&#8217;un simple souvenir de la beaut\u00e9&#8221;.<br \/>\n<strong>Pinin Farina, l&#8217;homme l\u00e9gendaire qui a inspir\u00e9 le nom de la nouvelle hypercar \u00e9lectrique Battista de Pininfarina&#8221;<\/strong><\/p>\n<p><a href=\"http:\/\/lignesauto.fr\/wp-content\/uploads\/2019\/03\/51378998_1877104462401181_8930266305886420992_o.jpg\"><img loading=\"lazy\" decoding=\"async\" class=\"alignnone wp-image-8511\" src=\"http:\/\/lignesauto.fr\/wp-content\/uploads\/2019\/03\/51378998_1877104462401181_8930266305886420992_o-1024x683.jpg\" alt=\"\" width=\"960\" height=\"640\" srcset=\"https:\/\/lignesauto.fr\/wp-content\/uploads\/2019\/03\/51378998_1877104462401181_8930266305886420992_o-1024x683.jpg 1024w, https:\/\/lignesauto.fr\/wp-content\/uploads\/2019\/03\/51378998_1877104462401181_8930266305886420992_o-300x200.jpg 300w, https:\/\/lignesauto.fr\/wp-content\/uploads\/2019\/03\/51378998_1877104462401181_8930266305886420992_o-768x512.jpg 768w, https:\/\/lignesauto.fr\/wp-content\/uploads\/2019\/03\/51378998_1877104462401181_8930266305886420992_o-370x247.jpg 370w, https:\/\/lignesauto.fr\/wp-content\/uploads\/2019\/03\/51378998_1877104462401181_8930266305886420992_o-1040x693.jpg 1040w, https:\/\/lignesauto.fr\/wp-content\/uploads\/2019\/03\/51378998_1877104462401181_8930266305886420992_o.jpg 1500w\" sizes=\"(max-width: 960px) 100vw, 960px\" \/><\/a><\/p>\n<p><strong>Cette derni\u00e8re sera d\u00e9voil\u00e9e \u00e0 l&#8217;occasion du salon de Gen\u00e8ve, la semaine prochaine.<\/strong><\/p>\n<p><a href=\"http:\/\/lignesauto.fr\/wp-content\/uploads\/2019\/03\/52974012_1909497405828553_25638231747854336_n.jpg\"><img loading=\"lazy\" decoding=\"async\" class=\"alignnone wp-image-8502 size-full\" src=\"http:\/\/lignesauto.fr\/wp-content\/uploads\/2019\/03\/52974012_1909497405828553_25638231747854336_n.jpg\" alt=\"\" width=\"960\" height=\"640\" srcset=\"https:\/\/lignesauto.fr\/wp-content\/uploads\/2019\/03\/52974012_1909497405828553_25638231747854336_n.jpg 960w, https:\/\/lignesauto.fr\/wp-content\/uploads\/2019\/03\/52974012_1909497405828553_25638231747854336_n-300x200.jpg 300w, https:\/\/lignesauto.fr\/wp-content\/uploads\/2019\/03\/52974012_1909497405828553_25638231747854336_n-768x512.jpg 768w, https:\/\/lignesauto.fr\/wp-content\/uploads\/2019\/03\/52974012_1909497405828553_25638231747854336_n-370x247.jpg 370w\" sizes=\"(max-width: 960px) 100vw, 960px\" \/><\/a><\/p>\n<p><a href=\"http:\/\/lignesauto.fr\/wp-content\/uploads\/2019\/03\/52601994_1899276786850615_6164578714706247680_o.jpg\"><img loading=\"lazy\" decoding=\"async\" class=\"alignnone wp-image-8513\" src=\"http:\/\/lignesauto.fr\/wp-content\/uploads\/2019\/03\/52601994_1899276786850615_6164578714706247680_o-1024x683.jpg\" alt=\"\" width=\"960\" height=\"641\" srcset=\"https:\/\/lignesauto.fr\/wp-content\/uploads\/2019\/03\/52601994_1899276786850615_6164578714706247680_o-1024x683.jpg 1024w, https:\/\/lignesauto.fr\/wp-content\/uploads\/2019\/03\/52601994_1899276786850615_6164578714706247680_o-300x200.jpg 300w, https:\/\/lignesauto.fr\/wp-content\/uploads\/2019\/03\/52601994_1899276786850615_6164578714706247680_o-768x513.jpg 768w, https:\/\/lignesauto.fr\/wp-content\/uploads\/2019\/03\/52601994_1899276786850615_6164578714706247680_o-370x247.jpg 370w, https:\/\/lignesauto.fr\/wp-content\/uploads\/2019\/03\/52601994_1899276786850615_6164578714706247680_o-1040x694.jpg 1040w, https:\/\/lignesauto.fr\/wp-content\/uploads\/2019\/03\/52601994_1899276786850615_6164578714706247680_o.jpg 1500w\" sizes=\"(max-width: 960px) 100vw, 960px\" \/><\/a><\/p>\n<p>&nbsp;<\/p>\n<p><a href=\"http:\/\/lignesauto.fr\/wp-content\/uploads\/2018\/10\/LOGOActus_BD.jpg\"><img loading=\"lazy\" decoding=\"async\" class=\"alignnone size-medium wp-image-4921\" src=\"http:\/\/lignesauto.fr\/wp-content\/uploads\/2018\/10\/LOGOActus_BD-300x108.jpg\" alt=\"\" width=\"300\" height=\"108\" srcset=\"https:\/\/lignesauto.fr\/wp-content\/uploads\/2018\/10\/LOGOActus_BD-300x108.jpg 300w, https:\/\/lignesauto.fr\/wp-content\/uploads\/2018\/10\/LOGOActus_BD-768x276.jpg 768w, https:\/\/lignesauto.fr\/wp-content\/uploads\/2018\/10\/LOGOActus_BD-1024x367.jpg 1024w, https:\/\/lignesauto.fr\/wp-content\/uploads\/2018\/10\/LOGOActus_BD-370x133.jpg 370w, https:\/\/lignesauto.fr\/wp-content\/uploads\/2018\/10\/LOGOActus_BD-1040x373.jpg 1040w, https:\/\/lignesauto.fr\/wp-content\/uploads\/2018\/10\/LOGOActus_BD.jpg 1240w\" sizes=\"(max-width: 300px) 100vw, 300px\" \/><\/a><\/p>\n","protected":false},"excerpt":{"rendered":"<p>En attendant de la d\u00e9couvrir \u00e0 Gen\u00e8ve&#8230; &#8220;Vous me demandez ce que signifie le style italien. C&#8217;est le sens des proportions, la simplicit\u00e9 et l&#8217;harmonie des lignes, de sorte qu&#8217;apr\u00e8s un temps consid\u00e9rable, il y a encore quelque chose de plus vivant qu&#8217;un simple souvenir de la beaut\u00e9&#8221;. Pinin Farina, [&hellip;]<\/p>\n","protected":false},"author":1,"featured_media":8512,"comment_status":"open","ping_status":"open","sticky":false,"template":"","format":"standard","meta":{"footnotes":""},"categories":[1],"tags":[],"_links":{"self":[{"href":"https:\/\/lignesauto.fr\/index.php?rest_route=\/wp\/v2\/posts\/8493"}],"collection":[{"href":"https:\/\/lignesauto.fr\/index.php?rest_route=\/wp\/v2\/posts"}],"about":[{"href":"https:\/\/lignesauto.fr\/index.php?rest_route=\/wp\/v2\/types\/post"}],"author":[{"embeddable":true,"href":"https:\/\/lignesauto.fr\/index.php?rest_route=\/wp\/v2\/users\/1"}],"replies":[{"embeddable":true,"href":"https:\/\/lignesauto.fr\/index.php?rest_route=%2Fwp%2Fv2%2Fcomments&post=8493"}],"version-history":[{"count":13,"href":"https:\/\/lignesauto.fr\/index.php?rest_route=\/wp\/v2\/posts\/8493\/revisions"}],"predecessor-version":[{"id":8516,"href":"https:\/\/lignesauto.fr\/index.php?rest_route=\/wp\/v2\/posts\/8493\/revisions\/8516"}],"wp:featuredmedia":[{"embeddable":true,"href":"https:\/\/lignesauto.fr\/index.php?rest_route=\/wp\/v2\/media\/8512"}],"wp:attachment":[{"href":"https:\/\/lignesauto.fr\/index.php?rest_route=%2Fwp%2Fv2%2Fmedia&parent=8493"}],"wp:term":[{"taxonomy":"category","embeddable":true,"href":"https:\/\/lignesauto.fr\/index.php?rest_route=%2Fwp%2Fv2%2Fcategories&post=8493"},{"taxonomy":"post_tag","embeddable":true,"href":"https:\/\/lignesauto.fr\/index.php?rest_route=%2Fwp%2Fv2%2Ftags&post=8493"}],"curies":[{"name":"wp","href":"https:\/\/api.w.org\/{rel}","templated":true}]}}