{"id":8588,"date":"2019-03-08T09:52:58","date_gmt":"2019-03-08T08:52:58","guid":{"rendered":"http:\/\/lignesauto.fr\/?p=8588"},"modified":"2019-03-08T16:06:08","modified_gmt":"2019-03-08T15:06:08","slug":"pourquoi-deux-stands-pininfarina-a-geneve-lignes-auto-repond","status":"publish","type":"post","link":"https:\/\/lignesauto.fr\/?p=8588","title":{"rendered":"GENEVE 2019 : pourquoi DEUX stands Pininfarina \u00e0 Gen\u00e8ve ? LIGNES\/auto r\u00e9pond&#8230;"},"content":{"rendered":"<p><a href=\"http:\/\/lignesauto.fr\/wp-content\/uploads\/2018\/10\/LOGOActus_BD.jpg\"><img loading=\"lazy\" decoding=\"async\" class=\"alignnone size-medium wp-image-4921\" src=\"http:\/\/lignesauto.fr\/wp-content\/uploads\/2018\/10\/LOGOActus_BD-300x108.jpg\" alt=\"\" width=\"300\" height=\"108\" srcset=\"https:\/\/lignesauto.fr\/wp-content\/uploads\/2018\/10\/LOGOActus_BD-300x108.jpg 300w, https:\/\/lignesauto.fr\/wp-content\/uploads\/2018\/10\/LOGOActus_BD-768x276.jpg 768w, https:\/\/lignesauto.fr\/wp-content\/uploads\/2018\/10\/LOGOActus_BD-1024x367.jpg 1024w, https:\/\/lignesauto.fr\/wp-content\/uploads\/2018\/10\/LOGOActus_BD-370x133.jpg 370w, https:\/\/lignesauto.fr\/wp-content\/uploads\/2018\/10\/LOGOActus_BD-1040x373.jpg 1040w, https:\/\/lignesauto.fr\/wp-content\/uploads\/2018\/10\/LOGOActus_BD.jpg 1240w\" sizes=\"(max-width: 300px) 100vw, 300px\" \/><\/a><\/p>\n<p><strong><em>&#8221;\u00a0Nous faisons bouger les r\u00eaves\u00a0&#8220;.\u00a0<\/em>Paolo Pininfarina<\/strong><\/p>\n<p><a href=\"http:\/\/lignesauto.fr\/wp-content\/uploads\/2019\/03\/Grigio-3.jpg\"><img loading=\"lazy\" decoding=\"async\" class=\"alignnone wp-image-8602 size-full\" src=\"http:\/\/lignesauto.fr\/wp-content\/uploads\/2019\/03\/Grigio-3.jpg\" alt=\"\" width=\"992\" height=\"554\" srcset=\"https:\/\/lignesauto.fr\/wp-content\/uploads\/2019\/03\/Grigio-3.jpg 992w, https:\/\/lignesauto.fr\/wp-content\/uploads\/2019\/03\/Grigio-3-300x168.jpg 300w, https:\/\/lignesauto.fr\/wp-content\/uploads\/2019\/03\/Grigio-3-768x429.jpg 768w, https:\/\/lignesauto.fr\/wp-content\/uploads\/2019\/03\/Grigio-3-370x207.jpg 370w\" sizes=\"(max-width: 992px) 100vw, 992px\" \/><\/a><\/p>\n<p>Le salon de Gen\u00e8ve ouvrira ses portes demain jeudi 7 mars et parmi les nombreuses nouveaut\u00e9s, les visiteurs pourront d\u00e9couvrir la Battista de Pininfarina.<br \/>\nGian-Battista Pinin Farina est le fondateur de la soci\u00e9t\u00e9 \u00e9ponyme fond\u00e9e en 1930 et son nom se transforma en 1961 en &#8220;Pininfarina&#8221; devenue une <em>carrozzeria<\/em> reconnue dans le monde entier. On voit ci-dessous Battista Pinin Farina dans les ann\u00e9es 1950 avec son fils Sergio.<\/p>\n<p><a href=\"http:\/\/lignesauto.fr\/wp-content\/uploads\/2019\/03\/battista-lignesauto.jpg\"><img loading=\"lazy\" decoding=\"async\" class=\"alignnone wp-image-8593 size-full\" src=\"http:\/\/lignesauto.fr\/wp-content\/uploads\/2019\/03\/battista-lignesauto.jpg\" alt=\"\" width=\"980\" height=\"683\" srcset=\"https:\/\/lignesauto.fr\/wp-content\/uploads\/2019\/03\/battista-lignesauto.jpg 980w, https:\/\/lignesauto.fr\/wp-content\/uploads\/2019\/03\/battista-lignesauto-300x209.jpg 300w, https:\/\/lignesauto.fr\/wp-content\/uploads\/2019\/03\/battista-lignesauto-768x535.jpg 768w, https:\/\/lignesauto.fr\/wp-content\/uploads\/2019\/03\/battista-lignesauto-370x258.jpg 370w\" sizes=\"(max-width: 980px) 100vw, 980px\" \/><\/a><\/p>\n<p>En d\u00e9cembre 2015, le constructeur automobiles Mahindra &amp; Mahindra acquiert pour 168\u00a0millions d&#8217;euros, une participation de 76\u00a0% dans Pininfarina.<br \/>\nDepuis, le bureau de design Pininfarina a \u00e9largi son territoire, notamment avec une cellule architecture qui rencontre un joli succ\u00e8s d&#8217;estime.<\/p>\n<p>C&#8217;est donc bien ce d\u00e9partement &#8220;Pininfarina&#8221; qui a imagin\u00e9, dessin\u00e9 et con\u00e7u la Battista.\u00a0Cette hypercar qui a retenu le nom du fondateur de la soci\u00e9t\u00e9, est une machine 100% \u00e9lectrique dessin\u00e9e au studio de design italien dirig\u00e9 par Carlo Bonzanigo. La Battista sera construite \u00e0 la main \u00e0 150 exemplaires dans l&#8217;atelier Pininfarina.\u00a0Ce coup\u00e9 sportif prestigieux est \u00e0 d\u00e9couvrir avec la video LIGNES\/auto ci-dessous.<\/p>\n<p><iframe loading=\"lazy\" title=\"battistalignesauto\" width=\"640\" height=\"360\" src=\"https:\/\/www.youtube.com\/embed\/bVn6hv8FJHg?feature=oembed\" frameborder=\"0\" allow=\"accelerometer; autoplay; clipboard-write; encrypted-media; gyroscope; picture-in-picture; web-share\" referrerpolicy=\"strict-origin-when-cross-origin\" allowfullscreen><\/iframe><\/p>\n<p><em>&#8220;C&#8217;est vraiment un r\u00eave qui se r\u00e9alise<\/em> &#8211; dit le pr\u00e9sident Paolo Pininfarina. &#8211; <em>Mon grand-p\u00e8re a toujours eu la vision qu&#8217;un jour, il y aurait une gamme automobiles de marque Pininfarina. Cette hypercar se vantera de ses performances exceptionnelles, de son innovation technologique et, bien s\u00fbr, de son style. Pour moi, il \u00e9tait \u00e9vident qu&#8217;il fallait l&#8217;appeler Battista. Son r\u00eave devient r\u00e9alit\u00e9 aujourd&#8217;hui alors que nous lions notre glorieux pass\u00e9 \u00e0 l&#8217;avenir de l&#8217;automobile.&#8221;<\/em><\/p>\n<p><a href=\"http:\/\/lignesauto.fr\/wp-content\/uploads\/2019\/03\/Bianca-2.jpg\"><img loading=\"lazy\" decoding=\"async\" class=\"alignnone wp-image-8607 size-large\" src=\"http:\/\/lignesauto.fr\/wp-content\/uploads\/2019\/03\/Bianca-2-1024x682.jpg\" alt=\"\" width=\"1024\" height=\"682\" srcset=\"https:\/\/lignesauto.fr\/wp-content\/uploads\/2019\/03\/Bianca-2-1024x682.jpg 1024w, https:\/\/lignesauto.fr\/wp-content\/uploads\/2019\/03\/Bianca-2-300x200.jpg 300w, https:\/\/lignesauto.fr\/wp-content\/uploads\/2019\/03\/Bianca-2-768x512.jpg 768w, https:\/\/lignesauto.fr\/wp-content\/uploads\/2019\/03\/Bianca-2-370x246.jpg 370w, https:\/\/lignesauto.fr\/wp-content\/uploads\/2019\/03\/Bianca-2-1040x693.jpg 1040w, https:\/\/lignesauto.fr\/wp-content\/uploads\/2019\/03\/Bianca-2.jpg 1276w\" sizes=\"(max-width: 1024px) 100vw, 1024px\" \/><\/a><\/p>\n<p>Mais les visiteurs s&#8217;\u00e9tonneront sans doute de d\u00e9couvrir deux autres exemplaires de la Battista expos\u00e9s non loin de l\u00e0, sur le stand &#8220;Automobili Pininfarina&#8221;. C&#8217;est la mat\u00e9rialisation d&#8217;une information diffus\u00e9e par Pininfarina l&#8217;ann\u00e9e derni\u00e8re : le label italien devient d\u00e9sormais \u00e9galement un constructeur automobile. Si la Battista a \u00e9t\u00e9 con\u00e7ue par Pininfarina, elle sera commercialis\u00e9e par une soci\u00e9t\u00e9 distincte, cette fois d\u00e9tenue \u00e0 100% par Mahindra &amp; Mahindra : &#8220;Automobili Pininfarina&#8221; (ci-dessous).<br \/>\nD&#8217;autres mod\u00e8les suivront donc le m\u00eame cheminement avant leur commercialisation.<\/p>\n<div style=\"width: 640px;\" class=\"wp-video\"><!--[if lt IE 9]><script>document.createElement('video');<\/script><![endif]-->\n<video class=\"wp-video-shortcode\" id=\"video-8588-1\" width=\"640\" height=\"360\" preload=\"metadata\" controls=\"controls\"><source type=\"video\/mp4\" src=\"http:\/\/lignesauto.fr\/wp-content\/uploads\/2019\/03\/autoobilipflignesauto.mp4?_=1\" \/><a href=\"http:\/\/lignesauto.fr\/wp-content\/uploads\/2019\/03\/autoobilipflignesauto.mp4\">http:\/\/lignesauto.fr\/wp-content\/uploads\/2019\/03\/autoobilipflignesauto.mp4<\/a><\/video><\/div>\n<p>Pininfarina a profit\u00e9 du salon de Gen\u00e8ve pour faire une autre annonce qui concerne son partenariat avec WayRay, une soci\u00e9t\u00e9 suisse de haute technologie qui d\u00e9veloppe des \u00e9crans de r\u00e9alit\u00e9 augment\u00e9e holographiques int\u00e9gr\u00e9s pour l&#8217;univers automobile. <em>&#8220;Les marques collaboreront sur de futurs projets, tant dans le secteur automobile que dans d&#8217;autres secteurs du transport, afin de promouvoir l&#8217;int\u00e9gration des \u00e9crans AR holographiques de WayRay dans la d\u00e9finition du design int\u00e9rieur, en tirant parti des comp\u00e9tences de Pininfarina&#8221;<\/em> nous dit la soci\u00e9t\u00e9 italienne.<\/p>\n<p><a href=\"http:\/\/lignesauto.fr\/wp-content\/uploads\/2019\/03\/Battista-Interior.jpg\"><img loading=\"lazy\" decoding=\"async\" class=\"wp-image-8599 size-large\" src=\"http:\/\/lignesauto.fr\/wp-content\/uploads\/2019\/03\/Battista-Interior-1024x575.jpg\" alt=\"\" width=\"1024\" height=\"575\" srcset=\"https:\/\/lignesauto.fr\/wp-content\/uploads\/2019\/03\/Battista-Interior-1024x575.jpg 1024w, https:\/\/lignesauto.fr\/wp-content\/uploads\/2019\/03\/Battista-Interior-300x169.jpg 300w, https:\/\/lignesauto.fr\/wp-content\/uploads\/2019\/03\/Battista-Interior-768x432.jpg 768w, https:\/\/lignesauto.fr\/wp-content\/uploads\/2019\/03\/Battista-Interior-370x208.jpg 370w, https:\/\/lignesauto.fr\/wp-content\/uploads\/2019\/03\/Battista-Interior-1040x584.jpg 1040w, https:\/\/lignesauto.fr\/wp-content\/uploads\/2019\/03\/Battista-Interior.jpg 1276w\" sizes=\"(max-width: 1024px) 100vw, 1024px\" \/><\/a><\/p>\n<p><strong>BATTISTA : ses caract\u00e9ristiques<\/strong><\/p>\n<p>Pininfarina dit avoir con\u00e7u la <em>&#8220;premi\u00e8re GT \u00e9lectrique hyper performante de luxe au monde. Sa carrosserie en fibre de carbone cache des niveaux extr\u00eames de technologie et de design fonctionnel. La puissance de 1900 ch et le couple de 2 300 Nm, offrent une acc\u00e9l\u00e9ration de 0 \u00e0 100 km\/h en moins de 2 secondes, le tout avec une plage potentielle de z\u00e9ro \u00e9mission jusqu&#8217;\u00e0 450 kilom\u00e8tres.&#8221;<\/em><\/p>\n<p><a href=\"http:\/\/lignesauto.fr\/wp-content\/uploads\/2019\/03\/20190220_PF0_Battista_powertrain_3_MOD.jpg\"><img loading=\"lazy\" decoding=\"async\" class=\"alignnone wp-image-8598 size-large\" src=\"http:\/\/lignesauto.fr\/wp-content\/uploads\/2019\/03\/20190220_PF0_Battista_powertrain_3_MOD-1024x494.jpg\" alt=\"\" width=\"1024\" height=\"494\" srcset=\"https:\/\/lignesauto.fr\/wp-content\/uploads\/2019\/03\/20190220_PF0_Battista_powertrain_3_MOD-1024x494.jpg 1024w, https:\/\/lignesauto.fr\/wp-content\/uploads\/2019\/03\/20190220_PF0_Battista_powertrain_3_MOD-300x145.jpg 300w, https:\/\/lignesauto.fr\/wp-content\/uploads\/2019\/03\/20190220_PF0_Battista_powertrain_3_MOD-768x370.jpg 768w, https:\/\/lignesauto.fr\/wp-content\/uploads\/2019\/03\/20190220_PF0_Battista_powertrain_3_MOD-370x178.jpg 370w, https:\/\/lignesauto.fr\/wp-content\/uploads\/2019\/03\/20190220_PF0_Battista_powertrain_3_MOD-1040x501.jpg 1040w, https:\/\/lignesauto.fr\/wp-content\/uploads\/2019\/03\/20190220_PF0_Battista_powertrain_3_MOD.jpg 1417w\" sizes=\"(max-width: 1024px) 100vw, 1024px\" \/><\/a><\/p>\n<p><em>&#8220;Notre sp\u00e9cificit\u00e9 en tant que prestataire de services global r\u00e9side dans notre capacit\u00e9 \u00e0 cr\u00e9er de la valeur pour les entreprises en cr\u00e9ant une nouvelle exp\u00e9rience client. Pininfarina Design assure la coh\u00e9rence entre les diff\u00e9rentes \u00e9tapes de l&#8217;exp\u00e9rience client. Nous op\u00e9rons dans ce secteur depuis pr\u00e8s de 90 ans. Nous r\u00e9alisons les r\u00eaves de nos clients. Ou, comme le dit notre nouveau slogan, &#8221;\u00a0Nous faisons bouger les r\u00eaves\u00a0&#8220;.<\/em><\/p>\n<p><a href=\"http:\/\/lignesauto.fr\/wp-content\/uploads\/2019\/03\/Grigio-2.jpg\"><img loading=\"lazy\" decoding=\"async\" class=\"alignnone wp-image-8601 size-full\" src=\"http:\/\/lignesauto.fr\/wp-content\/uploads\/2019\/03\/Grigio-2.jpg\" alt=\"\" width=\"992\" height=\"554\" srcset=\"https:\/\/lignesauto.fr\/wp-content\/uploads\/2019\/03\/Grigio-2.jpg 992w, https:\/\/lignesauto.fr\/wp-content\/uploads\/2019\/03\/Grigio-2-300x168.jpg 300w, https:\/\/lignesauto.fr\/wp-content\/uploads\/2019\/03\/Grigio-2-768x429.jpg 768w, https:\/\/lignesauto.fr\/wp-content\/uploads\/2019\/03\/Grigio-2-370x207.jpg 370w\" sizes=\"(max-width: 992px) 100vw, 992px\" \/><\/a><\/p>\n<p><strong>Lire et voir aussi :<\/strong><\/p>\n<blockquote class=\"wp-embedded-content\" data-secret=\"J1b8cbNWAn\"><p><a href=\"http:\/\/lignesauto.fr\/?p=8493\">GENEVE 2019 : paroles de Battista&#8230;<\/a><\/p><\/blockquote>\n<p><iframe class=\"wp-embedded-content\" sandbox=\"allow-scripts\" security=\"restricted\" style=\"position: absolute; clip: rect(1px, 1px, 1px, 1px);\" title=\"&#8220;GENEVE 2019 : paroles de Battista&#8230;&#8221; &#8212; LIGNES\/auto\" src=\"http:\/\/lignesauto.fr\/?p=8493&#038;embed=true#?secret=tWuDr29HGp#?secret=J1b8cbNWAn\" data-secret=\"J1b8cbNWAn\" width=\"600\" height=\"338\" frameborder=\"0\" marginwidth=\"0\" marginheight=\"0\" scrolling=\"no\"><\/iframe><\/p>\n<p>&nbsp;<\/p>\n<p><a href=\"http:\/\/lignesauto.fr\/wp-content\/uploads\/2018\/10\/LOGOActus_BD.jpg\"><img loading=\"lazy\" decoding=\"async\" class=\"alignnone size-medium wp-image-4921\" src=\"http:\/\/lignesauto.fr\/wp-content\/uploads\/2018\/10\/LOGOActus_BD-300x108.jpg\" alt=\"\" width=\"300\" height=\"108\" srcset=\"https:\/\/lignesauto.fr\/wp-content\/uploads\/2018\/10\/LOGOActus_BD-300x108.jpg 300w, https:\/\/lignesauto.fr\/wp-content\/uploads\/2018\/10\/LOGOActus_BD-768x276.jpg 768w, https:\/\/lignesauto.fr\/wp-content\/uploads\/2018\/10\/LOGOActus_BD-1024x367.jpg 1024w, https:\/\/lignesauto.fr\/wp-content\/uploads\/2018\/10\/LOGOActus_BD-370x133.jpg 370w, https:\/\/lignesauto.fr\/wp-content\/uploads\/2018\/10\/LOGOActus_BD-1040x373.jpg 1040w, https:\/\/lignesauto.fr\/wp-content\/uploads\/2018\/10\/LOGOActus_BD.jpg 1240w\" sizes=\"(max-width: 300px) 100vw, 300px\" \/><\/a><\/p>\n<p>&nbsp;<\/p>\n","protected":false},"excerpt":{"rendered":"<p>&#8221;\u00a0Nous faisons bouger les r\u00eaves\u00a0&#8220;.\u00a0Paolo Pininfarina Le salon de Gen\u00e8ve ouvrira ses portes demain jeudi 7 mars et parmi les nombreuses nouveaut\u00e9s, les visiteurs pourront d\u00e9couvrir la Battista de Pininfarina. Gian-Battista Pinin Farina est le fondateur de la soci\u00e9t\u00e9 \u00e9ponyme fond\u00e9e en 1930 et son nom se transforma en 1961 [&hellip;]<\/p>\n","protected":false},"author":1,"featured_media":8601,"comment_status":"open","ping_status":"open","sticky":false,"template":"","format":"standard","meta":{"footnotes":""},"categories":[1],"tags":[],"_links":{"self":[{"href":"https:\/\/lignesauto.fr\/index.php?rest_route=\/wp\/v2\/posts\/8588"}],"collection":[{"href":"https:\/\/lignesauto.fr\/index.php?rest_route=\/wp\/v2\/posts"}],"about":[{"href":"https:\/\/lignesauto.fr\/index.php?rest_route=\/wp\/v2\/types\/post"}],"author":[{"embeddable":true,"href":"https:\/\/lignesauto.fr\/index.php?rest_route=\/wp\/v2\/users\/1"}],"replies":[{"embeddable":true,"href":"https:\/\/lignesauto.fr\/index.php?rest_route=%2Fwp%2Fv2%2Fcomments&post=8588"}],"version-history":[{"count":16,"href":"https:\/\/lignesauto.fr\/index.php?rest_route=\/wp\/v2\/posts\/8588\/revisions"}],"predecessor-version":[{"id":8695,"href":"https:\/\/lignesauto.fr\/index.php?rest_route=\/wp\/v2\/posts\/8588\/revisions\/8695"}],"wp:featuredmedia":[{"embeddable":true,"href":"https:\/\/lignesauto.fr\/index.php?rest_route=\/wp\/v2\/media\/8601"}],"wp:attachment":[{"href":"https:\/\/lignesauto.fr\/index.php?rest_route=%2Fwp%2Fv2%2Fmedia&parent=8588"}],"wp:term":[{"taxonomy":"category","embeddable":true,"href":"https:\/\/lignesauto.fr\/index.php?rest_route=%2Fwp%2Fv2%2Fcategories&post=8588"},{"taxonomy":"post_tag","embeddable":true,"href":"https:\/\/lignesauto.fr\/index.php?rest_route=%2Fwp%2Fv2%2Ftags&post=8588"}],"curies":[{"name":"wp","href":"https:\/\/api.w.org\/{rel}","templated":true}]}}