{"id":8610,"date":"2019-03-06T10:36:24","date_gmt":"2019-03-06T09:36:24","guid":{"rendered":"http:\/\/lignesauto.fr\/?p=8610"},"modified":"2019-03-07T10:29:22","modified_gmt":"2019-03-07T09:29:22","slug":"lincroyable-suv-100-electrique-de-lagonda-videos","status":"publish","type":"post","link":"https:\/\/lignesauto.fr\/?p=8610","title":{"rendered":"GENEVE 2019 : l&#8217;incroyable SUV 100 % \u00e9lectrique de Lagonda (videos)"},"content":{"rendered":"<p><a href=\"http:\/\/lignesauto.fr\/wp-content\/uploads\/2018\/10\/LOGOActus_BD.jpg\"><img loading=\"lazy\" decoding=\"async\" class=\"alignnone size-medium wp-image-4921\" src=\"http:\/\/lignesauto.fr\/wp-content\/uploads\/2018\/10\/LOGOActus_BD-300x108.jpg\" alt=\"\" width=\"300\" height=\"108\" srcset=\"https:\/\/lignesauto.fr\/wp-content\/uploads\/2018\/10\/LOGOActus_BD-300x108.jpg 300w, https:\/\/lignesauto.fr\/wp-content\/uploads\/2018\/10\/LOGOActus_BD-768x276.jpg 768w, https:\/\/lignesauto.fr\/wp-content\/uploads\/2018\/10\/LOGOActus_BD-1024x367.jpg 1024w, https:\/\/lignesauto.fr\/wp-content\/uploads\/2018\/10\/LOGOActus_BD-370x133.jpg 370w, https:\/\/lignesauto.fr\/wp-content\/uploads\/2018\/10\/LOGOActus_BD-1040x373.jpg 1040w, https:\/\/lignesauto.fr\/wp-content\/uploads\/2018\/10\/LOGOActus_BD.jpg 1240w\" sizes=\"(max-width: 300px) 100vw, 300px\" \/><\/a><\/p>\n<p><a href=\"http:\/\/lignesauto.fr\/wp-content\/uploads\/2019\/03\/Lagonda-All-Terrain-Concept_02-1-1280x720.jpg\"><img loading=\"lazy\" decoding=\"async\" class=\"alignnone wp-image-8616 size-large\" src=\"http:\/\/lignesauto.fr\/wp-content\/uploads\/2019\/03\/Lagonda-All-Terrain-Concept_02-1-1280x720-1024x576.jpg\" alt=\"\" width=\"1024\" height=\"576\" srcset=\"https:\/\/lignesauto.fr\/wp-content\/uploads\/2019\/03\/Lagonda-All-Terrain-Concept_02-1-1280x720-1024x576.jpg 1024w, https:\/\/lignesauto.fr\/wp-content\/uploads\/2019\/03\/Lagonda-All-Terrain-Concept_02-1-1280x720-300x169.jpg 300w, https:\/\/lignesauto.fr\/wp-content\/uploads\/2019\/03\/Lagonda-All-Terrain-Concept_02-1-1280x720-768x432.jpg 768w, https:\/\/lignesauto.fr\/wp-content\/uploads\/2019\/03\/Lagonda-All-Terrain-Concept_02-1-1280x720-370x208.jpg 370w, https:\/\/lignesauto.fr\/wp-content\/uploads\/2019\/03\/Lagonda-All-Terrain-Concept_02-1-1280x720-1040x585.jpg 1040w, https:\/\/lignesauto.fr\/wp-content\/uploads\/2019\/03\/Lagonda-All-Terrain-Concept_02-1-1280x720.jpg 1280w\" sizes=\"(max-width: 1024px) 100vw, 1024px\" \/><\/a><\/p>\n<p>Le concept-car Lagonda &#8220;All-Terrain Concept&#8221; pr\u00e9sente en avant-premi\u00e8re le nouveau langage formel du design Lagonda, d\u00e9j\u00e0 annonc\u00e9 par le concept &#8220;Vision Concep &#8221; d\u00e9voil\u00e9 au Salon de l&#8217;automobile de Gen\u00e8ve 2018. Un an plus tard, le &#8220;All Terrain Concept&#8221; donne un aper\u00e7u du premier mod\u00e8le de s\u00e9rie de la marque de luxe, exclusivement motoris\u00e9 par la f\u00e9e \u00e9lectrique !<\/p>\n<p><iframe loading=\"lazy\" title=\"LIGNESLAGONDA01\" width=\"640\" height=\"360\" src=\"https:\/\/www.youtube.com\/embed\/Nzg-idJ6aq4?feature=oembed\" frameborder=\"0\" allow=\"accelerometer; autoplay; clipboard-write; encrypted-media; gyroscope; picture-in-picture; web-share\" referrerpolicy=\"strict-origin-when-cross-origin\" allowfullscreen><\/iframe><\/p>\n<p>Le PDG d&#8217;Aston Martin Lagonda, Andy Palmer, d\u00e9clare que le concept <em>&#8220;montre comment l&#8217;entreprise s&#8217;efforcera d&#8217;\u00e9largir ses horizons dans tous les domaines, qu&#8217;il s&#8217;agisse de la technologie, du design ou de la mobilit\u00e9 de demain.&#8221;<\/em><\/p>\n<p><a href=\"http:\/\/lignesauto.fr\/wp-content\/uploads\/2019\/03\/LIGNESLAGONDA01.jpg\"><img loading=\"lazy\" decoding=\"async\" class=\"alignnone wp-image-8612 size-large\" src=\"http:\/\/lignesauto.fr\/wp-content\/uploads\/2019\/03\/LIGNESLAGONDA01-1024x576.jpg\" alt=\"\" width=\"1024\" height=\"576\" srcset=\"https:\/\/lignesauto.fr\/wp-content\/uploads\/2019\/03\/LIGNESLAGONDA01-1024x576.jpg 1024w, https:\/\/lignesauto.fr\/wp-content\/uploads\/2019\/03\/LIGNESLAGONDA01-300x169.jpg 300w, https:\/\/lignesauto.fr\/wp-content\/uploads\/2019\/03\/LIGNESLAGONDA01-768x432.jpg 768w, https:\/\/lignesauto.fr\/wp-content\/uploads\/2019\/03\/LIGNESLAGONDA01-370x208.jpg 370w, https:\/\/lignesauto.fr\/wp-content\/uploads\/2019\/03\/LIGNESLAGONDA01-1040x585.jpg 1040w, https:\/\/lignesauto.fr\/wp-content\/uploads\/2019\/03\/LIGNESLAGONDA01.jpg 1280w\" sizes=\"(max-width: 1024px) 100vw, 1024px\" \/><\/a><\/p>\n<p>Ce concept-car Lagonda annonce le v\u00e9hicule de s\u00e9rie qui sera produit\u00a0en 2022 dans la nouvelle usine de St.Athan, situ\u00e9e au Pays de Galles.<br \/>\n<em>&#8220;Il d\u00e9montre l&#8217;audace de Lagonda&#8230;&#8221;<\/em> poursuit Andy Palmer.<\/p>\n<p><iframe loading=\"lazy\" title=\"LIGNESLAGONDA02\" width=\"640\" height=\"360\" src=\"https:\/\/www.youtube.com\/embed\/PXKRR8yptoY?feature=oembed\" frameborder=\"0\" allow=\"accelerometer; autoplay; clipboard-write; encrypted-media; gyroscope; picture-in-picture; web-share\" referrerpolicy=\"strict-origin-when-cross-origin\" allowfullscreen><\/iframe><\/p>\n<p><strong>Nous vous laissons seul juge avec nos vid\u00e9os et esquisses du constructeur&#8230;<\/strong><\/p>\n<p><strong>ENGLISH<\/strong> : &#8220;The Lagonda concept car &#8220;All-Terrain Concept&#8221; presents a preview of the new formal language of Lagonda design, already announced by the &#8220;Vision Concep&#8221; concept unveiled at the 2018 Geneva Motor Show. One year later, the &#8220;All Terrain Concept&#8221; gives an overview of the luxury brand&#8217;s first production model, exclusively powered by the electric fairy !\u00a0Aston Martin Lagonda CEO Andy Palmer says the concept &#8220;shows how the company will strive to broaden its horizons in all areas, from technology to design to the mobility of tomorrow.&#8221;\u00a0This Lagonda concept car announces the production vehicle that will be produced in 2022 in the new St. Athan factory in Wales.<br \/>\n&#8220;It shows Lagonda&#8217;s boldness&#8230;&#8221; continues Andy Palmer.<\/p>\n<p><a href=\"http:\/\/lignesauto.fr\/wp-content\/uploads\/2019\/03\/LIGNESLAGONDA06.jpg\"><img loading=\"lazy\" decoding=\"async\" class=\"alignnone wp-image-8614 size-large\" src=\"http:\/\/lignesauto.fr\/wp-content\/uploads\/2019\/03\/LIGNESLAGONDA06-1024x576.jpg\" alt=\"\" width=\"1024\" height=\"576\" srcset=\"https:\/\/lignesauto.fr\/wp-content\/uploads\/2019\/03\/LIGNESLAGONDA06-1024x576.jpg 1024w, https:\/\/lignesauto.fr\/wp-content\/uploads\/2019\/03\/LIGNESLAGONDA06-300x169.jpg 300w, https:\/\/lignesauto.fr\/wp-content\/uploads\/2019\/03\/LIGNESLAGONDA06-768x432.jpg 768w, https:\/\/lignesauto.fr\/wp-content\/uploads\/2019\/03\/LIGNESLAGONDA06-370x208.jpg 370w, https:\/\/lignesauto.fr\/wp-content\/uploads\/2019\/03\/LIGNESLAGONDA06-1040x585.jpg 1040w, https:\/\/lignesauto.fr\/wp-content\/uploads\/2019\/03\/LIGNESLAGONDA06.jpg 1280w\" sizes=\"(max-width: 1024px) 100vw, 1024px\" \/><\/a><\/p>\n<p><a href=\"http:\/\/lignesauto.fr\/wp-content\/uploads\/2019\/03\/IGNESLAGONDAO5.jpg\"><img loading=\"lazy\" decoding=\"async\" class=\"alignnone wp-image-8615 size-large\" src=\"http:\/\/lignesauto.fr\/wp-content\/uploads\/2019\/03\/IGNESLAGONDAO5-1024x576.jpg\" alt=\"\" width=\"1024\" height=\"576\" srcset=\"https:\/\/lignesauto.fr\/wp-content\/uploads\/2019\/03\/IGNESLAGONDAO5-1024x576.jpg 1024w, https:\/\/lignesauto.fr\/wp-content\/uploads\/2019\/03\/IGNESLAGONDAO5-300x169.jpg 300w, https:\/\/lignesauto.fr\/wp-content\/uploads\/2019\/03\/IGNESLAGONDAO5-768x432.jpg 768w, https:\/\/lignesauto.fr\/wp-content\/uploads\/2019\/03\/IGNESLAGONDAO5-370x208.jpg 370w, https:\/\/lignesauto.fr\/wp-content\/uploads\/2019\/03\/IGNESLAGONDAO5-1040x585.jpg 1040w, https:\/\/lignesauto.fr\/wp-content\/uploads\/2019\/03\/IGNESLAGONDAO5.jpg 1280w\" sizes=\"(max-width: 1024px) 100vw, 1024px\" \/><\/a><\/p>\n<p><a href=\"http:\/\/lignesauto.fr\/wp-content\/uploads\/2018\/10\/LOGOActus_BD.jpg\"><img loading=\"lazy\" decoding=\"async\" class=\"alignnone size-medium wp-image-4921\" src=\"http:\/\/lignesauto.fr\/wp-content\/uploads\/2018\/10\/LOGOActus_BD-300x108.jpg\" alt=\"\" width=\"300\" height=\"108\" srcset=\"https:\/\/lignesauto.fr\/wp-content\/uploads\/2018\/10\/LOGOActus_BD-300x108.jpg 300w, https:\/\/lignesauto.fr\/wp-content\/uploads\/2018\/10\/LOGOActus_BD-768x276.jpg 768w, https:\/\/lignesauto.fr\/wp-content\/uploads\/2018\/10\/LOGOActus_BD-1024x367.jpg 1024w, https:\/\/lignesauto.fr\/wp-content\/uploads\/2018\/10\/LOGOActus_BD-370x133.jpg 370w, https:\/\/lignesauto.fr\/wp-content\/uploads\/2018\/10\/LOGOActus_BD-1040x373.jpg 1040w, https:\/\/lignesauto.fr\/wp-content\/uploads\/2018\/10\/LOGOActus_BD.jpg 1240w\" sizes=\"(max-width: 300px) 100vw, 300px\" \/><\/a><\/p>\n","protected":false},"excerpt":{"rendered":"<p>Le concept-car Lagonda &#8220;All-Terrain Concept&#8221; pr\u00e9sente en avant-premi\u00e8re le nouveau langage formel du design Lagonda, d\u00e9j\u00e0 annonc\u00e9 par le concept &#8220;Vision Concep &#8221; d\u00e9voil\u00e9 au Salon de l&#8217;automobile de Gen\u00e8ve 2018. Un an plus tard, le &#8220;All Terrain Concept&#8221; donne un aper\u00e7u du premier mod\u00e8le de s\u00e9rie de la marque [&hellip;]<\/p>\n","protected":false},"author":1,"featured_media":8617,"comment_status":"open","ping_status":"open","sticky":false,"template":"","format":"standard","meta":{"footnotes":""},"categories":[1],"tags":[],"_links":{"self":[{"href":"https:\/\/lignesauto.fr\/index.php?rest_route=\/wp\/v2\/posts\/8610"}],"collection":[{"href":"https:\/\/lignesauto.fr\/index.php?rest_route=\/wp\/v2\/posts"}],"about":[{"href":"https:\/\/lignesauto.fr\/index.php?rest_route=\/wp\/v2\/types\/post"}],"author":[{"embeddable":true,"href":"https:\/\/lignesauto.fr\/index.php?rest_route=\/wp\/v2\/users\/1"}],"replies":[{"embeddable":true,"href":"https:\/\/lignesauto.fr\/index.php?rest_route=%2Fwp%2Fv2%2Fcomments&post=8610"}],"version-history":[{"count":7,"href":"https:\/\/lignesauto.fr\/index.php?rest_route=\/wp\/v2\/posts\/8610\/revisions"}],"predecessor-version":[{"id":8683,"href":"https:\/\/lignesauto.fr\/index.php?rest_route=\/wp\/v2\/posts\/8610\/revisions\/8683"}],"wp:featuredmedia":[{"embeddable":true,"href":"https:\/\/lignesauto.fr\/index.php?rest_route=\/wp\/v2\/media\/8617"}],"wp:attachment":[{"href":"https:\/\/lignesauto.fr\/index.php?rest_route=%2Fwp%2Fv2%2Fmedia&parent=8610"}],"wp:term":[{"taxonomy":"category","embeddable":true,"href":"https:\/\/lignesauto.fr\/index.php?rest_route=%2Fwp%2Fv2%2Fcategories&post=8610"},{"taxonomy":"post_tag","embeddable":true,"href":"https:\/\/lignesauto.fr\/index.php?rest_route=%2Fwp%2Fv2%2Ftags&post=8610"}],"curies":[{"name":"wp","href":"https:\/\/api.w.org\/{rel}","templated":true}]}}