{"id":8632,"date":"2019-03-06T18:30:23","date_gmt":"2019-03-06T17:30:23","guid":{"rendered":"http:\/\/lignesauto.fr\/?p=8632"},"modified":"2019-03-07T10:29:02","modified_gmt":"2019-03-07T09:29:02","slug":"bugatti-la-voiture-noire-11-millions-deuros","status":"publish","type":"post","link":"https:\/\/lignesauto.fr\/?p=8632","title":{"rendered":"GENEVE 2019 : Bugatti &#8220;La voiture noire&#8221; : 11 millions d&#8217;euros !"},"content":{"rendered":"<p><a href=\"http:\/\/lignesauto.fr\/wp-content\/uploads\/2018\/10\/LOGOActus_BD.jpg\"><img loading=\"lazy\" decoding=\"async\" class=\"alignnone size-medium wp-image-4921\" src=\"http:\/\/lignesauto.fr\/wp-content\/uploads\/2018\/10\/LOGOActus_BD-300x108.jpg\" alt=\"\" width=\"300\" height=\"108\" srcset=\"https:\/\/lignesauto.fr\/wp-content\/uploads\/2018\/10\/LOGOActus_BD-300x108.jpg 300w, https:\/\/lignesauto.fr\/wp-content\/uploads\/2018\/10\/LOGOActus_BD-768x276.jpg 768w, https:\/\/lignesauto.fr\/wp-content\/uploads\/2018\/10\/LOGOActus_BD-1024x367.jpg 1024w, https:\/\/lignesauto.fr\/wp-content\/uploads\/2018\/10\/LOGOActus_BD-370x133.jpg 370w, https:\/\/lignesauto.fr\/wp-content\/uploads\/2018\/10\/LOGOActus_BD-1040x373.jpg 1040w, https:\/\/lignesauto.fr\/wp-content\/uploads\/2018\/10\/LOGOActus_BD.jpg 1240w\" sizes=\"(max-width: 300px) 100vw, 300px\" \/><\/a><\/p>\n<p>&nbsp;<\/p>\n<p><em>&#8220;Achet\u00e9e 11 millions d\u2019euros par un collectionneur, &#8216;La Voiture Noire&#8217; <strong>produite en un exemplaire unique<\/strong> est d\u00e9sormais la voiture la plus ch\u00e8re au monde et entre dans la longue histoire de Bugatti\u00a0: depuis la fondation de l\u2019entreprise en 1909, la marque fran\u00e7aise produit les sportives et les voitures de luxe les plus performantes au monde en restant fid\u00e8le au credo d\u2019Ettore Bugatti\u00a0: \u00ab\u00a0Si c\u2019est comparable, ce n\u2019est plus Bugatti.\u00a0\u00bb<\/em><\/p>\n<p><a href=\"http:\/\/lignesauto.fr\/wp-content\/uploads\/2019\/03\/se-image-4b7306eb8f73ea15e91a287a64036839.jpg\"><img loading=\"lazy\" decoding=\"async\" class=\"alignnone wp-image-8634 size-large\" src=\"http:\/\/lignesauto.fr\/wp-content\/uploads\/2019\/03\/se-image-4b7306eb8f73ea15e91a287a64036839-1024x576.jpg\" alt=\"\" width=\"1024\" height=\"576\" srcset=\"https:\/\/lignesauto.fr\/wp-content\/uploads\/2019\/03\/se-image-4b7306eb8f73ea15e91a287a64036839-1024x576.jpg 1024w, https:\/\/lignesauto.fr\/wp-content\/uploads\/2019\/03\/se-image-4b7306eb8f73ea15e91a287a64036839-300x169.jpg 300w, https:\/\/lignesauto.fr\/wp-content\/uploads\/2019\/03\/se-image-4b7306eb8f73ea15e91a287a64036839-768x432.jpg 768w, https:\/\/lignesauto.fr\/wp-content\/uploads\/2019\/03\/se-image-4b7306eb8f73ea15e91a287a64036839-370x208.jpg 370w, https:\/\/lignesauto.fr\/wp-content\/uploads\/2019\/03\/se-image-4b7306eb8f73ea15e91a287a64036839-1040x585.jpg 1040w, https:\/\/lignesauto.fr\/wp-content\/uploads\/2019\/03\/se-image-4b7306eb8f73ea15e91a287a64036839.jpg 1920w\" sizes=\"(max-width: 1024px) 100vw, 1024px\" \/><\/a><\/p>\n<p><strong><em>&#8220;2019 est une ann\u00e9e particuli\u00e8re\u00a0: Bugatti f\u00eate ses 110 ans, l&#8217;occasion de rappeler nos origines fran\u00e7aises\u00a0\u00bb<\/em> clame Stephan Winkelmann, Pr\u00e9sident de Bugatti.<\/strong><\/p>\n<p>D\u00e9couvrez le stand de Gen\u00e8ve avec la vid\u00e9o LIGNES\/auto :<\/p>\n<p><iframe loading=\"lazy\" title=\"LIGNESBUG02\" width=\"640\" height=\"360\" src=\"https:\/\/www.youtube.com\/embed\/v3ncunbf8Vw?feature=oembed\" frameborder=\"0\" allow=\"accelerometer; autoplay; clipboard-write; encrypted-media; gyroscope; picture-in-picture; web-share\" referrerpolicy=\"strict-origin-when-cross-origin\" allowfullscreen><\/iframe><\/p>\n<p>Avec \u00ab\u00a0La Voiture Noire\u00a0\u00bb, Bugatti d\u00e9montre sa capacit\u00e9 \u00e0 produire les hypersportives les plus pr\u00e9cieuses et les plus exclusives au monde. Bugatti pr\u00e9cise que <em>&#8220;pour le monde de l\u2019automobile, le nom de \u00ab\u00a0voiture noire\u00a0\u00bb rev\u00eat une signification particuli\u00e8re\u00a0: Jean, le fils d\u2019Ettore Bugatti, a construit et conduit l\u2019un des 4 mod\u00e8les Type 57 SC Atlantic. Il d\u00e9cide de l\u2019appeler \u00ab\u00a0La Voiture Noire\u00a0\u00bb. Peu avant la Seconde Guerre mondiale, le v\u00e9hicule dispara\u00eet sans laisser de traces. Aujourd\u2019hui encore, cette myst\u00e9rieuse disparition constitue l\u2019une des plus grandes \u00e9nigmes du monde de l\u2019automobile et conf\u00e8re \u00e0 la sportive une valeur inestimable.&#8221;<\/em><\/p>\n<p><a href=\"http:\/\/lignesauto.fr\/wp-content\/uploads\/2019\/03\/se-image-33b1808239094a4d6706904a07b763ac.jpg\"><img loading=\"lazy\" decoding=\"async\" class=\"alignnone wp-image-8635 size-large\" src=\"http:\/\/lignesauto.fr\/wp-content\/uploads\/2019\/03\/se-image-33b1808239094a4d6706904a07b763ac-1024x576.jpg\" alt=\"\" width=\"1024\" height=\"576\" srcset=\"https:\/\/lignesauto.fr\/wp-content\/uploads\/2019\/03\/se-image-33b1808239094a4d6706904a07b763ac-1024x576.jpg 1024w, https:\/\/lignesauto.fr\/wp-content\/uploads\/2019\/03\/se-image-33b1808239094a4d6706904a07b763ac-300x169.jpg 300w, https:\/\/lignesauto.fr\/wp-content\/uploads\/2019\/03\/se-image-33b1808239094a4d6706904a07b763ac-768x432.jpg 768w, https:\/\/lignesauto.fr\/wp-content\/uploads\/2019\/03\/se-image-33b1808239094a4d6706904a07b763ac-370x208.jpg 370w, https:\/\/lignesauto.fr\/wp-content\/uploads\/2019\/03\/se-image-33b1808239094a4d6706904a07b763ac-1040x585.jpg 1040w, https:\/\/lignesauto.fr\/wp-content\/uploads\/2019\/03\/se-image-33b1808239094a4d6706904a07b763ac.jpg 1920w\" sizes=\"(max-width: 1024px) 100vw, 1024px\" \/><\/a><\/p>\n<p><em>&#8220;Pour Bugatti, \u2018La Voiture Noire\u2019 n\u2019est pas seulement une r\u00e9miniscence de l\u2019Atlantic\u00a0: il s\u2019agit aussi de rappeler la longue tradition de la marque tout en rendant hommage \u00e0 la France et \u00e0 la cr\u00e9ativit\u00e9 de Jean Bugatti&#8221;<\/em>, d\u00e9clare Stephan Winkelmann. <em>&#8220;Nous ouvrons une nouvelle \u00e8re en mati\u00e8re de technique, d\u2019esth\u00e9tique et de luxe absolu.&#8221;<\/em><\/p>\n<p><a href=\"http:\/\/lignesauto.fr\/wp-content\/uploads\/2019\/03\/se-image-793a88320fff72309d3275a38f979dd9.jpg\"><img loading=\"lazy\" decoding=\"async\" class=\"alignnone wp-image-8636 size-large\" src=\"http:\/\/lignesauto.fr\/wp-content\/uploads\/2019\/03\/se-image-793a88320fff72309d3275a38f979dd9-1024x576.jpg\" alt=\"\" width=\"1024\" height=\"576\" srcset=\"https:\/\/lignesauto.fr\/wp-content\/uploads\/2019\/03\/se-image-793a88320fff72309d3275a38f979dd9-1024x576.jpg 1024w, https:\/\/lignesauto.fr\/wp-content\/uploads\/2019\/03\/se-image-793a88320fff72309d3275a38f979dd9-300x169.jpg 300w, https:\/\/lignesauto.fr\/wp-content\/uploads\/2019\/03\/se-image-793a88320fff72309d3275a38f979dd9-768x432.jpg 768w, https:\/\/lignesauto.fr\/wp-content\/uploads\/2019\/03\/se-image-793a88320fff72309d3275a38f979dd9-370x208.jpg 370w, https:\/\/lignesauto.fr\/wp-content\/uploads\/2019\/03\/se-image-793a88320fff72309d3275a38f979dd9-1040x585.jpg 1040w, https:\/\/lignesauto.fr\/wp-content\/uploads\/2019\/03\/se-image-793a88320fff72309d3275a38f979dd9.jpg 1920w\" sizes=\"(max-width: 1024px) 100vw, 1024px\" \/><\/a><\/p>\n<p>L\u2019hypersportive a \u00e9t\u00e9 enti\u00e8rement mont\u00e9e \u00e0 la main pour un amateur de Bugatti. &#8220;\u2018La Voiture Noire concentre tous les superlatifs&#8221;, se f\u00e9licite Stephan Winkelmann. &#8220;Elle allie design, qualit\u00e9, mat\u00e9riaux nobles et motorisation exceptionnelle. Le moteur central de 16 cylindres et 8 litres de cylindr\u00e9e d\u00e9veloppe une puissance de 1\u00a0500\u00a0ch.&#8221;<\/p>\n<p><a href=\"http:\/\/lignesauto.fr\/wp-content\/uploads\/2019\/03\/se-image-fc583986ff85d52e59053a0e6bdb1a1f.jpg\"><img loading=\"lazy\" decoding=\"async\" class=\"alignnone wp-image-8637 size-large\" src=\"http:\/\/lignesauto.fr\/wp-content\/uploads\/2019\/03\/se-image-fc583986ff85d52e59053a0e6bdb1a1f-1024x576.jpg\" alt=\"\" width=\"1024\" height=\"576\" srcset=\"https:\/\/lignesauto.fr\/wp-content\/uploads\/2019\/03\/se-image-fc583986ff85d52e59053a0e6bdb1a1f-1024x576.jpg 1024w, https:\/\/lignesauto.fr\/wp-content\/uploads\/2019\/03\/se-image-fc583986ff85d52e59053a0e6bdb1a1f-300x169.jpg 300w, https:\/\/lignesauto.fr\/wp-content\/uploads\/2019\/03\/se-image-fc583986ff85d52e59053a0e6bdb1a1f-768x432.jpg 768w, https:\/\/lignesauto.fr\/wp-content\/uploads\/2019\/03\/se-image-fc583986ff85d52e59053a0e6bdb1a1f-370x208.jpg 370w, https:\/\/lignesauto.fr\/wp-content\/uploads\/2019\/03\/se-image-fc583986ff85d52e59053a0e6bdb1a1f-1040x585.jpg 1040w, https:\/\/lignesauto.fr\/wp-content\/uploads\/2019\/03\/se-image-fc583986ff85d52e59053a0e6bdb1a1f.jpg 1920w\" sizes=\"(max-width: 1024px) 100vw, 1024px\" \/><\/a><\/p>\n<p><a href=\"http:\/\/lignesauto.fr\/wp-content\/uploads\/2018\/10\/LOGOActus_BD.jpg\"><img loading=\"lazy\" decoding=\"async\" class=\"alignnone size-medium wp-image-4921\" src=\"http:\/\/lignesauto.fr\/wp-content\/uploads\/2018\/10\/LOGOActus_BD-300x108.jpg\" alt=\"\" width=\"300\" height=\"108\" srcset=\"https:\/\/lignesauto.fr\/wp-content\/uploads\/2018\/10\/LOGOActus_BD-300x108.jpg 300w, https:\/\/lignesauto.fr\/wp-content\/uploads\/2018\/10\/LOGOActus_BD-768x276.jpg 768w, https:\/\/lignesauto.fr\/wp-content\/uploads\/2018\/10\/LOGOActus_BD-1024x367.jpg 1024w, https:\/\/lignesauto.fr\/wp-content\/uploads\/2018\/10\/LOGOActus_BD-370x133.jpg 370w, https:\/\/lignesauto.fr\/wp-content\/uploads\/2018\/10\/LOGOActus_BD-1040x373.jpg 1040w, https:\/\/lignesauto.fr\/wp-content\/uploads\/2018\/10\/LOGOActus_BD.jpg 1240w\" sizes=\"(max-width: 300px) 100vw, 300px\" \/><\/a><\/p>\n","protected":false},"excerpt":{"rendered":"<p>&nbsp; &#8220;Achet\u00e9e 11 millions d\u2019euros par un collectionneur, &#8216;La Voiture Noire&#8217; produite en un exemplaire unique est d\u00e9sormais la voiture la plus ch\u00e8re au monde et entre dans la longue histoire de Bugatti\u00a0: depuis la fondation de l\u2019entreprise en 1909, la marque fran\u00e7aise produit les sportives et les voitures de [&hellip;]<\/p>\n","protected":false},"author":1,"featured_media":8636,"comment_status":"open","ping_status":"open","sticky":false,"template":"","format":"standard","meta":{"footnotes":""},"categories":[1],"tags":[],"_links":{"self":[{"href":"https:\/\/lignesauto.fr\/index.php?rest_route=\/wp\/v2\/posts\/8632"}],"collection":[{"href":"https:\/\/lignesauto.fr\/index.php?rest_route=\/wp\/v2\/posts"}],"about":[{"href":"https:\/\/lignesauto.fr\/index.php?rest_route=\/wp\/v2\/types\/post"}],"author":[{"embeddable":true,"href":"https:\/\/lignesauto.fr\/index.php?rest_route=\/wp\/v2\/users\/1"}],"replies":[{"embeddable":true,"href":"https:\/\/lignesauto.fr\/index.php?rest_route=%2Fwp%2Fv2%2Fcomments&post=8632"}],"version-history":[{"count":7,"href":"https:\/\/lignesauto.fr\/index.php?rest_route=\/wp\/v2\/posts\/8632\/revisions"}],"predecessor-version":[{"id":8682,"href":"https:\/\/lignesauto.fr\/index.php?rest_route=\/wp\/v2\/posts\/8632\/revisions\/8682"}],"wp:featuredmedia":[{"embeddable":true,"href":"https:\/\/lignesauto.fr\/index.php?rest_route=\/wp\/v2\/media\/8636"}],"wp:attachment":[{"href":"https:\/\/lignesauto.fr\/index.php?rest_route=%2Fwp%2Fv2%2Fmedia&parent=8632"}],"wp:term":[{"taxonomy":"category","embeddable":true,"href":"https:\/\/lignesauto.fr\/index.php?rest_route=%2Fwp%2Fv2%2Fcategories&post=8632"},{"taxonomy":"post_tag","embeddable":true,"href":"https:\/\/lignesauto.fr\/index.php?rest_route=%2Fwp%2Fv2%2Ftags&post=8632"}],"curies":[{"name":"wp","href":"https:\/\/api.w.org\/{rel}","templated":true}]}}