{"id":8771,"date":"2019-03-16T16:30:10","date_gmt":"2019-03-16T15:30:10","guid":{"rendered":"http:\/\/lignesauto.fr\/?p=8771"},"modified":"2019-03-16T16:45:25","modified_gmt":"2019-03-16T15:45:25","slug":"porsche-taycan-deja-plus-de-20-000-acheteurs-potentiels","status":"publish","type":"post","link":"https:\/\/lignesauto.fr\/?p=8771","title":{"rendered":"Porsche Taycan : d\u00e9j\u00e0 plus de 20 000 acheteurs potentiels &#8211; Nouvelles photos et vid\u00e9o"},"content":{"rendered":"<p><a href=\"http:\/\/lignesauto.fr\/wp-content\/uploads\/2018\/10\/LOGOActus_BD.jpg\"><img loading=\"lazy\" decoding=\"async\" class=\"alignnone size-medium wp-image-4921\" src=\"http:\/\/lignesauto.fr\/wp-content\/uploads\/2018\/10\/LOGOActus_BD-300x108.jpg\" alt=\"\" width=\"300\" height=\"108\" srcset=\"https:\/\/lignesauto.fr\/wp-content\/uploads\/2018\/10\/LOGOActus_BD-300x108.jpg 300w, https:\/\/lignesauto.fr\/wp-content\/uploads\/2018\/10\/LOGOActus_BD-768x276.jpg 768w, https:\/\/lignesauto.fr\/wp-content\/uploads\/2018\/10\/LOGOActus_BD-1024x367.jpg 1024w, https:\/\/lignesauto.fr\/wp-content\/uploads\/2018\/10\/LOGOActus_BD-370x133.jpg 370w, https:\/\/lignesauto.fr\/wp-content\/uploads\/2018\/10\/LOGOActus_BD-1040x373.jpg 1040w, https:\/\/lignesauto.fr\/wp-content\/uploads\/2018\/10\/LOGOActus_BD.jpg 1240w\" sizes=\"(max-width: 300px) 100vw, 300px\" \/><\/a><\/p>\n<p>La &#8220;souscription&#8221; (!) permettant de pouvoir r\u00e9server sa Porsche Taycan 100% \u00e9lectrique a remport\u00e9 un succ\u00e8s certain.<br \/>\nVoire un certain succ\u00e8s d&#8217;apr\u00e8s le constructeur allemand.<\/p>\n<p><a href=\"http:\/\/lignesauto.fr\/wp-content\/uploads\/2019\/03\/P15_1120_a4_rgb.jpg\"><img loading=\"lazy\" decoding=\"async\" class=\"alignnone wp-image-8775 size-large\" src=\"http:\/\/lignesauto.fr\/wp-content\/uploads\/2019\/03\/P15_1120_a4_rgb-1024x512.jpg\" alt=\"\" width=\"1024\" height=\"512\" srcset=\"https:\/\/lignesauto.fr\/wp-content\/uploads\/2019\/03\/P15_1120_a4_rgb-1024x512.jpg 1024w, https:\/\/lignesauto.fr\/wp-content\/uploads\/2019\/03\/P15_1120_a4_rgb-300x150.jpg 300w, https:\/\/lignesauto.fr\/wp-content\/uploads\/2019\/03\/P15_1120_a4_rgb-768x384.jpg 768w, https:\/\/lignesauto.fr\/wp-content\/uploads\/2019\/03\/P15_1120_a4_rgb-370x185.jpg 370w, https:\/\/lignesauto.fr\/wp-content\/uploads\/2019\/03\/P15_1120_a4_rgb-1040x520.jpg 1040w\" sizes=\"(max-width: 1024px) 100vw, 1024px\" \/><\/a><\/p>\n<p>&#8220;<em>La Taycan fait l&#8217;objet d&#8217;une attention consid\u00e9rable dans le monde entier. Elle ne sera pr\u00e9sent\u00e9e qu&#8217;en septembre et m\u00eame si son design final n&#8217;est pas encore connu, il y a plus de 20 000 personnes dans le monde qui sont s\u00e9rieusement int\u00e9ress\u00e9es par l&#8217;achat de cette nouvelle Porsche.<\/em>&#8221; Rappelons, si vous \u00eates int\u00e9ress\u00e9s, que chaque inscription \u00e0 cette &#8220;souscription&#8221; n\u00e9cessite un\u00a0acompte de 2 500 \u20ac (en Europe).<\/p>\n<p><a href=\"http:\/\/lignesauto.fr\/wp-content\/uploads\/2019\/03\/0-4.jpeg\"><img loading=\"lazy\" decoding=\"async\" class=\"alignnone wp-image-8943 size-large\" src=\"http:\/\/lignesauto.fr\/wp-content\/uploads\/2019\/03\/0-4-1024x819.jpeg\" alt=\"\" width=\"1024\" height=\"819\" srcset=\"https:\/\/lignesauto.fr\/wp-content\/uploads\/2019\/03\/0-4-1024x819.jpeg 1024w, https:\/\/lignesauto.fr\/wp-content\/uploads\/2019\/03\/0-4-300x240.jpeg 300w, https:\/\/lignesauto.fr\/wp-content\/uploads\/2019\/03\/0-4-768x614.jpeg 768w, https:\/\/lignesauto.fr\/wp-content\/uploads\/2019\/03\/0-4-370x296.jpeg 370w, https:\/\/lignesauto.fr\/wp-content\/uploads\/2019\/03\/0-4-1040x832.jpeg 1040w, https:\/\/lignesauto.fr\/wp-content\/uploads\/2019\/03\/0-4.jpeg 1350w\" sizes=\"(max-width: 1024px) 100vw, 1024px\" \/><\/a><br \/>\n<em>La mise au point est pratiquement achev\u00e9e, en attendant la pr\u00e9sentation au salon de Francfort, en septembre prochain.<\/em><\/p>\n<p>La Porsche Taycan sera lanc\u00e9e en septembre et la commercialisation d\u00e9butera avant la fin de l&#8217;ann\u00e9e. Elle pourra acc\u00e9l\u00e9rer de 0 \u00e0 100 km\/h en moins de 3,5 secondes. L&#8217;autonomie sera de plus de 500 kilom\u00e8tres. De plus, il sera possible en seulement quatre minutes de recharger l&#8217;\u00e9quivalent d&#8217;une centaine de kilom\u00e8tres.<\/p>\n<p><a href=\"http:\/\/lignesauto.fr\/wp-content\/uploads\/2019\/03\/S18_1835_fine.jpg\"><img loading=\"lazy\" decoding=\"async\" class=\"wp-image-8779 size-large\" src=\"http:\/\/lignesauto.fr\/wp-content\/uploads\/2019\/03\/S18_1835_fine-1024x683.jpg\" alt=\"\" width=\"1024\" height=\"683\" srcset=\"https:\/\/lignesauto.fr\/wp-content\/uploads\/2019\/03\/S18_1835_fine-1024x683.jpg 1024w, https:\/\/lignesauto.fr\/wp-content\/uploads\/2019\/03\/S18_1835_fine-300x200.jpg 300w, https:\/\/lignesauto.fr\/wp-content\/uploads\/2019\/03\/S18_1835_fine-768x512.jpg 768w, https:\/\/lignesauto.fr\/wp-content\/uploads\/2019\/03\/S18_1835_fine-370x247.jpg 370w, https:\/\/lignesauto.fr\/wp-content\/uploads\/2019\/03\/S18_1835_fine-1040x693.jpg 1040w\" sizes=\"(max-width: 1024px) 100vw, 1024px\" \/><\/a><\/p>\n<p><em>&#8220;L&#8217;int\u00e9r\u00eat suscit\u00e9 par la Taycan nous montre que nos clients et nos fans sont tout aussi enthousiastes que nous \u00e0 l&#8217;\u00e9gard de la premi\u00e8re Porsche \u00e9lectrique &#8211; et nous avons donc augment\u00e9 nos capacit\u00e9s de production &#8220;, <\/em>confirme Detlev von Platen, membre de la direction des ventes et du marketing chez Porsche. <em>&#8220;La Taycan sera le v\u00e9hicule le plus sportif et le plus techniquement avanc\u00e9 de son segment : une vraie Porsche.&#8221;<\/em><\/p>\n<p><a href=\"http:\/\/lignesauto.fr\/wp-content\/uploads\/2019\/03\/P18_0509_a4_rgb.jpg\"><img loading=\"lazy\" decoding=\"async\" class=\"alignnone wp-image-8778 size-large\" src=\"http:\/\/lignesauto.fr\/wp-content\/uploads\/2019\/03\/P18_0509_a4_rgb-1024x583.jpg\" alt=\"\" width=\"1024\" height=\"583\" srcset=\"https:\/\/lignesauto.fr\/wp-content\/uploads\/2019\/03\/P18_0509_a4_rgb-1024x583.jpg 1024w, https:\/\/lignesauto.fr\/wp-content\/uploads\/2019\/03\/P18_0509_a4_rgb-300x171.jpg 300w, https:\/\/lignesauto.fr\/wp-content\/uploads\/2019\/03\/P18_0509_a4_rgb-768x437.jpg 768w, https:\/\/lignesauto.fr\/wp-content\/uploads\/2019\/03\/P18_0509_a4_rgb-370x211.jpg 370w, https:\/\/lignesauto.fr\/wp-content\/uploads\/2019\/03\/P18_0509_a4_rgb-1040x592.jpg 1040w\" sizes=\"(max-width: 1024px) 100vw, 1024px\" \/><\/a><\/p>\n<p><em>Cette plateforme 100% \u00e9lectrique sera partag\u00e9e au sein du groupe Volkswagen&#8230;<\/em><\/p>\n<p><a href=\"http:\/\/lignesauto.fr\/wp-content\/uploads\/2019\/03\/0-2.jpeg\"><img loading=\"lazy\" decoding=\"async\" class=\"alignnone wp-image-8945 size-large\" src=\"http:\/\/lignesauto.fr\/wp-content\/uploads\/2019\/03\/0-2-1024x819.jpeg\" alt=\"\" width=\"1024\" height=\"819\" srcset=\"https:\/\/lignesauto.fr\/wp-content\/uploads\/2019\/03\/0-2-1024x819.jpeg 1024w, https:\/\/lignesauto.fr\/wp-content\/uploads\/2019\/03\/0-2-300x240.jpeg 300w, https:\/\/lignesauto.fr\/wp-content\/uploads\/2019\/03\/0-2-768x614.jpeg 768w, https:\/\/lignesauto.fr\/wp-content\/uploads\/2019\/03\/0-2-370x296.jpeg 370w, https:\/\/lignesauto.fr\/wp-content\/uploads\/2019\/03\/0-2-1040x832.jpeg 1040w, https:\/\/lignesauto.fr\/wp-content\/uploads\/2019\/03\/0-2.jpeg 1350w\" sizes=\"(max-width: 1024px) 100vw, 1024px\" \/><\/a><\/p>\n<p>Attention toutefois, car cette Porsche va rapidement se trouver confront\u00e9e \u00e0 une s\u00e9rieuse rivale venue de son camp, ou plut\u00f4t du groupe Volkswagen : l&#8217;Audi e-tron GT (ci-dessous) qui repose sur la m\u00eame plateforme et aux performances quasi identiques. Sacr\u00e9 match en perspective !<\/p>\n<p><a href=\"http:\/\/lignesauto.fr\/wp-content\/uploads\/2019\/03\/A1814528_medium.jpg\"><img loading=\"lazy\" decoding=\"async\" class=\"wp-image-8774 size-large\" src=\"http:\/\/lignesauto.fr\/wp-content\/uploads\/2019\/03\/A1814528_medium-1024x731.jpg\" alt=\"\" width=\"1024\" height=\"731\" srcset=\"https:\/\/lignesauto.fr\/wp-content\/uploads\/2019\/03\/A1814528_medium-1024x731.jpg 1024w, https:\/\/lignesauto.fr\/wp-content\/uploads\/2019\/03\/A1814528_medium-300x214.jpg 300w, https:\/\/lignesauto.fr\/wp-content\/uploads\/2019\/03\/A1814528_medium-768x548.jpg 768w, https:\/\/lignesauto.fr\/wp-content\/uploads\/2019\/03\/A1814528_medium-370x264.jpg 370w, https:\/\/lignesauto.fr\/wp-content\/uploads\/2019\/03\/A1814528_medium-1040x743.jpg 1040w\" sizes=\"(max-width: 1024px) 100vw, 1024px\" \/><\/a><\/p>\n<h2><strong>En savoir plus sur la Taycan ? C&#8217;est ici :<\/strong><\/h2>\n<p><strong>Vid\u00e9o Porsche de Walter R\u00f6hrl testant la Taycan :<\/strong><\/p>\n<p><iframe loading=\"lazy\" title=\"Porsche Taycan et Walter R\u00f6hrl\" width=\"640\" height=\"360\" src=\"https:\/\/www.youtube.com\/embed\/In7If_qdeiU?feature=oembed\" frameborder=\"0\" allow=\"accelerometer; autoplay; clipboard-write; encrypted-media; gyroscope; picture-in-picture; web-share\" referrerpolicy=\"strict-origin-when-cross-origin\" allowfullscreen><\/iframe><\/p>\n<p><strong>Sujets LIGNES\/auto :<\/strong><\/p>\n<blockquote class=\"wp-embedded-content\" data-secret=\"vOaeNBT7od\"><p><a href=\"http:\/\/lignesauto.fr\/?p=3846\">800 volts c&#8217;est dangereux ? Porsche parle de sa Taycan 100% \u00e9lectrique<\/a><\/p><\/blockquote>\n<p><iframe class=\"wp-embedded-content\" sandbox=\"allow-scripts\" security=\"restricted\" style=\"position: absolute; clip: rect(1px, 1px, 1px, 1px);\" title=\"&#8220;800 volts c&#8217;est dangereux ? Porsche parle de sa Taycan 100% \u00e9lectrique&#8221; &#8212; LIGNES\/auto\" src=\"http:\/\/lignesauto.fr\/?p=3846&#038;embed=true#?secret=DSCbqJJCaL#?secret=vOaeNBT7od\" data-secret=\"vOaeNBT7od\" width=\"600\" height=\"338\" frameborder=\"0\" marginwidth=\"0\" marginheight=\"0\" scrolling=\"no\"><\/iframe><\/p>\n<blockquote class=\"wp-embedded-content\" data-secret=\"9LZGCdMN6J\"><p><a href=\"http:\/\/lignesauto.fr\/?p=6426\">L&#8217;incroyable mutation de l&#8217;usine Porsche de Zuffenhausen<\/a><\/p><\/blockquote>\n<p><iframe class=\"wp-embedded-content\" sandbox=\"allow-scripts\" security=\"restricted\" style=\"position: absolute; clip: rect(1px, 1px, 1px, 1px);\" title=\"&#8220;L&#8217;incroyable mutation de l&#8217;usine Porsche de Zuffenhausen&#8221; &#8212; LIGNES\/auto\" src=\"http:\/\/lignesauto.fr\/?p=6426&#038;embed=true#?secret=3nvHxUKIBb#?secret=9LZGCdMN6J\" data-secret=\"9LZGCdMN6J\" width=\"600\" height=\"338\" frameborder=\"0\" marginwidth=\"0\" marginheight=\"0\" scrolling=\"no\"><\/iframe><\/p>\n<p><a href=\"http:\/\/lignesauto.fr\/wp-content\/uploads\/2019\/03\/0-3.jpeg\"><img loading=\"lazy\" decoding=\"async\" class=\"alignnone wp-image-8946 size-large\" src=\"http:\/\/lignesauto.fr\/wp-content\/uploads\/2019\/03\/0-3-1024x819.jpeg\" alt=\"\" width=\"1024\" height=\"819\" srcset=\"https:\/\/lignesauto.fr\/wp-content\/uploads\/2019\/03\/0-3-1024x819.jpeg 1024w, https:\/\/lignesauto.fr\/wp-content\/uploads\/2019\/03\/0-3-300x240.jpeg 300w, https:\/\/lignesauto.fr\/wp-content\/uploads\/2019\/03\/0-3-768x614.jpeg 768w, https:\/\/lignesauto.fr\/wp-content\/uploads\/2019\/03\/0-3-370x296.jpeg 370w, https:\/\/lignesauto.fr\/wp-content\/uploads\/2019\/03\/0-3-1040x832.jpeg 1040w, https:\/\/lignesauto.fr\/wp-content\/uploads\/2019\/03\/0-3.jpeg 1350w\" sizes=\"(max-width: 1024px) 100vw, 1024px\" \/><\/a><\/p>\n<p><a href=\"http:\/\/lignesauto.fr\/wp-content\/uploads\/2018\/10\/LOGOActus_BD.jpg\"><img loading=\"lazy\" decoding=\"async\" class=\"alignnone size-medium wp-image-4921\" src=\"http:\/\/lignesauto.fr\/wp-content\/uploads\/2018\/10\/LOGOActus_BD-300x108.jpg\" alt=\"\" width=\"300\" height=\"108\" srcset=\"https:\/\/lignesauto.fr\/wp-content\/uploads\/2018\/10\/LOGOActus_BD-300x108.jpg 300w, https:\/\/lignesauto.fr\/wp-content\/uploads\/2018\/10\/LOGOActus_BD-768x276.jpg 768w, https:\/\/lignesauto.fr\/wp-content\/uploads\/2018\/10\/LOGOActus_BD-1024x367.jpg 1024w, https:\/\/lignesauto.fr\/wp-content\/uploads\/2018\/10\/LOGOActus_BD-370x133.jpg 370w, https:\/\/lignesauto.fr\/wp-content\/uploads\/2018\/10\/LOGOActus_BD-1040x373.jpg 1040w, https:\/\/lignesauto.fr\/wp-content\/uploads\/2018\/10\/LOGOActus_BD.jpg 1240w\" sizes=\"(max-width: 300px) 100vw, 300px\" \/><\/a><\/p>\n","protected":false},"excerpt":{"rendered":"<p>La &#8220;souscription&#8221; (!) permettant de pouvoir r\u00e9server sa Porsche Taycan 100% \u00e9lectrique a remport\u00e9 un succ\u00e8s certain. Voire un certain succ\u00e8s d&#8217;apr\u00e8s le constructeur allemand. &#8220;La Taycan fait l&#8217;objet d&#8217;une attention consid\u00e9rable dans le monde entier. Elle ne sera pr\u00e9sent\u00e9e qu&#8217;en septembre et m\u00eame si son design final n&#8217;est pas [&hellip;]<\/p>\n","protected":false},"author":1,"featured_media":8944,"comment_status":"open","ping_status":"open","sticky":false,"template":"","format":"standard","meta":{"footnotes":""},"categories":[1],"tags":[],"_links":{"self":[{"href":"https:\/\/lignesauto.fr\/index.php?rest_route=\/wp\/v2\/posts\/8771"}],"collection":[{"href":"https:\/\/lignesauto.fr\/index.php?rest_route=\/wp\/v2\/posts"}],"about":[{"href":"https:\/\/lignesauto.fr\/index.php?rest_route=\/wp\/v2\/types\/post"}],"author":[{"embeddable":true,"href":"https:\/\/lignesauto.fr\/index.php?rest_route=\/wp\/v2\/users\/1"}],"replies":[{"embeddable":true,"href":"https:\/\/lignesauto.fr\/index.php?rest_route=%2Fwp%2Fv2%2Fcomments&post=8771"}],"version-history":[{"count":10,"href":"https:\/\/lignesauto.fr\/index.php?rest_route=\/wp\/v2\/posts\/8771\/revisions"}],"predecessor-version":[{"id":8947,"href":"https:\/\/lignesauto.fr\/index.php?rest_route=\/wp\/v2\/posts\/8771\/revisions\/8947"}],"wp:featuredmedia":[{"embeddable":true,"href":"https:\/\/lignesauto.fr\/index.php?rest_route=\/wp\/v2\/media\/8944"}],"wp:attachment":[{"href":"https:\/\/lignesauto.fr\/index.php?rest_route=%2Fwp%2Fv2%2Fmedia&parent=8771"}],"wp:term":[{"taxonomy":"category","embeddable":true,"href":"https:\/\/lignesauto.fr\/index.php?rest_route=%2Fwp%2Fv2%2Fcategories&post=8771"},{"taxonomy":"post_tag","embeddable":true,"href":"https:\/\/lignesauto.fr\/index.php?rest_route=%2Fwp%2Fv2%2Ftags&post=8771"}],"curies":[{"name":"wp","href":"https:\/\/api.w.org\/{rel}","templated":true}]}}