{"id":8807,"date":"2019-03-12T18:36:33","date_gmt":"2019-03-12T17:36:33","guid":{"rendered":"http:\/\/lignesauto.fr\/?p=8807"},"modified":"2019-03-12T18:37:59","modified_gmt":"2019-03-12T17:37:59","slug":"italdesign-davinci-100-electrique-ou-a-moteur-v8-4-litres","status":"publish","type":"post","link":"https:\/\/lignesauto.fr\/?p=8807","title":{"rendered":"Italdesign DaVinci : 100% \u00e9lectrique ou&#8230; \u00e0 moteur V8 4 litres !"},"content":{"rendered":"<p><a href=\"http:\/\/lignesauto.fr\/wp-content\/uploads\/2018\/10\/LOGOActus_BD.jpg\"><img loading=\"lazy\" decoding=\"async\" class=\"alignnone size-medium wp-image-4921\" src=\"http:\/\/lignesauto.fr\/wp-content\/uploads\/2018\/10\/LOGOActus_BD-300x108.jpg\" alt=\"\" width=\"300\" height=\"108\" srcset=\"https:\/\/lignesauto.fr\/wp-content\/uploads\/2018\/10\/LOGOActus_BD-300x108.jpg 300w, https:\/\/lignesauto.fr\/wp-content\/uploads\/2018\/10\/LOGOActus_BD-768x276.jpg 768w, https:\/\/lignesauto.fr\/wp-content\/uploads\/2018\/10\/LOGOActus_BD-1024x367.jpg 1024w, https:\/\/lignesauto.fr\/wp-content\/uploads\/2018\/10\/LOGOActus_BD-370x133.jpg 370w, https:\/\/lignesauto.fr\/wp-content\/uploads\/2018\/10\/LOGOActus_BD-1040x373.jpg 1040w, https:\/\/lignesauto.fr\/wp-content\/uploads\/2018\/10\/LOGOActus_BD.jpg 1240w\" sizes=\"(max-width: 300px) 100vw, 300px\" \/><\/a><\/p>\n<p>A l&#8217;occasion du 500e anniversaire de la mort de L\u00e9onard de Vinci, Italdesign d\u00e9die son dernier concept-car DaVinci, au g\u00e9nie italien.<\/p>\n<p><a href=\"http:\/\/lignesauto.fr\/wp-content\/uploads\/2019\/03\/LIGNESDAVINCI02.jpg\"><img loading=\"lazy\" decoding=\"async\" class=\"alignnone wp-image-8815 size-large\" src=\"http:\/\/lignesauto.fr\/wp-content\/uploads\/2019\/03\/LIGNESDAVINCI02-1024x717.jpg\" alt=\"\" width=\"1024\" height=\"717\" srcset=\"https:\/\/lignesauto.fr\/wp-content\/uploads\/2019\/03\/LIGNESDAVINCI02-1024x717.jpg 1024w, https:\/\/lignesauto.fr\/wp-content\/uploads\/2019\/03\/LIGNESDAVINCI02-300x210.jpg 300w, https:\/\/lignesauto.fr\/wp-content\/uploads\/2019\/03\/LIGNESDAVINCI02-768x538.jpg 768w, https:\/\/lignesauto.fr\/wp-content\/uploads\/2019\/03\/LIGNESDAVINCI02-370x259.jpg 370w, https:\/\/lignesauto.fr\/wp-content\/uploads\/2019\/03\/LIGNESDAVINCI02-1040x728.jpg 1040w, https:\/\/lignesauto.fr\/wp-content\/uploads\/2019\/03\/LIGNESDAVINCI02.jpg 1417w\" sizes=\"(max-width: 1024px) 100vw, 1024px\" \/><\/a><\/p>\n<p><em>&#8220;Le concept DaVinci est une Gran Turismo 100% \u00e9lectrique. Son caract\u00e8re sportif s&#8217;allie \u00e0 une \u00e9l\u00e9gance raffin\u00e9e, tant dans ses lignes\u00a0que dans son design int\u00e9rieur, le pla\u00e7ant r\u00e9solument dans le segment haut de gamme.\u00a0D&#8217;une longueur de 4,98 m et d&#8217;une largeur de 2,12 m, il peut accueillir confortablement quatre passagers. Son empattement de 2,9 m mm \u00a0et ses porte-\u00e0-faux r\u00e9duits confirment sa vocation sportive sur le plan esth\u00e9tique, soulign\u00e9e par une garde au sol de 11,9 cm seulement.&#8221;<\/em><\/p>\n<p>https:\/\/www.facebook.com\/Italdesign.official\/videos\/2363491157216454\/<\/p>\n<p><em>&#8220;Nous voulions rendre hommage au g\u00e9nie de L\u00e9onard de Vinci en lui d\u00e9diant symboliquement cette \u00e9tude &#8220;<\/em>, explique Filippo Perini, responsable Innovation Design. <em>&#8220;Leonardo \u00e9tait dot\u00e9e d&#8217;une personnalit\u00e9 \u00e9clectique dont les int\u00e9r\u00eats allaient de la peinture \u00e0 la sculpture, l&#8217;architecture, le design graphique et l&#8217;exp\u00e9rimentation. Son approche \u00e9clectique est une grande source d&#8217;inspiration pour notre travail quotidien&#8221;.<\/em><\/p>\n<p><a href=\"http:\/\/lignesauto.fr\/wp-content\/uploads\/2019\/03\/LIGNESDAVINCI04.jpg\"><img loading=\"lazy\" decoding=\"async\" class=\"alignnone wp-image-8817 size-large\" src=\"http:\/\/lignesauto.fr\/wp-content\/uploads\/2019\/03\/LIGNESDAVINCI04-1024x582.jpg\" alt=\"\" width=\"1024\" height=\"582\" srcset=\"https:\/\/lignesauto.fr\/wp-content\/uploads\/2019\/03\/LIGNESDAVINCI04-1024x582.jpg 1024w, https:\/\/lignesauto.fr\/wp-content\/uploads\/2019\/03\/LIGNESDAVINCI04-300x171.jpg 300w, https:\/\/lignesauto.fr\/wp-content\/uploads\/2019\/03\/LIGNESDAVINCI04-768x437.jpg 768w, https:\/\/lignesauto.fr\/wp-content\/uploads\/2019\/03\/LIGNESDAVINCI04-370x210.jpg 370w, https:\/\/lignesauto.fr\/wp-content\/uploads\/2019\/03\/LIGNESDAVINCI04-1040x592.jpg 1040w, https:\/\/lignesauto.fr\/wp-content\/uploads\/2019\/03\/LIGNESDAVINCI04.jpg 1417w\" sizes=\"(max-width: 1024px) 100vw, 1024px\" \/><\/a><\/p>\n<p><em>&#8220;Chaque concept fabriqu\u00e9 par Italdesign est le manifeste de nos activit\u00e9s, de notre savoir-faire et de nos comp\u00e9tences et le r\u00e9sultat d&#8217;un travail d&#8217;\u00e9quipe de 1.000 personnes&#8221;<\/em> d\u00e9clare J\u00f6rg Astalosch, CEO d&#8217;Italdesign. <em>&#8220;Toutes nos unit\u00e9s sont pleinement engag\u00e9es dans ces projets : Style, ing\u00e9nierie et, bien s\u00fbr, le d\u00e9partement de construction de voitures de petites s\u00e9ries, o\u00f9 la technologie et l&#8217;artisanat se combinent pour construire une voiture unique au monde&#8221;.<\/em><\/p>\n<p>https:\/\/www.facebook.com\/Italdesign.official\/videos\/345330592757557\/<\/p>\n<p>Le concept DaVinci a \u00e9t\u00e9 d\u00e9velopp\u00e9 en exploitant le potentiel d&#8217;une plate-forme \u00e9lectrique recevant deux moteurs, l&#8217;un sur l&#8217;essieu avant et l&#8217;autre sur l&#8217;essieu arri\u00e8re, et des batteries implant\u00e9es dans le plancher. Rien de bien nouveau mais une architecture efficace.<br \/>\nItaldesign pr\u00e9cise <em>&#8220;qu&#8217;avec peu de changements, en \u00e9vitant par exemple certaines des solutions exotiques typiques d&#8217;un showcar, DaVinci pourrait \u00eatre pr\u00eat pour une production en s\u00e9rie et s&#8217;adapter \u00e0 diff\u00e9rentes plateformes d\u00e9velopp\u00e9es par diff\u00e9rentes marques&#8221;. <\/em><\/p>\n<p><a href=\"http:\/\/lignesauto.fr\/wp-content\/uploads\/2019\/03\/LIGNESDAVINCI05.jpg\"><img loading=\"lazy\" decoding=\"async\" class=\"alignnone wp-image-8818 size-large\" src=\"http:\/\/lignesauto.fr\/wp-content\/uploads\/2019\/03\/LIGNESDAVINCI05-1024x576.jpg\" alt=\"\" width=\"1024\" height=\"576\" srcset=\"https:\/\/lignesauto.fr\/wp-content\/uploads\/2019\/03\/LIGNESDAVINCI05-1024x576.jpg 1024w, https:\/\/lignesauto.fr\/wp-content\/uploads\/2019\/03\/LIGNESDAVINCI05-300x169.jpg 300w, https:\/\/lignesauto.fr\/wp-content\/uploads\/2019\/03\/LIGNESDAVINCI05-768x432.jpg 768w, https:\/\/lignesauto.fr\/wp-content\/uploads\/2019\/03\/LIGNESDAVINCI05-370x208.jpg 370w, https:\/\/lignesauto.fr\/wp-content\/uploads\/2019\/03\/LIGNESDAVINCI05-1040x585.jpg 1040w, https:\/\/lignesauto.fr\/wp-content\/uploads\/2019\/03\/LIGNESDAVINCI05.jpg 1417w\" sizes=\"(max-width: 1024px) 100vw, 1024px\" \/><\/a><\/p>\n<p>Si l&#8221;on veut bien comprendre que la plateforme ressemble (dans les mots, voire dans les faits) \u00e0 celle du groupe Volkswagen pour les marques Porsche et Audi et que Italdesign fait partie de ce groupe, on peut effectivement comprendre que la DaVinci ne serait pas trop compliqu\u00e9e \u00e0 produire en Italie chez Italdesign&#8230;<\/p>\n<p><a href=\"http:\/\/lignesauto.fr\/wp-content\/uploads\/2019\/03\/LIGNESDAVINCI03.jpg\"><img loading=\"lazy\" decoding=\"async\" class=\"alignnone wp-image-8816 size-large\" src=\"http:\/\/lignesauto.fr\/wp-content\/uploads\/2019\/03\/LIGNESDAVINCI03-1024x717.jpg\" alt=\"\" width=\"1024\" height=\"717\" srcset=\"https:\/\/lignesauto.fr\/wp-content\/uploads\/2019\/03\/LIGNESDAVINCI03-1024x717.jpg 1024w, https:\/\/lignesauto.fr\/wp-content\/uploads\/2019\/03\/LIGNESDAVINCI03-300x210.jpg 300w, https:\/\/lignesauto.fr\/wp-content\/uploads\/2019\/03\/LIGNESDAVINCI03-768x538.jpg 768w, https:\/\/lignesauto.fr\/wp-content\/uploads\/2019\/03\/LIGNESDAVINCI03-370x259.jpg 370w, https:\/\/lignesauto.fr\/wp-content\/uploads\/2019\/03\/LIGNESDAVINCI03-1040x728.jpg 1040w, https:\/\/lignesauto.fr\/wp-content\/uploads\/2019\/03\/LIGNESDAVINCI03.jpg 1417w\" sizes=\"(max-width: 1024px) 100vw, 1024px\" \/><\/a><\/p>\n<p><em>&#8220;Italdesign est une entreprise de services pour l&#8217;industrie de la mobilit\u00e9&#8221;<\/em> conclut J\u00f6rg Astalosch. <em>&#8220;Les projets que nous d\u00e9voilons lors des salons automobiles ne sont jamais une fin en soi. En 2017 et 2018, nous avons d\u00e9montr\u00e9 que nous sommes capables d&#8217;entrer sur le march\u00e9 de la production en s\u00e9rie ultra limit\u00e9e avec la marque Automobili Speciali et le projet Zerouno. Cette ann\u00e9e, nous retournons \u00e0 nos racines : l&#8217;objectif du concept DaVinci est de stimuler l&#8217;industrie avec une vision concr\u00e8te et pr\u00eate \u00e0 \u00eatre industrialis\u00e9e. Cette conception, avec quelques petites modifications, peut m\u00eame s&#8217;adapter \u00e0 une plate-forme traditionnelle avec moteur thermique, car c&#8217;est exactement notre mission : fournir aux constructeurs de nouvelles solutions et des id\u00e9es innovantes pour s&#8217;adapter aux march\u00e9s, voire les bousculer !&#8221;<\/em><\/p>\n<p><a href=\"http:\/\/lignesauto.fr\/wp-content\/uploads\/2019\/03\/LIGNESDAVINCI06.jpg\"><img loading=\"lazy\" decoding=\"async\" class=\"alignnone wp-image-8819 size-large\" src=\"http:\/\/lignesauto.fr\/wp-content\/uploads\/2019\/03\/LIGNESDAVINCI06-1024x541.jpg\" alt=\"\" width=\"1024\" height=\"541\" srcset=\"https:\/\/lignesauto.fr\/wp-content\/uploads\/2019\/03\/LIGNESDAVINCI06-1024x541.jpg 1024w, https:\/\/lignesauto.fr\/wp-content\/uploads\/2019\/03\/LIGNESDAVINCI06-300x158.jpg 300w, https:\/\/lignesauto.fr\/wp-content\/uploads\/2019\/03\/LIGNESDAVINCI06-768x405.jpg 768w, https:\/\/lignesauto.fr\/wp-content\/uploads\/2019\/03\/LIGNESDAVINCI06-370x195.jpg 370w, https:\/\/lignesauto.fr\/wp-content\/uploads\/2019\/03\/LIGNESDAVINCI06-1040x549.jpg 1040w, https:\/\/lignesauto.fr\/wp-content\/uploads\/2019\/03\/LIGNESDAVINCI06.jpg 1417w\" sizes=\"(max-width: 1024px) 100vw, 1024px\" \/><\/a><\/p>\n<p>Ainsi, Italdesign pr\u00e9cise que ses d\u00e9partements techniques ont d\u00e9velopp\u00e9 en num\u00e9rique une version thermique qui tient compte dans ce cas de l&#8217;emplacement du radiateur et du moteur \u00e0 l&#8217;avant, sans changer la conception g\u00e9n\u00e9rale. A l&#8217;int\u00e9rieur, seul modification : \u00a0la refonte du tunnel central pour loger la transmission et l&#8217;arbre de transmission.\u00a0Cette version \u00e0 moteur thermique a \u00e9t\u00e9 d\u00e9velopp\u00e9e autour d&#8217;un g\u00e9n\u00e9reux V8 de 4 litres. Audi bien s\u00fbr&#8230;<\/p>\n<p><a href=\"http:\/\/lignesauto.fr\/wp-content\/uploads\/2018\/10\/LOGOActus_BD.jpg\"><img loading=\"lazy\" decoding=\"async\" class=\"alignnone size-medium wp-image-4921\" src=\"http:\/\/lignesauto.fr\/wp-content\/uploads\/2018\/10\/LOGOActus_BD-300x108.jpg\" alt=\"\" width=\"300\" height=\"108\" srcset=\"https:\/\/lignesauto.fr\/wp-content\/uploads\/2018\/10\/LOGOActus_BD-300x108.jpg 300w, https:\/\/lignesauto.fr\/wp-content\/uploads\/2018\/10\/LOGOActus_BD-768x276.jpg 768w, https:\/\/lignesauto.fr\/wp-content\/uploads\/2018\/10\/LOGOActus_BD-1024x367.jpg 1024w, https:\/\/lignesauto.fr\/wp-content\/uploads\/2018\/10\/LOGOActus_BD-370x133.jpg 370w, https:\/\/lignesauto.fr\/wp-content\/uploads\/2018\/10\/LOGOActus_BD-1040x373.jpg 1040w, https:\/\/lignesauto.fr\/wp-content\/uploads\/2018\/10\/LOGOActus_BD.jpg 1240w\" sizes=\"(max-width: 300px) 100vw, 300px\" \/><\/a><\/p>\n","protected":false},"excerpt":{"rendered":"<p>A l&#8217;occasion du 500e anniversaire de la mort de L\u00e9onard de Vinci, Italdesign d\u00e9die son dernier concept-car DaVinci, au g\u00e9nie italien. &#8220;Le concept DaVinci est une Gran Turismo 100% \u00e9lectrique. Son caract\u00e8re sportif s&#8217;allie \u00e0 une \u00e9l\u00e9gance raffin\u00e9e, tant dans ses lignes\u00a0que dans son design int\u00e9rieur, le pla\u00e7ant r\u00e9solument dans [&hellip;]<\/p>\n","protected":false},"author":1,"featured_media":8816,"comment_status":"open","ping_status":"open","sticky":false,"template":"","format":"standard","meta":{"footnotes":""},"categories":[1],"tags":[],"_links":{"self":[{"href":"https:\/\/lignesauto.fr\/index.php?rest_route=\/wp\/v2\/posts\/8807"}],"collection":[{"href":"https:\/\/lignesauto.fr\/index.php?rest_route=\/wp\/v2\/posts"}],"about":[{"href":"https:\/\/lignesauto.fr\/index.php?rest_route=\/wp\/v2\/types\/post"}],"author":[{"embeddable":true,"href":"https:\/\/lignesauto.fr\/index.php?rest_route=\/wp\/v2\/users\/1"}],"replies":[{"embeddable":true,"href":"https:\/\/lignesauto.fr\/index.php?rest_route=%2Fwp%2Fv2%2Fcomments&post=8807"}],"version-history":[{"count":9,"href":"https:\/\/lignesauto.fr\/index.php?rest_route=\/wp\/v2\/posts\/8807\/revisions"}],"predecessor-version":[{"id":8821,"href":"https:\/\/lignesauto.fr\/index.php?rest_route=\/wp\/v2\/posts\/8807\/revisions\/8821"}],"wp:featuredmedia":[{"embeddable":true,"href":"https:\/\/lignesauto.fr\/index.php?rest_route=\/wp\/v2\/media\/8816"}],"wp:attachment":[{"href":"https:\/\/lignesauto.fr\/index.php?rest_route=%2Fwp%2Fv2%2Fmedia&parent=8807"}],"wp:term":[{"taxonomy":"category","embeddable":true,"href":"https:\/\/lignesauto.fr\/index.php?rest_route=%2Fwp%2Fv2%2Fcategories&post=8807"},{"taxonomy":"post_tag","embeddable":true,"href":"https:\/\/lignesauto.fr\/index.php?rest_route=%2Fwp%2Fv2%2Ftags&post=8807"}],"curies":[{"name":"wp","href":"https:\/\/api.w.org\/{rel}","templated":true}]}}