{"id":8858,"date":"2019-03-14T16:20:34","date_gmt":"2019-03-14T15:20:34","guid":{"rendered":"http:\/\/lignesauto.fr\/?p=8858"},"modified":"2019-03-14T16:20:34","modified_gmt":"2019-03-14T15:20:34","slug":"septembre-2019-patrick-le-quement-parle","status":"publish","type":"post","link":"https:\/\/lignesauto.fr\/?p=8858","title":{"rendered":"Septembre 2019 : Patrick Le Qu\u00e9ment parle&#8230;"},"content":{"rendered":"<p><a href=\"http:\/\/lignesauto.fr\/wp-content\/uploads\/2018\/10\/LOGOActus_BD.jpg\"><img loading=\"lazy\" decoding=\"async\" class=\"alignnone size-medium wp-image-4921\" src=\"http:\/\/lignesauto.fr\/wp-content\/uploads\/2018\/10\/LOGOActus_BD-300x108.jpg\" alt=\"\" width=\"300\" height=\"108\" srcset=\"https:\/\/lignesauto.fr\/wp-content\/uploads\/2018\/10\/LOGOActus_BD-300x108.jpg 300w, https:\/\/lignesauto.fr\/wp-content\/uploads\/2018\/10\/LOGOActus_BD-768x276.jpg 768w, https:\/\/lignesauto.fr\/wp-content\/uploads\/2018\/10\/LOGOActus_BD-1024x367.jpg 1024w, https:\/\/lignesauto.fr\/wp-content\/uploads\/2018\/10\/LOGOActus_BD-370x133.jpg 370w, https:\/\/lignesauto.fr\/wp-content\/uploads\/2018\/10\/LOGOActus_BD-1040x373.jpg 1040w, https:\/\/lignesauto.fr\/wp-content\/uploads\/2018\/10\/LOGOActus_BD.jpg 1240w\" sizes=\"(max-width: 300px) 100vw, 300px\" \/><\/a><\/p>\n<p><a href=\"http:\/\/lignesauto.fr\/wp-content\/uploads\/2019\/03\/LIGNESPLQ02.jpg\"><img loading=\"lazy\" decoding=\"async\" class=\"alignnone wp-image-8860 size-large\" src=\"http:\/\/lignesauto.fr\/wp-content\/uploads\/2019\/03\/LIGNESPLQ02-766x1024.jpg\" alt=\"\" width=\"766\" height=\"1024\" srcset=\"https:\/\/lignesauto.fr\/wp-content\/uploads\/2019\/03\/LIGNESPLQ02-766x1024.jpg 766w, https:\/\/lignesauto.fr\/wp-content\/uploads\/2019\/03\/LIGNESPLQ02-224x300.jpg 224w, https:\/\/lignesauto.fr\/wp-content\/uploads\/2019\/03\/LIGNESPLQ02-768x1027.jpg 768w, https:\/\/lignesauto.fr\/wp-content\/uploads\/2019\/03\/LIGNESPLQ02-370x495.jpg 370w, https:\/\/lignesauto.fr\/wp-content\/uploads\/2019\/03\/LIGNESPLQ02.jpg 992w\" sizes=\"(max-width: 766px) 100vw, 766px\" \/><\/a><\/p>\n<p>Prenez date, en septembre prochain, Patrick Le Qu\u00e9ment, responsable du design Renault de 1988 \u00e0 2009 sortira un bouquin intitul\u00e9 <em>&#8220;Design: Between the Lines&#8221;<\/em>. Aid\u00e9 de notre confr\u00e8re St\u00e9phane Geffray et du designer Gernot Bracht, Patrick Le Qu\u00e9ment nous fera d\u00e9couvrir dans ce livre une vision d&#8217;un univers qu&#8217;il conna\u00eet trop bien ! Laissons son \u00e9diteur parler pour lui puisque ce livre ne sera disponible qu&#8217;en septembre :<\/p>\n<p><a href=\"http:\/\/lignesauto.fr\/wp-content\/uploads\/2019\/03\/LIGNESPLQ01.jpg\"><img loading=\"lazy\" decoding=\"async\" class=\"alignnone wp-image-8859 size-full\" src=\"http:\/\/lignesauto.fr\/wp-content\/uploads\/2019\/03\/LIGNESPLQ01.jpg\" alt=\"\" width=\"992\" height=\"751\" srcset=\"https:\/\/lignesauto.fr\/wp-content\/uploads\/2019\/03\/LIGNESPLQ01.jpg 992w, https:\/\/lignesauto.fr\/wp-content\/uploads\/2019\/03\/LIGNESPLQ01-300x227.jpg 300w, https:\/\/lignesauto.fr\/wp-content\/uploads\/2019\/03\/LIGNESPLQ01-768x581.jpg 768w, https:\/\/lignesauto.fr\/wp-content\/uploads\/2019\/03\/LIGNESPLQ01-370x280.jpg 370w\" sizes=\"(max-width: 992px) 100vw, 992px\" \/><\/a><\/p>\n<p><em>&#8220;Reconnu pour ses 22 ann\u00e9es \u00e0 la t\u00eate de Renault Design, qui se sont traduites par des mod\u00e8les aussi remarquables que la Twingo, la Sc\u00e9nic et l&#8217;Avantime, Le Qu\u00e9ment a connu une carri\u00e8re de plus de 50 ans qui a suivi une route menant de Simca \u00e0 Ford et Volkswagen-Audi. Quelque 60 millions de voitures dans le monde portent aujourd&#8217;hui le sceau du design Le Qu\u00e9ment. Le designer retrace cinq d\u00e9cennies de r\u00e9flexions, d&#8217;actions, d&#8217;\u00e9checs et de succ\u00e8s. Il nous livre des commentaires fascinants sur le design et le processus cr\u00e9atif, ainsi que sur certaines des marques automobiles extraordinaires qui constituent notre patrimoine culturel commun.&#8221;<\/em><\/p>\n<p><a href=\"http:\/\/lignesauto.fr\/wp-content\/uploads\/2019\/03\/LIGNESPLQ05.jpg\"><img loading=\"lazy\" decoding=\"async\" class=\"alignnone wp-image-8862 size-large\" src=\"http:\/\/lignesauto.fr\/wp-content\/uploads\/2019\/03\/LIGNESPLQ05-1024x675.jpg\" alt=\"\" width=\"1024\" height=\"675\" srcset=\"https:\/\/lignesauto.fr\/wp-content\/uploads\/2019\/03\/LIGNESPLQ05-1024x675.jpg 1024w, https:\/\/lignesauto.fr\/wp-content\/uploads\/2019\/03\/LIGNESPLQ05-300x198.jpg 300w, https:\/\/lignesauto.fr\/wp-content\/uploads\/2019\/03\/LIGNESPLQ05-768x507.jpg 768w, https:\/\/lignesauto.fr\/wp-content\/uploads\/2019\/03\/LIGNESPLQ05-370x244.jpg 370w, https:\/\/lignesauto.fr\/wp-content\/uploads\/2019\/03\/LIGNESPLQ05-1040x686.jpg 1040w\" sizes=\"(max-width: 1024px) 100vw, 1024px\" \/><\/a><\/p>\n<p><em>&#8220;D&#8217;un point de vue plus large et plus philosophique, il partage \u00e9galement son point de vue sur la vie en g\u00e9n\u00e9ral et sur ce remarquable engin appel\u00e9 &#8221; l&#8217;automobile &#8220;, qui a tant influenc\u00e9 la vie de millions de personnes dans le monde entier de la fin des ann\u00e9es 1800 \u00e0 nos jours. Pr\u00e9sent\u00e9es sous la forme d&#8217;une s\u00e9rie de 50 brefs essais ou &#8221; perspectives &#8220;, les observations de Le Qu\u00e9ment depuis le studio de design ou depuis son si\u00e8ge dans la salle du conseil, donnent au lecteur un aper\u00e7u \u00a0souvent amusant du fonctionnement de haut niveau d&#8217;une industrie mondiale, de ses victoires et de ses \u00e9checs, et des lacunes des d\u00e9cideurs responsables de sa gestion.&#8221;<\/em><\/p>\n<p><a href=\"http:\/\/lignesauto.fr\/wp-content\/uploads\/2019\/03\/Capture-d\u2019\u00e9cran-2019-03-14-\u00e0-15.19.49.png\"><img loading=\"lazy\" decoding=\"async\" class=\"alignnone wp-image-8863 size-full\" src=\"http:\/\/lignesauto.fr\/wp-content\/uploads\/2019\/03\/Capture-d\u2019\u00e9cran-2019-03-14-\u00e0-15.19.49.png\" alt=\"\" width=\"992\" height=\"598\" srcset=\"https:\/\/lignesauto.fr\/wp-content\/uploads\/2019\/03\/Capture-d\u2019\u00e9cran-2019-03-14-\u00e0-15.19.49.png 992w, https:\/\/lignesauto.fr\/wp-content\/uploads\/2019\/03\/Capture-d\u2019\u00e9cran-2019-03-14-\u00e0-15.19.49-300x181.png 300w, https:\/\/lignesauto.fr\/wp-content\/uploads\/2019\/03\/Capture-d\u2019\u00e9cran-2019-03-14-\u00e0-15.19.49-768x463.png 768w, https:\/\/lignesauto.fr\/wp-content\/uploads\/2019\/03\/Capture-d\u2019\u00e9cran-2019-03-14-\u00e0-15.19.49-370x223.png 370w\" sizes=\"(max-width: 992px) 100vw, 992px\" \/><\/a><\/p>\n<p><em>&#8220;Un texte vivant compl\u00e9t\u00e9 par le journaliste St\u00e9phane Geffray, accompagne chacune des illustrations \u00a0fournies par le designer automobile Gernot Bracht.&#8221;<\/em><\/p>\n<p><a href=\"http:\/\/lignesauto.fr\/wp-content\/uploads\/2019\/03\/Capture-d\u2019\u00e9cran-2019-03-14-\u00e0-15.19.22.png\"><img loading=\"lazy\" decoding=\"async\" class=\"alignnone wp-image-8864 size-large\" src=\"http:\/\/lignesauto.fr\/wp-content\/uploads\/2019\/03\/Capture-d\u2019\u00e9cran-2019-03-14-\u00e0-15.19.22-934x1024.png\" alt=\"\" width=\"934\" height=\"1024\" srcset=\"https:\/\/lignesauto.fr\/wp-content\/uploads\/2019\/03\/Capture-d\u2019\u00e9cran-2019-03-14-\u00e0-15.19.22-934x1024.png 934w, https:\/\/lignesauto.fr\/wp-content\/uploads\/2019\/03\/Capture-d\u2019\u00e9cran-2019-03-14-\u00e0-15.19.22-274x300.png 274w, https:\/\/lignesauto.fr\/wp-content\/uploads\/2019\/03\/Capture-d\u2019\u00e9cran-2019-03-14-\u00e0-15.19.22-768x842.png 768w, https:\/\/lignesauto.fr\/wp-content\/uploads\/2019\/03\/Capture-d\u2019\u00e9cran-2019-03-14-\u00e0-15.19.22-370x406.png 370w, https:\/\/lignesauto.fr\/wp-content\/uploads\/2019\/03\/Capture-d\u2019\u00e9cran-2019-03-14-\u00e0-15.19.22-1040x1140.png 1040w, https:\/\/lignesauto.fr\/wp-content\/uploads\/2019\/03\/Capture-d\u2019\u00e9cran-2019-03-14-\u00e0-15.19.22.png 1134w\" sizes=\"(max-width: 934px) 100vw, 934px\" \/><\/a><\/p>\n<p><strong>En savoir plus ? Visitez la page de l&#8217;\u00e9diteur d\u00e9di\u00e9e \u00e0 ce prochain livre :\u00a0<a href=\"http:\/\/www.merrellpublishers.com\/9781858946764\">http:\/\/www.merrellpublishers.com\/9781858946764<\/a><\/strong><\/p>\n<p><a href=\"http:\/\/lignesauto.fr\/wp-content\/uploads\/2019\/03\/Capture-d\u2019\u00e9cran-2019-03-14-\u00e0-15.18.00.png\"><img loading=\"lazy\" decoding=\"async\" class=\"alignnone wp-image-8865 size-large\" src=\"http:\/\/lignesauto.fr\/wp-content\/uploads\/2019\/03\/Capture-d\u2019\u00e9cran-2019-03-14-\u00e0-15.18.00-1024x946.png\" alt=\"\" width=\"1024\" height=\"946\" srcset=\"https:\/\/lignesauto.fr\/wp-content\/uploads\/2019\/03\/Capture-d\u2019\u00e9cran-2019-03-14-\u00e0-15.18.00-1024x946.png 1024w, https:\/\/lignesauto.fr\/wp-content\/uploads\/2019\/03\/Capture-d\u2019\u00e9cran-2019-03-14-\u00e0-15.18.00-300x277.png 300w, https:\/\/lignesauto.fr\/wp-content\/uploads\/2019\/03\/Capture-d\u2019\u00e9cran-2019-03-14-\u00e0-15.18.00-768x710.png 768w, https:\/\/lignesauto.fr\/wp-content\/uploads\/2019\/03\/Capture-d\u2019\u00e9cran-2019-03-14-\u00e0-15.18.00-370x342.png 370w, https:\/\/lignesauto.fr\/wp-content\/uploads\/2019\/03\/Capture-d\u2019\u00e9cran-2019-03-14-\u00e0-15.18.00-1040x961.png 1040w, https:\/\/lignesauto.fr\/wp-content\/uploads\/2019\/03\/Capture-d\u2019\u00e9cran-2019-03-14-\u00e0-15.18.00.png 1134w\" sizes=\"(max-width: 1024px) 100vw, 1024px\" \/><\/a><\/p>\n<p><a href=\"http:\/\/lignesauto.fr\/wp-content\/uploads\/2018\/10\/LOGOActus_BD.jpg\"><img loading=\"lazy\" decoding=\"async\" class=\"alignnone size-medium wp-image-4921\" src=\"http:\/\/lignesauto.fr\/wp-content\/uploads\/2018\/10\/LOGOActus_BD-300x108.jpg\" alt=\"\" width=\"300\" height=\"108\" srcset=\"https:\/\/lignesauto.fr\/wp-content\/uploads\/2018\/10\/LOGOActus_BD-300x108.jpg 300w, https:\/\/lignesauto.fr\/wp-content\/uploads\/2018\/10\/LOGOActus_BD-768x276.jpg 768w, https:\/\/lignesauto.fr\/wp-content\/uploads\/2018\/10\/LOGOActus_BD-1024x367.jpg 1024w, https:\/\/lignesauto.fr\/wp-content\/uploads\/2018\/10\/LOGOActus_BD-370x133.jpg 370w, https:\/\/lignesauto.fr\/wp-content\/uploads\/2018\/10\/LOGOActus_BD-1040x373.jpg 1040w, https:\/\/lignesauto.fr\/wp-content\/uploads\/2018\/10\/LOGOActus_BD.jpg 1240w\" sizes=\"(max-width: 300px) 100vw, 300px\" \/><\/a><\/p>\n","protected":false},"excerpt":{"rendered":"<p>Prenez date, en septembre prochain, Patrick Le Qu\u00e9ment, responsable du design Renault de 1988 \u00e0 2009 sortira un bouquin intitul\u00e9 &#8220;Design: Between the Lines&#8221;. Aid\u00e9 de notre confr\u00e8re St\u00e9phane Geffray et du designer Gernot Bracht, Patrick Le Qu\u00e9ment nous fera d\u00e9couvrir dans ce livre une vision d&#8217;un univers qu&#8217;il conna\u00eet [&hellip;]<\/p>\n","protected":false},"author":1,"featured_media":8861,"comment_status":"open","ping_status":"open","sticky":false,"template":"","format":"standard","meta":{"footnotes":""},"categories":[1],"tags":[],"_links":{"self":[{"href":"https:\/\/lignesauto.fr\/index.php?rest_route=\/wp\/v2\/posts\/8858"}],"collection":[{"href":"https:\/\/lignesauto.fr\/index.php?rest_route=\/wp\/v2\/posts"}],"about":[{"href":"https:\/\/lignesauto.fr\/index.php?rest_route=\/wp\/v2\/types\/post"}],"author":[{"embeddable":true,"href":"https:\/\/lignesauto.fr\/index.php?rest_route=\/wp\/v2\/users\/1"}],"replies":[{"embeddable":true,"href":"https:\/\/lignesauto.fr\/index.php?rest_route=%2Fwp%2Fv2%2Fcomments&post=8858"}],"version-history":[{"count":4,"href":"https:\/\/lignesauto.fr\/index.php?rest_route=\/wp\/v2\/posts\/8858\/revisions"}],"predecessor-version":[{"id":8869,"href":"https:\/\/lignesauto.fr\/index.php?rest_route=\/wp\/v2\/posts\/8858\/revisions\/8869"}],"wp:featuredmedia":[{"embeddable":true,"href":"https:\/\/lignesauto.fr\/index.php?rest_route=\/wp\/v2\/media\/8861"}],"wp:attachment":[{"href":"https:\/\/lignesauto.fr\/index.php?rest_route=%2Fwp%2Fv2%2Fmedia&parent=8858"}],"wp:term":[{"taxonomy":"category","embeddable":true,"href":"https:\/\/lignesauto.fr\/index.php?rest_route=%2Fwp%2Fv2%2Fcategories&post=8858"},{"taxonomy":"post_tag","embeddable":true,"href":"https:\/\/lignesauto.fr\/index.php?rest_route=%2Fwp%2Fv2%2Ftags&post=8858"}],"curies":[{"name":"wp","href":"https:\/\/api.w.org\/{rel}","templated":true}]}}