{"id":8969,"date":"2019-11-24T14:27:44","date_gmt":"2019-11-24T13:27:44","guid":{"rendered":"http:\/\/lignesauto.fr\/?p=8969"},"modified":"2019-11-25T08:44:01","modified_gmt":"2019-11-25T07:44:01","slug":"un-concept-car-pour-les-50-ans-de-la-sm-est-il-prevu-en-2020","status":"publish","type":"post","link":"https:\/\/lignesauto.fr\/?p=8969","title":{"rendered":"Thierry M\u00e9troz : &#8220;pas de concept-car pour c\u00e9l\u00e9brer les 50 ans de la SM en 2020&#8221; FRENCH\/ENGLISH"},"content":{"rendered":"<p><a href=\"http:\/\/lignesauto.fr\/wp-content\/uploads\/2018\/10\/LOGOActus_BD.jpg\"><img loading=\"lazy\" decoding=\"async\" class=\"alignnone size-medium wp-image-4921\" src=\"http:\/\/lignesauto.fr\/wp-content\/uploads\/2018\/10\/LOGOActus_BD-300x108.jpg\" alt=\"\" width=\"300\" height=\"108\" srcset=\"https:\/\/lignesauto.fr\/wp-content\/uploads\/2018\/10\/LOGOActus_BD-300x108.jpg 300w, https:\/\/lignesauto.fr\/wp-content\/uploads\/2018\/10\/LOGOActus_BD-768x276.jpg 768w, https:\/\/lignesauto.fr\/wp-content\/uploads\/2018\/10\/LOGOActus_BD-1024x367.jpg 1024w, https:\/\/lignesauto.fr\/wp-content\/uploads\/2018\/10\/LOGOActus_BD-370x133.jpg 370w, https:\/\/lignesauto.fr\/wp-content\/uploads\/2018\/10\/LOGOActus_BD-1040x373.jpg 1040w, https:\/\/lignesauto.fr\/wp-content\/uploads\/2018\/10\/LOGOActus_BD.jpg 1240w\" sizes=\"(max-width: 300px) 100vw, 300px\" \/><\/a><\/p>\n<p>Voici la publication d&#8217;un post mis en ligne en mars dernier. Il compl\u00e8te nos posts pr\u00e9c\u00e9dents sur le cinquantenaire de la Citro\u00ebn SM qui sera f\u00eat\u00e9 en mai par les clubs.<\/p>\n<p><a href=\"http:\/\/lignesauto.fr\/wp-content\/uploads\/2019\/01\/LIGNESDESIGN-CITROEN.jpg\"><img loading=\"lazy\" decoding=\"async\" class=\"alignnone wp-image-7526 size-large\" src=\"http:\/\/lignesauto.fr\/wp-content\/uploads\/2019\/01\/LIGNESDESIGN-CITROEN-1024x512.jpg\" alt=\"\" width=\"1024\" height=\"512\" srcset=\"https:\/\/lignesauto.fr\/wp-content\/uploads\/2019\/01\/LIGNESDESIGN-CITROEN-1024x512.jpg 1024w, https:\/\/lignesauto.fr\/wp-content\/uploads\/2019\/01\/LIGNESDESIGN-CITROEN-300x150.jpg 300w, https:\/\/lignesauto.fr\/wp-content\/uploads\/2019\/01\/LIGNESDESIGN-CITROEN-768x384.jpg 768w, https:\/\/lignesauto.fr\/wp-content\/uploads\/2019\/01\/LIGNESDESIGN-CITROEN-370x185.jpg 370w, https:\/\/lignesauto.fr\/wp-content\/uploads\/2019\/01\/LIGNESDESIGN-CITROEN-1040x520.jpg 1040w, https:\/\/lignesauto.fr\/wp-content\/uploads\/2019\/01\/LIGNESDESIGN-CITROEN.jpg 1969w\" sizes=\"(max-width: 1024px) 100vw, 1024px\" \/><\/a><\/p>\n<p><em>Here is the publication of a post posted online last March. It completes our previous posts on the 50th anniversary of the Citro\u00ebn SM, which will be celebrated by the clubs.<\/em><\/p>\n<p><a href=\"http:\/\/lignesauto.fr\/wp-content\/uploads\/2019\/03\/LIGNESSM04.jpg\"><img loading=\"lazy\" decoding=\"async\" class=\"alignnone wp-image-8972 size-large\" src=\"http:\/\/lignesauto.fr\/wp-content\/uploads\/2019\/03\/LIGNESSM04-1024x681.jpg\" alt=\"\" width=\"1024\" height=\"681\" srcset=\"https:\/\/lignesauto.fr\/wp-content\/uploads\/2019\/03\/LIGNESSM04-1024x681.jpg 1024w, https:\/\/lignesauto.fr\/wp-content\/uploads\/2019\/03\/LIGNESSM04-300x200.jpg 300w, https:\/\/lignesauto.fr\/wp-content\/uploads\/2019\/03\/LIGNESSM04-768x511.jpg 768w, https:\/\/lignesauto.fr\/wp-content\/uploads\/2019\/03\/LIGNESSM04-370x246.jpg 370w, https:\/\/lignesauto.fr\/wp-content\/uploads\/2019\/03\/LIGNESSM04-1040x692.jpg 1040w, https:\/\/lignesauto.fr\/wp-content\/uploads\/2019\/03\/LIGNESSM04.jpg 1417w\" sizes=\"(max-width: 1024px) 100vw, 1024px\" \/><\/a><\/p>\n<p><strong>LIGNES\/auto&nbsp;: L&#8217;ann\u00e9e prochaine, la Citro\u00ebn SM f\u00eatera ses cinquante ans. Les visiteurs de ce site et les passionn\u00e9s de ce mod\u00e8le aimeraient bien un concept-car pour c\u00e9l\u00e9brer cet \u00e9v\u00e9nement. Qui devrait s\u2019en charger, vous -le patron du design DS- ou Pierre Leclercq -le patron du design Citro\u00ebn- ?<br \/>\n<\/strong>Thierry M\u00e9troz&nbsp;: \u00ab Ce serait \u00e0 mon \u00e9quipe de s\u2019en charger. Comme apr\u00e8s une s\u00e9paration, on a la garde des enfants&nbsp;! Nous, on a la garde de la DS et de la SM\u2026&nbsp;\u00bb<\/p>\n<p><em><strong>LIGNES\/Auto: Next year,, the Citro\u00ebn SM will celebrate its 50th anniversary. Visitors to this site and enthusiasts of this model would like a concept car to celebrate this event. Who should do it, you &#8211; the head of DS design- or Pierre Leclercq &#8211; the head of Citro\u00ebn design-?<\/strong><\/em><br \/>\n<em>Thierry M\u00e9troz: &#8220;It would be up to my team to do it. Like after a separation, we have custody of the children! We have custody of the DS and the SM&#8230;&#8221;<\/em><\/p>\n<p><a href=\"http:\/\/lignesauto.fr\/wp-content\/uploads\/2019\/03\/LIGNESM01.jpg\"><img loading=\"lazy\" decoding=\"async\" class=\"wp-image-8970 size-large\" src=\"http:\/\/lignesauto.fr\/wp-content\/uploads\/2019\/03\/LIGNESM01-1024x681.jpg\" alt=\"\" width=\"1024\" height=\"681\" srcset=\"https:\/\/lignesauto.fr\/wp-content\/uploads\/2019\/03\/LIGNESM01-1024x681.jpg 1024w, https:\/\/lignesauto.fr\/wp-content\/uploads\/2019\/03\/LIGNESM01-300x200.jpg 300w, https:\/\/lignesauto.fr\/wp-content\/uploads\/2019\/03\/LIGNESM01-768x511.jpg 768w, https:\/\/lignesauto.fr\/wp-content\/uploads\/2019\/03\/LIGNESM01-370x246.jpg 370w, https:\/\/lignesauto.fr\/wp-content\/uploads\/2019\/03\/LIGNESM01-1040x692.jpg 1040w, https:\/\/lignesauto.fr\/wp-content\/uploads\/2019\/03\/LIGNESM01.jpg 1417w\" sizes=\"(max-width: 1024px) 100vw, 1024px\" \/><\/a><\/p>\n<p><strong>Vous utilisez le conditionnel\u2026 \u00e7a veut dire qu\u2019il n\u2019y aura pas de concept-car SM 2020&nbsp;?<br \/>\n<\/strong>Th.M.&nbsp;: \u00ab&nbsp;En fait, je m\u2019interdis formellement &#8211; et la marque avec moi -, de dessiner et de concevoir des concept-cars <em>revival<\/em>. On pourrait mais\u2026<br \/>\n<em><strong><br \/>\nYou use the conditional&#8230; does that mean there will be no SM 2020 concept car ?<\/strong><\/em><br \/>\n<em>Th.M.: &#8220;In fact, I formally forbid myself &#8211; and the brand with me &#8211; to design and conceive revival concept cars. We could, but&#8230;.<\/em><\/p>\n<p><a href=\"http:\/\/lignesauto.fr\/wp-content\/uploads\/2019\/03\/LIGNESSM02.jpg\"><img loading=\"lazy\" decoding=\"async\" class=\"alignnone wp-image-8971 size-large\" src=\"http:\/\/lignesauto.fr\/wp-content\/uploads\/2019\/03\/LIGNESSM02-1024x428.jpg\" alt=\"\" width=\"1024\" height=\"428\" srcset=\"https:\/\/lignesauto.fr\/wp-content\/uploads\/2019\/03\/LIGNESSM02-1024x428.jpg 1024w, https:\/\/lignesauto.fr\/wp-content\/uploads\/2019\/03\/LIGNESSM02-300x125.jpg 300w, https:\/\/lignesauto.fr\/wp-content\/uploads\/2019\/03\/LIGNESSM02-768x321.jpg 768w, https:\/\/lignesauto.fr\/wp-content\/uploads\/2019\/03\/LIGNESSM02-370x155.jpg 370w, https:\/\/lignesauto.fr\/wp-content\/uploads\/2019\/03\/LIGNESSM02-1040x434.jpg 1040w, https:\/\/lignesauto.fr\/wp-content\/uploads\/2019\/03\/LIGNESSM02.jpg 1417w\" sizes=\"(max-width: 1024px) 100vw, 1024px\" \/><\/a><\/p>\n<p><strong>Mais&nbsp;?<br \/>\n<\/strong>Th.M.&nbsp;: \u00ab&nbsp;Moi vivant (les gars de l\u2019\u00e9quipe se marrent quand je dis \u00e7a dans le studio&nbsp;!) on ne fera pas de concept-car <em>revival,&nbsp;<\/em>m\u00eame si tout le monde attend \u00e7a. Je sais tr\u00e8s bien que vous attendez tous un concept-car inspir\u00e9 de la DS d\u2019origine de 1955 ou de la SM de 1970\u2026&nbsp;\u00bb<br \/>\n<em><strong><br \/>\nBut?<\/strong><\/em><br \/>\n<em>Th.M.: &#8220;Me alive (the guys on the team laugh when I say that in the studio !) we won&#8217;t do a revival concept car, even if everyone expects it. I know very well that you are all waiting for a concept car inspired by the original 1955 DS or 1970 SM&#8230;&#8221;<br \/>\n<\/em><\/p>\n<p><strong><br \/>\nOn ouvre une cagnotte internet si vous voulez&nbsp;!<br \/>\n<\/strong>Th.M.&nbsp;: \u00ab&nbsp;On a bien d\u2019autres histoires \u00e0 raconter. On construit une marque, ce n\u2019est pas rien&nbsp;! &nbsp;On a comme objectifs de se tourner vers l\u2019innovation, vers la technologie et l\u2019avant-garde. Notre mission est d\u2019imaginer le futur, de faire bouger les lignes en mati\u00e8re de style. C\u2019est tr\u00e8s excitant et&#8230; chronophage. \u00bb<br \/>\n<em><strong><br \/>\nWe&#8217;re opening an internet jackpot if you want !<\/strong><\/em><br \/>\n<em>Th.M. : &#8220;We have many other stories to tell. We&#8217;re building a brand, it&#8217;s not nothing ! &nbsp;Our objectives are to turn to innovation, technology and the avant-garde. Our mission is to imagine the future, to move the lines in terms of style. It&#8217;s very exciting and&#8230; time consuming. \u00bb<\/em><\/p>\n<p><a href=\"http:\/\/lignesauto.fr\/wp-content\/uploads\/2019\/03\/LIGNESSMO03.jpg\"><img loading=\"lazy\" decoding=\"async\" class=\"alignnone wp-image-8973 size-large\" src=\"http:\/\/lignesauto.fr\/wp-content\/uploads\/2019\/03\/LIGNESSMO03-1024x508.jpg\" alt=\"\" width=\"1024\" height=\"508\" srcset=\"https:\/\/lignesauto.fr\/wp-content\/uploads\/2019\/03\/LIGNESSMO03-1024x508.jpg 1024w, https:\/\/lignesauto.fr\/wp-content\/uploads\/2019\/03\/LIGNESSMO03-300x149.jpg 300w, https:\/\/lignesauto.fr\/wp-content\/uploads\/2019\/03\/LIGNESSMO03-768x381.jpg 768w, https:\/\/lignesauto.fr\/wp-content\/uploads\/2019\/03\/LIGNESSMO03-370x184.jpg 370w, https:\/\/lignesauto.fr\/wp-content\/uploads\/2019\/03\/LIGNESSMO03-1040x516.jpg 1040w, https:\/\/lignesauto.fr\/wp-content\/uploads\/2019\/03\/LIGNESSMO03.jpg 1417w\" sizes=\"(max-width: 1024px) 100vw, 1024px\" \/><\/a><\/p>\n<p><strong>Pourtant, Peugeot a d\u00e9voil\u00e9 son concept-car e-LEGEND en 2018 inspir\u00e9 du coup\u00e9 504&nbsp;?!<br \/>\n<\/strong>Th.M.&nbsp;: \u00ab&nbsp;Posez la question \u00e0 Gilles Vidal\u2026&nbsp;\u00bb<br \/>\n<strong><br \/>\nHowever, Peugeot unveiled its e-LEGEND concept car in 2018 inspired by the 504 coupe ?!<\/strong><br \/>\n<em>Th.M.: &#8220;Ask Gilles Vidal the question&#8230;&#8221;<\/em><\/p>\n<p><a href=\"http:\/\/lignesauto.fr\/wp-content\/uploads\/2018\/09\/LIG2.jpg\"><img loading=\"lazy\" decoding=\"async\" class=\"alignnone wp-image-4634 size-large\" src=\"http:\/\/lignesauto.fr\/wp-content\/uploads\/2018\/09\/LIG2-1024x683.jpg\" alt=\"\" width=\"1024\" height=\"683\" srcset=\"https:\/\/lignesauto.fr\/wp-content\/uploads\/2018\/09\/LIG2-1024x683.jpg 1024w, https:\/\/lignesauto.fr\/wp-content\/uploads\/2018\/09\/LIG2-300x200.jpg 300w, https:\/\/lignesauto.fr\/wp-content\/uploads\/2018\/09\/LIG2-768x512.jpg 768w, https:\/\/lignesauto.fr\/wp-content\/uploads\/2018\/09\/LIG2-370x247.jpg 370w, https:\/\/lignesauto.fr\/wp-content\/uploads\/2018\/09\/LIG2-1040x694.jpg 1040w\" sizes=\"(max-width: 1024px) 100vw, 1024px\" \/><\/a><\/p>\n<p><strong>Il nous dit clairement que ce n\u2019est pas un revival, mais un message qui tend \u00e0 prouver que la voiture autonome \u00e9lectrique de demain n\u2019est pas n\u00e9cessairement un objet froid\u2026<br \/>\n<\/strong>Th.M.&nbsp;: \u00ab&nbsp;Oui, et il a raison. Je trouve personnellement que cet exercice n\u2019est pas compl\u00e8tement du r\u00e9tro-design mais c\u2019est une voie dans laquelle nous n\u2019irons pas m\u00eame si vous verrez dans nos prochaines cr\u00e9ations de s\u00e9rie qu\u2019il existera des clins d\u2019\u0153il \u00e0 la DS et \u00e0 la SM. Mais on n\u2019ira pas plus loin. &#8221;<\/p>\n<p><strong>He clearly tells us that this is not a revival, but a message that tends to prove that the autonomous electric car of tomorrow is not necessarily a cold object&#8230;<\/strong><br \/>\n<em>Th.M.: &#8220;Yes, and he&#8217;s right. I personally find that this exercise is not completely retro-design, but it is a path we will not go down even if you will see in our next series creations that there will be references to the DS and the SM. But that&#8217;s as far as we&#8217;re going. &#8220;<\/em><\/p>\n<p>Commandez ici le livre &#8220;Concept-car et prototypes d&#8217;\u00e9tudes Citro\u00ebn &#8221; pour revivre l&#8217;histoire des concepts dont certains suivis par Thierry M\u00e9troz lorsqu&#8217;il fut patron du design Citro\u00ebn : <a href=\"https:\/\/www.bjbeditions.com\/products\/concept-cars-et-prototypes-detudes-citroen\">https:\/\/www.bjbeditions.com\/products\/concept-cars-et-prototypes-detudes-citroen<\/a><\/p>\n<p><a href=\"http:\/\/lignesauto.fr\/wp-content\/uploads\/2018\/10\/LOGOActus_BD.jpg\"><img loading=\"lazy\" decoding=\"async\" class=\"alignnone size-medium wp-image-4921\" src=\"http:\/\/lignesauto.fr\/wp-content\/uploads\/2018\/10\/LOGOActus_BD-300x108.jpg\" alt=\"\" width=\"300\" height=\"108\" srcset=\"https:\/\/lignesauto.fr\/wp-content\/uploads\/2018\/10\/LOGOActus_BD-300x108.jpg 300w, https:\/\/lignesauto.fr\/wp-content\/uploads\/2018\/10\/LOGOActus_BD-768x276.jpg 768w, https:\/\/lignesauto.fr\/wp-content\/uploads\/2018\/10\/LOGOActus_BD-1024x367.jpg 1024w, https:\/\/lignesauto.fr\/wp-content\/uploads\/2018\/10\/LOGOActus_BD-370x133.jpg 370w, https:\/\/lignesauto.fr\/wp-content\/uploads\/2018\/10\/LOGOActus_BD-1040x373.jpg 1040w, https:\/\/lignesauto.fr\/wp-content\/uploads\/2018\/10\/LOGOActus_BD.jpg 1240w\" sizes=\"(max-width: 300px) 100vw, 300px\" \/><\/a><\/p>\n","protected":false},"excerpt":{"rendered":"<p>Voici la publication d&#8217;un post mis en ligne en mars dernier. Il compl\u00e8te nos posts pr\u00e9c\u00e9dents sur le cinquantenaire de la Citro\u00ebn SM qui sera f\u00eat\u00e9 en mai par les clubs. Here is the publication of a post posted online last March. It completes our previous posts on the 50th [&hellip;]<\/p>\n","protected":false},"author":1,"featured_media":8971,"comment_status":"open","ping_status":"open","sticky":false,"template":"","format":"standard","meta":{"footnotes":""},"categories":[1],"tags":[],"_links":{"self":[{"href":"https:\/\/lignesauto.fr\/index.php?rest_route=\/wp\/v2\/posts\/8969"}],"collection":[{"href":"https:\/\/lignesauto.fr\/index.php?rest_route=\/wp\/v2\/posts"}],"about":[{"href":"https:\/\/lignesauto.fr\/index.php?rest_route=\/wp\/v2\/types\/post"}],"author":[{"embeddable":true,"href":"https:\/\/lignesauto.fr\/index.php?rest_route=\/wp\/v2\/users\/1"}],"replies":[{"embeddable":true,"href":"https:\/\/lignesauto.fr\/index.php?rest_route=%2Fwp%2Fv2%2Fcomments&post=8969"}],"version-history":[{"count":16,"href":"https:\/\/lignesauto.fr\/index.php?rest_route=\/wp\/v2\/posts\/8969\/revisions"}],"predecessor-version":[{"id":14606,"href":"https:\/\/lignesauto.fr\/index.php?rest_route=\/wp\/v2\/posts\/8969\/revisions\/14606"}],"wp:featuredmedia":[{"embeddable":true,"href":"https:\/\/lignesauto.fr\/index.php?rest_route=\/wp\/v2\/media\/8971"}],"wp:attachment":[{"href":"https:\/\/lignesauto.fr\/index.php?rest_route=%2Fwp%2Fv2%2Fmedia&parent=8969"}],"wp:term":[{"taxonomy":"category","embeddable":true,"href":"https:\/\/lignesauto.fr\/index.php?rest_route=%2Fwp%2Fv2%2Fcategories&post=8969"},{"taxonomy":"post_tag","embeddable":true,"href":"https:\/\/lignesauto.fr\/index.php?rest_route=%2Fwp%2Fv2%2Ftags&post=8969"}],"curies":[{"name":"wp","href":"https:\/\/api.w.org\/{rel}","templated":true}]}}